{"id":3336,"date":"2024-08-02T10:38:42","date_gmt":"2024-08-02T13:38:42","guid":{"rendered":"https:\/\/pilt.com.ar\/parque-industrial\/?p=3336"},"modified":"2024-08-02T10:38:43","modified_gmt":"2024-08-02T13:38:43","slug":"analizaran-blanqueo-moratoria-y-bienes-personales-en-el-pilt","status":"publish","type":"post","link":"https:\/\/pilt.com.ar\/parque-industrial\/analizaran-blanqueo-moratoria-y-bienes-personales-en-el-pilt\/","title":{"rendered":"ANALIZAR\u00c1N BLANQUEO, MORATORIA Y BIENES PERSONALES EN EL PILT"},"content":{"rendered":"\n<p class=\"has-text-align-center\"><em>Especialistas en las tem\u00e1ticas brindar\u00e1n una charla en el sal\u00f3n de usos m\u00faltiples de la entidad.<\/em><\/p>\n\n\n\n<p>Temas de estricta actualidad e inter\u00e9s para empresarios se tratar\u00e1n el pr\u00f3ximo mi\u00e9rcoles 7 de agosto a partir de las 16:00 hs. en el Parque Industrial, Log\u00edstico y Tecnol\u00f3gico Villa Mar\u00eda (PILT). Los especialistas Nicol\u00e1s Alfonso, CEO de la empresa de servicios financieros Focus Investment Management, y Marcelo Badra, director del reconocido estudio tributario que lleva su nombre, se enfocar\u00e1n en las herramientas jur\u00eddicas y fiscales recientemente sancionadas vinculadas al blanqueo, moratoria y adelanto de bienes personales, cuestiones sobre las que existen muchas dudas sobre la mejor manera de utilizarlas.<\/p>\n\n\n\n<p>\u201cHoy son temas habituales de charlas con todos los clientes; las pymes y los empresarios consultan habitualmente sobre cu\u00e1l es la forma m\u00e1s inteligente para plantear un blanqueo, con dinero o bienes, adelantos en bienes personales y moratoria, en base a las nuevas leyes reglamentarias. Son asuntos muy significativos para empresas y empresarios\u201d, indic\u00f3 Alfonso.<\/p>\n\n\n\n<p>El profesional agreg\u00f3 que es importante que los empresarios \u201ccuenten tambi\u00e9n con estrategias para hacer inversiones evitando pagar multas en impuestos, y el especialista en materia tributaria que nos acompa\u00f1ar\u00e1, Marcelo Badra, es un referente en C\u00f3rdoba, muy consultado por otros asesores impositivos\u201d, destac\u00f3.<\/p>\n\n\n\n<p>Los interesados pueden inscribirse en <a href=\"https:\/\/forms.gle\/gvkjVpek93XVz3cy9\">https:\/\/forms.gle\/gvkjVpek93XVz3cy9<\/a><\/p>\n","protected":false},"excerpt":{"rendered":"<p>Especialistas en las tem\u00e1ticas brindar\u00e1n una charla en el sal\u00f3n de usos m\u00faltiples de la entidad. Temas de estricta actualidad e inter\u00e9s para empresarios se tratar\u00e1n el pr\u00f3ximo mi\u00e9rcoles 7 de agosto a partir de las 16:00 hs. en el Parque Industrial, Log\u00edstico y Tecnol\u00f3gico Villa Mar\u00eda (PILT). Los especialistas Nicol\u00e1s Alfonso, CEO de la [&hellip;]<\/p>\n","protected":false},"author":3,"featured_media":3337,"comment_status":"open","ping_status":"open","sticky":false,"template":"","format":"standard","meta":{"_jetpack_memberships_contains_paid_content":false,"footnotes":""},"categories":[2],"tags":[],"class_list":["post-3336","post","type-post","status-publish","format-standard","has-post-thumbnail","hentry","category-noticias"],"yoast_head":"<!-- This site is optimized with the Yoast SEO plugin v27.5 - https:\/\/yoast.com\/product\/yoast-seo-wordpress\/ -->\n<title>ANALIZAR\u00c1N BLANQUEO, MORATORIA Y BIENES PERSONALES EN EL PILT - PILT.com.ar<\/title>\n<meta name=\"robots\" content=\"index, follow, max-snippet:-1, max-image-preview:large, max-video-preview:-1\" \/>\n<link rel=\"canonical\" href=\"https:\/\/pilt.com.ar\/parque-industrial\/analizaran-blanqueo-moratoria-y-bienes-personales-en-el-pilt\/\" \/>\n<meta property=\"og:locale\" content=\"es_ES\" \/>\n<meta property=\"og:type\" content=\"article\" \/>\n<meta property=\"og:title\" content=\"ANALIZAR\u00c1N BLANQUEO, MORATORIA Y BIENES PERSONALES EN EL PILT - PILT.com.ar\" \/>\n<meta property=\"og:description\" content=\"Especialistas en las tem\u00e1ticas brindar\u00e1n una charla en el sal\u00f3n de usos m\u00faltiples de la entidad. Temas de estricta actualidad e inter\u00e9s para empresarios se tratar\u00e1n el pr\u00f3ximo mi\u00e9rcoles 7 de agosto a partir de las 16:00 hs. en el Parque Industrial, Log\u00edstico y Tecnol\u00f3gico Villa Mar\u00eda (PILT). Los especialistas Nicol\u00e1s Alfonso, CEO de la [&hellip;]\" \/>\n<meta property=\"og:url\" content=\"https:\/\/pilt.com.ar\/parque-industrial\/analizaran-blanqueo-moratoria-y-bienes-personales-en-el-pilt\/\" \/>\n<meta property=\"og:site_name\" content=\"PILT.com.ar\" \/>\n<meta property=\"article:published_time\" content=\"2024-08-02T13:38:42+00:00\" \/>\n<meta property=\"article:modified_time\" content=\"2024-08-02T13:38:43+00:00\" \/>\n<meta property=\"og:image\" content=\"https:\/\/i0.wp.com\/pilt.com.ar\/parque-industrial\/wp-content\/uploads\/2024\/08\/WhatsApp-Image-2024-07-30-at-12.52.46.jpeg?fit=1314%2C1600&ssl=1\" \/>\n\t<meta property=\"og:image:width\" content=\"1314\" \/>\n\t<meta property=\"og:image:height\" content=\"1600\" \/>\n\t<meta property=\"og:image:type\" content=\"image\/jpeg\" \/>\n<meta name=\"author\" content=\"PILT\" \/>\n<meta name=\"twitter:card\" content=\"summary_large_image\" \/>\n<meta name=\"twitter:label1\" content=\"Escrito por\" \/>\n\t<meta name=\"twitter:data1\" content=\"PILT\" \/>\n\t<meta name=\"twitter:label2\" content=\"Tiempo de lectura\" \/>\n\t<meta name=\"twitter:data2\" content=\"1 minuto\" \/>\n<script type=\"application\/ld+json\" class=\"yoast-schema-graph\">{\"@context\":\"https:\\\/\\\/schema.org\",\"@graph\":[{\"@type\":\"Article\",\"@id\":\"https:\\\/\\\/pilt.com.ar\\\/parque-industrial\\\/analizaran-blanqueo-moratoria-y-bienes-personales-en-el-pilt\\\/#article\",\"isPartOf\":{\"@id\":\"https:\\\/\\\/pilt.com.ar\\\/parque-industrial\\\/analizaran-blanqueo-moratoria-y-bienes-personales-en-el-pilt\\\/\"},\"author\":{\"name\":\"PILT\",\"@id\":\"https:\\\/\\\/pilt.com.ar\\\/parque-industrial\\\/#\\\/schema\\\/person\\\/2dfb9e2464de1c3deef20c25c30a8306\"},\"headline\":\"ANALIZAR\u00c1N BLANQUEO, MORATORIA Y BIENES PERSONALES EN EL PILT\",\"datePublished\":\"2024-08-02T13:38:42+00:00\",\"dateModified\":\"2024-08-02T13:38:43+00:00\",\"mainEntityOfPage\":{\"@id\":\"https:\\\/\\\/pilt.com.ar\\\/parque-industrial\\\/analizaran-blanqueo-moratoria-y-bienes-personales-en-el-pilt\\\/\"},\"wordCount\":243,\"commentCount\":0,\"image\":{\"@id\":\"https:\\\/\\\/pilt.com.ar\\\/parque-industrial\\\/analizaran-blanqueo-moratoria-y-bienes-personales-en-el-pilt\\\/#primaryimage\"},\"thumbnailUrl\":\"https:\\\/\\\/i0.wp.com\\\/pilt.com.ar\\\/parque-industrial\\\/wp-content\\\/uploads\\\/2024\\\/08\\\/WhatsApp-Image-2024-07-30-at-12.52.46.jpeg?fit=1314%2C1600&ssl=1\",\"articleSection\":[\"Noticias\"],\"inLanguage\":\"es\",\"potentialAction\":[{\"@type\":\"CommentAction\",\"name\":\"Comment\",\"target\":[\"https:\\\/\\\/pilt.com.ar\\\/parque-industrial\\\/analizaran-blanqueo-moratoria-y-bienes-personales-en-el-pilt\\\/#respond\"]}]},{\"@type\":\"WebPage\",\"@id\":\"https:\\\/\\\/pilt.com.ar\\\/parque-industrial\\\/analizaran-blanqueo-moratoria-y-bienes-personales-en-el-pilt\\\/\",\"url\":\"https:\\\/\\\/pilt.com.ar\\\/parque-industrial\\\/analizaran-blanqueo-moratoria-y-bienes-personales-en-el-pilt\\\/\",\"name\":\"ANALIZAR\u00c1N BLANQUEO, MORATORIA Y BIENES PERSONALES EN EL PILT - PILT.com.ar\",\"isPartOf\":{\"@id\":\"https:\\\/\\\/pilt.com.ar\\\/parque-industrial\\\/#website\"},\"primaryImageOfPage\":{\"@id\":\"https:\\\/\\\/pilt.com.ar\\\/parque-industrial\\\/analizaran-blanqueo-moratoria-y-bienes-personales-en-el-pilt\\\/#primaryimage\"},\"image\":{\"@id\":\"https:\\\/\\\/pilt.com.ar\\\/parque-industrial\\\/analizaran-blanqueo-moratoria-y-bienes-personales-en-el-pilt\\\/#primaryimage\"},\"thumbnailUrl\":\"https:\\\/\\\/i0.wp.com\\\/pilt.com.ar\\\/parque-industrial\\\/wp-content\\\/uploads\\\/2024\\\/08\\\/WhatsApp-Image-2024-07-30-at-12.52.46.jpeg?fit=1314%2C1600&ssl=1\",\"datePublished\":\"2024-08-02T13:38:42+00:00\",\"dateModified\":\"2024-08-02T13:38:43+00:00\",\"author\":{\"@id\":\"https:\\\/\\\/pilt.com.ar\\\/parque-industrial\\\/#\\\/schema\\\/person\\\/2dfb9e2464de1c3deef20c25c30a8306\"},\"inLanguage\":\"es\",\"potentialAction\":[{\"@type\":\"ReadAction\",\"target\":[\"https:\\\/\\\/pilt.com.ar\\\/parque-industrial\\\/analizaran-blanqueo-moratoria-y-bienes-personales-en-el-pilt\\\/\"]}]},{\"@type\":\"ImageObject\",\"inLanguage\":\"es\",\"@id\":\"https:\\\/\\\/pilt.com.ar\\\/parque-industrial\\\/analizaran-blanqueo-moratoria-y-bienes-personales-en-el-pilt\\\/#primaryimage\",\"url\":\"https:\\\/\\\/i0.wp.com\\\/pilt.com.ar\\\/parque-industrial\\\/wp-content\\\/uploads\\\/2024\\\/08\\\/WhatsApp-Image-2024-07-30-at-12.52.46.jpeg?fit=1314%2C1600&ssl=1\",\"contentUrl\":\"https:\\\/\\\/i0.wp.com\\\/pilt.com.ar\\\/parque-industrial\\\/wp-content\\\/uploads\\\/2024\\\/08\\\/WhatsApp-Image-2024-07-30-at-12.52.46.jpeg?fit=1314%2C1600&ssl=1\",\"width\":1314,\"height\":1600},{\"@type\":\"WebSite\",\"@id\":\"https:\\\/\\\/pilt.com.ar\\\/parque-industrial\\\/#website\",\"url\":\"https:\\\/\\\/pilt.com.ar\\\/parque-industrial\\\/\",\"name\":\"PILT.com.ar\",\"description\":\"Parque Industrial, Log\u00edstico y Tecnol\u00f3gico Villa Mar\u00eda\",\"potentialAction\":[{\"@type\":\"SearchAction\",\"target\":{\"@type\":\"EntryPoint\",\"urlTemplate\":\"https:\\\/\\\/pilt.com.ar\\\/parque-industrial\\\/?s={search_term_string}\"},\"query-input\":{\"@type\":\"PropertyValueSpecification\",\"valueRequired\":true,\"valueName\":\"search_term_string\"}}],\"inLanguage\":\"es\"},{\"@type\":\"Person\",\"@id\":\"https:\\\/\\\/pilt.com.ar\\\/parque-industrial\\\/#\\\/schema\\\/person\\\/2dfb9e2464de1c3deef20c25c30a8306\",\"name\":\"PILT\",\"image\":{\"@type\":\"ImageObject\",\"inLanguage\":\"es\",\"@id\":\"https:\\\/\\\/secure.gravatar.com\\\/avatar\\\/5e3734c8d8c8e0b0d45f923c14a14d7b90521d573d02f0d91360a777095ee42b?s=96&d=mm&r=g\",\"url\":\"https:\\\/\\\/secure.gravatar.com\\\/avatar\\\/5e3734c8d8c8e0b0d45f923c14a14d7b90521d573d02f0d91360a777095ee42b?s=96&d=mm&r=g\",\"contentUrl\":\"https:\\\/\\\/secure.gravatar.com\\\/avatar\\\/5e3734c8d8c8e0b0d45f923c14a14d7b90521d573d02f0d91360a777095ee42b?s=96&d=mm&r=g\",\"caption\":\"PILT\"},\"url\":\"https:\\\/\\\/pilt.com.ar\\\/parque-industrial\\\/author\\\/pilt\\\/\"}]}<\/script>\n<!-- \/ Yoast SEO plugin. -->","yoast_head_json":{"title":"ANALIZAR\u00c1N BLANQUEO, MORATORIA Y BIENES PERSONALES EN EL PILT - PILT.com.ar","robots":{"index":"index","follow":"follow","max-snippet":"max-snippet:-1","max-image-preview":"max-image-preview:large","max-video-preview":"max-video-preview:-1"},"canonical":"https:\/\/pilt.com.ar\/parque-industrial\/analizaran-blanqueo-moratoria-y-bienes-personales-en-el-pilt\/","og_locale":"es_ES","og_type":"article","og_title":"ANALIZAR\u00c1N BLANQUEO, MORATORIA Y BIENES PERSONALES EN EL PILT - PILT.com.ar","og_description":"Especialistas en las tem\u00e1ticas brindar\u00e1n una charla en el sal\u00f3n de usos m\u00faltiples de la entidad. Temas de estricta actualidad e inter\u00e9s para empresarios se tratar\u00e1n el pr\u00f3ximo mi\u00e9rcoles 7 de agosto a partir de las 16:00 hs. en el Parque Industrial, Log\u00edstico y Tecnol\u00f3gico Villa Mar\u00eda (PILT). Los especialistas Nicol\u00e1s Alfonso, CEO de la [&hellip;]","og_url":"https:\/\/pilt.com.ar\/parque-industrial\/analizaran-blanqueo-moratoria-y-bienes-personales-en-el-pilt\/","og_site_name":"PILT.com.ar","article_published_time":"2024-08-02T13:38:42+00:00","article_modified_time":"2024-08-02T13:38:43+00:00","og_image":[{"width":1314,"height":1600,"url":"https:\/\/i0.wp.com\/pilt.com.ar\/parque-industrial\/wp-content\/uploads\/2024\/08\/WhatsApp-Image-2024-07-30-at-12.52.46.jpeg?fit=1314%2C1600&ssl=1","type":"image\/jpeg"}],"author":"PILT","twitter_card":"summary_large_image","twitter_misc":{"Escrito por":"PILT","Tiempo de lectura":"1 minuto"},"schema":{"@context":"https:\/\/schema.org","@graph":[{"@type":"Article","@id":"https:\/\/pilt.com.ar\/parque-industrial\/analizaran-blanqueo-moratoria-y-bienes-personales-en-el-pilt\/#article","isPartOf":{"@id":"https:\/\/pilt.com.ar\/parque-industrial\/analizaran-blanqueo-moratoria-y-bienes-personales-en-el-pilt\/"},"author":{"name":"PILT","@id":"https:\/\/pilt.com.ar\/parque-industrial\/#\/schema\/person\/2dfb9e2464de1c3deef20c25c30a8306"},"headline":"ANALIZAR\u00c1N BLANQUEO, MORATORIA Y BIENES PERSONALES EN EL PILT","datePublished":"2024-08-02T13:38:42+00:00","dateModified":"2024-08-02T13:38:43+00:00","mainEntityOfPage":{"@id":"https:\/\/pilt.com.ar\/parque-industrial\/analizaran-blanqueo-moratoria-y-bienes-personales-en-el-pilt\/"},"wordCount":243,"commentCount":0,"image":{"@id":"https:\/\/pilt.com.ar\/parque-industrial\/analizaran-blanqueo-moratoria-y-bienes-personales-en-el-pilt\/#primaryimage"},"thumbnailUrl":"https:\/\/i0.wp.com\/pilt.com.ar\/parque-industrial\/wp-content\/uploads\/2024\/08\/WhatsApp-Image-2024-07-30-at-12.52.46.jpeg?fit=1314%2C1600&ssl=1","articleSection":["Noticias"],"inLanguage":"es","potentialAction":[{"@type":"CommentAction","name":"Comment","target":["https:\/\/pilt.com.ar\/parque-industrial\/analizaran-blanqueo-moratoria-y-bienes-personales-en-el-pilt\/#respond"]}]},{"@type":"WebPage","@id":"https:\/\/pilt.com.ar\/parque-industrial\/analizaran-blanqueo-moratoria-y-bienes-personales-en-el-pilt\/","url":"https:\/\/pilt.com.ar\/parque-industrial\/analizaran-blanqueo-moratoria-y-bienes-personales-en-el-pilt\/","name":"ANALIZAR\u00c1N BLANQUEO, MORATORIA Y BIENES PERSONALES EN EL PILT - PILT.com.ar","isPartOf":{"@id":"https:\/\/pilt.com.ar\/parque-industrial\/#website"},"primaryImageOfPage":{"@id":"https:\/\/pilt.com.ar\/parque-industrial\/analizaran-blanqueo-moratoria-y-bienes-personales-en-el-pilt\/#primaryimage"},"image":{"@id":"https:\/\/pilt.com.ar\/parque-industrial\/analizaran-blanqueo-moratoria-y-bienes-personales-en-el-pilt\/#primaryimage"},"thumbnailUrl":"https:\/\/i0.wp.com\/pilt.com.ar\/parque-industrial\/wp-content\/uploads\/2024\/08\/WhatsApp-Image-2024-07-30-at-12.52.46.jpeg?fit=1314%2C1600&ssl=1","datePublished":"2024-08-02T13:38:42+00:00","dateModified":"2024-08-02T13:38:43+00:00","author":{"@id":"https:\/\/pilt.com.ar\/parque-industrial\/#\/schema\/person\/2dfb9e2464de1c3deef20c25c30a8306"},"inLanguage":"es","potentialAction":[{"@type":"ReadAction","target":["https:\/\/pilt.com.ar\/parque-industrial\/analizaran-blanqueo-moratoria-y-bienes-personales-en-el-pilt\/"]}]},{"@type":"ImageObject","inLanguage":"es","@id":"https:\/\/pilt.com.ar\/parque-industrial\/analizaran-blanqueo-moratoria-y-bienes-personales-en-el-pilt\/#primaryimage","url":"https:\/\/i0.wp.com\/pilt.com.ar\/parque-industrial\/wp-content\/uploads\/2024\/08\/WhatsApp-Image-2024-07-30-at-12.52.46.jpeg?fit=1314%2C1600&ssl=1","contentUrl":"https:\/\/i0.wp.com\/pilt.com.ar\/parque-industrial\/wp-content\/uploads\/2024\/08\/WhatsApp-Image-2024-07-30-at-12.52.46.jpeg?fit=1314%2C1600&ssl=1","width":1314,"height":1600},{"@type":"WebSite","@id":"https:\/\/pilt.com.ar\/parque-industrial\/#website","url":"https:\/\/pilt.com.ar\/parque-industrial\/","name":"PILT.com.ar","description":"Parque Industrial, Log\u00edstico y Tecnol\u00f3gico Villa Mar\u00eda","potentialAction":[{"@type":"SearchAction","target":{"@type":"EntryPoint","urlTemplate":"https:\/\/pilt.com.ar\/parque-industrial\/?s={search_term_string}"},"query-input":{"@type":"PropertyValueSpecification","valueRequired":true,"valueName":"search_term_string"}}],"inLanguage":"es"},{"@type":"Person","@id":"https:\/\/pilt.com.ar\/parque-industrial\/#\/schema\/person\/2dfb9e2464de1c3deef20c25c30a8306","name":"PILT","image":{"@type":"ImageObject","inLanguage":"es","@id":"https:\/\/secure.gravatar.com\/avatar\/5e3734c8d8c8e0b0d45f923c14a14d7b90521d573d02f0d91360a777095ee42b?s=96&d=mm&r=g","url":"https:\/\/secure.gravatar.com\/avatar\/5e3734c8d8c8e0b0d45f923c14a14d7b90521d573d02f0d91360a777095ee42b?s=96&d=mm&r=g","contentUrl":"https:\/\/secure.gravatar.com\/avatar\/5e3734c8d8c8e0b0d45f923c14a14d7b90521d573d02f0d91360a777095ee42b?s=96&d=mm&r=g","caption":"PILT"},"url":"https:\/\/pilt.com.ar\/parque-industrial\/author\/pilt\/"}]}},"jetpack_featured_media_url":"https:\/\/i0.wp.com\/pilt.com.ar\/parque-industrial\/wp-content\/uploads\/2024\/08\/WhatsApp-Image-2024-07-30-at-12.52.46.jpeg?fit=1314%2C1600&ssl=1","jetpack_sharing_enabled":true,"_links":{"self":[{"href":"https:\/\/pilt.com.ar\/parque-industrial\/wp-json\/wp\/v2\/posts\/3336","targetHints":{"allow":["GET"]}}],"collection":[{"href":"https:\/\/pilt.com.ar\/parque-industrial\/wp-json\/wp\/v2\/posts"}],"about":[{"href":"https:\/\/pilt.com.ar\/parque-industrial\/wp-json\/wp\/v2\/types\/post"}],"author":[{"embeddable":true,"href":"https:\/\/pilt.com.ar\/parque-industrial\/wp-json\/wp\/v2\/users\/3"}],"replies":[{"embeddable":true,"href":"https:\/\/pilt.com.ar\/parque-industrial\/wp-json\/wp\/v2\/comments?post=3336"}],"version-history":[{"count":1,"href":"https:\/\/pilt.com.ar\/parque-industrial\/wp-json\/wp\/v2\/posts\/3336\/revisions"}],"predecessor-version":[{"id":3338,"href":"https:\/\/pilt.com.ar\/parque-industrial\/wp-json\/wp\/v2\/posts\/3336\/revisions\/3338"}],"wp:featuredmedia":[{"embeddable":true,"href":"https:\/\/pilt.com.ar\/parque-industrial\/wp-json\/wp\/v2\/media\/3337"}],"wp:attachment":[{"href":"https:\/\/pilt.com.ar\/parque-industrial\/wp-json\/wp\/v2\/media?parent=3336"}],"wp:term":[{"taxonomy":"category","embeddable":true,"href":"https:\/\/pilt.com.ar\/parque-industrial\/wp-json\/wp\/v2\/categories?post=3336"},{"taxonomy":"post_tag","embeddable":true,"href":"https:\/\/pilt.com.ar\/parque-industrial\/wp-json\/wp\/v2\/tags?post=3336"}],"curies":[{"name":"wp","href":"https:\/\/api.w.org\/{rel}","templated":true}]}}