{"id":3328,"date":"2024-07-26T13:13:11","date_gmt":"2024-07-26T16:13:11","guid":{"rendered":"https:\/\/pilt.com.ar\/parque-industrial\/?p=3328"},"modified":"2024-07-26T13:13:18","modified_gmt":"2024-07-26T16:13:18","slug":"el-intendente-de-general-cabrera-y-directivos-de-parques-industriales-visitaron-el-pilt","status":"publish","type":"post","link":"https:\/\/pilt.com.ar\/parque-industrial\/el-intendente-de-general-cabrera-y-directivos-de-parques-industriales-visitaron-el-pilt\/","title":{"rendered":"EL INTENDENTE DE GENERAL CABRERA Y DIRECTIVOS DE PARQUES INDUSTRIALES VISITARON EL PILT"},"content":{"rendered":"\n<p class=\"has-text-align-center\"><em>La comitiva se interioriz\u00f3 sobre la organizaci\u00f3n interna del Ente y por distintos aspectos vinculados a la gesti\u00f3n.<\/em><\/p>\n\n\n\n<p>El intendente de la ciudad de General Cabrera, Guillermo Cavigliasso, miembros de su equipo de trabajo, y directivos del Parque Industrial Roberto Grosso; del Parque Industrial y Log\u00edstico Copesp, y de un Parque Privado en formaci\u00f3n, todos situados en esa localidad, concurrieron al Parque Industrial, Log\u00edstico y Tecnol\u00f3gico Villa Mar\u00eda (PILT), en donde fueron recibidos por el presidente del Ente, Ing. Carlos Pizzorno; el gerente, Lic. Carlos Montoto Galiano y el director Dante Urli. Tambi\u00e9n estuvieron los funcionarios de la Municipalidad de Villa Mar\u00eda Jos\u00e9 Salom\u00f3n, director de Industria y Comercio, y Anabella Selay, a cargo del \u00e1rea Desarrollo de Proyectos de dicha dependencia.<\/p>\n\n\n\n<p>El encuentro sirvi\u00f3 para afianzar la relaci\u00f3n entre las distintas entidades y dialogar sobre diferentes temas en com\u00fan, como cuestiones que tienen que ver con el consorcio interno, reglamento, funcionamiento de comisiones, normativas municipales, beneficios, promoci\u00f3n para la radicaci\u00f3n de empresas, entre otras. A la vez, las autoridades del PILT se pusieron a disposiciones para lo que requieran sus pares de la citada localidad.<\/p>\n\n\n\n<p>Vale mencionar que, adem\u00e1s del Intendente Municipal de General Cabrera, estuvieron presentes Pablo Moyano, secretario de Econom\u00eda y Finanzas; Alejandra Pisani, secretaria de infraestructura y Planificaci\u00f3n; Yamila Buffa, coordinadora Desarrollo Econ\u00f3mico; Leonardo Rimunda y Julio Cozzarin, por el Parque Industrial Copesp; mientras que en representaci\u00f3n del Parque Privado fueron Pablo Emma, Daniela Cambiagno, Leonardo Galoppo, Jer\u00f3nimo Ostiatti y Fernando Vallejos.<\/p>\n","protected":false},"excerpt":{"rendered":"<p>La comitiva se interioriz\u00f3 sobre la organizaci\u00f3n interna del Ente y por distintos aspectos vinculados a la gesti\u00f3n. El intendente de la ciudad de General Cabrera, Guillermo Cavigliasso, miembros de su equipo de trabajo, y directivos del Parque Industrial Roberto Grosso; del Parque Industrial y Log\u00edstico Copesp, y de un Parque Privado en formaci\u00f3n, todos [&hellip;]<\/p>\n","protected":false},"author":3,"featured_media":3329,"comment_status":"open","ping_status":"open","sticky":false,"template":"","format":"standard","meta":{"_jetpack_memberships_contains_paid_content":false,"footnotes":""},"categories":[2],"tags":[],"class_list":["post-3328","post","type-post","status-publish","format-standard","has-post-thumbnail","hentry","category-noticias"],"yoast_head":"<!-- This site is optimized with the Yoast SEO plugin v27.5 - https:\/\/yoast.com\/product\/yoast-seo-wordpress\/ -->\n<title>EL INTENDENTE DE GENERAL CABRERA Y DIRECTIVOS DE PARQUES INDUSTRIALES VISITARON EL PILT - PILT.com.ar<\/title>\n<meta name=\"robots\" content=\"index, follow, max-snippet:-1, max-image-preview:large, max-video-preview:-1\" \/>\n<link rel=\"canonical\" href=\"https:\/\/pilt.com.ar\/parque-industrial\/el-intendente-de-general-cabrera-y-directivos-de-parques-industriales-visitaron-el-pilt\/\" \/>\n<meta property=\"og:locale\" content=\"es_ES\" \/>\n<meta property=\"og:type\" content=\"article\" \/>\n<meta property=\"og:title\" content=\"EL INTENDENTE DE GENERAL CABRERA Y DIRECTIVOS DE PARQUES INDUSTRIALES VISITARON EL PILT - PILT.com.ar\" \/>\n<meta property=\"og:description\" content=\"La comitiva se interioriz\u00f3 sobre la organizaci\u00f3n interna del Ente y por distintos aspectos vinculados a la gesti\u00f3n. El intendente de la ciudad de General Cabrera, Guillermo Cavigliasso, miembros de su equipo de trabajo, y directivos del Parque Industrial Roberto Grosso; del Parque Industrial y Log\u00edstico Copesp, y de un Parque Privado en formaci\u00f3n, todos [&hellip;]\" \/>\n<meta property=\"og:url\" content=\"https:\/\/pilt.com.ar\/parque-industrial\/el-intendente-de-general-cabrera-y-directivos-de-parques-industriales-visitaron-el-pilt\/\" \/>\n<meta property=\"og:site_name\" content=\"PILT.com.ar\" \/>\n<meta property=\"article:published_time\" content=\"2024-07-26T16:13:11+00:00\" \/>\n<meta property=\"article:modified_time\" content=\"2024-07-26T16:13:18+00:00\" \/>\n<meta property=\"og:image\" content=\"https:\/\/i0.wp.com\/pilt.com.ar\/parque-industrial\/wp-content\/uploads\/2024\/07\/WhatsApp-Image-2024-07-25-at-10.57.32.jpeg?fit=1600%2C901&ssl=1\" \/>\n\t<meta property=\"og:image:width\" content=\"1600\" \/>\n\t<meta property=\"og:image:height\" content=\"901\" \/>\n\t<meta property=\"og:image:type\" content=\"image\/jpeg\" \/>\n<meta name=\"author\" content=\"PILT\" \/>\n<meta name=\"twitter:card\" content=\"summary_large_image\" \/>\n<meta name=\"twitter:label1\" content=\"Escrito por\" \/>\n\t<meta name=\"twitter:data1\" content=\"PILT\" \/>\n\t<meta name=\"twitter:label2\" content=\"Tiempo de lectura\" \/>\n\t<meta name=\"twitter:data2\" content=\"2 minutos\" \/>\n<script type=\"application\/ld+json\" class=\"yoast-schema-graph\">{\"@context\":\"https:\\\/\\\/schema.org\",\"@graph\":[{\"@type\":\"Article\",\"@id\":\"https:\\\/\\\/pilt.com.ar\\\/parque-industrial\\\/el-intendente-de-general-cabrera-y-directivos-de-parques-industriales-visitaron-el-pilt\\\/#article\",\"isPartOf\":{\"@id\":\"https:\\\/\\\/pilt.com.ar\\\/parque-industrial\\\/el-intendente-de-general-cabrera-y-directivos-de-parques-industriales-visitaron-el-pilt\\\/\"},\"author\":{\"name\":\"PILT\",\"@id\":\"https:\\\/\\\/pilt.com.ar\\\/parque-industrial\\\/#\\\/schema\\\/person\\\/2dfb9e2464de1c3deef20c25c30a8306\"},\"headline\":\"EL INTENDENTE DE GENERAL CABRERA Y DIRECTIVOS DE PARQUES INDUSTRIALES VISITARON EL PILT\",\"datePublished\":\"2024-07-26T16:13:11+00:00\",\"dateModified\":\"2024-07-26T16:13:18+00:00\",\"mainEntityOfPage\":{\"@id\":\"https:\\\/\\\/pilt.com.ar\\\/parque-industrial\\\/el-intendente-de-general-cabrera-y-directivos-de-parques-industriales-visitaron-el-pilt\\\/\"},\"wordCount\":279,\"commentCount\":0,\"image\":{\"@id\":\"https:\\\/\\\/pilt.com.ar\\\/parque-industrial\\\/el-intendente-de-general-cabrera-y-directivos-de-parques-industriales-visitaron-el-pilt\\\/#primaryimage\"},\"thumbnailUrl\":\"https:\\\/\\\/i0.wp.com\\\/pilt.com.ar\\\/parque-industrial\\\/wp-content\\\/uploads\\\/2024\\\/07\\\/WhatsApp-Image-2024-07-25-at-10.57.32.jpeg?fit=1600%2C901&ssl=1\",\"articleSection\":[\"Noticias\"],\"inLanguage\":\"es\",\"potentialAction\":[{\"@type\":\"CommentAction\",\"name\":\"Comment\",\"target\":[\"https:\\\/\\\/pilt.com.ar\\\/parque-industrial\\\/el-intendente-de-general-cabrera-y-directivos-de-parques-industriales-visitaron-el-pilt\\\/#respond\"]}]},{\"@type\":\"WebPage\",\"@id\":\"https:\\\/\\\/pilt.com.ar\\\/parque-industrial\\\/el-intendente-de-general-cabrera-y-directivos-de-parques-industriales-visitaron-el-pilt\\\/\",\"url\":\"https:\\\/\\\/pilt.com.ar\\\/parque-industrial\\\/el-intendente-de-general-cabrera-y-directivos-de-parques-industriales-visitaron-el-pilt\\\/\",\"name\":\"EL INTENDENTE DE GENERAL CABRERA Y DIRECTIVOS DE PARQUES INDUSTRIALES VISITARON EL PILT - PILT.com.ar\",\"isPartOf\":{\"@id\":\"https:\\\/\\\/pilt.com.ar\\\/parque-industrial\\\/#website\"},\"primaryImageOfPage\":{\"@id\":\"https:\\\/\\\/pilt.com.ar\\\/parque-industrial\\\/el-intendente-de-general-cabrera-y-directivos-de-parques-industriales-visitaron-el-pilt\\\/#primaryimage\"},\"image\":{\"@id\":\"https:\\\/\\\/pilt.com.ar\\\/parque-industrial\\\/el-intendente-de-general-cabrera-y-directivos-de-parques-industriales-visitaron-el-pilt\\\/#primaryimage\"},\"thumbnailUrl\":\"https:\\\/\\\/i0.wp.com\\\/pilt.com.ar\\\/parque-industrial\\\/wp-content\\\/uploads\\\/2024\\\/07\\\/WhatsApp-Image-2024-07-25-at-10.57.32.jpeg?fit=1600%2C901&ssl=1\",\"datePublished\":\"2024-07-26T16:13:11+00:00\",\"dateModified\":\"2024-07-26T16:13:18+00:00\",\"author\":{\"@id\":\"https:\\\/\\\/pilt.com.ar\\\/parque-industrial\\\/#\\\/schema\\\/person\\\/2dfb9e2464de1c3deef20c25c30a8306\"},\"inLanguage\":\"es\",\"potentialAction\":[{\"@type\":\"ReadAction\",\"target\":[\"https:\\\/\\\/pilt.com.ar\\\/parque-industrial\\\/el-intendente-de-general-cabrera-y-directivos-de-parques-industriales-visitaron-el-pilt\\\/\"]}]},{\"@type\":\"ImageObject\",\"inLanguage\":\"es\",\"@id\":\"https:\\\/\\\/pilt.com.ar\\\/parque-industrial\\\/el-intendente-de-general-cabrera-y-directivos-de-parques-industriales-visitaron-el-pilt\\\/#primaryimage\",\"url\":\"https:\\\/\\\/i0.wp.com\\\/pilt.com.ar\\\/parque-industrial\\\/wp-content\\\/uploads\\\/2024\\\/07\\\/WhatsApp-Image-2024-07-25-at-10.57.32.jpeg?fit=1600%2C901&ssl=1\",\"contentUrl\":\"https:\\\/\\\/i0.wp.com\\\/pilt.com.ar\\\/parque-industrial\\\/wp-content\\\/uploads\\\/2024\\\/07\\\/WhatsApp-Image-2024-07-25-at-10.57.32.jpeg?fit=1600%2C901&ssl=1\",\"width\":1600,\"height\":901},{\"@type\":\"WebSite\",\"@id\":\"https:\\\/\\\/pilt.com.ar\\\/parque-industrial\\\/#website\",\"url\":\"https:\\\/\\\/pilt.com.ar\\\/parque-industrial\\\/\",\"name\":\"PILT.com.ar\",\"description\":\"Parque Industrial, Log\u00edstico y Tecnol\u00f3gico Villa Mar\u00eda\",\"potentialAction\":[{\"@type\":\"SearchAction\",\"target\":{\"@type\":\"EntryPoint\",\"urlTemplate\":\"https:\\\/\\\/pilt.com.ar\\\/parque-industrial\\\/?s={search_term_string}\"},\"query-input\":{\"@type\":\"PropertyValueSpecification\",\"valueRequired\":true,\"valueName\":\"search_term_string\"}}],\"inLanguage\":\"es\"},{\"@type\":\"Person\",\"@id\":\"https:\\\/\\\/pilt.com.ar\\\/parque-industrial\\\/#\\\/schema\\\/person\\\/2dfb9e2464de1c3deef20c25c30a8306\",\"name\":\"PILT\",\"image\":{\"@type\":\"ImageObject\",\"inLanguage\":\"es\",\"@id\":\"https:\\\/\\\/secure.gravatar.com\\\/avatar\\\/5e3734c8d8c8e0b0d45f923c14a14d7b90521d573d02f0d91360a777095ee42b?s=96&d=mm&r=g\",\"url\":\"https:\\\/\\\/secure.gravatar.com\\\/avatar\\\/5e3734c8d8c8e0b0d45f923c14a14d7b90521d573d02f0d91360a777095ee42b?s=96&d=mm&r=g\",\"contentUrl\":\"https:\\\/\\\/secure.gravatar.com\\\/avatar\\\/5e3734c8d8c8e0b0d45f923c14a14d7b90521d573d02f0d91360a777095ee42b?s=96&d=mm&r=g\",\"caption\":\"PILT\"},\"url\":\"https:\\\/\\\/pilt.com.ar\\\/parque-industrial\\\/author\\\/pilt\\\/\"}]}<\/script>\n<!-- \/ Yoast SEO plugin. -->","yoast_head_json":{"title":"EL INTENDENTE DE GENERAL CABRERA Y DIRECTIVOS DE PARQUES INDUSTRIALES VISITARON EL PILT - PILT.com.ar","robots":{"index":"index","follow":"follow","max-snippet":"max-snippet:-1","max-image-preview":"max-image-preview:large","max-video-preview":"max-video-preview:-1"},"canonical":"https:\/\/pilt.com.ar\/parque-industrial\/el-intendente-de-general-cabrera-y-directivos-de-parques-industriales-visitaron-el-pilt\/","og_locale":"es_ES","og_type":"article","og_title":"EL INTENDENTE DE GENERAL CABRERA Y DIRECTIVOS DE PARQUES INDUSTRIALES VISITARON EL PILT - PILT.com.ar","og_description":"La comitiva se interioriz\u00f3 sobre la organizaci\u00f3n interna del Ente y por distintos aspectos vinculados a la gesti\u00f3n. El intendente de la ciudad de General Cabrera, Guillermo Cavigliasso, miembros de su equipo de trabajo, y directivos del Parque Industrial Roberto Grosso; del Parque Industrial y Log\u00edstico Copesp, y de un Parque Privado en formaci\u00f3n, todos [&hellip;]","og_url":"https:\/\/pilt.com.ar\/parque-industrial\/el-intendente-de-general-cabrera-y-directivos-de-parques-industriales-visitaron-el-pilt\/","og_site_name":"PILT.com.ar","article_published_time":"2024-07-26T16:13:11+00:00","article_modified_time":"2024-07-26T16:13:18+00:00","og_image":[{"width":1600,"height":901,"url":"https:\/\/i0.wp.com\/pilt.com.ar\/parque-industrial\/wp-content\/uploads\/2024\/07\/WhatsApp-Image-2024-07-25-at-10.57.32.jpeg?fit=1600%2C901&ssl=1","type":"image\/jpeg"}],"author":"PILT","twitter_card":"summary_large_image","twitter_misc":{"Escrito por":"PILT","Tiempo de lectura":"2 minutos"},"schema":{"@context":"https:\/\/schema.org","@graph":[{"@type":"Article","@id":"https:\/\/pilt.com.ar\/parque-industrial\/el-intendente-de-general-cabrera-y-directivos-de-parques-industriales-visitaron-el-pilt\/#article","isPartOf":{"@id":"https:\/\/pilt.com.ar\/parque-industrial\/el-intendente-de-general-cabrera-y-directivos-de-parques-industriales-visitaron-el-pilt\/"},"author":{"name":"PILT","@id":"https:\/\/pilt.com.ar\/parque-industrial\/#\/schema\/person\/2dfb9e2464de1c3deef20c25c30a8306"},"headline":"EL INTENDENTE DE GENERAL CABRERA Y DIRECTIVOS DE PARQUES INDUSTRIALES VISITARON EL PILT","datePublished":"2024-07-26T16:13:11+00:00","dateModified":"2024-07-26T16:13:18+00:00","mainEntityOfPage":{"@id":"https:\/\/pilt.com.ar\/parque-industrial\/el-intendente-de-general-cabrera-y-directivos-de-parques-industriales-visitaron-el-pilt\/"},"wordCount":279,"commentCount":0,"image":{"@id":"https:\/\/pilt.com.ar\/parque-industrial\/el-intendente-de-general-cabrera-y-directivos-de-parques-industriales-visitaron-el-pilt\/#primaryimage"},"thumbnailUrl":"https:\/\/i0.wp.com\/pilt.com.ar\/parque-industrial\/wp-content\/uploads\/2024\/07\/WhatsApp-Image-2024-07-25-at-10.57.32.jpeg?fit=1600%2C901&ssl=1","articleSection":["Noticias"],"inLanguage":"es","potentialAction":[{"@type":"CommentAction","name":"Comment","target":["https:\/\/pilt.com.ar\/parque-industrial\/el-intendente-de-general-cabrera-y-directivos-de-parques-industriales-visitaron-el-pilt\/#respond"]}]},{"@type":"WebPage","@id":"https:\/\/pilt.com.ar\/parque-industrial\/el-intendente-de-general-cabrera-y-directivos-de-parques-industriales-visitaron-el-pilt\/","url":"https:\/\/pilt.com.ar\/parque-industrial\/el-intendente-de-general-cabrera-y-directivos-de-parques-industriales-visitaron-el-pilt\/","name":"EL INTENDENTE DE GENERAL CABRERA Y DIRECTIVOS DE PARQUES INDUSTRIALES VISITARON EL PILT - PILT.com.ar","isPartOf":{"@id":"https:\/\/pilt.com.ar\/parque-industrial\/#website"},"primaryImageOfPage":{"@id":"https:\/\/pilt.com.ar\/parque-industrial\/el-intendente-de-general-cabrera-y-directivos-de-parques-industriales-visitaron-el-pilt\/#primaryimage"},"image":{"@id":"https:\/\/pilt.com.ar\/parque-industrial\/el-intendente-de-general-cabrera-y-directivos-de-parques-industriales-visitaron-el-pilt\/#primaryimage"},"thumbnailUrl":"https:\/\/i0.wp.com\/pilt.com.ar\/parque-industrial\/wp-content\/uploads\/2024\/07\/WhatsApp-Image-2024-07-25-at-10.57.32.jpeg?fit=1600%2C901&ssl=1","datePublished":"2024-07-26T16:13:11+00:00","dateModified":"2024-07-26T16:13:18+00:00","author":{"@id":"https:\/\/pilt.com.ar\/parque-industrial\/#\/schema\/person\/2dfb9e2464de1c3deef20c25c30a8306"},"inLanguage":"es","potentialAction":[{"@type":"ReadAction","target":["https:\/\/pilt.com.ar\/parque-industrial\/el-intendente-de-general-cabrera-y-directivos-de-parques-industriales-visitaron-el-pilt\/"]}]},{"@type":"ImageObject","inLanguage":"es","@id":"https:\/\/pilt.com.ar\/parque-industrial\/el-intendente-de-general-cabrera-y-directivos-de-parques-industriales-visitaron-el-pilt\/#primaryimage","url":"https:\/\/i0.wp.com\/pilt.com.ar\/parque-industrial\/wp-content\/uploads\/2024\/07\/WhatsApp-Image-2024-07-25-at-10.57.32.jpeg?fit=1600%2C901&ssl=1","contentUrl":"https:\/\/i0.wp.com\/pilt.com.ar\/parque-industrial\/wp-content\/uploads\/2024\/07\/WhatsApp-Image-2024-07-25-at-10.57.32.jpeg?fit=1600%2C901&ssl=1","width":1600,"height":901},{"@type":"WebSite","@id":"https:\/\/pilt.com.ar\/parque-industrial\/#website","url":"https:\/\/pilt.com.ar\/parque-industrial\/","name":"PILT.com.ar","description":"Parque Industrial, Log\u00edstico y Tecnol\u00f3gico Villa Mar\u00eda","potentialAction":[{"@type":"SearchAction","target":{"@type":"EntryPoint","urlTemplate":"https:\/\/pilt.com.ar\/parque-industrial\/?s={search_term_string}"},"query-input":{"@type":"PropertyValueSpecification","valueRequired":true,"valueName":"search_term_string"}}],"inLanguage":"es"},{"@type":"Person","@id":"https:\/\/pilt.com.ar\/parque-industrial\/#\/schema\/person\/2dfb9e2464de1c3deef20c25c30a8306","name":"PILT","image":{"@type":"ImageObject","inLanguage":"es","@id":"https:\/\/secure.gravatar.com\/avatar\/5e3734c8d8c8e0b0d45f923c14a14d7b90521d573d02f0d91360a777095ee42b?s=96&d=mm&r=g","url":"https:\/\/secure.gravatar.com\/avatar\/5e3734c8d8c8e0b0d45f923c14a14d7b90521d573d02f0d91360a777095ee42b?s=96&d=mm&r=g","contentUrl":"https:\/\/secure.gravatar.com\/avatar\/5e3734c8d8c8e0b0d45f923c14a14d7b90521d573d02f0d91360a777095ee42b?s=96&d=mm&r=g","caption":"PILT"},"url":"https:\/\/pilt.com.ar\/parque-industrial\/author\/pilt\/"}]}},"jetpack_featured_media_url":"https:\/\/i0.wp.com\/pilt.com.ar\/parque-industrial\/wp-content\/uploads\/2024\/07\/WhatsApp-Image-2024-07-25-at-10.57.32.jpeg?fit=1600%2C901&ssl=1","jetpack_sharing_enabled":true,"_links":{"self":[{"href":"https:\/\/pilt.com.ar\/parque-industrial\/wp-json\/wp\/v2\/posts\/3328","targetHints":{"allow":["GET"]}}],"collection":[{"href":"https:\/\/pilt.com.ar\/parque-industrial\/wp-json\/wp\/v2\/posts"}],"about":[{"href":"https:\/\/pilt.com.ar\/parque-industrial\/wp-json\/wp\/v2\/types\/post"}],"author":[{"embeddable":true,"href":"https:\/\/pilt.com.ar\/parque-industrial\/wp-json\/wp\/v2\/users\/3"}],"replies":[{"embeddable":true,"href":"https:\/\/pilt.com.ar\/parque-industrial\/wp-json\/wp\/v2\/comments?post=3328"}],"version-history":[{"count":1,"href":"https:\/\/pilt.com.ar\/parque-industrial\/wp-json\/wp\/v2\/posts\/3328\/revisions"}],"predecessor-version":[{"id":3330,"href":"https:\/\/pilt.com.ar\/parque-industrial\/wp-json\/wp\/v2\/posts\/3328\/revisions\/3330"}],"wp:featuredmedia":[{"embeddable":true,"href":"https:\/\/pilt.com.ar\/parque-industrial\/wp-json\/wp\/v2\/media\/3329"}],"wp:attachment":[{"href":"https:\/\/pilt.com.ar\/parque-industrial\/wp-json\/wp\/v2\/media?parent=3328"}],"wp:term":[{"taxonomy":"category","embeddable":true,"href":"https:\/\/pilt.com.ar\/parque-industrial\/wp-json\/wp\/v2\/categories?post=3328"},{"taxonomy":"post_tag","embeddable":true,"href":"https:\/\/pilt.com.ar\/parque-industrial\/wp-json\/wp\/v2\/tags?post=3328"}],"curies":[{"name":"wp","href":"https:\/\/api.w.org\/{rel}","templated":true}]}}