{"id":3295,"date":"2024-07-12T11:41:17","date_gmt":"2024-07-12T14:41:17","guid":{"rendered":"https:\/\/pilt.com.ar\/parque-industrial\/?p=3295"},"modified":"2024-07-12T11:41:17","modified_gmt":"2024-07-12T14:41:17","slug":"se-realizo-un-curso-de-reanimacion-cardiopulmonar-rcp-en-el-pilt","status":"publish","type":"post","link":"https:\/\/pilt.com.ar\/parque-industrial\/se-realizo-un-curso-de-reanimacion-cardiopulmonar-rcp-en-el-pilt\/","title":{"rendered":"SE REALIZ\u00d3 UN CURSO DE REANIMACI\u00d3N CARDIOPULMONAR (RCP) EN EL PILT"},"content":{"rendered":"\n<p class=\"has-text-align-center\"><em>Estuvo a cargo de personal de la empresa Corpus, quienes capacitaron a los presentes en la tem\u00e1tica y en el uso del desfibrilador.<\/em><\/p>\n\n\n\n<p>En el sal\u00f3n de usos m\u00faltiples se llev\u00f3 a cabo una jornada de capacitaci\u00f3n sobre Reanimaci\u00f3n Cardiopulmonar (RCP), t\u00e9cnica que sirve para salvar vidas en situaciones de emergencia en las que la respiraci\u00f3n o los latidos del coraz\u00f3n de una persona se detienen. Tambi\u00e9n se instruy\u00f3 sobre el uso del desfibrilador externo autom\u00e1tico (DEA), dispositivo que est\u00e1 disponible en el PILT.<\/p>\n\n\n\n<p>En la oportunidad, la Dra. Gloria Mois\u00e9s de Riso, los enfermeros Micaela Bossa y Gabriel Gim\u00e9nez, junto al param\u00e9dico Gustavo D\u00edaz, miembros de la empresa de emergencias m\u00e9dicas Corpus, describieron los s\u00edntomas que presenta una persona ante una problem\u00e1tica card\u00edaca, a la vez que explicaron la forma de proceder en casos de beb\u00e9s lactantes, ni\u00f1os y adultos, ya que requieren t\u00e9cnicas diferentes. Asimismo, indicaron los procedimientos necesarios para el uso del desfibrilador.<\/p>\n\n\n\n<p>Vale decir que tiempo atr\u00e1s el PILT&nbsp; adquiri\u00f3 un desfibrilador externo autom\u00e1tico (DEA), marca Philips, modelo HeartStart HS1 OnSite. El mismo cuenta con bater\u00edas de larga duraci\u00f3n (5 a\u00f1os en almacenamiento) y un sistema de autotesteo diario de componentes el\u00e9ctricos y bater\u00edas. Es portable y pesa solo 1,5 kg.<\/p>\n\n\n\n<p>Se trata de un dispositivo muy sencillo de utilizar y, por sus caracter\u00edsticas, puede aplicarse a personas de cualquier edad, incluidos ni\u00f1os y lactantes; ofrece instrucciones de voz que gu\u00edan a usuario en todo el proceso, desde la colocaci\u00f3n de cada electrodo del desfibrilador en el paciente hasta la administraci\u00f3n de la descarga. El equipo detecta autom\u00e1ticamente la necesidad de realizar o no el choque el\u00e9ctrico, ya que el bot\u00f3n no se activar\u00e1 si el ritmo card\u00edaco no es susceptible de descarga.<\/p>\n\n\n\n<p><\/p>\n","protected":false},"excerpt":{"rendered":"<p>Estuvo a cargo de personal de la empresa Corpus, quienes capacitaron a los presentes en la tem\u00e1tica y en el uso del desfibrilador. En el sal\u00f3n de usos m\u00faltiples se llev\u00f3 a cabo una jornada de capacitaci\u00f3n sobre Reanimaci\u00f3n Cardiopulmonar (RCP), t\u00e9cnica que sirve para salvar vidas en situaciones de emergencia en las que la [&hellip;]<\/p>\n","protected":false},"author":3,"featured_media":3296,"comment_status":"open","ping_status":"open","sticky":false,"template":"","format":"standard","meta":{"_jetpack_memberships_contains_paid_content":false,"footnotes":""},"categories":[2],"tags":[],"class_list":["post-3295","post","type-post","status-publish","format-standard","has-post-thumbnail","hentry","category-noticias"],"yoast_head":"<!-- This site is optimized with the Yoast SEO plugin v27.5 - https:\/\/yoast.com\/product\/yoast-seo-wordpress\/ -->\n<title>SE REALIZ\u00d3 UN CURSO DE REANIMACI\u00d3N CARDIOPULMONAR (RCP) EN EL PILT - PILT.com.ar<\/title>\n<meta name=\"robots\" content=\"index, follow, max-snippet:-1, max-image-preview:large, max-video-preview:-1\" \/>\n<link rel=\"canonical\" href=\"https:\/\/pilt.com.ar\/parque-industrial\/se-realizo-un-curso-de-reanimacion-cardiopulmonar-rcp-en-el-pilt\/\" \/>\n<meta property=\"og:locale\" content=\"es_ES\" \/>\n<meta property=\"og:type\" content=\"article\" \/>\n<meta property=\"og:title\" content=\"SE REALIZ\u00d3 UN CURSO DE REANIMACI\u00d3N CARDIOPULMONAR (RCP) EN EL PILT - PILT.com.ar\" \/>\n<meta property=\"og:description\" content=\"Estuvo a cargo de personal de la empresa Corpus, quienes capacitaron a los presentes en la tem\u00e1tica y en el uso del desfibrilador. En el sal\u00f3n de usos m\u00faltiples se llev\u00f3 a cabo una jornada de capacitaci\u00f3n sobre Reanimaci\u00f3n Cardiopulmonar (RCP), t\u00e9cnica que sirve para salvar vidas en situaciones de emergencia en las que la [&hellip;]\" \/>\n<meta property=\"og:url\" content=\"https:\/\/pilt.com.ar\/parque-industrial\/se-realizo-un-curso-de-reanimacion-cardiopulmonar-rcp-en-el-pilt\/\" \/>\n<meta property=\"og:site_name\" content=\"PILT.com.ar\" \/>\n<meta property=\"article:published_time\" content=\"2024-07-12T14:41:17+00:00\" \/>\n<meta property=\"og:image\" content=\"https:\/\/i0.wp.com\/pilt.com.ar\/parque-industrial\/wp-content\/uploads\/2024\/07\/WhatsApp-Image-2024-07-12-at-09.41.22.jpeg?fit=893%2C665&ssl=1\" \/>\n\t<meta property=\"og:image:width\" content=\"893\" \/>\n\t<meta property=\"og:image:height\" content=\"665\" \/>\n\t<meta property=\"og:image:type\" content=\"image\/jpeg\" \/>\n<meta name=\"author\" content=\"PILT\" \/>\n<meta name=\"twitter:card\" content=\"summary_large_image\" \/>\n<meta name=\"twitter:label1\" content=\"Escrito por\" \/>\n\t<meta name=\"twitter:data1\" content=\"PILT\" \/>\n\t<meta name=\"twitter:label2\" content=\"Tiempo de lectura\" \/>\n\t<meta name=\"twitter:data2\" content=\"2 minutos\" \/>\n<script type=\"application\/ld+json\" class=\"yoast-schema-graph\">{\"@context\":\"https:\\\/\\\/schema.org\",\"@graph\":[{\"@type\":\"Article\",\"@id\":\"https:\\\/\\\/pilt.com.ar\\\/parque-industrial\\\/se-realizo-un-curso-de-reanimacion-cardiopulmonar-rcp-en-el-pilt\\\/#article\",\"isPartOf\":{\"@id\":\"https:\\\/\\\/pilt.com.ar\\\/parque-industrial\\\/se-realizo-un-curso-de-reanimacion-cardiopulmonar-rcp-en-el-pilt\\\/\"},\"author\":{\"name\":\"PILT\",\"@id\":\"https:\\\/\\\/pilt.com.ar\\\/parque-industrial\\\/#\\\/schema\\\/person\\\/2dfb9e2464de1c3deef20c25c30a8306\"},\"headline\":\"SE REALIZ\u00d3 UN CURSO DE REANIMACI\u00d3N CARDIOPULMONAR (RCP) EN EL PILT\",\"datePublished\":\"2024-07-12T14:41:17+00:00\",\"mainEntityOfPage\":{\"@id\":\"https:\\\/\\\/pilt.com.ar\\\/parque-industrial\\\/se-realizo-un-curso-de-reanimacion-cardiopulmonar-rcp-en-el-pilt\\\/\"},\"wordCount\":335,\"commentCount\":0,\"image\":{\"@id\":\"https:\\\/\\\/pilt.com.ar\\\/parque-industrial\\\/se-realizo-un-curso-de-reanimacion-cardiopulmonar-rcp-en-el-pilt\\\/#primaryimage\"},\"thumbnailUrl\":\"https:\\\/\\\/i0.wp.com\\\/pilt.com.ar\\\/parque-industrial\\\/wp-content\\\/uploads\\\/2024\\\/07\\\/WhatsApp-Image-2024-07-12-at-09.41.22.jpeg?fit=893%2C665&ssl=1\",\"articleSection\":[\"Noticias\"],\"inLanguage\":\"es\",\"potentialAction\":[{\"@type\":\"CommentAction\",\"name\":\"Comment\",\"target\":[\"https:\\\/\\\/pilt.com.ar\\\/parque-industrial\\\/se-realizo-un-curso-de-reanimacion-cardiopulmonar-rcp-en-el-pilt\\\/#respond\"]}]},{\"@type\":\"WebPage\",\"@id\":\"https:\\\/\\\/pilt.com.ar\\\/parque-industrial\\\/se-realizo-un-curso-de-reanimacion-cardiopulmonar-rcp-en-el-pilt\\\/\",\"url\":\"https:\\\/\\\/pilt.com.ar\\\/parque-industrial\\\/se-realizo-un-curso-de-reanimacion-cardiopulmonar-rcp-en-el-pilt\\\/\",\"name\":\"SE REALIZ\u00d3 UN CURSO DE REANIMACI\u00d3N CARDIOPULMONAR (RCP) EN EL PILT - PILT.com.ar\",\"isPartOf\":{\"@id\":\"https:\\\/\\\/pilt.com.ar\\\/parque-industrial\\\/#website\"},\"primaryImageOfPage\":{\"@id\":\"https:\\\/\\\/pilt.com.ar\\\/parque-industrial\\\/se-realizo-un-curso-de-reanimacion-cardiopulmonar-rcp-en-el-pilt\\\/#primaryimage\"},\"image\":{\"@id\":\"https:\\\/\\\/pilt.com.ar\\\/parque-industrial\\\/se-realizo-un-curso-de-reanimacion-cardiopulmonar-rcp-en-el-pilt\\\/#primaryimage\"},\"thumbnailUrl\":\"https:\\\/\\\/i0.wp.com\\\/pilt.com.ar\\\/parque-industrial\\\/wp-content\\\/uploads\\\/2024\\\/07\\\/WhatsApp-Image-2024-07-12-at-09.41.22.jpeg?fit=893%2C665&ssl=1\",\"datePublished\":\"2024-07-12T14:41:17+00:00\",\"author\":{\"@id\":\"https:\\\/\\\/pilt.com.ar\\\/parque-industrial\\\/#\\\/schema\\\/person\\\/2dfb9e2464de1c3deef20c25c30a8306\"},\"inLanguage\":\"es\",\"potentialAction\":[{\"@type\":\"ReadAction\",\"target\":[\"https:\\\/\\\/pilt.com.ar\\\/parque-industrial\\\/se-realizo-un-curso-de-reanimacion-cardiopulmonar-rcp-en-el-pilt\\\/\"]}]},{\"@type\":\"ImageObject\",\"inLanguage\":\"es\",\"@id\":\"https:\\\/\\\/pilt.com.ar\\\/parque-industrial\\\/se-realizo-un-curso-de-reanimacion-cardiopulmonar-rcp-en-el-pilt\\\/#primaryimage\",\"url\":\"https:\\\/\\\/i0.wp.com\\\/pilt.com.ar\\\/parque-industrial\\\/wp-content\\\/uploads\\\/2024\\\/07\\\/WhatsApp-Image-2024-07-12-at-09.41.22.jpeg?fit=893%2C665&ssl=1\",\"contentUrl\":\"https:\\\/\\\/i0.wp.com\\\/pilt.com.ar\\\/parque-industrial\\\/wp-content\\\/uploads\\\/2024\\\/07\\\/WhatsApp-Image-2024-07-12-at-09.41.22.jpeg?fit=893%2C665&ssl=1\",\"width\":893,\"height\":665},{\"@type\":\"WebSite\",\"@id\":\"https:\\\/\\\/pilt.com.ar\\\/parque-industrial\\\/#website\",\"url\":\"https:\\\/\\\/pilt.com.ar\\\/parque-industrial\\\/\",\"name\":\"PILT.com.ar\",\"description\":\"Parque Industrial, Log\u00edstico y Tecnol\u00f3gico Villa Mar\u00eda\",\"potentialAction\":[{\"@type\":\"SearchAction\",\"target\":{\"@type\":\"EntryPoint\",\"urlTemplate\":\"https:\\\/\\\/pilt.com.ar\\\/parque-industrial\\\/?s={search_term_string}\"},\"query-input\":{\"@type\":\"PropertyValueSpecification\",\"valueRequired\":true,\"valueName\":\"search_term_string\"}}],\"inLanguage\":\"es\"},{\"@type\":\"Person\",\"@id\":\"https:\\\/\\\/pilt.com.ar\\\/parque-industrial\\\/#\\\/schema\\\/person\\\/2dfb9e2464de1c3deef20c25c30a8306\",\"name\":\"PILT\",\"image\":{\"@type\":\"ImageObject\",\"inLanguage\":\"es\",\"@id\":\"https:\\\/\\\/secure.gravatar.com\\\/avatar\\\/5e3734c8d8c8e0b0d45f923c14a14d7b90521d573d02f0d91360a777095ee42b?s=96&d=mm&r=g\",\"url\":\"https:\\\/\\\/secure.gravatar.com\\\/avatar\\\/5e3734c8d8c8e0b0d45f923c14a14d7b90521d573d02f0d91360a777095ee42b?s=96&d=mm&r=g\",\"contentUrl\":\"https:\\\/\\\/secure.gravatar.com\\\/avatar\\\/5e3734c8d8c8e0b0d45f923c14a14d7b90521d573d02f0d91360a777095ee42b?s=96&d=mm&r=g\",\"caption\":\"PILT\"},\"url\":\"https:\\\/\\\/pilt.com.ar\\\/parque-industrial\\\/author\\\/pilt\\\/\"}]}<\/script>\n<!-- \/ Yoast SEO plugin. -->","yoast_head_json":{"title":"SE REALIZ\u00d3 UN CURSO DE REANIMACI\u00d3N CARDIOPULMONAR (RCP) EN EL PILT - PILT.com.ar","robots":{"index":"index","follow":"follow","max-snippet":"max-snippet:-1","max-image-preview":"max-image-preview:large","max-video-preview":"max-video-preview:-1"},"canonical":"https:\/\/pilt.com.ar\/parque-industrial\/se-realizo-un-curso-de-reanimacion-cardiopulmonar-rcp-en-el-pilt\/","og_locale":"es_ES","og_type":"article","og_title":"SE REALIZ\u00d3 UN CURSO DE REANIMACI\u00d3N CARDIOPULMONAR (RCP) EN EL PILT - PILT.com.ar","og_description":"Estuvo a cargo de personal de la empresa Corpus, quienes capacitaron a los presentes en la tem\u00e1tica y en el uso del desfibrilador. En el sal\u00f3n de usos m\u00faltiples se llev\u00f3 a cabo una jornada de capacitaci\u00f3n sobre Reanimaci\u00f3n Cardiopulmonar (RCP), t\u00e9cnica que sirve para salvar vidas en situaciones de emergencia en las que la [&hellip;]","og_url":"https:\/\/pilt.com.ar\/parque-industrial\/se-realizo-un-curso-de-reanimacion-cardiopulmonar-rcp-en-el-pilt\/","og_site_name":"PILT.com.ar","article_published_time":"2024-07-12T14:41:17+00:00","og_image":[{"width":893,"height":665,"url":"https:\/\/i0.wp.com\/pilt.com.ar\/parque-industrial\/wp-content\/uploads\/2024\/07\/WhatsApp-Image-2024-07-12-at-09.41.22.jpeg?fit=893%2C665&ssl=1","type":"image\/jpeg"}],"author":"PILT","twitter_card":"summary_large_image","twitter_misc":{"Escrito por":"PILT","Tiempo de lectura":"2 minutos"},"schema":{"@context":"https:\/\/schema.org","@graph":[{"@type":"Article","@id":"https:\/\/pilt.com.ar\/parque-industrial\/se-realizo-un-curso-de-reanimacion-cardiopulmonar-rcp-en-el-pilt\/#article","isPartOf":{"@id":"https:\/\/pilt.com.ar\/parque-industrial\/se-realizo-un-curso-de-reanimacion-cardiopulmonar-rcp-en-el-pilt\/"},"author":{"name":"PILT","@id":"https:\/\/pilt.com.ar\/parque-industrial\/#\/schema\/person\/2dfb9e2464de1c3deef20c25c30a8306"},"headline":"SE REALIZ\u00d3 UN CURSO DE REANIMACI\u00d3N CARDIOPULMONAR (RCP) EN EL PILT","datePublished":"2024-07-12T14:41:17+00:00","mainEntityOfPage":{"@id":"https:\/\/pilt.com.ar\/parque-industrial\/se-realizo-un-curso-de-reanimacion-cardiopulmonar-rcp-en-el-pilt\/"},"wordCount":335,"commentCount":0,"image":{"@id":"https:\/\/pilt.com.ar\/parque-industrial\/se-realizo-un-curso-de-reanimacion-cardiopulmonar-rcp-en-el-pilt\/#primaryimage"},"thumbnailUrl":"https:\/\/i0.wp.com\/pilt.com.ar\/parque-industrial\/wp-content\/uploads\/2024\/07\/WhatsApp-Image-2024-07-12-at-09.41.22.jpeg?fit=893%2C665&ssl=1","articleSection":["Noticias"],"inLanguage":"es","potentialAction":[{"@type":"CommentAction","name":"Comment","target":["https:\/\/pilt.com.ar\/parque-industrial\/se-realizo-un-curso-de-reanimacion-cardiopulmonar-rcp-en-el-pilt\/#respond"]}]},{"@type":"WebPage","@id":"https:\/\/pilt.com.ar\/parque-industrial\/se-realizo-un-curso-de-reanimacion-cardiopulmonar-rcp-en-el-pilt\/","url":"https:\/\/pilt.com.ar\/parque-industrial\/se-realizo-un-curso-de-reanimacion-cardiopulmonar-rcp-en-el-pilt\/","name":"SE REALIZ\u00d3 UN CURSO DE REANIMACI\u00d3N CARDIOPULMONAR (RCP) EN EL PILT - PILT.com.ar","isPartOf":{"@id":"https:\/\/pilt.com.ar\/parque-industrial\/#website"},"primaryImageOfPage":{"@id":"https:\/\/pilt.com.ar\/parque-industrial\/se-realizo-un-curso-de-reanimacion-cardiopulmonar-rcp-en-el-pilt\/#primaryimage"},"image":{"@id":"https:\/\/pilt.com.ar\/parque-industrial\/se-realizo-un-curso-de-reanimacion-cardiopulmonar-rcp-en-el-pilt\/#primaryimage"},"thumbnailUrl":"https:\/\/i0.wp.com\/pilt.com.ar\/parque-industrial\/wp-content\/uploads\/2024\/07\/WhatsApp-Image-2024-07-12-at-09.41.22.jpeg?fit=893%2C665&ssl=1","datePublished":"2024-07-12T14:41:17+00:00","author":{"@id":"https:\/\/pilt.com.ar\/parque-industrial\/#\/schema\/person\/2dfb9e2464de1c3deef20c25c30a8306"},"inLanguage":"es","potentialAction":[{"@type":"ReadAction","target":["https:\/\/pilt.com.ar\/parque-industrial\/se-realizo-un-curso-de-reanimacion-cardiopulmonar-rcp-en-el-pilt\/"]}]},{"@type":"ImageObject","inLanguage":"es","@id":"https:\/\/pilt.com.ar\/parque-industrial\/se-realizo-un-curso-de-reanimacion-cardiopulmonar-rcp-en-el-pilt\/#primaryimage","url":"https:\/\/i0.wp.com\/pilt.com.ar\/parque-industrial\/wp-content\/uploads\/2024\/07\/WhatsApp-Image-2024-07-12-at-09.41.22.jpeg?fit=893%2C665&ssl=1","contentUrl":"https:\/\/i0.wp.com\/pilt.com.ar\/parque-industrial\/wp-content\/uploads\/2024\/07\/WhatsApp-Image-2024-07-12-at-09.41.22.jpeg?fit=893%2C665&ssl=1","width":893,"height":665},{"@type":"WebSite","@id":"https:\/\/pilt.com.ar\/parque-industrial\/#website","url":"https:\/\/pilt.com.ar\/parque-industrial\/","name":"PILT.com.ar","description":"Parque Industrial, Log\u00edstico y Tecnol\u00f3gico Villa Mar\u00eda","potentialAction":[{"@type":"SearchAction","target":{"@type":"EntryPoint","urlTemplate":"https:\/\/pilt.com.ar\/parque-industrial\/?s={search_term_string}"},"query-input":{"@type":"PropertyValueSpecification","valueRequired":true,"valueName":"search_term_string"}}],"inLanguage":"es"},{"@type":"Person","@id":"https:\/\/pilt.com.ar\/parque-industrial\/#\/schema\/person\/2dfb9e2464de1c3deef20c25c30a8306","name":"PILT","image":{"@type":"ImageObject","inLanguage":"es","@id":"https:\/\/secure.gravatar.com\/avatar\/5e3734c8d8c8e0b0d45f923c14a14d7b90521d573d02f0d91360a777095ee42b?s=96&d=mm&r=g","url":"https:\/\/secure.gravatar.com\/avatar\/5e3734c8d8c8e0b0d45f923c14a14d7b90521d573d02f0d91360a777095ee42b?s=96&d=mm&r=g","contentUrl":"https:\/\/secure.gravatar.com\/avatar\/5e3734c8d8c8e0b0d45f923c14a14d7b90521d573d02f0d91360a777095ee42b?s=96&d=mm&r=g","caption":"PILT"},"url":"https:\/\/pilt.com.ar\/parque-industrial\/author\/pilt\/"}]}},"jetpack_featured_media_url":"https:\/\/i0.wp.com\/pilt.com.ar\/parque-industrial\/wp-content\/uploads\/2024\/07\/WhatsApp-Image-2024-07-12-at-09.41.22.jpeg?fit=893%2C665&ssl=1","jetpack_sharing_enabled":true,"_links":{"self":[{"href":"https:\/\/pilt.com.ar\/parque-industrial\/wp-json\/wp\/v2\/posts\/3295","targetHints":{"allow":["GET"]}}],"collection":[{"href":"https:\/\/pilt.com.ar\/parque-industrial\/wp-json\/wp\/v2\/posts"}],"about":[{"href":"https:\/\/pilt.com.ar\/parque-industrial\/wp-json\/wp\/v2\/types\/post"}],"author":[{"embeddable":true,"href":"https:\/\/pilt.com.ar\/parque-industrial\/wp-json\/wp\/v2\/users\/3"}],"replies":[{"embeddable":true,"href":"https:\/\/pilt.com.ar\/parque-industrial\/wp-json\/wp\/v2\/comments?post=3295"}],"version-history":[{"count":1,"href":"https:\/\/pilt.com.ar\/parque-industrial\/wp-json\/wp\/v2\/posts\/3295\/revisions"}],"predecessor-version":[{"id":3297,"href":"https:\/\/pilt.com.ar\/parque-industrial\/wp-json\/wp\/v2\/posts\/3295\/revisions\/3297"}],"wp:featuredmedia":[{"embeddable":true,"href":"https:\/\/pilt.com.ar\/parque-industrial\/wp-json\/wp\/v2\/media\/3296"}],"wp:attachment":[{"href":"https:\/\/pilt.com.ar\/parque-industrial\/wp-json\/wp\/v2\/media?parent=3295"}],"wp:term":[{"taxonomy":"category","embeddable":true,"href":"https:\/\/pilt.com.ar\/parque-industrial\/wp-json\/wp\/v2\/categories?post=3295"},{"taxonomy":"post_tag","embeddable":true,"href":"https:\/\/pilt.com.ar\/parque-industrial\/wp-json\/wp\/v2\/tags?post=3295"}],"curies":[{"name":"wp","href":"https:\/\/api.w.org\/{rel}","templated":true}]}}