{"id":3290,"date":"2024-07-05T10:14:46","date_gmt":"2024-07-05T13:14:46","guid":{"rendered":"https:\/\/pilt.com.ar\/parque-industrial\/?p=3290"},"modified":"2024-07-05T10:14:46","modified_gmt":"2024-07-05T13:14:46","slug":"charla-sobre-oportunidades-de-financiamiento-en-la-coyuntura-economica-actual","status":"publish","type":"post","link":"https:\/\/pilt.com.ar\/parque-industrial\/charla-sobre-oportunidades-de-financiamiento-en-la-coyuntura-economica-actual\/","title":{"rendered":"CHARLA SOBRE OPORTUNIDADES DE FINANCIAMIENTO EN LA COYUNTURA ECON\u00d3MICA ACTUAL"},"content":{"rendered":"\n<p><em>El encuentro organizado por la empresa BAVSA, Agente de Bolsa, sirvi\u00f3 para analizar el escenario econ\u00f3mico y brindar alternativas financieras.<\/em><\/p>\n\n\n\n<p>En el sal\u00f3n de usos m\u00faltiples del Parque Industrial, Log\u00edstico y Tecnol\u00f3gico Villa Mar\u00eda (PILT) se llev\u00f3 a cabo una charla sobre \u201cOportunidades de financiamiento en esta coyuntura, balance y perspectiva del Plan Milei\u201d, organizado por la empresa de servicios financieros Buenos Aires Valores SA (BVASA).<\/p>\n\n\n\n<p>En la oportunidad, la Economista Jefe de la firma, Eugenia de Irureta, analiz\u00f3 diferentes variables econ\u00f3micas, tales como nivel de actividad, empleo y salario, nivel de precios, como as\u00ed tambi\u00e9n la pol\u00edtica fiscal y monetaria del Gobierno nacional, entre otros temas.<\/p>\n\n\n\n<p>En ese sentido, la profesional afirm\u00f3 que \u201cvenimos de muchos a\u00f1os de estancamiento en el nivel de actividad, con una recesi\u00f3n en el primer trimestre; el primer desaf\u00edo es recuperar esa actividad con factores que la estimulen, que todav\u00eda no est\u00e1n claros. Ese es el tema principal. Adem\u00e1s, nos preocupa la sostenibilidad del super\u00e1vit fiscal porque es uno de los objetivos cumplidos del Gobierno y en lo que se bas\u00f3 la primera fase del plan econ\u00f3mico\u201d.<\/p>\n\n\n\n<p>Asimismo, la economista puso especial \u00e9nfasis en la necesidad de acumular reservas para tratar de lograr la salida del cepo cambiario \u201cpor lo da\u00f1ino que es para la econom\u00eda, m\u00e1s todav\u00eda con los compromisos que tiene que afrontar el Gobierno en 2025 para la cancelaci\u00f3n de su deuda en d\u00f3lares\u201d.<\/p>\n\n\n\n<p>En ese contexto, explic\u00f3 la evoluci\u00f3n que fueron teniendo las acciones de distintas empresas y traz\u00f3 una posible proyecci\u00f3n de mantenerse el escenario actual y los fundamentos econ\u00f3micos. Tambi\u00e9n dio cuenta de las alternativas financieras que ofrece el mercado para las empresas.<\/p>\n\n\n\n<p>Formaron parte del auditorio miembros de empresas, quienes siguieron con atenci\u00f3n la disertaci\u00f3n y realizaron consultas sobre las tem\u00e1ticas abordadas. A la vez, el representante Comercial de BAVSA en C\u00f3rdoba, Alfonso del Boca, explic\u00f3 a los presentes los diferentes servicios que brinda la firma.<\/p>\n\n\n\n<p><\/p>\n\n\n\n<p><\/p>\n","protected":false},"excerpt":{"rendered":"<p>El encuentro organizado por la empresa BAVSA, Agente de Bolsa, sirvi\u00f3 para analizar el escenario econ\u00f3mico y brindar alternativas financieras. En el sal\u00f3n de usos m\u00faltiples del Parque Industrial, Log\u00edstico y Tecnol\u00f3gico Villa Mar\u00eda (PILT) se llev\u00f3 a cabo una charla sobre \u201cOportunidades de financiamiento en esta coyuntura, balance y perspectiva del Plan Milei\u201d, organizado [&hellip;]<\/p>\n","protected":false},"author":3,"featured_media":3291,"comment_status":"open","ping_status":"open","sticky":false,"template":"","format":"standard","meta":{"_jetpack_memberships_contains_paid_content":false,"footnotes":""},"categories":[2],"tags":[],"class_list":["post-3290","post","type-post","status-publish","format-standard","has-post-thumbnail","hentry","category-noticias"],"yoast_head":"<!-- This site is optimized with the Yoast SEO plugin v27.5 - https:\/\/yoast.com\/product\/yoast-seo-wordpress\/ -->\n<title>CHARLA SOBRE OPORTUNIDADES DE FINANCIAMIENTO EN LA COYUNTURA ECON\u00d3MICA ACTUAL - PILT.com.ar<\/title>\n<meta name=\"robots\" content=\"index, follow, max-snippet:-1, max-image-preview:large, max-video-preview:-1\" \/>\n<link rel=\"canonical\" href=\"https:\/\/pilt.com.ar\/parque-industrial\/charla-sobre-oportunidades-de-financiamiento-en-la-coyuntura-economica-actual\/\" \/>\n<meta property=\"og:locale\" content=\"es_ES\" \/>\n<meta property=\"og:type\" content=\"article\" \/>\n<meta property=\"og:title\" content=\"CHARLA SOBRE OPORTUNIDADES DE FINANCIAMIENTO EN LA COYUNTURA ECON\u00d3MICA ACTUAL - PILT.com.ar\" \/>\n<meta property=\"og:description\" content=\"El encuentro organizado por la empresa BAVSA, Agente de Bolsa, sirvi\u00f3 para analizar el escenario econ\u00f3mico y brindar alternativas financieras. En el sal\u00f3n de usos m\u00faltiples del Parque Industrial, Log\u00edstico y Tecnol\u00f3gico Villa Mar\u00eda (PILT) se llev\u00f3 a cabo una charla sobre \u201cOportunidades de financiamiento en esta coyuntura, balance y perspectiva del Plan Milei\u201d, organizado [&hellip;]\" \/>\n<meta property=\"og:url\" content=\"https:\/\/pilt.com.ar\/parque-industrial\/charla-sobre-oportunidades-de-financiamiento-en-la-coyuntura-economica-actual\/\" \/>\n<meta property=\"og:site_name\" content=\"PILT.com.ar\" \/>\n<meta property=\"article:published_time\" content=\"2024-07-05T13:14:46+00:00\" \/>\n<meta property=\"og:image\" content=\"https:\/\/i0.wp.com\/pilt.com.ar\/parque-industrial\/wp-content\/uploads\/2024\/07\/WhatsApp-Image-2024-07-04-at-15.29.44.jpeg?fit=1600%2C1200&ssl=1\" \/>\n\t<meta property=\"og:image:width\" content=\"1600\" \/>\n\t<meta property=\"og:image:height\" content=\"1200\" \/>\n\t<meta property=\"og:image:type\" content=\"image\/jpeg\" \/>\n<meta name=\"author\" content=\"PILT\" \/>\n<meta name=\"twitter:card\" content=\"summary_large_image\" \/>\n<meta name=\"twitter:label1\" content=\"Escrito por\" \/>\n\t<meta name=\"twitter:data1\" content=\"PILT\" \/>\n\t<meta name=\"twitter:label2\" content=\"Tiempo de lectura\" \/>\n\t<meta name=\"twitter:data2\" content=\"2 minutos\" \/>\n<script type=\"application\/ld+json\" class=\"yoast-schema-graph\">{\"@context\":\"https:\\\/\\\/schema.org\",\"@graph\":[{\"@type\":\"Article\",\"@id\":\"https:\\\/\\\/pilt.com.ar\\\/parque-industrial\\\/charla-sobre-oportunidades-de-financiamiento-en-la-coyuntura-economica-actual\\\/#article\",\"isPartOf\":{\"@id\":\"https:\\\/\\\/pilt.com.ar\\\/parque-industrial\\\/charla-sobre-oportunidades-de-financiamiento-en-la-coyuntura-economica-actual\\\/\"},\"author\":{\"name\":\"PILT\",\"@id\":\"https:\\\/\\\/pilt.com.ar\\\/parque-industrial\\\/#\\\/schema\\\/person\\\/2dfb9e2464de1c3deef20c25c30a8306\"},\"headline\":\"CHARLA SOBRE OPORTUNIDADES DE FINANCIAMIENTO EN LA COYUNTURA ECON\u00d3MICA ACTUAL\",\"datePublished\":\"2024-07-05T13:14:46+00:00\",\"mainEntityOfPage\":{\"@id\":\"https:\\\/\\\/pilt.com.ar\\\/parque-industrial\\\/charla-sobre-oportunidades-de-financiamiento-en-la-coyuntura-economica-actual\\\/\"},\"wordCount\":360,\"commentCount\":0,\"image\":{\"@id\":\"https:\\\/\\\/pilt.com.ar\\\/parque-industrial\\\/charla-sobre-oportunidades-de-financiamiento-en-la-coyuntura-economica-actual\\\/#primaryimage\"},\"thumbnailUrl\":\"https:\\\/\\\/i0.wp.com\\\/pilt.com.ar\\\/parque-industrial\\\/wp-content\\\/uploads\\\/2024\\\/07\\\/WhatsApp-Image-2024-07-04-at-15.29.44.jpeg?fit=1600%2C1200&ssl=1\",\"articleSection\":[\"Noticias\"],\"inLanguage\":\"es\",\"potentialAction\":[{\"@type\":\"CommentAction\",\"name\":\"Comment\",\"target\":[\"https:\\\/\\\/pilt.com.ar\\\/parque-industrial\\\/charla-sobre-oportunidades-de-financiamiento-en-la-coyuntura-economica-actual\\\/#respond\"]}]},{\"@type\":\"WebPage\",\"@id\":\"https:\\\/\\\/pilt.com.ar\\\/parque-industrial\\\/charla-sobre-oportunidades-de-financiamiento-en-la-coyuntura-economica-actual\\\/\",\"url\":\"https:\\\/\\\/pilt.com.ar\\\/parque-industrial\\\/charla-sobre-oportunidades-de-financiamiento-en-la-coyuntura-economica-actual\\\/\",\"name\":\"CHARLA SOBRE OPORTUNIDADES DE FINANCIAMIENTO EN LA COYUNTURA ECON\u00d3MICA ACTUAL - PILT.com.ar\",\"isPartOf\":{\"@id\":\"https:\\\/\\\/pilt.com.ar\\\/parque-industrial\\\/#website\"},\"primaryImageOfPage\":{\"@id\":\"https:\\\/\\\/pilt.com.ar\\\/parque-industrial\\\/charla-sobre-oportunidades-de-financiamiento-en-la-coyuntura-economica-actual\\\/#primaryimage\"},\"image\":{\"@id\":\"https:\\\/\\\/pilt.com.ar\\\/parque-industrial\\\/charla-sobre-oportunidades-de-financiamiento-en-la-coyuntura-economica-actual\\\/#primaryimage\"},\"thumbnailUrl\":\"https:\\\/\\\/i0.wp.com\\\/pilt.com.ar\\\/parque-industrial\\\/wp-content\\\/uploads\\\/2024\\\/07\\\/WhatsApp-Image-2024-07-04-at-15.29.44.jpeg?fit=1600%2C1200&ssl=1\",\"datePublished\":\"2024-07-05T13:14:46+00:00\",\"author\":{\"@id\":\"https:\\\/\\\/pilt.com.ar\\\/parque-industrial\\\/#\\\/schema\\\/person\\\/2dfb9e2464de1c3deef20c25c30a8306\"},\"inLanguage\":\"es\",\"potentialAction\":[{\"@type\":\"ReadAction\",\"target\":[\"https:\\\/\\\/pilt.com.ar\\\/parque-industrial\\\/charla-sobre-oportunidades-de-financiamiento-en-la-coyuntura-economica-actual\\\/\"]}]},{\"@type\":\"ImageObject\",\"inLanguage\":\"es\",\"@id\":\"https:\\\/\\\/pilt.com.ar\\\/parque-industrial\\\/charla-sobre-oportunidades-de-financiamiento-en-la-coyuntura-economica-actual\\\/#primaryimage\",\"url\":\"https:\\\/\\\/i0.wp.com\\\/pilt.com.ar\\\/parque-industrial\\\/wp-content\\\/uploads\\\/2024\\\/07\\\/WhatsApp-Image-2024-07-04-at-15.29.44.jpeg?fit=1600%2C1200&ssl=1\",\"contentUrl\":\"https:\\\/\\\/i0.wp.com\\\/pilt.com.ar\\\/parque-industrial\\\/wp-content\\\/uploads\\\/2024\\\/07\\\/WhatsApp-Image-2024-07-04-at-15.29.44.jpeg?fit=1600%2C1200&ssl=1\",\"width\":1600,\"height\":1200},{\"@type\":\"WebSite\",\"@id\":\"https:\\\/\\\/pilt.com.ar\\\/parque-industrial\\\/#website\",\"url\":\"https:\\\/\\\/pilt.com.ar\\\/parque-industrial\\\/\",\"name\":\"PILT.com.ar\",\"description\":\"Parque Industrial, Log\u00edstico y Tecnol\u00f3gico Villa Mar\u00eda\",\"potentialAction\":[{\"@type\":\"SearchAction\",\"target\":{\"@type\":\"EntryPoint\",\"urlTemplate\":\"https:\\\/\\\/pilt.com.ar\\\/parque-industrial\\\/?s={search_term_string}\"},\"query-input\":{\"@type\":\"PropertyValueSpecification\",\"valueRequired\":true,\"valueName\":\"search_term_string\"}}],\"inLanguage\":\"es\"},{\"@type\":\"Person\",\"@id\":\"https:\\\/\\\/pilt.com.ar\\\/parque-industrial\\\/#\\\/schema\\\/person\\\/2dfb9e2464de1c3deef20c25c30a8306\",\"name\":\"PILT\",\"image\":{\"@type\":\"ImageObject\",\"inLanguage\":\"es\",\"@id\":\"https:\\\/\\\/secure.gravatar.com\\\/avatar\\\/5e3734c8d8c8e0b0d45f923c14a14d7b90521d573d02f0d91360a777095ee42b?s=96&d=mm&r=g\",\"url\":\"https:\\\/\\\/secure.gravatar.com\\\/avatar\\\/5e3734c8d8c8e0b0d45f923c14a14d7b90521d573d02f0d91360a777095ee42b?s=96&d=mm&r=g\",\"contentUrl\":\"https:\\\/\\\/secure.gravatar.com\\\/avatar\\\/5e3734c8d8c8e0b0d45f923c14a14d7b90521d573d02f0d91360a777095ee42b?s=96&d=mm&r=g\",\"caption\":\"PILT\"},\"url\":\"https:\\\/\\\/pilt.com.ar\\\/parque-industrial\\\/author\\\/pilt\\\/\"}]}<\/script>\n<!-- \/ Yoast SEO plugin. -->","yoast_head_json":{"title":"CHARLA SOBRE OPORTUNIDADES DE FINANCIAMIENTO EN LA COYUNTURA ECON\u00d3MICA ACTUAL - PILT.com.ar","robots":{"index":"index","follow":"follow","max-snippet":"max-snippet:-1","max-image-preview":"max-image-preview:large","max-video-preview":"max-video-preview:-1"},"canonical":"https:\/\/pilt.com.ar\/parque-industrial\/charla-sobre-oportunidades-de-financiamiento-en-la-coyuntura-economica-actual\/","og_locale":"es_ES","og_type":"article","og_title":"CHARLA SOBRE OPORTUNIDADES DE FINANCIAMIENTO EN LA COYUNTURA ECON\u00d3MICA ACTUAL - PILT.com.ar","og_description":"El encuentro organizado por la empresa BAVSA, Agente de Bolsa, sirvi\u00f3 para analizar el escenario econ\u00f3mico y brindar alternativas financieras. En el sal\u00f3n de usos m\u00faltiples del Parque Industrial, Log\u00edstico y Tecnol\u00f3gico Villa Mar\u00eda (PILT) se llev\u00f3 a cabo una charla sobre \u201cOportunidades de financiamiento en esta coyuntura, balance y perspectiva del Plan Milei\u201d, organizado [&hellip;]","og_url":"https:\/\/pilt.com.ar\/parque-industrial\/charla-sobre-oportunidades-de-financiamiento-en-la-coyuntura-economica-actual\/","og_site_name":"PILT.com.ar","article_published_time":"2024-07-05T13:14:46+00:00","og_image":[{"width":1600,"height":1200,"url":"https:\/\/i0.wp.com\/pilt.com.ar\/parque-industrial\/wp-content\/uploads\/2024\/07\/WhatsApp-Image-2024-07-04-at-15.29.44.jpeg?fit=1600%2C1200&ssl=1","type":"image\/jpeg"}],"author":"PILT","twitter_card":"summary_large_image","twitter_misc":{"Escrito por":"PILT","Tiempo de lectura":"2 minutos"},"schema":{"@context":"https:\/\/schema.org","@graph":[{"@type":"Article","@id":"https:\/\/pilt.com.ar\/parque-industrial\/charla-sobre-oportunidades-de-financiamiento-en-la-coyuntura-economica-actual\/#article","isPartOf":{"@id":"https:\/\/pilt.com.ar\/parque-industrial\/charla-sobre-oportunidades-de-financiamiento-en-la-coyuntura-economica-actual\/"},"author":{"name":"PILT","@id":"https:\/\/pilt.com.ar\/parque-industrial\/#\/schema\/person\/2dfb9e2464de1c3deef20c25c30a8306"},"headline":"CHARLA SOBRE OPORTUNIDADES DE FINANCIAMIENTO EN LA COYUNTURA ECON\u00d3MICA ACTUAL","datePublished":"2024-07-05T13:14:46+00:00","mainEntityOfPage":{"@id":"https:\/\/pilt.com.ar\/parque-industrial\/charla-sobre-oportunidades-de-financiamiento-en-la-coyuntura-economica-actual\/"},"wordCount":360,"commentCount":0,"image":{"@id":"https:\/\/pilt.com.ar\/parque-industrial\/charla-sobre-oportunidades-de-financiamiento-en-la-coyuntura-economica-actual\/#primaryimage"},"thumbnailUrl":"https:\/\/i0.wp.com\/pilt.com.ar\/parque-industrial\/wp-content\/uploads\/2024\/07\/WhatsApp-Image-2024-07-04-at-15.29.44.jpeg?fit=1600%2C1200&ssl=1","articleSection":["Noticias"],"inLanguage":"es","potentialAction":[{"@type":"CommentAction","name":"Comment","target":["https:\/\/pilt.com.ar\/parque-industrial\/charla-sobre-oportunidades-de-financiamiento-en-la-coyuntura-economica-actual\/#respond"]}]},{"@type":"WebPage","@id":"https:\/\/pilt.com.ar\/parque-industrial\/charla-sobre-oportunidades-de-financiamiento-en-la-coyuntura-economica-actual\/","url":"https:\/\/pilt.com.ar\/parque-industrial\/charla-sobre-oportunidades-de-financiamiento-en-la-coyuntura-economica-actual\/","name":"CHARLA SOBRE OPORTUNIDADES DE FINANCIAMIENTO EN LA COYUNTURA ECON\u00d3MICA ACTUAL - PILT.com.ar","isPartOf":{"@id":"https:\/\/pilt.com.ar\/parque-industrial\/#website"},"primaryImageOfPage":{"@id":"https:\/\/pilt.com.ar\/parque-industrial\/charla-sobre-oportunidades-de-financiamiento-en-la-coyuntura-economica-actual\/#primaryimage"},"image":{"@id":"https:\/\/pilt.com.ar\/parque-industrial\/charla-sobre-oportunidades-de-financiamiento-en-la-coyuntura-economica-actual\/#primaryimage"},"thumbnailUrl":"https:\/\/i0.wp.com\/pilt.com.ar\/parque-industrial\/wp-content\/uploads\/2024\/07\/WhatsApp-Image-2024-07-04-at-15.29.44.jpeg?fit=1600%2C1200&ssl=1","datePublished":"2024-07-05T13:14:46+00:00","author":{"@id":"https:\/\/pilt.com.ar\/parque-industrial\/#\/schema\/person\/2dfb9e2464de1c3deef20c25c30a8306"},"inLanguage":"es","potentialAction":[{"@type":"ReadAction","target":["https:\/\/pilt.com.ar\/parque-industrial\/charla-sobre-oportunidades-de-financiamiento-en-la-coyuntura-economica-actual\/"]}]},{"@type":"ImageObject","inLanguage":"es","@id":"https:\/\/pilt.com.ar\/parque-industrial\/charla-sobre-oportunidades-de-financiamiento-en-la-coyuntura-economica-actual\/#primaryimage","url":"https:\/\/i0.wp.com\/pilt.com.ar\/parque-industrial\/wp-content\/uploads\/2024\/07\/WhatsApp-Image-2024-07-04-at-15.29.44.jpeg?fit=1600%2C1200&ssl=1","contentUrl":"https:\/\/i0.wp.com\/pilt.com.ar\/parque-industrial\/wp-content\/uploads\/2024\/07\/WhatsApp-Image-2024-07-04-at-15.29.44.jpeg?fit=1600%2C1200&ssl=1","width":1600,"height":1200},{"@type":"WebSite","@id":"https:\/\/pilt.com.ar\/parque-industrial\/#website","url":"https:\/\/pilt.com.ar\/parque-industrial\/","name":"PILT.com.ar","description":"Parque Industrial, Log\u00edstico y Tecnol\u00f3gico Villa Mar\u00eda","potentialAction":[{"@type":"SearchAction","target":{"@type":"EntryPoint","urlTemplate":"https:\/\/pilt.com.ar\/parque-industrial\/?s={search_term_string}"},"query-input":{"@type":"PropertyValueSpecification","valueRequired":true,"valueName":"search_term_string"}}],"inLanguage":"es"},{"@type":"Person","@id":"https:\/\/pilt.com.ar\/parque-industrial\/#\/schema\/person\/2dfb9e2464de1c3deef20c25c30a8306","name":"PILT","image":{"@type":"ImageObject","inLanguage":"es","@id":"https:\/\/secure.gravatar.com\/avatar\/5e3734c8d8c8e0b0d45f923c14a14d7b90521d573d02f0d91360a777095ee42b?s=96&d=mm&r=g","url":"https:\/\/secure.gravatar.com\/avatar\/5e3734c8d8c8e0b0d45f923c14a14d7b90521d573d02f0d91360a777095ee42b?s=96&d=mm&r=g","contentUrl":"https:\/\/secure.gravatar.com\/avatar\/5e3734c8d8c8e0b0d45f923c14a14d7b90521d573d02f0d91360a777095ee42b?s=96&d=mm&r=g","caption":"PILT"},"url":"https:\/\/pilt.com.ar\/parque-industrial\/author\/pilt\/"}]}},"jetpack_featured_media_url":"https:\/\/i0.wp.com\/pilt.com.ar\/parque-industrial\/wp-content\/uploads\/2024\/07\/WhatsApp-Image-2024-07-04-at-15.29.44.jpeg?fit=1600%2C1200&ssl=1","jetpack_sharing_enabled":true,"_links":{"self":[{"href":"https:\/\/pilt.com.ar\/parque-industrial\/wp-json\/wp\/v2\/posts\/3290","targetHints":{"allow":["GET"]}}],"collection":[{"href":"https:\/\/pilt.com.ar\/parque-industrial\/wp-json\/wp\/v2\/posts"}],"about":[{"href":"https:\/\/pilt.com.ar\/parque-industrial\/wp-json\/wp\/v2\/types\/post"}],"author":[{"embeddable":true,"href":"https:\/\/pilt.com.ar\/parque-industrial\/wp-json\/wp\/v2\/users\/3"}],"replies":[{"embeddable":true,"href":"https:\/\/pilt.com.ar\/parque-industrial\/wp-json\/wp\/v2\/comments?post=3290"}],"version-history":[{"count":1,"href":"https:\/\/pilt.com.ar\/parque-industrial\/wp-json\/wp\/v2\/posts\/3290\/revisions"}],"predecessor-version":[{"id":3292,"href":"https:\/\/pilt.com.ar\/parque-industrial\/wp-json\/wp\/v2\/posts\/3290\/revisions\/3292"}],"wp:featuredmedia":[{"embeddable":true,"href":"https:\/\/pilt.com.ar\/parque-industrial\/wp-json\/wp\/v2\/media\/3291"}],"wp:attachment":[{"href":"https:\/\/pilt.com.ar\/parque-industrial\/wp-json\/wp\/v2\/media?parent=3290"}],"wp:term":[{"taxonomy":"category","embeddable":true,"href":"https:\/\/pilt.com.ar\/parque-industrial\/wp-json\/wp\/v2\/categories?post=3290"},{"taxonomy":"post_tag","embeddable":true,"href":"https:\/\/pilt.com.ar\/parque-industrial\/wp-json\/wp\/v2\/tags?post=3290"}],"curies":[{"name":"wp","href":"https:\/\/api.w.org\/{rel}","templated":true}]}}