{"id":3287,"date":"2024-06-28T13:16:00","date_gmt":"2024-06-28T16:16:00","guid":{"rendered":"https:\/\/pilt.com.ar\/parque-industrial\/?p=3287"},"modified":"2024-06-28T13:16:01","modified_gmt":"2024-06-28T16:16:01","slug":"el-defensor-del-pueblo-estuvo-en-el-pilt","status":"publish","type":"post","link":"https:\/\/pilt.com.ar\/parque-industrial\/el-defensor-del-pueblo-estuvo-en-el-pilt\/","title":{"rendered":"EL DEFENSOR DEL PUEBLO ESTUVO EN EL PILT"},"content":{"rendered":"\n<p class=\"has-text-align-center\"><em>El funcionario mantuvo una reuni\u00f3n con el gerente del Ente, en donde departieron sobre los alcances de ambas organizaciones y las posibilidades de desarrollar tareas en conjunto.<\/em><\/p>\n\n\n\n<p class=\"has-text-align-justify\">En el marco del D\u00eda de la Micro, Peque\u00f1a y Mediana Empresa, el gerente del Parque Industrial, Log\u00edstico y Tecnol\u00f3gico Villa Mar\u00eda (PILT), Lic. Carlos Montoto Galiano, recibi\u00f3 la visita del Defensor del Pueblo de la ciudad, Rafael Sachetto, quien concurri\u00f3 con parte de su equipo de trabajo para interiorizarse sobre las actividades que se llevan a cabo en el Ente, y compartir las tareas que desarrollan en la dependencia a su cargo.<\/p>\n\n\n\n<p class=\"has-text-align-justify\">En ese sentido, conversaron sobre el alcance de esa \u00e1rea comunal, las diferentes funciones que tiene y los servicios que presta para encontrar alternativas de mediaci\u00f3n, con la finalidad de evitar que determinados conflictos se judicialicen. Tambi\u00e9n se analiz\u00f3 la posibilidad de realizar algunas tareas en conjunto, deteni\u00e9ndose particularmente en la necesidad de brindar informaci\u00f3n sobre las formas de proceder ante situaciones vinculadas a estafas a trav\u00e9s de dispositivos digitales, algo muy extendido en la actualidad.<\/p>\n\n\n\n<p class=\"has-text-align-justify\">Por otra parte, representantes de centros vecinales de los barrios Nicol\u00e1s Avellaneda y San Nicol\u00e1s, que forman parte del Centro de Gesti\u00f3n Comunitaria 1, estuvieron en el PILT. En la oportunidad, el gerente explic\u00f3 el funcionamiento de la entidad, las diversas tareas que se realizan y posteriormente hicieron un recorrido por el predio.<\/p>\n","protected":false},"excerpt":{"rendered":"<p>El funcionario mantuvo una reuni\u00f3n con el gerente del Ente, en donde departieron sobre los alcances de ambas organizaciones y las posibilidades de desarrollar tareas en conjunto. En el marco del D\u00eda de la Micro, Peque\u00f1a y Mediana Empresa, el gerente del Parque Industrial, Log\u00edstico y Tecnol\u00f3gico Villa Mar\u00eda (PILT), Lic. Carlos Montoto Galiano, recibi\u00f3 [&hellip;]<\/p>\n","protected":false},"author":3,"featured_media":3288,"comment_status":"open","ping_status":"open","sticky":false,"template":"","format":"standard","meta":{"_jetpack_memberships_contains_paid_content":false,"footnotes":""},"categories":[2],"tags":[],"class_list":["post-3287","post","type-post","status-publish","format-standard","has-post-thumbnail","hentry","category-noticias"],"yoast_head":"<!-- This site is optimized with the Yoast SEO plugin v27.5 - https:\/\/yoast.com\/product\/yoast-seo-wordpress\/ -->\n<title>EL DEFENSOR DEL PUEBLO ESTUVO EN EL PILT - PILT.com.ar<\/title>\n<meta name=\"robots\" content=\"index, follow, max-snippet:-1, max-image-preview:large, max-video-preview:-1\" \/>\n<link rel=\"canonical\" href=\"https:\/\/pilt.com.ar\/parque-industrial\/el-defensor-del-pueblo-estuvo-en-el-pilt\/\" \/>\n<meta property=\"og:locale\" content=\"es_ES\" \/>\n<meta property=\"og:type\" content=\"article\" \/>\n<meta property=\"og:title\" content=\"EL DEFENSOR DEL PUEBLO ESTUVO EN EL PILT - PILT.com.ar\" \/>\n<meta property=\"og:description\" content=\"El funcionario mantuvo una reuni\u00f3n con el gerente del Ente, en donde departieron sobre los alcances de ambas organizaciones y las posibilidades de desarrollar tareas en conjunto. En el marco del D\u00eda de la Micro, Peque\u00f1a y Mediana Empresa, el gerente del Parque Industrial, Log\u00edstico y Tecnol\u00f3gico Villa Mar\u00eda (PILT), Lic. Carlos Montoto Galiano, recibi\u00f3 [&hellip;]\" \/>\n<meta property=\"og:url\" content=\"https:\/\/pilt.com.ar\/parque-industrial\/el-defensor-del-pueblo-estuvo-en-el-pilt\/\" \/>\n<meta property=\"og:site_name\" content=\"PILT.com.ar\" \/>\n<meta property=\"article:published_time\" content=\"2024-06-28T16:16:00+00:00\" \/>\n<meta property=\"article:modified_time\" content=\"2024-06-28T16:16:01+00:00\" \/>\n<meta property=\"og:image\" content=\"https:\/\/i0.wp.com\/pilt.com.ar\/parque-industrial\/wp-content\/uploads\/2024\/06\/WhatsApp-Image-2024-06-28-at-12.34.24.jpeg?fit=1600%2C901&ssl=1\" \/>\n\t<meta property=\"og:image:width\" content=\"1600\" \/>\n\t<meta property=\"og:image:height\" content=\"901\" \/>\n\t<meta property=\"og:image:type\" content=\"image\/jpeg\" \/>\n<meta name=\"author\" content=\"PILT\" \/>\n<meta name=\"twitter:card\" content=\"summary_large_image\" \/>\n<meta name=\"twitter:label1\" content=\"Escrito por\" \/>\n\t<meta name=\"twitter:data1\" content=\"PILT\" \/>\n\t<meta name=\"twitter:label2\" content=\"Tiempo de lectura\" \/>\n\t<meta name=\"twitter:data2\" content=\"2 minutos\" \/>\n<script type=\"application\/ld+json\" class=\"yoast-schema-graph\">{\"@context\":\"https:\\\/\\\/schema.org\",\"@graph\":[{\"@type\":\"Article\",\"@id\":\"https:\\\/\\\/pilt.com.ar\\\/parque-industrial\\\/el-defensor-del-pueblo-estuvo-en-el-pilt\\\/#article\",\"isPartOf\":{\"@id\":\"https:\\\/\\\/pilt.com.ar\\\/parque-industrial\\\/el-defensor-del-pueblo-estuvo-en-el-pilt\\\/\"},\"author\":{\"name\":\"PILT\",\"@id\":\"https:\\\/\\\/pilt.com.ar\\\/parque-industrial\\\/#\\\/schema\\\/person\\\/2dfb9e2464de1c3deef20c25c30a8306\"},\"headline\":\"EL DEFENSOR DEL PUEBLO ESTUVO EN EL PILT\",\"datePublished\":\"2024-06-28T16:16:00+00:00\",\"dateModified\":\"2024-06-28T16:16:01+00:00\",\"mainEntityOfPage\":{\"@id\":\"https:\\\/\\\/pilt.com.ar\\\/parque-industrial\\\/el-defensor-del-pueblo-estuvo-en-el-pilt\\\/\"},\"wordCount\":250,\"commentCount\":0,\"image\":{\"@id\":\"https:\\\/\\\/pilt.com.ar\\\/parque-industrial\\\/el-defensor-del-pueblo-estuvo-en-el-pilt\\\/#primaryimage\"},\"thumbnailUrl\":\"https:\\\/\\\/i0.wp.com\\\/pilt.com.ar\\\/parque-industrial\\\/wp-content\\\/uploads\\\/2024\\\/06\\\/WhatsApp-Image-2024-06-28-at-12.34.24.jpeg?fit=1600%2C901&ssl=1\",\"articleSection\":[\"Noticias\"],\"inLanguage\":\"es\",\"potentialAction\":[{\"@type\":\"CommentAction\",\"name\":\"Comment\",\"target\":[\"https:\\\/\\\/pilt.com.ar\\\/parque-industrial\\\/el-defensor-del-pueblo-estuvo-en-el-pilt\\\/#respond\"]}]},{\"@type\":\"WebPage\",\"@id\":\"https:\\\/\\\/pilt.com.ar\\\/parque-industrial\\\/el-defensor-del-pueblo-estuvo-en-el-pilt\\\/\",\"url\":\"https:\\\/\\\/pilt.com.ar\\\/parque-industrial\\\/el-defensor-del-pueblo-estuvo-en-el-pilt\\\/\",\"name\":\"EL DEFENSOR DEL PUEBLO ESTUVO EN EL PILT - PILT.com.ar\",\"isPartOf\":{\"@id\":\"https:\\\/\\\/pilt.com.ar\\\/parque-industrial\\\/#website\"},\"primaryImageOfPage\":{\"@id\":\"https:\\\/\\\/pilt.com.ar\\\/parque-industrial\\\/el-defensor-del-pueblo-estuvo-en-el-pilt\\\/#primaryimage\"},\"image\":{\"@id\":\"https:\\\/\\\/pilt.com.ar\\\/parque-industrial\\\/el-defensor-del-pueblo-estuvo-en-el-pilt\\\/#primaryimage\"},\"thumbnailUrl\":\"https:\\\/\\\/i0.wp.com\\\/pilt.com.ar\\\/parque-industrial\\\/wp-content\\\/uploads\\\/2024\\\/06\\\/WhatsApp-Image-2024-06-28-at-12.34.24.jpeg?fit=1600%2C901&ssl=1\",\"datePublished\":\"2024-06-28T16:16:00+00:00\",\"dateModified\":\"2024-06-28T16:16:01+00:00\",\"author\":{\"@id\":\"https:\\\/\\\/pilt.com.ar\\\/parque-industrial\\\/#\\\/schema\\\/person\\\/2dfb9e2464de1c3deef20c25c30a8306\"},\"inLanguage\":\"es\",\"potentialAction\":[{\"@type\":\"ReadAction\",\"target\":[\"https:\\\/\\\/pilt.com.ar\\\/parque-industrial\\\/el-defensor-del-pueblo-estuvo-en-el-pilt\\\/\"]}]},{\"@type\":\"ImageObject\",\"inLanguage\":\"es\",\"@id\":\"https:\\\/\\\/pilt.com.ar\\\/parque-industrial\\\/el-defensor-del-pueblo-estuvo-en-el-pilt\\\/#primaryimage\",\"url\":\"https:\\\/\\\/i0.wp.com\\\/pilt.com.ar\\\/parque-industrial\\\/wp-content\\\/uploads\\\/2024\\\/06\\\/WhatsApp-Image-2024-06-28-at-12.34.24.jpeg?fit=1600%2C901&ssl=1\",\"contentUrl\":\"https:\\\/\\\/i0.wp.com\\\/pilt.com.ar\\\/parque-industrial\\\/wp-content\\\/uploads\\\/2024\\\/06\\\/WhatsApp-Image-2024-06-28-at-12.34.24.jpeg?fit=1600%2C901&ssl=1\",\"width\":1600,\"height\":901},{\"@type\":\"WebSite\",\"@id\":\"https:\\\/\\\/pilt.com.ar\\\/parque-industrial\\\/#website\",\"url\":\"https:\\\/\\\/pilt.com.ar\\\/parque-industrial\\\/\",\"name\":\"PILT.com.ar\",\"description\":\"Parque Industrial, Log\u00edstico y Tecnol\u00f3gico Villa Mar\u00eda\",\"potentialAction\":[{\"@type\":\"SearchAction\",\"target\":{\"@type\":\"EntryPoint\",\"urlTemplate\":\"https:\\\/\\\/pilt.com.ar\\\/parque-industrial\\\/?s={search_term_string}\"},\"query-input\":{\"@type\":\"PropertyValueSpecification\",\"valueRequired\":true,\"valueName\":\"search_term_string\"}}],\"inLanguage\":\"es\"},{\"@type\":\"Person\",\"@id\":\"https:\\\/\\\/pilt.com.ar\\\/parque-industrial\\\/#\\\/schema\\\/person\\\/2dfb9e2464de1c3deef20c25c30a8306\",\"name\":\"PILT\",\"image\":{\"@type\":\"ImageObject\",\"inLanguage\":\"es\",\"@id\":\"https:\\\/\\\/secure.gravatar.com\\\/avatar\\\/5e3734c8d8c8e0b0d45f923c14a14d7b90521d573d02f0d91360a777095ee42b?s=96&d=mm&r=g\",\"url\":\"https:\\\/\\\/secure.gravatar.com\\\/avatar\\\/5e3734c8d8c8e0b0d45f923c14a14d7b90521d573d02f0d91360a777095ee42b?s=96&d=mm&r=g\",\"contentUrl\":\"https:\\\/\\\/secure.gravatar.com\\\/avatar\\\/5e3734c8d8c8e0b0d45f923c14a14d7b90521d573d02f0d91360a777095ee42b?s=96&d=mm&r=g\",\"caption\":\"PILT\"},\"url\":\"https:\\\/\\\/pilt.com.ar\\\/parque-industrial\\\/author\\\/pilt\\\/\"}]}<\/script>\n<!-- \/ Yoast SEO plugin. -->","yoast_head_json":{"title":"EL DEFENSOR DEL PUEBLO ESTUVO EN EL PILT - PILT.com.ar","robots":{"index":"index","follow":"follow","max-snippet":"max-snippet:-1","max-image-preview":"max-image-preview:large","max-video-preview":"max-video-preview:-1"},"canonical":"https:\/\/pilt.com.ar\/parque-industrial\/el-defensor-del-pueblo-estuvo-en-el-pilt\/","og_locale":"es_ES","og_type":"article","og_title":"EL DEFENSOR DEL PUEBLO ESTUVO EN EL PILT - PILT.com.ar","og_description":"El funcionario mantuvo una reuni\u00f3n con el gerente del Ente, en donde departieron sobre los alcances de ambas organizaciones y las posibilidades de desarrollar tareas en conjunto. En el marco del D\u00eda de la Micro, Peque\u00f1a y Mediana Empresa, el gerente del Parque Industrial, Log\u00edstico y Tecnol\u00f3gico Villa Mar\u00eda (PILT), Lic. Carlos Montoto Galiano, recibi\u00f3 [&hellip;]","og_url":"https:\/\/pilt.com.ar\/parque-industrial\/el-defensor-del-pueblo-estuvo-en-el-pilt\/","og_site_name":"PILT.com.ar","article_published_time":"2024-06-28T16:16:00+00:00","article_modified_time":"2024-06-28T16:16:01+00:00","og_image":[{"width":1600,"height":901,"url":"https:\/\/i0.wp.com\/pilt.com.ar\/parque-industrial\/wp-content\/uploads\/2024\/06\/WhatsApp-Image-2024-06-28-at-12.34.24.jpeg?fit=1600%2C901&ssl=1","type":"image\/jpeg"}],"author":"PILT","twitter_card":"summary_large_image","twitter_misc":{"Escrito por":"PILT","Tiempo de lectura":"2 minutos"},"schema":{"@context":"https:\/\/schema.org","@graph":[{"@type":"Article","@id":"https:\/\/pilt.com.ar\/parque-industrial\/el-defensor-del-pueblo-estuvo-en-el-pilt\/#article","isPartOf":{"@id":"https:\/\/pilt.com.ar\/parque-industrial\/el-defensor-del-pueblo-estuvo-en-el-pilt\/"},"author":{"name":"PILT","@id":"https:\/\/pilt.com.ar\/parque-industrial\/#\/schema\/person\/2dfb9e2464de1c3deef20c25c30a8306"},"headline":"EL DEFENSOR DEL PUEBLO ESTUVO EN EL PILT","datePublished":"2024-06-28T16:16:00+00:00","dateModified":"2024-06-28T16:16:01+00:00","mainEntityOfPage":{"@id":"https:\/\/pilt.com.ar\/parque-industrial\/el-defensor-del-pueblo-estuvo-en-el-pilt\/"},"wordCount":250,"commentCount":0,"image":{"@id":"https:\/\/pilt.com.ar\/parque-industrial\/el-defensor-del-pueblo-estuvo-en-el-pilt\/#primaryimage"},"thumbnailUrl":"https:\/\/i0.wp.com\/pilt.com.ar\/parque-industrial\/wp-content\/uploads\/2024\/06\/WhatsApp-Image-2024-06-28-at-12.34.24.jpeg?fit=1600%2C901&ssl=1","articleSection":["Noticias"],"inLanguage":"es","potentialAction":[{"@type":"CommentAction","name":"Comment","target":["https:\/\/pilt.com.ar\/parque-industrial\/el-defensor-del-pueblo-estuvo-en-el-pilt\/#respond"]}]},{"@type":"WebPage","@id":"https:\/\/pilt.com.ar\/parque-industrial\/el-defensor-del-pueblo-estuvo-en-el-pilt\/","url":"https:\/\/pilt.com.ar\/parque-industrial\/el-defensor-del-pueblo-estuvo-en-el-pilt\/","name":"EL DEFENSOR DEL PUEBLO ESTUVO EN EL PILT - PILT.com.ar","isPartOf":{"@id":"https:\/\/pilt.com.ar\/parque-industrial\/#website"},"primaryImageOfPage":{"@id":"https:\/\/pilt.com.ar\/parque-industrial\/el-defensor-del-pueblo-estuvo-en-el-pilt\/#primaryimage"},"image":{"@id":"https:\/\/pilt.com.ar\/parque-industrial\/el-defensor-del-pueblo-estuvo-en-el-pilt\/#primaryimage"},"thumbnailUrl":"https:\/\/i0.wp.com\/pilt.com.ar\/parque-industrial\/wp-content\/uploads\/2024\/06\/WhatsApp-Image-2024-06-28-at-12.34.24.jpeg?fit=1600%2C901&ssl=1","datePublished":"2024-06-28T16:16:00+00:00","dateModified":"2024-06-28T16:16:01+00:00","author":{"@id":"https:\/\/pilt.com.ar\/parque-industrial\/#\/schema\/person\/2dfb9e2464de1c3deef20c25c30a8306"},"inLanguage":"es","potentialAction":[{"@type":"ReadAction","target":["https:\/\/pilt.com.ar\/parque-industrial\/el-defensor-del-pueblo-estuvo-en-el-pilt\/"]}]},{"@type":"ImageObject","inLanguage":"es","@id":"https:\/\/pilt.com.ar\/parque-industrial\/el-defensor-del-pueblo-estuvo-en-el-pilt\/#primaryimage","url":"https:\/\/i0.wp.com\/pilt.com.ar\/parque-industrial\/wp-content\/uploads\/2024\/06\/WhatsApp-Image-2024-06-28-at-12.34.24.jpeg?fit=1600%2C901&ssl=1","contentUrl":"https:\/\/i0.wp.com\/pilt.com.ar\/parque-industrial\/wp-content\/uploads\/2024\/06\/WhatsApp-Image-2024-06-28-at-12.34.24.jpeg?fit=1600%2C901&ssl=1","width":1600,"height":901},{"@type":"WebSite","@id":"https:\/\/pilt.com.ar\/parque-industrial\/#website","url":"https:\/\/pilt.com.ar\/parque-industrial\/","name":"PILT.com.ar","description":"Parque Industrial, Log\u00edstico y Tecnol\u00f3gico Villa Mar\u00eda","potentialAction":[{"@type":"SearchAction","target":{"@type":"EntryPoint","urlTemplate":"https:\/\/pilt.com.ar\/parque-industrial\/?s={search_term_string}"},"query-input":{"@type":"PropertyValueSpecification","valueRequired":true,"valueName":"search_term_string"}}],"inLanguage":"es"},{"@type":"Person","@id":"https:\/\/pilt.com.ar\/parque-industrial\/#\/schema\/person\/2dfb9e2464de1c3deef20c25c30a8306","name":"PILT","image":{"@type":"ImageObject","inLanguage":"es","@id":"https:\/\/secure.gravatar.com\/avatar\/5e3734c8d8c8e0b0d45f923c14a14d7b90521d573d02f0d91360a777095ee42b?s=96&d=mm&r=g","url":"https:\/\/secure.gravatar.com\/avatar\/5e3734c8d8c8e0b0d45f923c14a14d7b90521d573d02f0d91360a777095ee42b?s=96&d=mm&r=g","contentUrl":"https:\/\/secure.gravatar.com\/avatar\/5e3734c8d8c8e0b0d45f923c14a14d7b90521d573d02f0d91360a777095ee42b?s=96&d=mm&r=g","caption":"PILT"},"url":"https:\/\/pilt.com.ar\/parque-industrial\/author\/pilt\/"}]}},"jetpack_featured_media_url":"https:\/\/i0.wp.com\/pilt.com.ar\/parque-industrial\/wp-content\/uploads\/2024\/06\/WhatsApp-Image-2024-06-28-at-12.34.24.jpeg?fit=1600%2C901&ssl=1","jetpack_sharing_enabled":true,"_links":{"self":[{"href":"https:\/\/pilt.com.ar\/parque-industrial\/wp-json\/wp\/v2\/posts\/3287","targetHints":{"allow":["GET"]}}],"collection":[{"href":"https:\/\/pilt.com.ar\/parque-industrial\/wp-json\/wp\/v2\/posts"}],"about":[{"href":"https:\/\/pilt.com.ar\/parque-industrial\/wp-json\/wp\/v2\/types\/post"}],"author":[{"embeddable":true,"href":"https:\/\/pilt.com.ar\/parque-industrial\/wp-json\/wp\/v2\/users\/3"}],"replies":[{"embeddable":true,"href":"https:\/\/pilt.com.ar\/parque-industrial\/wp-json\/wp\/v2\/comments?post=3287"}],"version-history":[{"count":1,"href":"https:\/\/pilt.com.ar\/parque-industrial\/wp-json\/wp\/v2\/posts\/3287\/revisions"}],"predecessor-version":[{"id":3289,"href":"https:\/\/pilt.com.ar\/parque-industrial\/wp-json\/wp\/v2\/posts\/3287\/revisions\/3289"}],"wp:featuredmedia":[{"embeddable":true,"href":"https:\/\/pilt.com.ar\/parque-industrial\/wp-json\/wp\/v2\/media\/3288"}],"wp:attachment":[{"href":"https:\/\/pilt.com.ar\/parque-industrial\/wp-json\/wp\/v2\/media?parent=3287"}],"wp:term":[{"taxonomy":"category","embeddable":true,"href":"https:\/\/pilt.com.ar\/parque-industrial\/wp-json\/wp\/v2\/categories?post=3287"},{"taxonomy":"post_tag","embeddable":true,"href":"https:\/\/pilt.com.ar\/parque-industrial\/wp-json\/wp\/v2\/tags?post=3287"}],"curies":[{"name":"wp","href":"https:\/\/api.w.org\/{rel}","templated":true}]}}