{"id":3284,"date":"2024-06-19T14:13:29","date_gmt":"2024-06-19T17:13:29","guid":{"rendered":"https:\/\/pilt.com.ar\/parque-industrial\/?p=3284"},"modified":"2024-06-19T14:13:29","modified_gmt":"2024-06-19T17:13:29","slug":"distintas-instituciones-fueron-recibidas-en-el-pilt","status":"publish","type":"post","link":"https:\/\/pilt.com.ar\/parque-industrial\/distintas-instituciones-fueron-recibidas-en-el-pilt\/","title":{"rendered":"DISTINTAS INSTITUCIONES FUERON RECIBIDAS EN EL PILT"},"content":{"rendered":"\n<p class=\"has-text-align-center\"><em>En los \u00faltimos d\u00edas visitaron el Ente estudiantes de colegios de nivel medio de la ciudad y representantes de centros vecinales.<\/em><\/p>\n\n\n\n<p class=\"has-text-align-justify\">El Parque Industrial, Log\u00edstico y Tecnol\u00f3gico Villa Mar\u00eda (PILT) contin\u00faa recibiendo a diversas instituciones de la ciudad, que concurren para interiorizarse sobre las actividades que se realizan tanto en la Administraci\u00f3n como las empresas que lo conforman.<\/p>\n\n\n\n<p class=\"has-text-align-justify\">En ese sentido, estudiantes de dos divisiones de 5\u00b0 a\u00f1o de la Especialidad de Econom\u00eda y Administraci\u00f3n del Instituto Secundario Bernardino Rivadavia estuvieron en el predio, asistidos por las docentes Ana Espinosa, Veronica Toneatto, Marcela Zamparo y Mar\u00eda Eugenia Fuentes. Tambi\u00e9n lo hicieron estudiantes pertenecientes a la escuela ProA, orientada en Biotecnolog\u00eda, que funciona en el predio de la Universidad Nacional de Villa Mar\u00eda. Los profesores Daniel Segovia, Vanesa Gonz\u00e1lez y Soledad Rolando fueron los acompa\u00f1antes por parte de la entidad educativa.<\/p>\n\n\n\n<p class=\"has-text-align-justify\">Por otra parte, adem\u00e1s de las mencionadas instituciones, visitaron el PILT miembros de los centros vecinales de los barrios Los Olmos, Bello Horizonte, San Juan Bautista, San Justo, Campos del Este y Padre Mujica. Todos ellos forman parte del Municerca N\u00b0 5.<\/p>\n\n\n\n<p class=\"has-text-align-justify\">Vale mencionar que, como es habitual, quienes concurrieron fueron recibidos por el gerente del Ente, Lic. Carlos Montoto Galiano, quien en una primera instancia explic\u00f3 a los presentes las tareas que se llevan a cabo en la Administraci\u00f3n del predio y brind\u00f3 un panorama sobre las diversas empresas asociadas. Posteriormente, las delegaciones visitaron empresas para conocer los procesos productivos que realizan.<\/p>\n","protected":false},"excerpt":{"rendered":"<p>En los \u00faltimos d\u00edas visitaron el Ente estudiantes de colegios de nivel medio de la ciudad y representantes de centros vecinales. El Parque Industrial, Log\u00edstico y Tecnol\u00f3gico Villa Mar\u00eda (PILT) contin\u00faa recibiendo a diversas instituciones de la ciudad, que concurren para interiorizarse sobre las actividades que se realizan tanto en la Administraci\u00f3n como las empresas [&hellip;]<\/p>\n","protected":false},"author":3,"featured_media":3285,"comment_status":"open","ping_status":"open","sticky":false,"template":"","format":"standard","meta":{"_jetpack_memberships_contains_paid_content":false,"footnotes":""},"categories":[2],"tags":[],"class_list":["post-3284","post","type-post","status-publish","format-standard","has-post-thumbnail","hentry","category-noticias"],"yoast_head":"<!-- This site is optimized with the Yoast SEO plugin v27.5 - https:\/\/yoast.com\/product\/yoast-seo-wordpress\/ -->\n<title>DISTINTAS INSTITUCIONES FUERON RECIBIDAS EN EL PILT - PILT.com.ar<\/title>\n<meta name=\"robots\" content=\"index, follow, max-snippet:-1, max-image-preview:large, max-video-preview:-1\" \/>\n<link rel=\"canonical\" href=\"https:\/\/pilt.com.ar\/parque-industrial\/distintas-instituciones-fueron-recibidas-en-el-pilt\/\" \/>\n<meta property=\"og:locale\" content=\"es_ES\" \/>\n<meta property=\"og:type\" content=\"article\" \/>\n<meta property=\"og:title\" content=\"DISTINTAS INSTITUCIONES FUERON RECIBIDAS EN EL PILT - PILT.com.ar\" \/>\n<meta property=\"og:description\" content=\"En los \u00faltimos d\u00edas visitaron el Ente estudiantes de colegios de nivel medio de la ciudad y representantes de centros vecinales. El Parque Industrial, Log\u00edstico y Tecnol\u00f3gico Villa Mar\u00eda (PILT) contin\u00faa recibiendo a diversas instituciones de la ciudad, que concurren para interiorizarse sobre las actividades que se realizan tanto en la Administraci\u00f3n como las empresas [&hellip;]\" \/>\n<meta property=\"og:url\" content=\"https:\/\/pilt.com.ar\/parque-industrial\/distintas-instituciones-fueron-recibidas-en-el-pilt\/\" \/>\n<meta property=\"og:site_name\" content=\"PILT.com.ar\" \/>\n<meta property=\"article:published_time\" content=\"2024-06-19T17:13:29+00:00\" \/>\n<meta property=\"og:image\" content=\"https:\/\/i0.wp.com\/pilt.com.ar\/parque-industrial\/wp-content\/uploads\/2024\/06\/WhatsApp-Image-2024-06-11-at-12.20.48.jpeg?fit=1600%2C900&ssl=1\" \/>\n\t<meta property=\"og:image:width\" content=\"1600\" \/>\n\t<meta property=\"og:image:height\" content=\"900\" \/>\n\t<meta property=\"og:image:type\" content=\"image\/jpeg\" \/>\n<meta name=\"author\" content=\"PILT\" \/>\n<meta name=\"twitter:card\" content=\"summary_large_image\" \/>\n<meta name=\"twitter:label1\" content=\"Escrito por\" \/>\n\t<meta name=\"twitter:data1\" content=\"PILT\" \/>\n\t<meta name=\"twitter:label2\" content=\"Tiempo de lectura\" \/>\n\t<meta name=\"twitter:data2\" content=\"2 minutos\" \/>\n<script type=\"application\/ld+json\" class=\"yoast-schema-graph\">{\"@context\":\"https:\\\/\\\/schema.org\",\"@graph\":[{\"@type\":\"Article\",\"@id\":\"https:\\\/\\\/pilt.com.ar\\\/parque-industrial\\\/distintas-instituciones-fueron-recibidas-en-el-pilt\\\/#article\",\"isPartOf\":{\"@id\":\"https:\\\/\\\/pilt.com.ar\\\/parque-industrial\\\/distintas-instituciones-fueron-recibidas-en-el-pilt\\\/\"},\"author\":{\"name\":\"PILT\",\"@id\":\"https:\\\/\\\/pilt.com.ar\\\/parque-industrial\\\/#\\\/schema\\\/person\\\/2dfb9e2464de1c3deef20c25c30a8306\"},\"headline\":\"DISTINTAS INSTITUCIONES FUERON RECIBIDAS EN EL PILT\",\"datePublished\":\"2024-06-19T17:13:29+00:00\",\"mainEntityOfPage\":{\"@id\":\"https:\\\/\\\/pilt.com.ar\\\/parque-industrial\\\/distintas-instituciones-fueron-recibidas-en-el-pilt\\\/\"},\"wordCount\":265,\"commentCount\":0,\"image\":{\"@id\":\"https:\\\/\\\/pilt.com.ar\\\/parque-industrial\\\/distintas-instituciones-fueron-recibidas-en-el-pilt\\\/#primaryimage\"},\"thumbnailUrl\":\"https:\\\/\\\/i0.wp.com\\\/pilt.com.ar\\\/parque-industrial\\\/wp-content\\\/uploads\\\/2024\\\/06\\\/WhatsApp-Image-2024-06-11-at-12.20.48.jpeg?fit=1600%2C900&ssl=1\",\"articleSection\":[\"Noticias\"],\"inLanguage\":\"es\",\"potentialAction\":[{\"@type\":\"CommentAction\",\"name\":\"Comment\",\"target\":[\"https:\\\/\\\/pilt.com.ar\\\/parque-industrial\\\/distintas-instituciones-fueron-recibidas-en-el-pilt\\\/#respond\"]}]},{\"@type\":\"WebPage\",\"@id\":\"https:\\\/\\\/pilt.com.ar\\\/parque-industrial\\\/distintas-instituciones-fueron-recibidas-en-el-pilt\\\/\",\"url\":\"https:\\\/\\\/pilt.com.ar\\\/parque-industrial\\\/distintas-instituciones-fueron-recibidas-en-el-pilt\\\/\",\"name\":\"DISTINTAS INSTITUCIONES FUERON RECIBIDAS EN EL PILT - PILT.com.ar\",\"isPartOf\":{\"@id\":\"https:\\\/\\\/pilt.com.ar\\\/parque-industrial\\\/#website\"},\"primaryImageOfPage\":{\"@id\":\"https:\\\/\\\/pilt.com.ar\\\/parque-industrial\\\/distintas-instituciones-fueron-recibidas-en-el-pilt\\\/#primaryimage\"},\"image\":{\"@id\":\"https:\\\/\\\/pilt.com.ar\\\/parque-industrial\\\/distintas-instituciones-fueron-recibidas-en-el-pilt\\\/#primaryimage\"},\"thumbnailUrl\":\"https:\\\/\\\/i0.wp.com\\\/pilt.com.ar\\\/parque-industrial\\\/wp-content\\\/uploads\\\/2024\\\/06\\\/WhatsApp-Image-2024-06-11-at-12.20.48.jpeg?fit=1600%2C900&ssl=1\",\"datePublished\":\"2024-06-19T17:13:29+00:00\",\"author\":{\"@id\":\"https:\\\/\\\/pilt.com.ar\\\/parque-industrial\\\/#\\\/schema\\\/person\\\/2dfb9e2464de1c3deef20c25c30a8306\"},\"inLanguage\":\"es\",\"potentialAction\":[{\"@type\":\"ReadAction\",\"target\":[\"https:\\\/\\\/pilt.com.ar\\\/parque-industrial\\\/distintas-instituciones-fueron-recibidas-en-el-pilt\\\/\"]}]},{\"@type\":\"ImageObject\",\"inLanguage\":\"es\",\"@id\":\"https:\\\/\\\/pilt.com.ar\\\/parque-industrial\\\/distintas-instituciones-fueron-recibidas-en-el-pilt\\\/#primaryimage\",\"url\":\"https:\\\/\\\/i0.wp.com\\\/pilt.com.ar\\\/parque-industrial\\\/wp-content\\\/uploads\\\/2024\\\/06\\\/WhatsApp-Image-2024-06-11-at-12.20.48.jpeg?fit=1600%2C900&ssl=1\",\"contentUrl\":\"https:\\\/\\\/i0.wp.com\\\/pilt.com.ar\\\/parque-industrial\\\/wp-content\\\/uploads\\\/2024\\\/06\\\/WhatsApp-Image-2024-06-11-at-12.20.48.jpeg?fit=1600%2C900&ssl=1\",\"width\":1600,\"height\":900},{\"@type\":\"WebSite\",\"@id\":\"https:\\\/\\\/pilt.com.ar\\\/parque-industrial\\\/#website\",\"url\":\"https:\\\/\\\/pilt.com.ar\\\/parque-industrial\\\/\",\"name\":\"PILT.com.ar\",\"description\":\"Parque Industrial, Log\u00edstico y Tecnol\u00f3gico Villa Mar\u00eda\",\"potentialAction\":[{\"@type\":\"SearchAction\",\"target\":{\"@type\":\"EntryPoint\",\"urlTemplate\":\"https:\\\/\\\/pilt.com.ar\\\/parque-industrial\\\/?s={search_term_string}\"},\"query-input\":{\"@type\":\"PropertyValueSpecification\",\"valueRequired\":true,\"valueName\":\"search_term_string\"}}],\"inLanguage\":\"es\"},{\"@type\":\"Person\",\"@id\":\"https:\\\/\\\/pilt.com.ar\\\/parque-industrial\\\/#\\\/schema\\\/person\\\/2dfb9e2464de1c3deef20c25c30a8306\",\"name\":\"PILT\",\"image\":{\"@type\":\"ImageObject\",\"inLanguage\":\"es\",\"@id\":\"https:\\\/\\\/secure.gravatar.com\\\/avatar\\\/5e3734c8d8c8e0b0d45f923c14a14d7b90521d573d02f0d91360a777095ee42b?s=96&d=mm&r=g\",\"url\":\"https:\\\/\\\/secure.gravatar.com\\\/avatar\\\/5e3734c8d8c8e0b0d45f923c14a14d7b90521d573d02f0d91360a777095ee42b?s=96&d=mm&r=g\",\"contentUrl\":\"https:\\\/\\\/secure.gravatar.com\\\/avatar\\\/5e3734c8d8c8e0b0d45f923c14a14d7b90521d573d02f0d91360a777095ee42b?s=96&d=mm&r=g\",\"caption\":\"PILT\"},\"url\":\"https:\\\/\\\/pilt.com.ar\\\/parque-industrial\\\/author\\\/pilt\\\/\"}]}<\/script>\n<!-- \/ Yoast SEO plugin. -->","yoast_head_json":{"title":"DISTINTAS INSTITUCIONES FUERON RECIBIDAS EN EL PILT - PILT.com.ar","robots":{"index":"index","follow":"follow","max-snippet":"max-snippet:-1","max-image-preview":"max-image-preview:large","max-video-preview":"max-video-preview:-1"},"canonical":"https:\/\/pilt.com.ar\/parque-industrial\/distintas-instituciones-fueron-recibidas-en-el-pilt\/","og_locale":"es_ES","og_type":"article","og_title":"DISTINTAS INSTITUCIONES FUERON RECIBIDAS EN EL PILT - PILT.com.ar","og_description":"En los \u00faltimos d\u00edas visitaron el Ente estudiantes de colegios de nivel medio de la ciudad y representantes de centros vecinales. El Parque Industrial, Log\u00edstico y Tecnol\u00f3gico Villa Mar\u00eda (PILT) contin\u00faa recibiendo a diversas instituciones de la ciudad, que concurren para interiorizarse sobre las actividades que se realizan tanto en la Administraci\u00f3n como las empresas [&hellip;]","og_url":"https:\/\/pilt.com.ar\/parque-industrial\/distintas-instituciones-fueron-recibidas-en-el-pilt\/","og_site_name":"PILT.com.ar","article_published_time":"2024-06-19T17:13:29+00:00","og_image":[{"width":1600,"height":900,"url":"https:\/\/i0.wp.com\/pilt.com.ar\/parque-industrial\/wp-content\/uploads\/2024\/06\/WhatsApp-Image-2024-06-11-at-12.20.48.jpeg?fit=1600%2C900&ssl=1","type":"image\/jpeg"}],"author":"PILT","twitter_card":"summary_large_image","twitter_misc":{"Escrito por":"PILT","Tiempo de lectura":"2 minutos"},"schema":{"@context":"https:\/\/schema.org","@graph":[{"@type":"Article","@id":"https:\/\/pilt.com.ar\/parque-industrial\/distintas-instituciones-fueron-recibidas-en-el-pilt\/#article","isPartOf":{"@id":"https:\/\/pilt.com.ar\/parque-industrial\/distintas-instituciones-fueron-recibidas-en-el-pilt\/"},"author":{"name":"PILT","@id":"https:\/\/pilt.com.ar\/parque-industrial\/#\/schema\/person\/2dfb9e2464de1c3deef20c25c30a8306"},"headline":"DISTINTAS INSTITUCIONES FUERON RECIBIDAS EN EL PILT","datePublished":"2024-06-19T17:13:29+00:00","mainEntityOfPage":{"@id":"https:\/\/pilt.com.ar\/parque-industrial\/distintas-instituciones-fueron-recibidas-en-el-pilt\/"},"wordCount":265,"commentCount":0,"image":{"@id":"https:\/\/pilt.com.ar\/parque-industrial\/distintas-instituciones-fueron-recibidas-en-el-pilt\/#primaryimage"},"thumbnailUrl":"https:\/\/i0.wp.com\/pilt.com.ar\/parque-industrial\/wp-content\/uploads\/2024\/06\/WhatsApp-Image-2024-06-11-at-12.20.48.jpeg?fit=1600%2C900&ssl=1","articleSection":["Noticias"],"inLanguage":"es","potentialAction":[{"@type":"CommentAction","name":"Comment","target":["https:\/\/pilt.com.ar\/parque-industrial\/distintas-instituciones-fueron-recibidas-en-el-pilt\/#respond"]}]},{"@type":"WebPage","@id":"https:\/\/pilt.com.ar\/parque-industrial\/distintas-instituciones-fueron-recibidas-en-el-pilt\/","url":"https:\/\/pilt.com.ar\/parque-industrial\/distintas-instituciones-fueron-recibidas-en-el-pilt\/","name":"DISTINTAS INSTITUCIONES FUERON RECIBIDAS EN EL PILT - PILT.com.ar","isPartOf":{"@id":"https:\/\/pilt.com.ar\/parque-industrial\/#website"},"primaryImageOfPage":{"@id":"https:\/\/pilt.com.ar\/parque-industrial\/distintas-instituciones-fueron-recibidas-en-el-pilt\/#primaryimage"},"image":{"@id":"https:\/\/pilt.com.ar\/parque-industrial\/distintas-instituciones-fueron-recibidas-en-el-pilt\/#primaryimage"},"thumbnailUrl":"https:\/\/i0.wp.com\/pilt.com.ar\/parque-industrial\/wp-content\/uploads\/2024\/06\/WhatsApp-Image-2024-06-11-at-12.20.48.jpeg?fit=1600%2C900&ssl=1","datePublished":"2024-06-19T17:13:29+00:00","author":{"@id":"https:\/\/pilt.com.ar\/parque-industrial\/#\/schema\/person\/2dfb9e2464de1c3deef20c25c30a8306"},"inLanguage":"es","potentialAction":[{"@type":"ReadAction","target":["https:\/\/pilt.com.ar\/parque-industrial\/distintas-instituciones-fueron-recibidas-en-el-pilt\/"]}]},{"@type":"ImageObject","inLanguage":"es","@id":"https:\/\/pilt.com.ar\/parque-industrial\/distintas-instituciones-fueron-recibidas-en-el-pilt\/#primaryimage","url":"https:\/\/i0.wp.com\/pilt.com.ar\/parque-industrial\/wp-content\/uploads\/2024\/06\/WhatsApp-Image-2024-06-11-at-12.20.48.jpeg?fit=1600%2C900&ssl=1","contentUrl":"https:\/\/i0.wp.com\/pilt.com.ar\/parque-industrial\/wp-content\/uploads\/2024\/06\/WhatsApp-Image-2024-06-11-at-12.20.48.jpeg?fit=1600%2C900&ssl=1","width":1600,"height":900},{"@type":"WebSite","@id":"https:\/\/pilt.com.ar\/parque-industrial\/#website","url":"https:\/\/pilt.com.ar\/parque-industrial\/","name":"PILT.com.ar","description":"Parque Industrial, Log\u00edstico y Tecnol\u00f3gico Villa Mar\u00eda","potentialAction":[{"@type":"SearchAction","target":{"@type":"EntryPoint","urlTemplate":"https:\/\/pilt.com.ar\/parque-industrial\/?s={search_term_string}"},"query-input":{"@type":"PropertyValueSpecification","valueRequired":true,"valueName":"search_term_string"}}],"inLanguage":"es"},{"@type":"Person","@id":"https:\/\/pilt.com.ar\/parque-industrial\/#\/schema\/person\/2dfb9e2464de1c3deef20c25c30a8306","name":"PILT","image":{"@type":"ImageObject","inLanguage":"es","@id":"https:\/\/secure.gravatar.com\/avatar\/5e3734c8d8c8e0b0d45f923c14a14d7b90521d573d02f0d91360a777095ee42b?s=96&d=mm&r=g","url":"https:\/\/secure.gravatar.com\/avatar\/5e3734c8d8c8e0b0d45f923c14a14d7b90521d573d02f0d91360a777095ee42b?s=96&d=mm&r=g","contentUrl":"https:\/\/secure.gravatar.com\/avatar\/5e3734c8d8c8e0b0d45f923c14a14d7b90521d573d02f0d91360a777095ee42b?s=96&d=mm&r=g","caption":"PILT"},"url":"https:\/\/pilt.com.ar\/parque-industrial\/author\/pilt\/"}]}},"jetpack_featured_media_url":"https:\/\/i0.wp.com\/pilt.com.ar\/parque-industrial\/wp-content\/uploads\/2024\/06\/WhatsApp-Image-2024-06-11-at-12.20.48.jpeg?fit=1600%2C900&ssl=1","jetpack_sharing_enabled":true,"_links":{"self":[{"href":"https:\/\/pilt.com.ar\/parque-industrial\/wp-json\/wp\/v2\/posts\/3284","targetHints":{"allow":["GET"]}}],"collection":[{"href":"https:\/\/pilt.com.ar\/parque-industrial\/wp-json\/wp\/v2\/posts"}],"about":[{"href":"https:\/\/pilt.com.ar\/parque-industrial\/wp-json\/wp\/v2\/types\/post"}],"author":[{"embeddable":true,"href":"https:\/\/pilt.com.ar\/parque-industrial\/wp-json\/wp\/v2\/users\/3"}],"replies":[{"embeddable":true,"href":"https:\/\/pilt.com.ar\/parque-industrial\/wp-json\/wp\/v2\/comments?post=3284"}],"version-history":[{"count":1,"href":"https:\/\/pilt.com.ar\/parque-industrial\/wp-json\/wp\/v2\/posts\/3284\/revisions"}],"predecessor-version":[{"id":3286,"href":"https:\/\/pilt.com.ar\/parque-industrial\/wp-json\/wp\/v2\/posts\/3284\/revisions\/3286"}],"wp:featuredmedia":[{"embeddable":true,"href":"https:\/\/pilt.com.ar\/parque-industrial\/wp-json\/wp\/v2\/media\/3285"}],"wp:attachment":[{"href":"https:\/\/pilt.com.ar\/parque-industrial\/wp-json\/wp\/v2\/media?parent=3284"}],"wp:term":[{"taxonomy":"category","embeddable":true,"href":"https:\/\/pilt.com.ar\/parque-industrial\/wp-json\/wp\/v2\/categories?post=3284"},{"taxonomy":"post_tag","embeddable":true,"href":"https:\/\/pilt.com.ar\/parque-industrial\/wp-json\/wp\/v2\/tags?post=3284"}],"curies":[{"name":"wp","href":"https:\/\/api.w.org\/{rel}","templated":true}]}}