{"id":3281,"date":"2024-06-14T14:35:10","date_gmt":"2024-06-14T17:35:10","guid":{"rendered":"https:\/\/pilt.com.ar\/parque-industrial\/?p=3281"},"modified":"2024-06-14T14:35:11","modified_gmt":"2024-06-14T17:35:11","slug":"reunion-con-la-agencia-competitividad-cordoba","status":"publish","type":"post","link":"https:\/\/pilt.com.ar\/parque-industrial\/reunion-con-la-agencia-competitividad-cordoba\/","title":{"rendered":"REUNI\u00d3N CON LA AGENCIA COMPETITIVIDAD C\u00d3RDOBA"},"content":{"rendered":"\n<p><em>El PILT particip\u00f3 de un encuentro con la directora Ejecutiva de ese organismo p\u00fablico \u2013 privado, en donde se presentaron los programas que lleva adelante.<\/em><\/p>\n\n\n\n<p>En la sede de AERCA el gerente del Parque Industrial, Log\u00edstico y Tecnol\u00f3gico Villa Mar\u00eda (PILT), Lic. Carlos Montoto Galeano, particip\u00f3 de una reuni\u00f3n con la directora Ejecutiva de la Agencia Competitividad C\u00f3rdoba, Natalia Seiler, quien explic\u00f3 las iniciativas que desarrollan en la entidad.<\/p>\n\n\n\n<p>El encuentro, del que formaron parte distintos actores del ecosistema empresarial y emprendedor de la ciudad y regi\u00f3n, sirvi\u00f3 para avanzar en la vinculaci\u00f3n con la Agencia, que procura mediante distintos programas impulsar la competitividad de las organizaciones empresariales.<\/p>\n\n\n\n<p>Vale mencionar que la Agencia Competitividad C\u00f3rdoba es una sociedad de econom\u00eda mixta creada por Ley N\u00ba 10.879, mediante la cual el sector p\u00fablico, privado y acad\u00e9mico se conectan para trabajar articuladamente en el dise\u00f1o de pol\u00edticas p\u00fablicas que impacten en la competitividad del sistema productivo cordob\u00e9s. El organismo cuenta con dos programas: C\u00f3rdoba Cl\u00faster, implementada junto al sector privado y acad\u00e9mico, que tiene como objetivo incrementar la competitividad de las empresas y emprendimientos locales de todos los sectores productivos. Y el m\u00e1s reciente, TrACcionar C\u00f3rdoba<strong>,<\/strong>\u00a0que impulsa la sinergia entre grandes empresas destacadas (tractoras) con sus respectivas cadenas de valor, que incluye el \u00e1rea de proveedores, suministro y\/o log\u00edstica de peque\u00f1as y medianas empresas (traccionadas).\u00a0<\/p>\n","protected":false},"excerpt":{"rendered":"<p>El PILT particip\u00f3 de un encuentro con la directora Ejecutiva de ese organismo p\u00fablico \u2013 privado, en donde se presentaron los programas que lleva adelante. En la sede de AERCA el gerente del Parque Industrial, Log\u00edstico y Tecnol\u00f3gico Villa Mar\u00eda (PILT), Lic. Carlos Montoto Galeano, particip\u00f3 de una reuni\u00f3n con la directora Ejecutiva de la [&hellip;]<\/p>\n","protected":false},"author":4,"featured_media":3282,"comment_status":"open","ping_status":"open","sticky":false,"template":"","format":"standard","meta":{"_jetpack_memberships_contains_paid_content":false,"footnotes":""},"categories":[2],"tags":[],"class_list":["post-3281","post","type-post","status-publish","format-standard","has-post-thumbnail","hentry","category-noticias"],"yoast_head":"<!-- This site is optimized with the Yoast SEO plugin v27.5 - https:\/\/yoast.com\/product\/yoast-seo-wordpress\/ -->\n<title>REUNI\u00d3N CON LA AGENCIA COMPETITIVIDAD C\u00d3RDOBA - PILT.com.ar<\/title>\n<meta name=\"robots\" content=\"index, follow, max-snippet:-1, max-image-preview:large, max-video-preview:-1\" \/>\n<link rel=\"canonical\" href=\"https:\/\/pilt.com.ar\/parque-industrial\/reunion-con-la-agencia-competitividad-cordoba\/\" \/>\n<meta property=\"og:locale\" content=\"es_ES\" \/>\n<meta property=\"og:type\" content=\"article\" \/>\n<meta property=\"og:title\" content=\"REUNI\u00d3N CON LA AGENCIA COMPETITIVIDAD C\u00d3RDOBA - PILT.com.ar\" \/>\n<meta property=\"og:description\" content=\"El PILT particip\u00f3 de un encuentro con la directora Ejecutiva de ese organismo p\u00fablico \u2013 privado, en donde se presentaron los programas que lleva adelante. En la sede de AERCA el gerente del Parque Industrial, Log\u00edstico y Tecnol\u00f3gico Villa Mar\u00eda (PILT), Lic. Carlos Montoto Galeano, particip\u00f3 de una reuni\u00f3n con la directora Ejecutiva de la [&hellip;]\" \/>\n<meta property=\"og:url\" content=\"https:\/\/pilt.com.ar\/parque-industrial\/reunion-con-la-agencia-competitividad-cordoba\/\" \/>\n<meta property=\"og:site_name\" content=\"PILT.com.ar\" \/>\n<meta property=\"article:published_time\" content=\"2024-06-14T17:35:10+00:00\" \/>\n<meta property=\"article:modified_time\" content=\"2024-06-14T17:35:11+00:00\" \/>\n<meta property=\"og:image\" content=\"https:\/\/i0.wp.com\/pilt.com.ar\/parque-industrial\/wp-content\/uploads\/2024\/06\/foto-2.jpg?fit=717%2C508&ssl=1\" \/>\n\t<meta property=\"og:image:width\" content=\"717\" \/>\n\t<meta property=\"og:image:height\" content=\"508\" \/>\n\t<meta property=\"og:image:type\" content=\"image\/jpeg\" \/>\n<meta name=\"author\" content=\"Parque Industrial Villa Maria\" \/>\n<meta name=\"twitter:card\" content=\"summary_large_image\" \/>\n<meta name=\"twitter:label1\" content=\"Escrito por\" \/>\n\t<meta name=\"twitter:data1\" content=\"Parque Industrial Villa Maria\" \/>\n\t<meta name=\"twitter:label2\" content=\"Tiempo de lectura\" \/>\n\t<meta name=\"twitter:data2\" content=\"2 minutos\" \/>\n<script type=\"application\/ld+json\" class=\"yoast-schema-graph\">{\"@context\":\"https:\\\/\\\/schema.org\",\"@graph\":[{\"@type\":\"Article\",\"@id\":\"https:\\\/\\\/pilt.com.ar\\\/parque-industrial\\\/reunion-con-la-agencia-competitividad-cordoba\\\/#article\",\"isPartOf\":{\"@id\":\"https:\\\/\\\/pilt.com.ar\\\/parque-industrial\\\/reunion-con-la-agencia-competitividad-cordoba\\\/\"},\"author\":{\"name\":\"Parque Industrial Villa Maria\",\"@id\":\"https:\\\/\\\/pilt.com.ar\\\/parque-industrial\\\/#\\\/schema\\\/person\\\/97af6d67c1a0eb85782ad2e439e29b41\"},\"headline\":\"REUNI\u00d3N CON LA AGENCIA COMPETITIVIDAD C\u00d3RDOBA\",\"datePublished\":\"2024-06-14T17:35:10+00:00\",\"dateModified\":\"2024-06-14T17:35:11+00:00\",\"mainEntityOfPage\":{\"@id\":\"https:\\\/\\\/pilt.com.ar\\\/parque-industrial\\\/reunion-con-la-agencia-competitividad-cordoba\\\/\"},\"wordCount\":254,\"commentCount\":0,\"image\":{\"@id\":\"https:\\\/\\\/pilt.com.ar\\\/parque-industrial\\\/reunion-con-la-agencia-competitividad-cordoba\\\/#primaryimage\"},\"thumbnailUrl\":\"https:\\\/\\\/i0.wp.com\\\/pilt.com.ar\\\/parque-industrial\\\/wp-content\\\/uploads\\\/2024\\\/06\\\/foto-2.jpg?fit=717%2C508&ssl=1\",\"articleSection\":[\"Noticias\"],\"inLanguage\":\"es\",\"potentialAction\":[{\"@type\":\"CommentAction\",\"name\":\"Comment\",\"target\":[\"https:\\\/\\\/pilt.com.ar\\\/parque-industrial\\\/reunion-con-la-agencia-competitividad-cordoba\\\/#respond\"]}]},{\"@type\":\"WebPage\",\"@id\":\"https:\\\/\\\/pilt.com.ar\\\/parque-industrial\\\/reunion-con-la-agencia-competitividad-cordoba\\\/\",\"url\":\"https:\\\/\\\/pilt.com.ar\\\/parque-industrial\\\/reunion-con-la-agencia-competitividad-cordoba\\\/\",\"name\":\"REUNI\u00d3N CON LA AGENCIA COMPETITIVIDAD C\u00d3RDOBA - PILT.com.ar\",\"isPartOf\":{\"@id\":\"https:\\\/\\\/pilt.com.ar\\\/parque-industrial\\\/#website\"},\"primaryImageOfPage\":{\"@id\":\"https:\\\/\\\/pilt.com.ar\\\/parque-industrial\\\/reunion-con-la-agencia-competitividad-cordoba\\\/#primaryimage\"},\"image\":{\"@id\":\"https:\\\/\\\/pilt.com.ar\\\/parque-industrial\\\/reunion-con-la-agencia-competitividad-cordoba\\\/#primaryimage\"},\"thumbnailUrl\":\"https:\\\/\\\/i0.wp.com\\\/pilt.com.ar\\\/parque-industrial\\\/wp-content\\\/uploads\\\/2024\\\/06\\\/foto-2.jpg?fit=717%2C508&ssl=1\",\"datePublished\":\"2024-06-14T17:35:10+00:00\",\"dateModified\":\"2024-06-14T17:35:11+00:00\",\"author\":{\"@id\":\"https:\\\/\\\/pilt.com.ar\\\/parque-industrial\\\/#\\\/schema\\\/person\\\/97af6d67c1a0eb85782ad2e439e29b41\"},\"inLanguage\":\"es\",\"potentialAction\":[{\"@type\":\"ReadAction\",\"target\":[\"https:\\\/\\\/pilt.com.ar\\\/parque-industrial\\\/reunion-con-la-agencia-competitividad-cordoba\\\/\"]}]},{\"@type\":\"ImageObject\",\"inLanguage\":\"es\",\"@id\":\"https:\\\/\\\/pilt.com.ar\\\/parque-industrial\\\/reunion-con-la-agencia-competitividad-cordoba\\\/#primaryimage\",\"url\":\"https:\\\/\\\/i0.wp.com\\\/pilt.com.ar\\\/parque-industrial\\\/wp-content\\\/uploads\\\/2024\\\/06\\\/foto-2.jpg?fit=717%2C508&ssl=1\",\"contentUrl\":\"https:\\\/\\\/i0.wp.com\\\/pilt.com.ar\\\/parque-industrial\\\/wp-content\\\/uploads\\\/2024\\\/06\\\/foto-2.jpg?fit=717%2C508&ssl=1\",\"width\":717,\"height\":508},{\"@type\":\"WebSite\",\"@id\":\"https:\\\/\\\/pilt.com.ar\\\/parque-industrial\\\/#website\",\"url\":\"https:\\\/\\\/pilt.com.ar\\\/parque-industrial\\\/\",\"name\":\"PILT.com.ar\",\"description\":\"Parque Industrial, Log\u00edstico y Tecnol\u00f3gico Villa Mar\u00eda\",\"potentialAction\":[{\"@type\":\"SearchAction\",\"target\":{\"@type\":\"EntryPoint\",\"urlTemplate\":\"https:\\\/\\\/pilt.com.ar\\\/parque-industrial\\\/?s={search_term_string}\"},\"query-input\":{\"@type\":\"PropertyValueSpecification\",\"valueRequired\":true,\"valueName\":\"search_term_string\"}}],\"inLanguage\":\"es\"},{\"@type\":\"Person\",\"@id\":\"https:\\\/\\\/pilt.com.ar\\\/parque-industrial\\\/#\\\/schema\\\/person\\\/97af6d67c1a0eb85782ad2e439e29b41\",\"name\":\"Parque Industrial Villa Maria\",\"image\":{\"@type\":\"ImageObject\",\"inLanguage\":\"es\",\"@id\":\"https:\\\/\\\/secure.gravatar.com\\\/avatar\\\/aa6b236a85f5b231f19a07958c0bb61a128df42de269157a53304737730551ce?s=96&d=mm&r=g\",\"url\":\"https:\\\/\\\/secure.gravatar.com\\\/avatar\\\/aa6b236a85f5b231f19a07958c0bb61a128df42de269157a53304737730551ce?s=96&d=mm&r=g\",\"contentUrl\":\"https:\\\/\\\/secure.gravatar.com\\\/avatar\\\/aa6b236a85f5b231f19a07958c0bb61a128df42de269157a53304737730551ce?s=96&d=mm&r=g\",\"caption\":\"Parque Industrial Villa Maria\"},\"sameAs\":[\"https:\\\/\\\/pilt.com.ar\\\/\"],\"url\":\"https:\\\/\\\/pilt.com.ar\\\/parque-industrial\\\/author\\\/pilt2\\\/\"}]}<\/script>\n<!-- \/ Yoast SEO plugin. -->","yoast_head_json":{"title":"REUNI\u00d3N CON LA AGENCIA COMPETITIVIDAD C\u00d3RDOBA - PILT.com.ar","robots":{"index":"index","follow":"follow","max-snippet":"max-snippet:-1","max-image-preview":"max-image-preview:large","max-video-preview":"max-video-preview:-1"},"canonical":"https:\/\/pilt.com.ar\/parque-industrial\/reunion-con-la-agencia-competitividad-cordoba\/","og_locale":"es_ES","og_type":"article","og_title":"REUNI\u00d3N CON LA AGENCIA COMPETITIVIDAD C\u00d3RDOBA - PILT.com.ar","og_description":"El PILT particip\u00f3 de un encuentro con la directora Ejecutiva de ese organismo p\u00fablico \u2013 privado, en donde se presentaron los programas que lleva adelante. En la sede de AERCA el gerente del Parque Industrial, Log\u00edstico y Tecnol\u00f3gico Villa Mar\u00eda (PILT), Lic. Carlos Montoto Galeano, particip\u00f3 de una reuni\u00f3n con la directora Ejecutiva de la [&hellip;]","og_url":"https:\/\/pilt.com.ar\/parque-industrial\/reunion-con-la-agencia-competitividad-cordoba\/","og_site_name":"PILT.com.ar","article_published_time":"2024-06-14T17:35:10+00:00","article_modified_time":"2024-06-14T17:35:11+00:00","og_image":[{"width":717,"height":508,"url":"https:\/\/i0.wp.com\/pilt.com.ar\/parque-industrial\/wp-content\/uploads\/2024\/06\/foto-2.jpg?fit=717%2C508&ssl=1","type":"image\/jpeg"}],"author":"Parque Industrial Villa Maria","twitter_card":"summary_large_image","twitter_misc":{"Escrito por":"Parque Industrial Villa Maria","Tiempo de lectura":"2 minutos"},"schema":{"@context":"https:\/\/schema.org","@graph":[{"@type":"Article","@id":"https:\/\/pilt.com.ar\/parque-industrial\/reunion-con-la-agencia-competitividad-cordoba\/#article","isPartOf":{"@id":"https:\/\/pilt.com.ar\/parque-industrial\/reunion-con-la-agencia-competitividad-cordoba\/"},"author":{"name":"Parque Industrial Villa Maria","@id":"https:\/\/pilt.com.ar\/parque-industrial\/#\/schema\/person\/97af6d67c1a0eb85782ad2e439e29b41"},"headline":"REUNI\u00d3N CON LA AGENCIA COMPETITIVIDAD C\u00d3RDOBA","datePublished":"2024-06-14T17:35:10+00:00","dateModified":"2024-06-14T17:35:11+00:00","mainEntityOfPage":{"@id":"https:\/\/pilt.com.ar\/parque-industrial\/reunion-con-la-agencia-competitividad-cordoba\/"},"wordCount":254,"commentCount":0,"image":{"@id":"https:\/\/pilt.com.ar\/parque-industrial\/reunion-con-la-agencia-competitividad-cordoba\/#primaryimage"},"thumbnailUrl":"https:\/\/i0.wp.com\/pilt.com.ar\/parque-industrial\/wp-content\/uploads\/2024\/06\/foto-2.jpg?fit=717%2C508&ssl=1","articleSection":["Noticias"],"inLanguage":"es","potentialAction":[{"@type":"CommentAction","name":"Comment","target":["https:\/\/pilt.com.ar\/parque-industrial\/reunion-con-la-agencia-competitividad-cordoba\/#respond"]}]},{"@type":"WebPage","@id":"https:\/\/pilt.com.ar\/parque-industrial\/reunion-con-la-agencia-competitividad-cordoba\/","url":"https:\/\/pilt.com.ar\/parque-industrial\/reunion-con-la-agencia-competitividad-cordoba\/","name":"REUNI\u00d3N CON LA AGENCIA COMPETITIVIDAD C\u00d3RDOBA - PILT.com.ar","isPartOf":{"@id":"https:\/\/pilt.com.ar\/parque-industrial\/#website"},"primaryImageOfPage":{"@id":"https:\/\/pilt.com.ar\/parque-industrial\/reunion-con-la-agencia-competitividad-cordoba\/#primaryimage"},"image":{"@id":"https:\/\/pilt.com.ar\/parque-industrial\/reunion-con-la-agencia-competitividad-cordoba\/#primaryimage"},"thumbnailUrl":"https:\/\/i0.wp.com\/pilt.com.ar\/parque-industrial\/wp-content\/uploads\/2024\/06\/foto-2.jpg?fit=717%2C508&ssl=1","datePublished":"2024-06-14T17:35:10+00:00","dateModified":"2024-06-14T17:35:11+00:00","author":{"@id":"https:\/\/pilt.com.ar\/parque-industrial\/#\/schema\/person\/97af6d67c1a0eb85782ad2e439e29b41"},"inLanguage":"es","potentialAction":[{"@type":"ReadAction","target":["https:\/\/pilt.com.ar\/parque-industrial\/reunion-con-la-agencia-competitividad-cordoba\/"]}]},{"@type":"ImageObject","inLanguage":"es","@id":"https:\/\/pilt.com.ar\/parque-industrial\/reunion-con-la-agencia-competitividad-cordoba\/#primaryimage","url":"https:\/\/i0.wp.com\/pilt.com.ar\/parque-industrial\/wp-content\/uploads\/2024\/06\/foto-2.jpg?fit=717%2C508&ssl=1","contentUrl":"https:\/\/i0.wp.com\/pilt.com.ar\/parque-industrial\/wp-content\/uploads\/2024\/06\/foto-2.jpg?fit=717%2C508&ssl=1","width":717,"height":508},{"@type":"WebSite","@id":"https:\/\/pilt.com.ar\/parque-industrial\/#website","url":"https:\/\/pilt.com.ar\/parque-industrial\/","name":"PILT.com.ar","description":"Parque Industrial, Log\u00edstico y Tecnol\u00f3gico Villa Mar\u00eda","potentialAction":[{"@type":"SearchAction","target":{"@type":"EntryPoint","urlTemplate":"https:\/\/pilt.com.ar\/parque-industrial\/?s={search_term_string}"},"query-input":{"@type":"PropertyValueSpecification","valueRequired":true,"valueName":"search_term_string"}}],"inLanguage":"es"},{"@type":"Person","@id":"https:\/\/pilt.com.ar\/parque-industrial\/#\/schema\/person\/97af6d67c1a0eb85782ad2e439e29b41","name":"Parque Industrial Villa Maria","image":{"@type":"ImageObject","inLanguage":"es","@id":"https:\/\/secure.gravatar.com\/avatar\/aa6b236a85f5b231f19a07958c0bb61a128df42de269157a53304737730551ce?s=96&d=mm&r=g","url":"https:\/\/secure.gravatar.com\/avatar\/aa6b236a85f5b231f19a07958c0bb61a128df42de269157a53304737730551ce?s=96&d=mm&r=g","contentUrl":"https:\/\/secure.gravatar.com\/avatar\/aa6b236a85f5b231f19a07958c0bb61a128df42de269157a53304737730551ce?s=96&d=mm&r=g","caption":"Parque Industrial Villa Maria"},"sameAs":["https:\/\/pilt.com.ar\/"],"url":"https:\/\/pilt.com.ar\/parque-industrial\/author\/pilt2\/"}]}},"jetpack_featured_media_url":"https:\/\/i0.wp.com\/pilt.com.ar\/parque-industrial\/wp-content\/uploads\/2024\/06\/foto-2.jpg?fit=717%2C508&ssl=1","jetpack_sharing_enabled":true,"_links":{"self":[{"href":"https:\/\/pilt.com.ar\/parque-industrial\/wp-json\/wp\/v2\/posts\/3281","targetHints":{"allow":["GET"]}}],"collection":[{"href":"https:\/\/pilt.com.ar\/parque-industrial\/wp-json\/wp\/v2\/posts"}],"about":[{"href":"https:\/\/pilt.com.ar\/parque-industrial\/wp-json\/wp\/v2\/types\/post"}],"author":[{"embeddable":true,"href":"https:\/\/pilt.com.ar\/parque-industrial\/wp-json\/wp\/v2\/users\/4"}],"replies":[{"embeddable":true,"href":"https:\/\/pilt.com.ar\/parque-industrial\/wp-json\/wp\/v2\/comments?post=3281"}],"version-history":[{"count":1,"href":"https:\/\/pilt.com.ar\/parque-industrial\/wp-json\/wp\/v2\/posts\/3281\/revisions"}],"predecessor-version":[{"id":3283,"href":"https:\/\/pilt.com.ar\/parque-industrial\/wp-json\/wp\/v2\/posts\/3281\/revisions\/3283"}],"wp:featuredmedia":[{"embeddable":true,"href":"https:\/\/pilt.com.ar\/parque-industrial\/wp-json\/wp\/v2\/media\/3282"}],"wp:attachment":[{"href":"https:\/\/pilt.com.ar\/parque-industrial\/wp-json\/wp\/v2\/media?parent=3281"}],"wp:term":[{"taxonomy":"category","embeddable":true,"href":"https:\/\/pilt.com.ar\/parque-industrial\/wp-json\/wp\/v2\/categories?post=3281"},{"taxonomy":"post_tag","embeddable":true,"href":"https:\/\/pilt.com.ar\/parque-industrial\/wp-json\/wp\/v2\/tags?post=3281"}],"curies":[{"name":"wp","href":"https:\/\/api.w.org\/{rel}","templated":true}]}}