{"id":3277,"date":"2024-06-07T12:37:09","date_gmt":"2024-06-07T15:37:09","guid":{"rendered":"https:\/\/pilt.com.ar\/parque-industrial\/?p=3277"},"modified":"2024-06-07T12:37:10","modified_gmt":"2024-06-07T15:37:10","slug":"nueva-visita-de-representantes-vecinales-al-parque","status":"publish","type":"post","link":"https:\/\/pilt.com.ar\/parque-industrial\/nueva-visita-de-representantes-vecinales-al-parque\/","title":{"rendered":"NUEVA VISITA DE REPRESENTANTES VECINALES AL PARQUE"},"content":{"rendered":"\n<p class=\"has-text-align-center\"><em>En esta oportunidad concurrieron miembros de los centros vecinales de barrios San Mart\u00edn, Malvinas Argentinas y Lamadrid.<\/em><\/p>\n\n\n\n<p class=\"has-text-align-justify\">Continuando con la pol\u00edtica de relacionamiento con organizaciones y entidades de la ciudad, d\u00edas pasados concurri\u00f3 al Parque Industrial, Log\u00edstico y Tecnol\u00f3gico Villa Mar\u00eda (PILT) una delegaci\u00f3n de representantes de centros vecinales que conforman el Municerca N\u00b0 4, integrado por los barrios San Mart\u00edn, Malvinas Argentinas y Lamadrid.<\/p>\n\n\n\n<p class=\"has-text-align-justify\">Acompa\u00f1aron a los vecinalistas el secretario de Unidad Intendencia de la Municipalidad de Villa Mar\u00eda, Agust\u00edn Turletti Mino, y el asesor del Departamento Ejecutivo Municipal, a cargo de Participaci\u00f3n Vecinal, Daniel L\u00f3pez.<\/p>\n\n\n\n<p class=\"has-text-align-justify\">Los visitantes fueron recibidos por el gerente de PILT, Lic. Carlos Montoto Galiano, quien en primera instancia explic\u00f3 en el sal\u00f3n de usos m\u00faltiples de la entidad las acciones que se desarrollan desde el Parque en forma cotidiana, la infraestructura existente para potenciar al sector industrial, y los proyectos en los que se encuentra trabajando. Posteriormente, la delegaci\u00f3n recorri\u00f3 las instalaciones del predio, tomando contacto directo con las actividades que realizan las distintas empresas que lo conforman.<\/p>\n","protected":false},"excerpt":{"rendered":"<p>En esta oportunidad concurrieron miembros de los centros vecinales de barrios San Mart\u00edn, Malvinas Argentinas y Lamadrid. Continuando con la pol\u00edtica de relacionamiento con organizaciones y entidades de la ciudad, d\u00edas pasados concurri\u00f3 al Parque Industrial, Log\u00edstico y Tecnol\u00f3gico Villa Mar\u00eda (PILT) una delegaci\u00f3n de representantes de centros vecinales que conforman el Municerca N\u00b0 4, [&hellip;]<\/p>\n","protected":false},"author":3,"featured_media":3278,"comment_status":"open","ping_status":"open","sticky":false,"template":"","format":"standard","meta":{"_jetpack_memberships_contains_paid_content":false,"footnotes":""},"categories":[2],"tags":[],"class_list":["post-3277","post","type-post","status-publish","format-standard","has-post-thumbnail","hentry","category-noticias"],"yoast_head":"<!-- This site is optimized with the Yoast SEO plugin v27.5 - https:\/\/yoast.com\/product\/yoast-seo-wordpress\/ -->\n<title>NUEVA VISITA DE REPRESENTANTES VECINALES AL PARQUE - PILT.com.ar<\/title>\n<meta name=\"robots\" content=\"index, follow, max-snippet:-1, max-image-preview:large, max-video-preview:-1\" \/>\n<link rel=\"canonical\" href=\"https:\/\/pilt.com.ar\/parque-industrial\/nueva-visita-de-representantes-vecinales-al-parque\/\" \/>\n<meta property=\"og:locale\" content=\"es_ES\" \/>\n<meta property=\"og:type\" content=\"article\" \/>\n<meta property=\"og:title\" content=\"NUEVA VISITA DE REPRESENTANTES VECINALES AL PARQUE - PILT.com.ar\" \/>\n<meta property=\"og:description\" content=\"En esta oportunidad concurrieron miembros de los centros vecinales de barrios San Mart\u00edn, Malvinas Argentinas y Lamadrid. Continuando con la pol\u00edtica de relacionamiento con organizaciones y entidades de la ciudad, d\u00edas pasados concurri\u00f3 al Parque Industrial, Log\u00edstico y Tecnol\u00f3gico Villa Mar\u00eda (PILT) una delegaci\u00f3n de representantes de centros vecinales que conforman el Municerca N\u00b0 4, [&hellip;]\" \/>\n<meta property=\"og:url\" content=\"https:\/\/pilt.com.ar\/parque-industrial\/nueva-visita-de-representantes-vecinales-al-parque\/\" \/>\n<meta property=\"og:site_name\" content=\"PILT.com.ar\" \/>\n<meta property=\"article:published_time\" content=\"2024-06-07T15:37:09+00:00\" \/>\n<meta property=\"article:modified_time\" content=\"2024-06-07T15:37:10+00:00\" \/>\n<meta property=\"og:image\" content=\"https:\/\/i0.wp.com\/pilt.com.ar\/parque-industrial\/wp-content\/uploads\/2024\/06\/WhatsApp-Image-2024-06-07-at-09.41.41.jpeg?fit=1305%2C807&ssl=1\" \/>\n\t<meta property=\"og:image:width\" content=\"1305\" \/>\n\t<meta property=\"og:image:height\" content=\"807\" \/>\n\t<meta property=\"og:image:type\" content=\"image\/jpeg\" \/>\n<meta name=\"author\" content=\"PILT\" \/>\n<meta name=\"twitter:card\" content=\"summary_large_image\" \/>\n<meta name=\"twitter:label1\" content=\"Escrito por\" \/>\n\t<meta name=\"twitter:data1\" content=\"PILT\" \/>\n\t<meta name=\"twitter:label2\" content=\"Tiempo de lectura\" \/>\n\t<meta name=\"twitter:data2\" content=\"1 minuto\" \/>\n<script type=\"application\/ld+json\" class=\"yoast-schema-graph\">{\"@context\":\"https:\\\/\\\/schema.org\",\"@graph\":[{\"@type\":\"Article\",\"@id\":\"https:\\\/\\\/pilt.com.ar\\\/parque-industrial\\\/nueva-visita-de-representantes-vecinales-al-parque\\\/#article\",\"isPartOf\":{\"@id\":\"https:\\\/\\\/pilt.com.ar\\\/parque-industrial\\\/nueva-visita-de-representantes-vecinales-al-parque\\\/\"},\"author\":{\"name\":\"PILT\",\"@id\":\"https:\\\/\\\/pilt.com.ar\\\/parque-industrial\\\/#\\\/schema\\\/person\\\/2dfb9e2464de1c3deef20c25c30a8306\"},\"headline\":\"NUEVA VISITA DE REPRESENTANTES VECINALES AL PARQUE\",\"datePublished\":\"2024-06-07T15:37:09+00:00\",\"dateModified\":\"2024-06-07T15:37:10+00:00\",\"mainEntityOfPage\":{\"@id\":\"https:\\\/\\\/pilt.com.ar\\\/parque-industrial\\\/nueva-visita-de-representantes-vecinales-al-parque\\\/\"},\"wordCount\":196,\"commentCount\":0,\"image\":{\"@id\":\"https:\\\/\\\/pilt.com.ar\\\/parque-industrial\\\/nueva-visita-de-representantes-vecinales-al-parque\\\/#primaryimage\"},\"thumbnailUrl\":\"https:\\\/\\\/i0.wp.com\\\/pilt.com.ar\\\/parque-industrial\\\/wp-content\\\/uploads\\\/2024\\\/06\\\/WhatsApp-Image-2024-06-07-at-09.41.41.jpeg?fit=1305%2C807&ssl=1\",\"articleSection\":[\"Noticias\"],\"inLanguage\":\"es\",\"potentialAction\":[{\"@type\":\"CommentAction\",\"name\":\"Comment\",\"target\":[\"https:\\\/\\\/pilt.com.ar\\\/parque-industrial\\\/nueva-visita-de-representantes-vecinales-al-parque\\\/#respond\"]}]},{\"@type\":\"WebPage\",\"@id\":\"https:\\\/\\\/pilt.com.ar\\\/parque-industrial\\\/nueva-visita-de-representantes-vecinales-al-parque\\\/\",\"url\":\"https:\\\/\\\/pilt.com.ar\\\/parque-industrial\\\/nueva-visita-de-representantes-vecinales-al-parque\\\/\",\"name\":\"NUEVA VISITA DE REPRESENTANTES VECINALES AL PARQUE - PILT.com.ar\",\"isPartOf\":{\"@id\":\"https:\\\/\\\/pilt.com.ar\\\/parque-industrial\\\/#website\"},\"primaryImageOfPage\":{\"@id\":\"https:\\\/\\\/pilt.com.ar\\\/parque-industrial\\\/nueva-visita-de-representantes-vecinales-al-parque\\\/#primaryimage\"},\"image\":{\"@id\":\"https:\\\/\\\/pilt.com.ar\\\/parque-industrial\\\/nueva-visita-de-representantes-vecinales-al-parque\\\/#primaryimage\"},\"thumbnailUrl\":\"https:\\\/\\\/i0.wp.com\\\/pilt.com.ar\\\/parque-industrial\\\/wp-content\\\/uploads\\\/2024\\\/06\\\/WhatsApp-Image-2024-06-07-at-09.41.41.jpeg?fit=1305%2C807&ssl=1\",\"datePublished\":\"2024-06-07T15:37:09+00:00\",\"dateModified\":\"2024-06-07T15:37:10+00:00\",\"author\":{\"@id\":\"https:\\\/\\\/pilt.com.ar\\\/parque-industrial\\\/#\\\/schema\\\/person\\\/2dfb9e2464de1c3deef20c25c30a8306\"},\"inLanguage\":\"es\",\"potentialAction\":[{\"@type\":\"ReadAction\",\"target\":[\"https:\\\/\\\/pilt.com.ar\\\/parque-industrial\\\/nueva-visita-de-representantes-vecinales-al-parque\\\/\"]}]},{\"@type\":\"ImageObject\",\"inLanguage\":\"es\",\"@id\":\"https:\\\/\\\/pilt.com.ar\\\/parque-industrial\\\/nueva-visita-de-representantes-vecinales-al-parque\\\/#primaryimage\",\"url\":\"https:\\\/\\\/i0.wp.com\\\/pilt.com.ar\\\/parque-industrial\\\/wp-content\\\/uploads\\\/2024\\\/06\\\/WhatsApp-Image-2024-06-07-at-09.41.41.jpeg?fit=1305%2C807&ssl=1\",\"contentUrl\":\"https:\\\/\\\/i0.wp.com\\\/pilt.com.ar\\\/parque-industrial\\\/wp-content\\\/uploads\\\/2024\\\/06\\\/WhatsApp-Image-2024-06-07-at-09.41.41.jpeg?fit=1305%2C807&ssl=1\",\"width\":1305,\"height\":807},{\"@type\":\"WebSite\",\"@id\":\"https:\\\/\\\/pilt.com.ar\\\/parque-industrial\\\/#website\",\"url\":\"https:\\\/\\\/pilt.com.ar\\\/parque-industrial\\\/\",\"name\":\"PILT.com.ar\",\"description\":\"Parque Industrial, Log\u00edstico y Tecnol\u00f3gico Villa Mar\u00eda\",\"potentialAction\":[{\"@type\":\"SearchAction\",\"target\":{\"@type\":\"EntryPoint\",\"urlTemplate\":\"https:\\\/\\\/pilt.com.ar\\\/parque-industrial\\\/?s={search_term_string}\"},\"query-input\":{\"@type\":\"PropertyValueSpecification\",\"valueRequired\":true,\"valueName\":\"search_term_string\"}}],\"inLanguage\":\"es\"},{\"@type\":\"Person\",\"@id\":\"https:\\\/\\\/pilt.com.ar\\\/parque-industrial\\\/#\\\/schema\\\/person\\\/2dfb9e2464de1c3deef20c25c30a8306\",\"name\":\"PILT\",\"image\":{\"@type\":\"ImageObject\",\"inLanguage\":\"es\",\"@id\":\"https:\\\/\\\/secure.gravatar.com\\\/avatar\\\/5e3734c8d8c8e0b0d45f923c14a14d7b90521d573d02f0d91360a777095ee42b?s=96&d=mm&r=g\",\"url\":\"https:\\\/\\\/secure.gravatar.com\\\/avatar\\\/5e3734c8d8c8e0b0d45f923c14a14d7b90521d573d02f0d91360a777095ee42b?s=96&d=mm&r=g\",\"contentUrl\":\"https:\\\/\\\/secure.gravatar.com\\\/avatar\\\/5e3734c8d8c8e0b0d45f923c14a14d7b90521d573d02f0d91360a777095ee42b?s=96&d=mm&r=g\",\"caption\":\"PILT\"},\"url\":\"https:\\\/\\\/pilt.com.ar\\\/parque-industrial\\\/author\\\/pilt\\\/\"}]}<\/script>\n<!-- \/ Yoast SEO plugin. -->","yoast_head_json":{"title":"NUEVA VISITA DE REPRESENTANTES VECINALES AL PARQUE - PILT.com.ar","robots":{"index":"index","follow":"follow","max-snippet":"max-snippet:-1","max-image-preview":"max-image-preview:large","max-video-preview":"max-video-preview:-1"},"canonical":"https:\/\/pilt.com.ar\/parque-industrial\/nueva-visita-de-representantes-vecinales-al-parque\/","og_locale":"es_ES","og_type":"article","og_title":"NUEVA VISITA DE REPRESENTANTES VECINALES AL PARQUE - PILT.com.ar","og_description":"En esta oportunidad concurrieron miembros de los centros vecinales de barrios San Mart\u00edn, Malvinas Argentinas y Lamadrid. Continuando con la pol\u00edtica de relacionamiento con organizaciones y entidades de la ciudad, d\u00edas pasados concurri\u00f3 al Parque Industrial, Log\u00edstico y Tecnol\u00f3gico Villa Mar\u00eda (PILT) una delegaci\u00f3n de representantes de centros vecinales que conforman el Municerca N\u00b0 4, [&hellip;]","og_url":"https:\/\/pilt.com.ar\/parque-industrial\/nueva-visita-de-representantes-vecinales-al-parque\/","og_site_name":"PILT.com.ar","article_published_time":"2024-06-07T15:37:09+00:00","article_modified_time":"2024-06-07T15:37:10+00:00","og_image":[{"width":1305,"height":807,"url":"https:\/\/i0.wp.com\/pilt.com.ar\/parque-industrial\/wp-content\/uploads\/2024\/06\/WhatsApp-Image-2024-06-07-at-09.41.41.jpeg?fit=1305%2C807&ssl=1","type":"image\/jpeg"}],"author":"PILT","twitter_card":"summary_large_image","twitter_misc":{"Escrito por":"PILT","Tiempo de lectura":"1 minuto"},"schema":{"@context":"https:\/\/schema.org","@graph":[{"@type":"Article","@id":"https:\/\/pilt.com.ar\/parque-industrial\/nueva-visita-de-representantes-vecinales-al-parque\/#article","isPartOf":{"@id":"https:\/\/pilt.com.ar\/parque-industrial\/nueva-visita-de-representantes-vecinales-al-parque\/"},"author":{"name":"PILT","@id":"https:\/\/pilt.com.ar\/parque-industrial\/#\/schema\/person\/2dfb9e2464de1c3deef20c25c30a8306"},"headline":"NUEVA VISITA DE REPRESENTANTES VECINALES AL PARQUE","datePublished":"2024-06-07T15:37:09+00:00","dateModified":"2024-06-07T15:37:10+00:00","mainEntityOfPage":{"@id":"https:\/\/pilt.com.ar\/parque-industrial\/nueva-visita-de-representantes-vecinales-al-parque\/"},"wordCount":196,"commentCount":0,"image":{"@id":"https:\/\/pilt.com.ar\/parque-industrial\/nueva-visita-de-representantes-vecinales-al-parque\/#primaryimage"},"thumbnailUrl":"https:\/\/i0.wp.com\/pilt.com.ar\/parque-industrial\/wp-content\/uploads\/2024\/06\/WhatsApp-Image-2024-06-07-at-09.41.41.jpeg?fit=1305%2C807&ssl=1","articleSection":["Noticias"],"inLanguage":"es","potentialAction":[{"@type":"CommentAction","name":"Comment","target":["https:\/\/pilt.com.ar\/parque-industrial\/nueva-visita-de-representantes-vecinales-al-parque\/#respond"]}]},{"@type":"WebPage","@id":"https:\/\/pilt.com.ar\/parque-industrial\/nueva-visita-de-representantes-vecinales-al-parque\/","url":"https:\/\/pilt.com.ar\/parque-industrial\/nueva-visita-de-representantes-vecinales-al-parque\/","name":"NUEVA VISITA DE REPRESENTANTES VECINALES AL PARQUE - PILT.com.ar","isPartOf":{"@id":"https:\/\/pilt.com.ar\/parque-industrial\/#website"},"primaryImageOfPage":{"@id":"https:\/\/pilt.com.ar\/parque-industrial\/nueva-visita-de-representantes-vecinales-al-parque\/#primaryimage"},"image":{"@id":"https:\/\/pilt.com.ar\/parque-industrial\/nueva-visita-de-representantes-vecinales-al-parque\/#primaryimage"},"thumbnailUrl":"https:\/\/i0.wp.com\/pilt.com.ar\/parque-industrial\/wp-content\/uploads\/2024\/06\/WhatsApp-Image-2024-06-07-at-09.41.41.jpeg?fit=1305%2C807&ssl=1","datePublished":"2024-06-07T15:37:09+00:00","dateModified":"2024-06-07T15:37:10+00:00","author":{"@id":"https:\/\/pilt.com.ar\/parque-industrial\/#\/schema\/person\/2dfb9e2464de1c3deef20c25c30a8306"},"inLanguage":"es","potentialAction":[{"@type":"ReadAction","target":["https:\/\/pilt.com.ar\/parque-industrial\/nueva-visita-de-representantes-vecinales-al-parque\/"]}]},{"@type":"ImageObject","inLanguage":"es","@id":"https:\/\/pilt.com.ar\/parque-industrial\/nueva-visita-de-representantes-vecinales-al-parque\/#primaryimage","url":"https:\/\/i0.wp.com\/pilt.com.ar\/parque-industrial\/wp-content\/uploads\/2024\/06\/WhatsApp-Image-2024-06-07-at-09.41.41.jpeg?fit=1305%2C807&ssl=1","contentUrl":"https:\/\/i0.wp.com\/pilt.com.ar\/parque-industrial\/wp-content\/uploads\/2024\/06\/WhatsApp-Image-2024-06-07-at-09.41.41.jpeg?fit=1305%2C807&ssl=1","width":1305,"height":807},{"@type":"WebSite","@id":"https:\/\/pilt.com.ar\/parque-industrial\/#website","url":"https:\/\/pilt.com.ar\/parque-industrial\/","name":"PILT.com.ar","description":"Parque Industrial, Log\u00edstico y Tecnol\u00f3gico Villa Mar\u00eda","potentialAction":[{"@type":"SearchAction","target":{"@type":"EntryPoint","urlTemplate":"https:\/\/pilt.com.ar\/parque-industrial\/?s={search_term_string}"},"query-input":{"@type":"PropertyValueSpecification","valueRequired":true,"valueName":"search_term_string"}}],"inLanguage":"es"},{"@type":"Person","@id":"https:\/\/pilt.com.ar\/parque-industrial\/#\/schema\/person\/2dfb9e2464de1c3deef20c25c30a8306","name":"PILT","image":{"@type":"ImageObject","inLanguage":"es","@id":"https:\/\/secure.gravatar.com\/avatar\/5e3734c8d8c8e0b0d45f923c14a14d7b90521d573d02f0d91360a777095ee42b?s=96&d=mm&r=g","url":"https:\/\/secure.gravatar.com\/avatar\/5e3734c8d8c8e0b0d45f923c14a14d7b90521d573d02f0d91360a777095ee42b?s=96&d=mm&r=g","contentUrl":"https:\/\/secure.gravatar.com\/avatar\/5e3734c8d8c8e0b0d45f923c14a14d7b90521d573d02f0d91360a777095ee42b?s=96&d=mm&r=g","caption":"PILT"},"url":"https:\/\/pilt.com.ar\/parque-industrial\/author\/pilt\/"}]}},"jetpack_featured_media_url":"https:\/\/i0.wp.com\/pilt.com.ar\/parque-industrial\/wp-content\/uploads\/2024\/06\/WhatsApp-Image-2024-06-07-at-09.41.41.jpeg?fit=1305%2C807&ssl=1","jetpack_sharing_enabled":true,"_links":{"self":[{"href":"https:\/\/pilt.com.ar\/parque-industrial\/wp-json\/wp\/v2\/posts\/3277","targetHints":{"allow":["GET"]}}],"collection":[{"href":"https:\/\/pilt.com.ar\/parque-industrial\/wp-json\/wp\/v2\/posts"}],"about":[{"href":"https:\/\/pilt.com.ar\/parque-industrial\/wp-json\/wp\/v2\/types\/post"}],"author":[{"embeddable":true,"href":"https:\/\/pilt.com.ar\/parque-industrial\/wp-json\/wp\/v2\/users\/3"}],"replies":[{"embeddable":true,"href":"https:\/\/pilt.com.ar\/parque-industrial\/wp-json\/wp\/v2\/comments?post=3277"}],"version-history":[{"count":1,"href":"https:\/\/pilt.com.ar\/parque-industrial\/wp-json\/wp\/v2\/posts\/3277\/revisions"}],"predecessor-version":[{"id":3279,"href":"https:\/\/pilt.com.ar\/parque-industrial\/wp-json\/wp\/v2\/posts\/3277\/revisions\/3279"}],"wp:featuredmedia":[{"embeddable":true,"href":"https:\/\/pilt.com.ar\/parque-industrial\/wp-json\/wp\/v2\/media\/3278"}],"wp:attachment":[{"href":"https:\/\/pilt.com.ar\/parque-industrial\/wp-json\/wp\/v2\/media?parent=3277"}],"wp:term":[{"taxonomy":"category","embeddable":true,"href":"https:\/\/pilt.com.ar\/parque-industrial\/wp-json\/wp\/v2\/categories?post=3277"},{"taxonomy":"post_tag","embeddable":true,"href":"https:\/\/pilt.com.ar\/parque-industrial\/wp-json\/wp\/v2\/tags?post=3277"}],"curies":[{"name":"wp","href":"https:\/\/api.w.org\/{rel}","templated":true}]}}