{"id":3264,"date":"2024-05-23T15:39:09","date_gmt":"2024-05-23T18:39:09","guid":{"rendered":"https:\/\/pilt.com.ar\/parque-industrial\/?p=3264"},"modified":"2024-05-23T15:39:09","modified_gmt":"2024-05-23T18:39:09","slug":"el-pilt-entrego-banderas-a-escuela-proa","status":"publish","type":"post","link":"https:\/\/pilt.com.ar\/parque-industrial\/el-pilt-entrego-banderas-a-escuela-proa\/","title":{"rendered":"EL PILT ENTREG\u00d3 BANDERAS A ESCUELA PROA"},"content":{"rendered":"\n<p class=\"has-text-align-center\"><em><strong>El gerente del Ente llev\u00f3 a la instituci\u00f3n educativa emplazada en el predio de la UNVM banderas de flameo de Argentina y C\u00f3rdoba.<\/strong><\/em><\/p>\n\n\n\n<p class=\"has-text-align-justify\">El gerente del Parque Industrial, Log\u00edstico y Tecnol\u00f3gico Villa Mar\u00eda (PILT), Lic. Carlos Montoto Galiano, visit\u00f3 la Escuela ProA con orientaci\u00f3n en biotecnolog\u00eda que funciona en el predio de la Universidad Nacional de Villa Mar\u00eda, en donde entreg\u00f3 elementos solicitados por esa instituci\u00f3n educativa.<\/p>\n\n\n\n<p class=\"has-text-align-justify\">En ese sentido, el directivo aport\u00f3 banderas de flameo de Argentina y la Provincia de C\u00f3rdoba, junto a escarapelas, para que sean utilizadas en los actos patrios. A la vez, aprovech\u00f3 la ocasi\u00f3n para recorrer las instalaciones de la Escuela, inaugurada hace algo m\u00e1s de un a\u00f1o.<\/p>\n\n\n\n<p class=\"has-text-align-justify\">Vale mencionar que m\u00e1s all\u00e1 de los elementos entregados, Montoto Galiano dialog\u00f3 con las autoridades educativas sobre la posibilidad de realizar pasant\u00edas acad\u00e9micas en empresas del Parque vinculadas a la especialidad de la instituci\u00f3n. Por tal motivo, probablemente en la segunda parte del a\u00f1o pueda plantearse ese tipo de tareas conjuntas, a los fines de que los estudiantes cuenten con una experiencia en planta sumamente valiosa para su acercamiento a la vida laboral.&nbsp;<\/p>\n","protected":false},"excerpt":{"rendered":"<p>El gerente del Ente llev\u00f3 a la instituci\u00f3n educativa emplazada en el predio de la UNVM banderas de flameo de Argentina y C\u00f3rdoba. El gerente del Parque Industrial, Log\u00edstico y Tecnol\u00f3gico Villa Mar\u00eda (PILT), Lic. Carlos Montoto Galiano, visit\u00f3 la Escuela ProA con orientaci\u00f3n en biotecnolog\u00eda que funciona en el predio de la Universidad Nacional [&hellip;]<\/p>\n","protected":false},"author":3,"featured_media":3265,"comment_status":"open","ping_status":"open","sticky":false,"template":"","format":"standard","meta":{"_jetpack_memberships_contains_paid_content":false,"footnotes":""},"categories":[2],"tags":[],"class_list":["post-3264","post","type-post","status-publish","format-standard","has-post-thumbnail","hentry","category-noticias"],"yoast_head":"<!-- This site is optimized with the Yoast SEO plugin v27.5 - https:\/\/yoast.com\/product\/yoast-seo-wordpress\/ -->\n<title>EL PILT ENTREG\u00d3 BANDERAS A ESCUELA PROA - PILT.com.ar<\/title>\n<meta name=\"robots\" content=\"index, follow, max-snippet:-1, max-image-preview:large, max-video-preview:-1\" \/>\n<link rel=\"canonical\" href=\"https:\/\/pilt.com.ar\/parque-industrial\/el-pilt-entrego-banderas-a-escuela-proa\/\" \/>\n<meta property=\"og:locale\" content=\"es_ES\" \/>\n<meta property=\"og:type\" content=\"article\" \/>\n<meta property=\"og:title\" content=\"EL PILT ENTREG\u00d3 BANDERAS A ESCUELA PROA - PILT.com.ar\" \/>\n<meta property=\"og:description\" content=\"El gerente del Ente llev\u00f3 a la instituci\u00f3n educativa emplazada en el predio de la UNVM banderas de flameo de Argentina y C\u00f3rdoba. El gerente del Parque Industrial, Log\u00edstico y Tecnol\u00f3gico Villa Mar\u00eda (PILT), Lic. Carlos Montoto Galiano, visit\u00f3 la Escuela ProA con orientaci\u00f3n en biotecnolog\u00eda que funciona en el predio de la Universidad Nacional [&hellip;]\" \/>\n<meta property=\"og:url\" content=\"https:\/\/pilt.com.ar\/parque-industrial\/el-pilt-entrego-banderas-a-escuela-proa\/\" \/>\n<meta property=\"og:site_name\" content=\"PILT.com.ar\" \/>\n<meta property=\"article:published_time\" content=\"2024-05-23T18:39:09+00:00\" \/>\n<meta property=\"og:image\" content=\"https:\/\/i0.wp.com\/pilt.com.ar\/parque-industrial\/wp-content\/uploads\/2024\/05\/WhatsApp-Image-2024-05-23-at-10.09.19.jpeg?fit=1291%2C1008&ssl=1\" \/>\n\t<meta property=\"og:image:width\" content=\"1291\" \/>\n\t<meta property=\"og:image:height\" content=\"1008\" \/>\n\t<meta property=\"og:image:type\" content=\"image\/jpeg\" \/>\n<meta name=\"author\" content=\"PILT\" \/>\n<meta name=\"twitter:card\" content=\"summary_large_image\" \/>\n<meta name=\"twitter:label1\" content=\"Escrito por\" \/>\n\t<meta name=\"twitter:data1\" content=\"PILT\" \/>\n\t<meta name=\"twitter:label2\" content=\"Tiempo de lectura\" \/>\n\t<meta name=\"twitter:data2\" content=\"1 minuto\" \/>\n<script type=\"application\/ld+json\" class=\"yoast-schema-graph\">{\"@context\":\"https:\\\/\\\/schema.org\",\"@graph\":[{\"@type\":\"Article\",\"@id\":\"https:\\\/\\\/pilt.com.ar\\\/parque-industrial\\\/el-pilt-entrego-banderas-a-escuela-proa\\\/#article\",\"isPartOf\":{\"@id\":\"https:\\\/\\\/pilt.com.ar\\\/parque-industrial\\\/el-pilt-entrego-banderas-a-escuela-proa\\\/\"},\"author\":{\"name\":\"PILT\",\"@id\":\"https:\\\/\\\/pilt.com.ar\\\/parque-industrial\\\/#\\\/schema\\\/person\\\/2dfb9e2464de1c3deef20c25c30a8306\"},\"headline\":\"EL PILT ENTREG\u00d3 BANDERAS A ESCUELA PROA\",\"datePublished\":\"2024-05-23T18:39:09+00:00\",\"mainEntityOfPage\":{\"@id\":\"https:\\\/\\\/pilt.com.ar\\\/parque-industrial\\\/el-pilt-entrego-banderas-a-escuela-proa\\\/\"},\"wordCount\":213,\"commentCount\":0,\"image\":{\"@id\":\"https:\\\/\\\/pilt.com.ar\\\/parque-industrial\\\/el-pilt-entrego-banderas-a-escuela-proa\\\/#primaryimage\"},\"thumbnailUrl\":\"https:\\\/\\\/i0.wp.com\\\/pilt.com.ar\\\/parque-industrial\\\/wp-content\\\/uploads\\\/2024\\\/05\\\/WhatsApp-Image-2024-05-23-at-10.09.19.jpeg?fit=1291%2C1008&ssl=1\",\"articleSection\":[\"Noticias\"],\"inLanguage\":\"es\",\"potentialAction\":[{\"@type\":\"CommentAction\",\"name\":\"Comment\",\"target\":[\"https:\\\/\\\/pilt.com.ar\\\/parque-industrial\\\/el-pilt-entrego-banderas-a-escuela-proa\\\/#respond\"]}]},{\"@type\":\"WebPage\",\"@id\":\"https:\\\/\\\/pilt.com.ar\\\/parque-industrial\\\/el-pilt-entrego-banderas-a-escuela-proa\\\/\",\"url\":\"https:\\\/\\\/pilt.com.ar\\\/parque-industrial\\\/el-pilt-entrego-banderas-a-escuela-proa\\\/\",\"name\":\"EL PILT ENTREG\u00d3 BANDERAS A ESCUELA PROA - PILT.com.ar\",\"isPartOf\":{\"@id\":\"https:\\\/\\\/pilt.com.ar\\\/parque-industrial\\\/#website\"},\"primaryImageOfPage\":{\"@id\":\"https:\\\/\\\/pilt.com.ar\\\/parque-industrial\\\/el-pilt-entrego-banderas-a-escuela-proa\\\/#primaryimage\"},\"image\":{\"@id\":\"https:\\\/\\\/pilt.com.ar\\\/parque-industrial\\\/el-pilt-entrego-banderas-a-escuela-proa\\\/#primaryimage\"},\"thumbnailUrl\":\"https:\\\/\\\/i0.wp.com\\\/pilt.com.ar\\\/parque-industrial\\\/wp-content\\\/uploads\\\/2024\\\/05\\\/WhatsApp-Image-2024-05-23-at-10.09.19.jpeg?fit=1291%2C1008&ssl=1\",\"datePublished\":\"2024-05-23T18:39:09+00:00\",\"author\":{\"@id\":\"https:\\\/\\\/pilt.com.ar\\\/parque-industrial\\\/#\\\/schema\\\/person\\\/2dfb9e2464de1c3deef20c25c30a8306\"},\"inLanguage\":\"es\",\"potentialAction\":[{\"@type\":\"ReadAction\",\"target\":[\"https:\\\/\\\/pilt.com.ar\\\/parque-industrial\\\/el-pilt-entrego-banderas-a-escuela-proa\\\/\"]}]},{\"@type\":\"ImageObject\",\"inLanguage\":\"es\",\"@id\":\"https:\\\/\\\/pilt.com.ar\\\/parque-industrial\\\/el-pilt-entrego-banderas-a-escuela-proa\\\/#primaryimage\",\"url\":\"https:\\\/\\\/i0.wp.com\\\/pilt.com.ar\\\/parque-industrial\\\/wp-content\\\/uploads\\\/2024\\\/05\\\/WhatsApp-Image-2024-05-23-at-10.09.19.jpeg?fit=1291%2C1008&ssl=1\",\"contentUrl\":\"https:\\\/\\\/i0.wp.com\\\/pilt.com.ar\\\/parque-industrial\\\/wp-content\\\/uploads\\\/2024\\\/05\\\/WhatsApp-Image-2024-05-23-at-10.09.19.jpeg?fit=1291%2C1008&ssl=1\",\"width\":1291,\"height\":1008},{\"@type\":\"WebSite\",\"@id\":\"https:\\\/\\\/pilt.com.ar\\\/parque-industrial\\\/#website\",\"url\":\"https:\\\/\\\/pilt.com.ar\\\/parque-industrial\\\/\",\"name\":\"PILT.com.ar\",\"description\":\"Parque Industrial, Log\u00edstico y Tecnol\u00f3gico Villa Mar\u00eda\",\"potentialAction\":[{\"@type\":\"SearchAction\",\"target\":{\"@type\":\"EntryPoint\",\"urlTemplate\":\"https:\\\/\\\/pilt.com.ar\\\/parque-industrial\\\/?s={search_term_string}\"},\"query-input\":{\"@type\":\"PropertyValueSpecification\",\"valueRequired\":true,\"valueName\":\"search_term_string\"}}],\"inLanguage\":\"es\"},{\"@type\":\"Person\",\"@id\":\"https:\\\/\\\/pilt.com.ar\\\/parque-industrial\\\/#\\\/schema\\\/person\\\/2dfb9e2464de1c3deef20c25c30a8306\",\"name\":\"PILT\",\"image\":{\"@type\":\"ImageObject\",\"inLanguage\":\"es\",\"@id\":\"https:\\\/\\\/secure.gravatar.com\\\/avatar\\\/5e3734c8d8c8e0b0d45f923c14a14d7b90521d573d02f0d91360a777095ee42b?s=96&d=mm&r=g\",\"url\":\"https:\\\/\\\/secure.gravatar.com\\\/avatar\\\/5e3734c8d8c8e0b0d45f923c14a14d7b90521d573d02f0d91360a777095ee42b?s=96&d=mm&r=g\",\"contentUrl\":\"https:\\\/\\\/secure.gravatar.com\\\/avatar\\\/5e3734c8d8c8e0b0d45f923c14a14d7b90521d573d02f0d91360a777095ee42b?s=96&d=mm&r=g\",\"caption\":\"PILT\"},\"url\":\"https:\\\/\\\/pilt.com.ar\\\/parque-industrial\\\/author\\\/pilt\\\/\"}]}<\/script>\n<!-- \/ Yoast SEO plugin. -->","yoast_head_json":{"title":"EL PILT ENTREG\u00d3 BANDERAS A ESCUELA PROA - PILT.com.ar","robots":{"index":"index","follow":"follow","max-snippet":"max-snippet:-1","max-image-preview":"max-image-preview:large","max-video-preview":"max-video-preview:-1"},"canonical":"https:\/\/pilt.com.ar\/parque-industrial\/el-pilt-entrego-banderas-a-escuela-proa\/","og_locale":"es_ES","og_type":"article","og_title":"EL PILT ENTREG\u00d3 BANDERAS A ESCUELA PROA - PILT.com.ar","og_description":"El gerente del Ente llev\u00f3 a la instituci\u00f3n educativa emplazada en el predio de la UNVM banderas de flameo de Argentina y C\u00f3rdoba. El gerente del Parque Industrial, Log\u00edstico y Tecnol\u00f3gico Villa Mar\u00eda (PILT), Lic. Carlos Montoto Galiano, visit\u00f3 la Escuela ProA con orientaci\u00f3n en biotecnolog\u00eda que funciona en el predio de la Universidad Nacional [&hellip;]","og_url":"https:\/\/pilt.com.ar\/parque-industrial\/el-pilt-entrego-banderas-a-escuela-proa\/","og_site_name":"PILT.com.ar","article_published_time":"2024-05-23T18:39:09+00:00","og_image":[{"width":1291,"height":1008,"url":"https:\/\/i0.wp.com\/pilt.com.ar\/parque-industrial\/wp-content\/uploads\/2024\/05\/WhatsApp-Image-2024-05-23-at-10.09.19.jpeg?fit=1291%2C1008&ssl=1","type":"image\/jpeg"}],"author":"PILT","twitter_card":"summary_large_image","twitter_misc":{"Escrito por":"PILT","Tiempo de lectura":"1 minuto"},"schema":{"@context":"https:\/\/schema.org","@graph":[{"@type":"Article","@id":"https:\/\/pilt.com.ar\/parque-industrial\/el-pilt-entrego-banderas-a-escuela-proa\/#article","isPartOf":{"@id":"https:\/\/pilt.com.ar\/parque-industrial\/el-pilt-entrego-banderas-a-escuela-proa\/"},"author":{"name":"PILT","@id":"https:\/\/pilt.com.ar\/parque-industrial\/#\/schema\/person\/2dfb9e2464de1c3deef20c25c30a8306"},"headline":"EL PILT ENTREG\u00d3 BANDERAS A ESCUELA PROA","datePublished":"2024-05-23T18:39:09+00:00","mainEntityOfPage":{"@id":"https:\/\/pilt.com.ar\/parque-industrial\/el-pilt-entrego-banderas-a-escuela-proa\/"},"wordCount":213,"commentCount":0,"image":{"@id":"https:\/\/pilt.com.ar\/parque-industrial\/el-pilt-entrego-banderas-a-escuela-proa\/#primaryimage"},"thumbnailUrl":"https:\/\/i0.wp.com\/pilt.com.ar\/parque-industrial\/wp-content\/uploads\/2024\/05\/WhatsApp-Image-2024-05-23-at-10.09.19.jpeg?fit=1291%2C1008&ssl=1","articleSection":["Noticias"],"inLanguage":"es","potentialAction":[{"@type":"CommentAction","name":"Comment","target":["https:\/\/pilt.com.ar\/parque-industrial\/el-pilt-entrego-banderas-a-escuela-proa\/#respond"]}]},{"@type":"WebPage","@id":"https:\/\/pilt.com.ar\/parque-industrial\/el-pilt-entrego-banderas-a-escuela-proa\/","url":"https:\/\/pilt.com.ar\/parque-industrial\/el-pilt-entrego-banderas-a-escuela-proa\/","name":"EL PILT ENTREG\u00d3 BANDERAS A ESCUELA PROA - PILT.com.ar","isPartOf":{"@id":"https:\/\/pilt.com.ar\/parque-industrial\/#website"},"primaryImageOfPage":{"@id":"https:\/\/pilt.com.ar\/parque-industrial\/el-pilt-entrego-banderas-a-escuela-proa\/#primaryimage"},"image":{"@id":"https:\/\/pilt.com.ar\/parque-industrial\/el-pilt-entrego-banderas-a-escuela-proa\/#primaryimage"},"thumbnailUrl":"https:\/\/i0.wp.com\/pilt.com.ar\/parque-industrial\/wp-content\/uploads\/2024\/05\/WhatsApp-Image-2024-05-23-at-10.09.19.jpeg?fit=1291%2C1008&ssl=1","datePublished":"2024-05-23T18:39:09+00:00","author":{"@id":"https:\/\/pilt.com.ar\/parque-industrial\/#\/schema\/person\/2dfb9e2464de1c3deef20c25c30a8306"},"inLanguage":"es","potentialAction":[{"@type":"ReadAction","target":["https:\/\/pilt.com.ar\/parque-industrial\/el-pilt-entrego-banderas-a-escuela-proa\/"]}]},{"@type":"ImageObject","inLanguage":"es","@id":"https:\/\/pilt.com.ar\/parque-industrial\/el-pilt-entrego-banderas-a-escuela-proa\/#primaryimage","url":"https:\/\/i0.wp.com\/pilt.com.ar\/parque-industrial\/wp-content\/uploads\/2024\/05\/WhatsApp-Image-2024-05-23-at-10.09.19.jpeg?fit=1291%2C1008&ssl=1","contentUrl":"https:\/\/i0.wp.com\/pilt.com.ar\/parque-industrial\/wp-content\/uploads\/2024\/05\/WhatsApp-Image-2024-05-23-at-10.09.19.jpeg?fit=1291%2C1008&ssl=1","width":1291,"height":1008},{"@type":"WebSite","@id":"https:\/\/pilt.com.ar\/parque-industrial\/#website","url":"https:\/\/pilt.com.ar\/parque-industrial\/","name":"PILT.com.ar","description":"Parque Industrial, Log\u00edstico y Tecnol\u00f3gico Villa Mar\u00eda","potentialAction":[{"@type":"SearchAction","target":{"@type":"EntryPoint","urlTemplate":"https:\/\/pilt.com.ar\/parque-industrial\/?s={search_term_string}"},"query-input":{"@type":"PropertyValueSpecification","valueRequired":true,"valueName":"search_term_string"}}],"inLanguage":"es"},{"@type":"Person","@id":"https:\/\/pilt.com.ar\/parque-industrial\/#\/schema\/person\/2dfb9e2464de1c3deef20c25c30a8306","name":"PILT","image":{"@type":"ImageObject","inLanguage":"es","@id":"https:\/\/secure.gravatar.com\/avatar\/5e3734c8d8c8e0b0d45f923c14a14d7b90521d573d02f0d91360a777095ee42b?s=96&d=mm&r=g","url":"https:\/\/secure.gravatar.com\/avatar\/5e3734c8d8c8e0b0d45f923c14a14d7b90521d573d02f0d91360a777095ee42b?s=96&d=mm&r=g","contentUrl":"https:\/\/secure.gravatar.com\/avatar\/5e3734c8d8c8e0b0d45f923c14a14d7b90521d573d02f0d91360a777095ee42b?s=96&d=mm&r=g","caption":"PILT"},"url":"https:\/\/pilt.com.ar\/parque-industrial\/author\/pilt\/"}]}},"jetpack_featured_media_url":"https:\/\/i0.wp.com\/pilt.com.ar\/parque-industrial\/wp-content\/uploads\/2024\/05\/WhatsApp-Image-2024-05-23-at-10.09.19.jpeg?fit=1291%2C1008&ssl=1","jetpack_sharing_enabled":true,"_links":{"self":[{"href":"https:\/\/pilt.com.ar\/parque-industrial\/wp-json\/wp\/v2\/posts\/3264","targetHints":{"allow":["GET"]}}],"collection":[{"href":"https:\/\/pilt.com.ar\/parque-industrial\/wp-json\/wp\/v2\/posts"}],"about":[{"href":"https:\/\/pilt.com.ar\/parque-industrial\/wp-json\/wp\/v2\/types\/post"}],"author":[{"embeddable":true,"href":"https:\/\/pilt.com.ar\/parque-industrial\/wp-json\/wp\/v2\/users\/3"}],"replies":[{"embeddable":true,"href":"https:\/\/pilt.com.ar\/parque-industrial\/wp-json\/wp\/v2\/comments?post=3264"}],"version-history":[{"count":1,"href":"https:\/\/pilt.com.ar\/parque-industrial\/wp-json\/wp\/v2\/posts\/3264\/revisions"}],"predecessor-version":[{"id":3266,"href":"https:\/\/pilt.com.ar\/parque-industrial\/wp-json\/wp\/v2\/posts\/3264\/revisions\/3266"}],"wp:featuredmedia":[{"embeddable":true,"href":"https:\/\/pilt.com.ar\/parque-industrial\/wp-json\/wp\/v2\/media\/3265"}],"wp:attachment":[{"href":"https:\/\/pilt.com.ar\/parque-industrial\/wp-json\/wp\/v2\/media?parent=3264"}],"wp:term":[{"taxonomy":"category","embeddable":true,"href":"https:\/\/pilt.com.ar\/parque-industrial\/wp-json\/wp\/v2\/categories?post=3264"},{"taxonomy":"post_tag","embeddable":true,"href":"https:\/\/pilt.com.ar\/parque-industrial\/wp-json\/wp\/v2\/tags?post=3264"}],"curies":[{"name":"wp","href":"https:\/\/api.w.org\/{rel}","templated":true}]}}