{"id":3257,"date":"2024-05-09T15:43:40","date_gmt":"2024-05-09T18:43:40","guid":{"rendered":"https:\/\/pilt.com.ar\/parque-industrial\/?p=3257"},"modified":"2024-05-09T15:43:41","modified_gmt":"2024-05-09T18:43:41","slug":"vecinalistas-y-representantes-de-instituciones-intermedias-visitaron-el-pilt","status":"publish","type":"post","link":"https:\/\/pilt.com.ar\/parque-industrial\/vecinalistas-y-representantes-de-instituciones-intermedias-visitaron-el-pilt\/","title":{"rendered":"VECINALISTAS Y REPRESENTANTES DE INSTITUCIONES INTERMEDIAS VISITARON EL PILT"},"content":{"rendered":"\n<p class=\"has-text-align-center\"><em>La comitiva, que cont\u00f3 con el acompa\u00f1amiento de funcionarios municipales, se interioriz\u00f3 sobre las actividades que realiza el Parque y los proyectos que se llevan adelante.<\/em><\/p>\n\n\n\n<p class=\"has-text-align-justify\">En el marco de una iniciativa tendiente a mostrar a instituciones de la ciudad las tareas que se efect\u00faan en el Parque Industrial, Log\u00edstico y Tecnol\u00f3gico Villa Mar\u00eda (PILT), d\u00edas pasados concurri\u00f3 al Ente una comitiva de vecinalistas y miembros de distintas organizaciones sociales.<\/p>\n\n\n\n<p class=\"has-text-align-justify\">Estuvieron presentes los titulares de los centros vecinales de barrio Mariano Moreno y La Calera, Eduardo Broggi y Viviana Jordan, respectivamente; integrantes de esas entidades y representantes de cooperativas, merenderos e iglesias (entre otras instituciones) enmarcadas en el Municerca N\u00b01. Acompa\u00f1aron a la delegaci\u00f3n el presidente del Concejo Deliberante de la ciudad, Juan Pablo Inglese; el secretario de la Unidad Intendencia, Agust\u00edn Turletti Mino; el asesor del Departamento Ejecutivo Municipal a cargo de Participaci\u00f3n Vecinal, Daniel L\u00f3pez, y la coordinadora del Municerca N\u00b0 1, Roxana Inglese. Fueron recibidos por el gerente del PILT, Lic. Carlos Montoto Galiano.<\/p>\n\n\n\n<p class=\"has-text-align-justify\">En la oportunidad, el gerente les explic\u00f3 a los visitantes las actividades que ejecuta la Administraci\u00f3n del Ente, la infraestructura que dispone el predio para impulsar el desarrollo industrial, como as\u00ed tambi\u00e9n los temas en los que se est\u00e1 trabajando en la actualidad. A la vez, coment\u00f3 las tareas que llevan a cabo las empresas emplazadas en el predio. Seguidamente, se abri\u00f3 un espacio de intercambio para responder a las consultas de los presentes.<\/p>\n\n\n\n<p class=\"has-text-align-justify\">Cabe mencionar que en las pr\u00f3ximas semanas el PILT continuar\u00e1 llevando a cabo ese tipo de reuniones para profundizar su vinculaci\u00f3n con diferentes organizaciones de la ciudad.<\/p>\n\n\n\n<p><strong>\u00a0<\/strong><\/p>\n\n\n\n<p><\/p>\n","protected":false},"excerpt":{"rendered":"<p>La comitiva, que cont\u00f3 con el acompa\u00f1amiento de funcionarios municipales, se interioriz\u00f3 sobre las actividades que realiza el Parque y los proyectos que se llevan adelante. En el marco de una iniciativa tendiente a mostrar a instituciones de la ciudad las tareas que se efect\u00faan en el Parque Industrial, Log\u00edstico y Tecnol\u00f3gico Villa Mar\u00eda (PILT), [&hellip;]<\/p>\n","protected":false},"author":3,"featured_media":3258,"comment_status":"open","ping_status":"open","sticky":false,"template":"","format":"standard","meta":{"_jetpack_memberships_contains_paid_content":false,"footnotes":""},"categories":[2],"tags":[],"class_list":["post-3257","post","type-post","status-publish","format-standard","has-post-thumbnail","hentry","category-noticias"],"yoast_head":"<!-- This site is optimized with the Yoast SEO plugin v27.5 - https:\/\/yoast.com\/product\/yoast-seo-wordpress\/ -->\n<title>VECINALISTAS Y REPRESENTANTES DE INSTITUCIONES INTERMEDIAS VISITARON EL PILT - PILT.com.ar<\/title>\n<meta name=\"robots\" content=\"index, follow, max-snippet:-1, max-image-preview:large, max-video-preview:-1\" \/>\n<link rel=\"canonical\" href=\"https:\/\/pilt.com.ar\/parque-industrial\/vecinalistas-y-representantes-de-instituciones-intermedias-visitaron-el-pilt\/\" \/>\n<meta property=\"og:locale\" content=\"es_ES\" \/>\n<meta property=\"og:type\" content=\"article\" \/>\n<meta property=\"og:title\" content=\"VECINALISTAS Y REPRESENTANTES DE INSTITUCIONES INTERMEDIAS VISITARON EL PILT - PILT.com.ar\" \/>\n<meta property=\"og:description\" content=\"La comitiva, que cont\u00f3 con el acompa\u00f1amiento de funcionarios municipales, se interioriz\u00f3 sobre las actividades que realiza el Parque y los proyectos que se llevan adelante. En el marco de una iniciativa tendiente a mostrar a instituciones de la ciudad las tareas que se efect\u00faan en el Parque Industrial, Log\u00edstico y Tecnol\u00f3gico Villa Mar\u00eda (PILT), [&hellip;]\" \/>\n<meta property=\"og:url\" content=\"https:\/\/pilt.com.ar\/parque-industrial\/vecinalistas-y-representantes-de-instituciones-intermedias-visitaron-el-pilt\/\" \/>\n<meta property=\"og:site_name\" content=\"PILT.com.ar\" \/>\n<meta property=\"article:published_time\" content=\"2024-05-09T18:43:40+00:00\" \/>\n<meta property=\"article:modified_time\" content=\"2024-05-09T18:43:41+00:00\" \/>\n<meta property=\"og:image\" content=\"https:\/\/i0.wp.com\/pilt.com.ar\/parque-industrial\/wp-content\/uploads\/2024\/05\/WhatsApp-Image-2024-05-09-at-12.28.24.jpeg?fit=1600%2C1069&ssl=1\" \/>\n\t<meta property=\"og:image:width\" content=\"1600\" \/>\n\t<meta property=\"og:image:height\" content=\"1069\" \/>\n\t<meta property=\"og:image:type\" content=\"image\/jpeg\" \/>\n<meta name=\"author\" content=\"PILT\" \/>\n<meta name=\"twitter:card\" content=\"summary_large_image\" \/>\n<meta name=\"twitter:label1\" content=\"Escrito por\" \/>\n\t<meta name=\"twitter:data1\" content=\"PILT\" \/>\n\t<meta name=\"twitter:label2\" content=\"Tiempo de lectura\" \/>\n\t<meta name=\"twitter:data2\" content=\"2 minutos\" \/>\n<script type=\"application\/ld+json\" class=\"yoast-schema-graph\">{\"@context\":\"https:\\\/\\\/schema.org\",\"@graph\":[{\"@type\":\"Article\",\"@id\":\"https:\\\/\\\/pilt.com.ar\\\/parque-industrial\\\/vecinalistas-y-representantes-de-instituciones-intermedias-visitaron-el-pilt\\\/#article\",\"isPartOf\":{\"@id\":\"https:\\\/\\\/pilt.com.ar\\\/parque-industrial\\\/vecinalistas-y-representantes-de-instituciones-intermedias-visitaron-el-pilt\\\/\"},\"author\":{\"name\":\"PILT\",\"@id\":\"https:\\\/\\\/pilt.com.ar\\\/parque-industrial\\\/#\\\/schema\\\/person\\\/2dfb9e2464de1c3deef20c25c30a8306\"},\"headline\":\"VECINALISTAS Y REPRESENTANTES DE INSTITUCIONES INTERMEDIAS VISITARON EL PILT\",\"datePublished\":\"2024-05-09T18:43:40+00:00\",\"dateModified\":\"2024-05-09T18:43:41+00:00\",\"mainEntityOfPage\":{\"@id\":\"https:\\\/\\\/pilt.com.ar\\\/parque-industrial\\\/vecinalistas-y-representantes-de-instituciones-intermedias-visitaron-el-pilt\\\/\"},\"wordCount\":291,\"commentCount\":0,\"image\":{\"@id\":\"https:\\\/\\\/pilt.com.ar\\\/parque-industrial\\\/vecinalistas-y-representantes-de-instituciones-intermedias-visitaron-el-pilt\\\/#primaryimage\"},\"thumbnailUrl\":\"https:\\\/\\\/i0.wp.com\\\/pilt.com.ar\\\/parque-industrial\\\/wp-content\\\/uploads\\\/2024\\\/05\\\/WhatsApp-Image-2024-05-09-at-12.28.24.jpeg?fit=1600%2C1069&ssl=1\",\"articleSection\":[\"Noticias\"],\"inLanguage\":\"es\",\"potentialAction\":[{\"@type\":\"CommentAction\",\"name\":\"Comment\",\"target\":[\"https:\\\/\\\/pilt.com.ar\\\/parque-industrial\\\/vecinalistas-y-representantes-de-instituciones-intermedias-visitaron-el-pilt\\\/#respond\"]}]},{\"@type\":\"WebPage\",\"@id\":\"https:\\\/\\\/pilt.com.ar\\\/parque-industrial\\\/vecinalistas-y-representantes-de-instituciones-intermedias-visitaron-el-pilt\\\/\",\"url\":\"https:\\\/\\\/pilt.com.ar\\\/parque-industrial\\\/vecinalistas-y-representantes-de-instituciones-intermedias-visitaron-el-pilt\\\/\",\"name\":\"VECINALISTAS Y REPRESENTANTES DE INSTITUCIONES INTERMEDIAS VISITARON EL PILT - PILT.com.ar\",\"isPartOf\":{\"@id\":\"https:\\\/\\\/pilt.com.ar\\\/parque-industrial\\\/#website\"},\"primaryImageOfPage\":{\"@id\":\"https:\\\/\\\/pilt.com.ar\\\/parque-industrial\\\/vecinalistas-y-representantes-de-instituciones-intermedias-visitaron-el-pilt\\\/#primaryimage\"},\"image\":{\"@id\":\"https:\\\/\\\/pilt.com.ar\\\/parque-industrial\\\/vecinalistas-y-representantes-de-instituciones-intermedias-visitaron-el-pilt\\\/#primaryimage\"},\"thumbnailUrl\":\"https:\\\/\\\/i0.wp.com\\\/pilt.com.ar\\\/parque-industrial\\\/wp-content\\\/uploads\\\/2024\\\/05\\\/WhatsApp-Image-2024-05-09-at-12.28.24.jpeg?fit=1600%2C1069&ssl=1\",\"datePublished\":\"2024-05-09T18:43:40+00:00\",\"dateModified\":\"2024-05-09T18:43:41+00:00\",\"author\":{\"@id\":\"https:\\\/\\\/pilt.com.ar\\\/parque-industrial\\\/#\\\/schema\\\/person\\\/2dfb9e2464de1c3deef20c25c30a8306\"},\"inLanguage\":\"es\",\"potentialAction\":[{\"@type\":\"ReadAction\",\"target\":[\"https:\\\/\\\/pilt.com.ar\\\/parque-industrial\\\/vecinalistas-y-representantes-de-instituciones-intermedias-visitaron-el-pilt\\\/\"]}]},{\"@type\":\"ImageObject\",\"inLanguage\":\"es\",\"@id\":\"https:\\\/\\\/pilt.com.ar\\\/parque-industrial\\\/vecinalistas-y-representantes-de-instituciones-intermedias-visitaron-el-pilt\\\/#primaryimage\",\"url\":\"https:\\\/\\\/i0.wp.com\\\/pilt.com.ar\\\/parque-industrial\\\/wp-content\\\/uploads\\\/2024\\\/05\\\/WhatsApp-Image-2024-05-09-at-12.28.24.jpeg?fit=1600%2C1069&ssl=1\",\"contentUrl\":\"https:\\\/\\\/i0.wp.com\\\/pilt.com.ar\\\/parque-industrial\\\/wp-content\\\/uploads\\\/2024\\\/05\\\/WhatsApp-Image-2024-05-09-at-12.28.24.jpeg?fit=1600%2C1069&ssl=1\",\"width\":1600,\"height\":1069},{\"@type\":\"WebSite\",\"@id\":\"https:\\\/\\\/pilt.com.ar\\\/parque-industrial\\\/#website\",\"url\":\"https:\\\/\\\/pilt.com.ar\\\/parque-industrial\\\/\",\"name\":\"PILT.com.ar\",\"description\":\"Parque Industrial, Log\u00edstico y Tecnol\u00f3gico Villa Mar\u00eda\",\"potentialAction\":[{\"@type\":\"SearchAction\",\"target\":{\"@type\":\"EntryPoint\",\"urlTemplate\":\"https:\\\/\\\/pilt.com.ar\\\/parque-industrial\\\/?s={search_term_string}\"},\"query-input\":{\"@type\":\"PropertyValueSpecification\",\"valueRequired\":true,\"valueName\":\"search_term_string\"}}],\"inLanguage\":\"es\"},{\"@type\":\"Person\",\"@id\":\"https:\\\/\\\/pilt.com.ar\\\/parque-industrial\\\/#\\\/schema\\\/person\\\/2dfb9e2464de1c3deef20c25c30a8306\",\"name\":\"PILT\",\"image\":{\"@type\":\"ImageObject\",\"inLanguage\":\"es\",\"@id\":\"https:\\\/\\\/secure.gravatar.com\\\/avatar\\\/5e3734c8d8c8e0b0d45f923c14a14d7b90521d573d02f0d91360a777095ee42b?s=96&d=mm&r=g\",\"url\":\"https:\\\/\\\/secure.gravatar.com\\\/avatar\\\/5e3734c8d8c8e0b0d45f923c14a14d7b90521d573d02f0d91360a777095ee42b?s=96&d=mm&r=g\",\"contentUrl\":\"https:\\\/\\\/secure.gravatar.com\\\/avatar\\\/5e3734c8d8c8e0b0d45f923c14a14d7b90521d573d02f0d91360a777095ee42b?s=96&d=mm&r=g\",\"caption\":\"PILT\"},\"url\":\"https:\\\/\\\/pilt.com.ar\\\/parque-industrial\\\/author\\\/pilt\\\/\"}]}<\/script>\n<!-- \/ Yoast SEO plugin. -->","yoast_head_json":{"title":"VECINALISTAS Y REPRESENTANTES DE INSTITUCIONES INTERMEDIAS VISITARON EL PILT - PILT.com.ar","robots":{"index":"index","follow":"follow","max-snippet":"max-snippet:-1","max-image-preview":"max-image-preview:large","max-video-preview":"max-video-preview:-1"},"canonical":"https:\/\/pilt.com.ar\/parque-industrial\/vecinalistas-y-representantes-de-instituciones-intermedias-visitaron-el-pilt\/","og_locale":"es_ES","og_type":"article","og_title":"VECINALISTAS Y REPRESENTANTES DE INSTITUCIONES INTERMEDIAS VISITARON EL PILT - PILT.com.ar","og_description":"La comitiva, que cont\u00f3 con el acompa\u00f1amiento de funcionarios municipales, se interioriz\u00f3 sobre las actividades que realiza el Parque y los proyectos que se llevan adelante. En el marco de una iniciativa tendiente a mostrar a instituciones de la ciudad las tareas que se efect\u00faan en el Parque Industrial, Log\u00edstico y Tecnol\u00f3gico Villa Mar\u00eda (PILT), [&hellip;]","og_url":"https:\/\/pilt.com.ar\/parque-industrial\/vecinalistas-y-representantes-de-instituciones-intermedias-visitaron-el-pilt\/","og_site_name":"PILT.com.ar","article_published_time":"2024-05-09T18:43:40+00:00","article_modified_time":"2024-05-09T18:43:41+00:00","og_image":[{"width":1600,"height":1069,"url":"https:\/\/i0.wp.com\/pilt.com.ar\/parque-industrial\/wp-content\/uploads\/2024\/05\/WhatsApp-Image-2024-05-09-at-12.28.24.jpeg?fit=1600%2C1069&ssl=1","type":"image\/jpeg"}],"author":"PILT","twitter_card":"summary_large_image","twitter_misc":{"Escrito por":"PILT","Tiempo de lectura":"2 minutos"},"schema":{"@context":"https:\/\/schema.org","@graph":[{"@type":"Article","@id":"https:\/\/pilt.com.ar\/parque-industrial\/vecinalistas-y-representantes-de-instituciones-intermedias-visitaron-el-pilt\/#article","isPartOf":{"@id":"https:\/\/pilt.com.ar\/parque-industrial\/vecinalistas-y-representantes-de-instituciones-intermedias-visitaron-el-pilt\/"},"author":{"name":"PILT","@id":"https:\/\/pilt.com.ar\/parque-industrial\/#\/schema\/person\/2dfb9e2464de1c3deef20c25c30a8306"},"headline":"VECINALISTAS Y REPRESENTANTES DE INSTITUCIONES INTERMEDIAS VISITARON EL PILT","datePublished":"2024-05-09T18:43:40+00:00","dateModified":"2024-05-09T18:43:41+00:00","mainEntityOfPage":{"@id":"https:\/\/pilt.com.ar\/parque-industrial\/vecinalistas-y-representantes-de-instituciones-intermedias-visitaron-el-pilt\/"},"wordCount":291,"commentCount":0,"image":{"@id":"https:\/\/pilt.com.ar\/parque-industrial\/vecinalistas-y-representantes-de-instituciones-intermedias-visitaron-el-pilt\/#primaryimage"},"thumbnailUrl":"https:\/\/i0.wp.com\/pilt.com.ar\/parque-industrial\/wp-content\/uploads\/2024\/05\/WhatsApp-Image-2024-05-09-at-12.28.24.jpeg?fit=1600%2C1069&ssl=1","articleSection":["Noticias"],"inLanguage":"es","potentialAction":[{"@type":"CommentAction","name":"Comment","target":["https:\/\/pilt.com.ar\/parque-industrial\/vecinalistas-y-representantes-de-instituciones-intermedias-visitaron-el-pilt\/#respond"]}]},{"@type":"WebPage","@id":"https:\/\/pilt.com.ar\/parque-industrial\/vecinalistas-y-representantes-de-instituciones-intermedias-visitaron-el-pilt\/","url":"https:\/\/pilt.com.ar\/parque-industrial\/vecinalistas-y-representantes-de-instituciones-intermedias-visitaron-el-pilt\/","name":"VECINALISTAS Y REPRESENTANTES DE INSTITUCIONES INTERMEDIAS VISITARON EL PILT - PILT.com.ar","isPartOf":{"@id":"https:\/\/pilt.com.ar\/parque-industrial\/#website"},"primaryImageOfPage":{"@id":"https:\/\/pilt.com.ar\/parque-industrial\/vecinalistas-y-representantes-de-instituciones-intermedias-visitaron-el-pilt\/#primaryimage"},"image":{"@id":"https:\/\/pilt.com.ar\/parque-industrial\/vecinalistas-y-representantes-de-instituciones-intermedias-visitaron-el-pilt\/#primaryimage"},"thumbnailUrl":"https:\/\/i0.wp.com\/pilt.com.ar\/parque-industrial\/wp-content\/uploads\/2024\/05\/WhatsApp-Image-2024-05-09-at-12.28.24.jpeg?fit=1600%2C1069&ssl=1","datePublished":"2024-05-09T18:43:40+00:00","dateModified":"2024-05-09T18:43:41+00:00","author":{"@id":"https:\/\/pilt.com.ar\/parque-industrial\/#\/schema\/person\/2dfb9e2464de1c3deef20c25c30a8306"},"inLanguage":"es","potentialAction":[{"@type":"ReadAction","target":["https:\/\/pilt.com.ar\/parque-industrial\/vecinalistas-y-representantes-de-instituciones-intermedias-visitaron-el-pilt\/"]}]},{"@type":"ImageObject","inLanguage":"es","@id":"https:\/\/pilt.com.ar\/parque-industrial\/vecinalistas-y-representantes-de-instituciones-intermedias-visitaron-el-pilt\/#primaryimage","url":"https:\/\/i0.wp.com\/pilt.com.ar\/parque-industrial\/wp-content\/uploads\/2024\/05\/WhatsApp-Image-2024-05-09-at-12.28.24.jpeg?fit=1600%2C1069&ssl=1","contentUrl":"https:\/\/i0.wp.com\/pilt.com.ar\/parque-industrial\/wp-content\/uploads\/2024\/05\/WhatsApp-Image-2024-05-09-at-12.28.24.jpeg?fit=1600%2C1069&ssl=1","width":1600,"height":1069},{"@type":"WebSite","@id":"https:\/\/pilt.com.ar\/parque-industrial\/#website","url":"https:\/\/pilt.com.ar\/parque-industrial\/","name":"PILT.com.ar","description":"Parque Industrial, Log\u00edstico y Tecnol\u00f3gico Villa Mar\u00eda","potentialAction":[{"@type":"SearchAction","target":{"@type":"EntryPoint","urlTemplate":"https:\/\/pilt.com.ar\/parque-industrial\/?s={search_term_string}"},"query-input":{"@type":"PropertyValueSpecification","valueRequired":true,"valueName":"search_term_string"}}],"inLanguage":"es"},{"@type":"Person","@id":"https:\/\/pilt.com.ar\/parque-industrial\/#\/schema\/person\/2dfb9e2464de1c3deef20c25c30a8306","name":"PILT","image":{"@type":"ImageObject","inLanguage":"es","@id":"https:\/\/secure.gravatar.com\/avatar\/5e3734c8d8c8e0b0d45f923c14a14d7b90521d573d02f0d91360a777095ee42b?s=96&d=mm&r=g","url":"https:\/\/secure.gravatar.com\/avatar\/5e3734c8d8c8e0b0d45f923c14a14d7b90521d573d02f0d91360a777095ee42b?s=96&d=mm&r=g","contentUrl":"https:\/\/secure.gravatar.com\/avatar\/5e3734c8d8c8e0b0d45f923c14a14d7b90521d573d02f0d91360a777095ee42b?s=96&d=mm&r=g","caption":"PILT"},"url":"https:\/\/pilt.com.ar\/parque-industrial\/author\/pilt\/"}]}},"jetpack_featured_media_url":"https:\/\/i0.wp.com\/pilt.com.ar\/parque-industrial\/wp-content\/uploads\/2024\/05\/WhatsApp-Image-2024-05-09-at-12.28.24.jpeg?fit=1600%2C1069&ssl=1","jetpack_sharing_enabled":true,"_links":{"self":[{"href":"https:\/\/pilt.com.ar\/parque-industrial\/wp-json\/wp\/v2\/posts\/3257","targetHints":{"allow":["GET"]}}],"collection":[{"href":"https:\/\/pilt.com.ar\/parque-industrial\/wp-json\/wp\/v2\/posts"}],"about":[{"href":"https:\/\/pilt.com.ar\/parque-industrial\/wp-json\/wp\/v2\/types\/post"}],"author":[{"embeddable":true,"href":"https:\/\/pilt.com.ar\/parque-industrial\/wp-json\/wp\/v2\/users\/3"}],"replies":[{"embeddable":true,"href":"https:\/\/pilt.com.ar\/parque-industrial\/wp-json\/wp\/v2\/comments?post=3257"}],"version-history":[{"count":1,"href":"https:\/\/pilt.com.ar\/parque-industrial\/wp-json\/wp\/v2\/posts\/3257\/revisions"}],"predecessor-version":[{"id":3259,"href":"https:\/\/pilt.com.ar\/parque-industrial\/wp-json\/wp\/v2\/posts\/3257\/revisions\/3259"}],"wp:featuredmedia":[{"embeddable":true,"href":"https:\/\/pilt.com.ar\/parque-industrial\/wp-json\/wp\/v2\/media\/3258"}],"wp:attachment":[{"href":"https:\/\/pilt.com.ar\/parque-industrial\/wp-json\/wp\/v2\/media?parent=3257"}],"wp:term":[{"taxonomy":"category","embeddable":true,"href":"https:\/\/pilt.com.ar\/parque-industrial\/wp-json\/wp\/v2\/categories?post=3257"},{"taxonomy":"post_tag","embeddable":true,"href":"https:\/\/pilt.com.ar\/parque-industrial\/wp-json\/wp\/v2\/tags?post=3257"}],"curies":[{"name":"wp","href":"https:\/\/api.w.org\/{rel}","templated":true}]}}