{"id":3241,"date":"2024-05-03T10:55:15","date_gmt":"2024-05-03T13:55:15","guid":{"rendered":"https:\/\/pilt.com.ar\/parque-industrial\/?p=3241"},"modified":"2024-05-03T14:38:15","modified_gmt":"2024-05-03T17:38:15","slug":"empresa-del-parque-industrial-comenzo-a-exportar","status":"publish","type":"post","link":"https:\/\/pilt.com.ar\/parque-industrial\/empresa-del-parque-industrial-comenzo-a-exportar\/","title":{"rendered":"EMPRESA DEL PARQUE INDUSTRIAL COMENZ\u00d3 A EXPORTAR"},"content":{"rendered":"\n<p class=\"has-text-align-center\"><em><strong>La firma Stainless Steel Manufacturers (SSM) realiz\u00f3 la primera venta al exterior de una m\u00e1quina para envasar leche en polvo.<\/strong><\/em><\/p>\n\n\n\n<p class=\"has-text-align-justify\">Varias empresas localizadas en el Parque Industrial, Log\u00edstico y Tecnol\u00f3gico Villa Mar\u00eda (PILT) iniciaron el camino de la exportaci\u00f3n durante este a\u00f1o. D\u00edas pasados comenz\u00f3 a recorrer ese sendero SSM, que vendi\u00f3 a una empresa de Chihuahua (M\u00e9xico) una m\u00e1quina para envasar leche en polvo.<\/p>\n\n\n\n<p class=\"has-text-align-justify\">Vale mencionar que la empresa realiza distintas actividades, como la fabricaci\u00f3n de instalaciones para transporte y envasado de productos en polvo; tecnolog\u00eda de envasado bajo atm\u00f3sfera controlada &#8211; MAP &#8211; (Modified Atmosphere Packing); transporte por vac\u00edo en fase densa para el cuidado de las caracter\u00edsticas f\u00edsicas del producto, como as\u00ed tambi\u00e9n envasadoras autom\u00e1ticas, semiautom\u00e1ticas y finales de l\u00ednea.<\/p>\n\n\n\n<p class=\"has-text-align-justify\">Fernanda Schanack, miembro de la firma, indic\u00f3 que desde hace tiempo vienen trabajando para exportar, siendo esta la primera operaci\u00f3n que logra cristalizar. Se\u00f1al\u00f3 adem\u00e1s que la misma empresa mexicana cuenta con otras plantas industriales en las que necesitar\u00edan \u201cinstalar tres m\u00e1quinas similares, pero por supuesto eso lleva tiempo. Y cuando termine la incorporaci\u00f3n de equipos tienen la intenci\u00f3n de automatizarlos\u201d.<\/p>\n\n\n\n<p class=\"has-text-align-justify\">Por otra parte, resalt\u00f3 que hay m\u00e1s proyectos en carpeta \u201ccon gente de Colombia y Brasil. El proceso de comercializaci\u00f3n es largo, dado que las l\u00edneas de envasado se componen de varias estaciones que deben adaptarse a cada proceso en particular y a las plantas productoras ya construidas del cliente\u201d, afirm\u00f3.<\/p>\n\n\n\n<p class=\"has-text-align-justify\">Asimismo, valor\u00f3 la importancia del ecosistema de empresas que forman parte del PILT para facilitar todo el proceso exportador. Agradeci\u00f3 especialmente a Terramar, Global, como as\u00ed tambi\u00e9n la colaboraci\u00f3n de Pedrolga.\u201d Todo lo pudimos resolver ac\u00e1; en ese sentido el Parque Industrial parece de Suiza\u201d, sentenci\u00f3.<\/p>\n\n\n\n<p class=\"has-text-align-justify\"><\/p>\n\n\n\n<p class=\"has-text-align-justify\"><\/p>\n\n\n\n<p class=\"has-text-align-justify\"><\/p>\n\n\n\n<p class=\"has-text-align-justify\"><\/p>\n","protected":false},"excerpt":{"rendered":"<p>La firma Stainless Steel Manufacturers (SSM) realiz\u00f3 la primera venta al exterior de una m\u00e1quina para envasar leche en polvo. Varias empresas localizadas en el Parque Industrial, Log\u00edstico y Tecnol\u00f3gico Villa Mar\u00eda (PILT) iniciaron el camino de la exportaci\u00f3n durante este a\u00f1o. D\u00edas pasados comenz\u00f3 a recorrer ese sendero SSM, que vendi\u00f3 a una empresa [&hellip;]<\/p>\n","protected":false},"author":3,"featured_media":3242,"comment_status":"open","ping_status":"open","sticky":false,"template":"","format":"standard","meta":{"_jetpack_memberships_contains_paid_content":false,"footnotes":""},"categories":[2],"tags":[],"class_list":["post-3241","post","type-post","status-publish","format-standard","has-post-thumbnail","hentry","category-noticias"],"yoast_head":"<!-- This site is optimized with the Yoast SEO plugin v27.5 - https:\/\/yoast.com\/product\/yoast-seo-wordpress\/ -->\n<title>EMPRESA DEL PARQUE INDUSTRIAL COMENZ\u00d3 A EXPORTAR - PILT.com.ar<\/title>\n<meta name=\"robots\" content=\"index, follow, max-snippet:-1, max-image-preview:large, max-video-preview:-1\" \/>\n<link rel=\"canonical\" href=\"https:\/\/pilt.com.ar\/parque-industrial\/empresa-del-parque-industrial-comenzo-a-exportar\/\" \/>\n<meta property=\"og:locale\" content=\"es_ES\" \/>\n<meta property=\"og:type\" content=\"article\" \/>\n<meta property=\"og:title\" content=\"EMPRESA DEL PARQUE INDUSTRIAL COMENZ\u00d3 A EXPORTAR - PILT.com.ar\" \/>\n<meta property=\"og:description\" content=\"La firma Stainless Steel Manufacturers (SSM) realiz\u00f3 la primera venta al exterior de una m\u00e1quina para envasar leche en polvo. Varias empresas localizadas en el Parque Industrial, Log\u00edstico y Tecnol\u00f3gico Villa Mar\u00eda (PILT) iniciaron el camino de la exportaci\u00f3n durante este a\u00f1o. D\u00edas pasados comenz\u00f3 a recorrer ese sendero SSM, que vendi\u00f3 a una empresa [&hellip;]\" \/>\n<meta property=\"og:url\" content=\"https:\/\/pilt.com.ar\/parque-industrial\/empresa-del-parque-industrial-comenzo-a-exportar\/\" \/>\n<meta property=\"og:site_name\" content=\"PILT.com.ar\" \/>\n<meta property=\"article:published_time\" content=\"2024-05-03T13:55:15+00:00\" \/>\n<meta property=\"article:modified_time\" content=\"2024-05-03T17:38:15+00:00\" \/>\n<meta property=\"og:image\" content=\"https:\/\/i0.wp.com\/pilt.com.ar\/parque-industrial\/wp-content\/uploads\/2024\/05\/WhatsApp-Image-2024-05-02-at-19.41.35.jpeg?fit=1140%2C742&ssl=1\" \/>\n\t<meta property=\"og:image:width\" content=\"1140\" \/>\n\t<meta property=\"og:image:height\" content=\"742\" \/>\n\t<meta property=\"og:image:type\" content=\"image\/jpeg\" \/>\n<meta name=\"author\" content=\"PILT\" \/>\n<meta name=\"twitter:card\" content=\"summary_large_image\" \/>\n<meta name=\"twitter:label1\" content=\"Escrito por\" \/>\n\t<meta name=\"twitter:data1\" content=\"PILT\" \/>\n\t<meta name=\"twitter:label2\" content=\"Tiempo de lectura\" \/>\n\t<meta name=\"twitter:data2\" content=\"2 minutos\" \/>\n<script type=\"application\/ld+json\" class=\"yoast-schema-graph\">{\"@context\":\"https:\\\/\\\/schema.org\",\"@graph\":[{\"@type\":\"Article\",\"@id\":\"https:\\\/\\\/pilt.com.ar\\\/parque-industrial\\\/empresa-del-parque-industrial-comenzo-a-exportar\\\/#article\",\"isPartOf\":{\"@id\":\"https:\\\/\\\/pilt.com.ar\\\/parque-industrial\\\/empresa-del-parque-industrial-comenzo-a-exportar\\\/\"},\"author\":{\"name\":\"PILT\",\"@id\":\"https:\\\/\\\/pilt.com.ar\\\/parque-industrial\\\/#\\\/schema\\\/person\\\/2dfb9e2464de1c3deef20c25c30a8306\"},\"headline\":\"EMPRESA DEL PARQUE INDUSTRIAL COMENZ\u00d3 A EXPORTAR\",\"datePublished\":\"2024-05-03T13:55:15+00:00\",\"dateModified\":\"2024-05-03T17:38:15+00:00\",\"mainEntityOfPage\":{\"@id\":\"https:\\\/\\\/pilt.com.ar\\\/parque-industrial\\\/empresa-del-parque-industrial-comenzo-a-exportar\\\/\"},\"wordCount\":319,\"commentCount\":0,\"image\":{\"@id\":\"https:\\\/\\\/pilt.com.ar\\\/parque-industrial\\\/empresa-del-parque-industrial-comenzo-a-exportar\\\/#primaryimage\"},\"thumbnailUrl\":\"https:\\\/\\\/i0.wp.com\\\/pilt.com.ar\\\/parque-industrial\\\/wp-content\\\/uploads\\\/2024\\\/05\\\/WhatsApp-Image-2024-05-02-at-19.41.35.jpeg?fit=1140%2C742&ssl=1\",\"articleSection\":[\"Noticias\"],\"inLanguage\":\"es\",\"potentialAction\":[{\"@type\":\"CommentAction\",\"name\":\"Comment\",\"target\":[\"https:\\\/\\\/pilt.com.ar\\\/parque-industrial\\\/empresa-del-parque-industrial-comenzo-a-exportar\\\/#respond\"]}]},{\"@type\":\"WebPage\",\"@id\":\"https:\\\/\\\/pilt.com.ar\\\/parque-industrial\\\/empresa-del-parque-industrial-comenzo-a-exportar\\\/\",\"url\":\"https:\\\/\\\/pilt.com.ar\\\/parque-industrial\\\/empresa-del-parque-industrial-comenzo-a-exportar\\\/\",\"name\":\"EMPRESA DEL PARQUE INDUSTRIAL COMENZ\u00d3 A EXPORTAR - PILT.com.ar\",\"isPartOf\":{\"@id\":\"https:\\\/\\\/pilt.com.ar\\\/parque-industrial\\\/#website\"},\"primaryImageOfPage\":{\"@id\":\"https:\\\/\\\/pilt.com.ar\\\/parque-industrial\\\/empresa-del-parque-industrial-comenzo-a-exportar\\\/#primaryimage\"},\"image\":{\"@id\":\"https:\\\/\\\/pilt.com.ar\\\/parque-industrial\\\/empresa-del-parque-industrial-comenzo-a-exportar\\\/#primaryimage\"},\"thumbnailUrl\":\"https:\\\/\\\/i0.wp.com\\\/pilt.com.ar\\\/parque-industrial\\\/wp-content\\\/uploads\\\/2024\\\/05\\\/WhatsApp-Image-2024-05-02-at-19.41.35.jpeg?fit=1140%2C742&ssl=1\",\"datePublished\":\"2024-05-03T13:55:15+00:00\",\"dateModified\":\"2024-05-03T17:38:15+00:00\",\"author\":{\"@id\":\"https:\\\/\\\/pilt.com.ar\\\/parque-industrial\\\/#\\\/schema\\\/person\\\/2dfb9e2464de1c3deef20c25c30a8306\"},\"inLanguage\":\"es\",\"potentialAction\":[{\"@type\":\"ReadAction\",\"target\":[\"https:\\\/\\\/pilt.com.ar\\\/parque-industrial\\\/empresa-del-parque-industrial-comenzo-a-exportar\\\/\"]}]},{\"@type\":\"ImageObject\",\"inLanguage\":\"es\",\"@id\":\"https:\\\/\\\/pilt.com.ar\\\/parque-industrial\\\/empresa-del-parque-industrial-comenzo-a-exportar\\\/#primaryimage\",\"url\":\"https:\\\/\\\/i0.wp.com\\\/pilt.com.ar\\\/parque-industrial\\\/wp-content\\\/uploads\\\/2024\\\/05\\\/WhatsApp-Image-2024-05-02-at-19.41.35.jpeg?fit=1140%2C742&ssl=1\",\"contentUrl\":\"https:\\\/\\\/i0.wp.com\\\/pilt.com.ar\\\/parque-industrial\\\/wp-content\\\/uploads\\\/2024\\\/05\\\/WhatsApp-Image-2024-05-02-at-19.41.35.jpeg?fit=1140%2C742&ssl=1\",\"width\":1140,\"height\":742},{\"@type\":\"WebSite\",\"@id\":\"https:\\\/\\\/pilt.com.ar\\\/parque-industrial\\\/#website\",\"url\":\"https:\\\/\\\/pilt.com.ar\\\/parque-industrial\\\/\",\"name\":\"PILT.com.ar\",\"description\":\"Parque Industrial, Log\u00edstico y Tecnol\u00f3gico Villa Mar\u00eda\",\"potentialAction\":[{\"@type\":\"SearchAction\",\"target\":{\"@type\":\"EntryPoint\",\"urlTemplate\":\"https:\\\/\\\/pilt.com.ar\\\/parque-industrial\\\/?s={search_term_string}\"},\"query-input\":{\"@type\":\"PropertyValueSpecification\",\"valueRequired\":true,\"valueName\":\"search_term_string\"}}],\"inLanguage\":\"es\"},{\"@type\":\"Person\",\"@id\":\"https:\\\/\\\/pilt.com.ar\\\/parque-industrial\\\/#\\\/schema\\\/person\\\/2dfb9e2464de1c3deef20c25c30a8306\",\"name\":\"PILT\",\"image\":{\"@type\":\"ImageObject\",\"inLanguage\":\"es\",\"@id\":\"https:\\\/\\\/secure.gravatar.com\\\/avatar\\\/5e3734c8d8c8e0b0d45f923c14a14d7b90521d573d02f0d91360a777095ee42b?s=96&d=mm&r=g\",\"url\":\"https:\\\/\\\/secure.gravatar.com\\\/avatar\\\/5e3734c8d8c8e0b0d45f923c14a14d7b90521d573d02f0d91360a777095ee42b?s=96&d=mm&r=g\",\"contentUrl\":\"https:\\\/\\\/secure.gravatar.com\\\/avatar\\\/5e3734c8d8c8e0b0d45f923c14a14d7b90521d573d02f0d91360a777095ee42b?s=96&d=mm&r=g\",\"caption\":\"PILT\"},\"url\":\"https:\\\/\\\/pilt.com.ar\\\/parque-industrial\\\/author\\\/pilt\\\/\"}]}<\/script>\n<!-- \/ Yoast SEO plugin. -->","yoast_head_json":{"title":"EMPRESA DEL PARQUE INDUSTRIAL COMENZ\u00d3 A EXPORTAR - PILT.com.ar","robots":{"index":"index","follow":"follow","max-snippet":"max-snippet:-1","max-image-preview":"max-image-preview:large","max-video-preview":"max-video-preview:-1"},"canonical":"https:\/\/pilt.com.ar\/parque-industrial\/empresa-del-parque-industrial-comenzo-a-exportar\/","og_locale":"es_ES","og_type":"article","og_title":"EMPRESA DEL PARQUE INDUSTRIAL COMENZ\u00d3 A EXPORTAR - PILT.com.ar","og_description":"La firma Stainless Steel Manufacturers (SSM) realiz\u00f3 la primera venta al exterior de una m\u00e1quina para envasar leche en polvo. Varias empresas localizadas en el Parque Industrial, Log\u00edstico y Tecnol\u00f3gico Villa Mar\u00eda (PILT) iniciaron el camino de la exportaci\u00f3n durante este a\u00f1o. D\u00edas pasados comenz\u00f3 a recorrer ese sendero SSM, que vendi\u00f3 a una empresa [&hellip;]","og_url":"https:\/\/pilt.com.ar\/parque-industrial\/empresa-del-parque-industrial-comenzo-a-exportar\/","og_site_name":"PILT.com.ar","article_published_time":"2024-05-03T13:55:15+00:00","article_modified_time":"2024-05-03T17:38:15+00:00","og_image":[{"width":1140,"height":742,"url":"https:\/\/i0.wp.com\/pilt.com.ar\/parque-industrial\/wp-content\/uploads\/2024\/05\/WhatsApp-Image-2024-05-02-at-19.41.35.jpeg?fit=1140%2C742&ssl=1","type":"image\/jpeg"}],"author":"PILT","twitter_card":"summary_large_image","twitter_misc":{"Escrito por":"PILT","Tiempo de lectura":"2 minutos"},"schema":{"@context":"https:\/\/schema.org","@graph":[{"@type":"Article","@id":"https:\/\/pilt.com.ar\/parque-industrial\/empresa-del-parque-industrial-comenzo-a-exportar\/#article","isPartOf":{"@id":"https:\/\/pilt.com.ar\/parque-industrial\/empresa-del-parque-industrial-comenzo-a-exportar\/"},"author":{"name":"PILT","@id":"https:\/\/pilt.com.ar\/parque-industrial\/#\/schema\/person\/2dfb9e2464de1c3deef20c25c30a8306"},"headline":"EMPRESA DEL PARQUE INDUSTRIAL COMENZ\u00d3 A EXPORTAR","datePublished":"2024-05-03T13:55:15+00:00","dateModified":"2024-05-03T17:38:15+00:00","mainEntityOfPage":{"@id":"https:\/\/pilt.com.ar\/parque-industrial\/empresa-del-parque-industrial-comenzo-a-exportar\/"},"wordCount":319,"commentCount":0,"image":{"@id":"https:\/\/pilt.com.ar\/parque-industrial\/empresa-del-parque-industrial-comenzo-a-exportar\/#primaryimage"},"thumbnailUrl":"https:\/\/i0.wp.com\/pilt.com.ar\/parque-industrial\/wp-content\/uploads\/2024\/05\/WhatsApp-Image-2024-05-02-at-19.41.35.jpeg?fit=1140%2C742&ssl=1","articleSection":["Noticias"],"inLanguage":"es","potentialAction":[{"@type":"CommentAction","name":"Comment","target":["https:\/\/pilt.com.ar\/parque-industrial\/empresa-del-parque-industrial-comenzo-a-exportar\/#respond"]}]},{"@type":"WebPage","@id":"https:\/\/pilt.com.ar\/parque-industrial\/empresa-del-parque-industrial-comenzo-a-exportar\/","url":"https:\/\/pilt.com.ar\/parque-industrial\/empresa-del-parque-industrial-comenzo-a-exportar\/","name":"EMPRESA DEL PARQUE INDUSTRIAL COMENZ\u00d3 A EXPORTAR - PILT.com.ar","isPartOf":{"@id":"https:\/\/pilt.com.ar\/parque-industrial\/#website"},"primaryImageOfPage":{"@id":"https:\/\/pilt.com.ar\/parque-industrial\/empresa-del-parque-industrial-comenzo-a-exportar\/#primaryimage"},"image":{"@id":"https:\/\/pilt.com.ar\/parque-industrial\/empresa-del-parque-industrial-comenzo-a-exportar\/#primaryimage"},"thumbnailUrl":"https:\/\/i0.wp.com\/pilt.com.ar\/parque-industrial\/wp-content\/uploads\/2024\/05\/WhatsApp-Image-2024-05-02-at-19.41.35.jpeg?fit=1140%2C742&ssl=1","datePublished":"2024-05-03T13:55:15+00:00","dateModified":"2024-05-03T17:38:15+00:00","author":{"@id":"https:\/\/pilt.com.ar\/parque-industrial\/#\/schema\/person\/2dfb9e2464de1c3deef20c25c30a8306"},"inLanguage":"es","potentialAction":[{"@type":"ReadAction","target":["https:\/\/pilt.com.ar\/parque-industrial\/empresa-del-parque-industrial-comenzo-a-exportar\/"]}]},{"@type":"ImageObject","inLanguage":"es","@id":"https:\/\/pilt.com.ar\/parque-industrial\/empresa-del-parque-industrial-comenzo-a-exportar\/#primaryimage","url":"https:\/\/i0.wp.com\/pilt.com.ar\/parque-industrial\/wp-content\/uploads\/2024\/05\/WhatsApp-Image-2024-05-02-at-19.41.35.jpeg?fit=1140%2C742&ssl=1","contentUrl":"https:\/\/i0.wp.com\/pilt.com.ar\/parque-industrial\/wp-content\/uploads\/2024\/05\/WhatsApp-Image-2024-05-02-at-19.41.35.jpeg?fit=1140%2C742&ssl=1","width":1140,"height":742},{"@type":"WebSite","@id":"https:\/\/pilt.com.ar\/parque-industrial\/#website","url":"https:\/\/pilt.com.ar\/parque-industrial\/","name":"PILT.com.ar","description":"Parque Industrial, Log\u00edstico y Tecnol\u00f3gico Villa Mar\u00eda","potentialAction":[{"@type":"SearchAction","target":{"@type":"EntryPoint","urlTemplate":"https:\/\/pilt.com.ar\/parque-industrial\/?s={search_term_string}"},"query-input":{"@type":"PropertyValueSpecification","valueRequired":true,"valueName":"search_term_string"}}],"inLanguage":"es"},{"@type":"Person","@id":"https:\/\/pilt.com.ar\/parque-industrial\/#\/schema\/person\/2dfb9e2464de1c3deef20c25c30a8306","name":"PILT","image":{"@type":"ImageObject","inLanguage":"es","@id":"https:\/\/secure.gravatar.com\/avatar\/5e3734c8d8c8e0b0d45f923c14a14d7b90521d573d02f0d91360a777095ee42b?s=96&d=mm&r=g","url":"https:\/\/secure.gravatar.com\/avatar\/5e3734c8d8c8e0b0d45f923c14a14d7b90521d573d02f0d91360a777095ee42b?s=96&d=mm&r=g","contentUrl":"https:\/\/secure.gravatar.com\/avatar\/5e3734c8d8c8e0b0d45f923c14a14d7b90521d573d02f0d91360a777095ee42b?s=96&d=mm&r=g","caption":"PILT"},"url":"https:\/\/pilt.com.ar\/parque-industrial\/author\/pilt\/"}]}},"jetpack_featured_media_url":"https:\/\/i0.wp.com\/pilt.com.ar\/parque-industrial\/wp-content\/uploads\/2024\/05\/WhatsApp-Image-2024-05-02-at-19.41.35.jpeg?fit=1140%2C742&ssl=1","jetpack_sharing_enabled":true,"_links":{"self":[{"href":"https:\/\/pilt.com.ar\/parque-industrial\/wp-json\/wp\/v2\/posts\/3241","targetHints":{"allow":["GET"]}}],"collection":[{"href":"https:\/\/pilt.com.ar\/parque-industrial\/wp-json\/wp\/v2\/posts"}],"about":[{"href":"https:\/\/pilt.com.ar\/parque-industrial\/wp-json\/wp\/v2\/types\/post"}],"author":[{"embeddable":true,"href":"https:\/\/pilt.com.ar\/parque-industrial\/wp-json\/wp\/v2\/users\/3"}],"replies":[{"embeddable":true,"href":"https:\/\/pilt.com.ar\/parque-industrial\/wp-json\/wp\/v2\/comments?post=3241"}],"version-history":[{"count":4,"href":"https:\/\/pilt.com.ar\/parque-industrial\/wp-json\/wp\/v2\/posts\/3241\/revisions"}],"predecessor-version":[{"id":3252,"href":"https:\/\/pilt.com.ar\/parque-industrial\/wp-json\/wp\/v2\/posts\/3241\/revisions\/3252"}],"wp:featuredmedia":[{"embeddable":true,"href":"https:\/\/pilt.com.ar\/parque-industrial\/wp-json\/wp\/v2\/media\/3242"}],"wp:attachment":[{"href":"https:\/\/pilt.com.ar\/parque-industrial\/wp-json\/wp\/v2\/media?parent=3241"}],"wp:term":[{"taxonomy":"category","embeddable":true,"href":"https:\/\/pilt.com.ar\/parque-industrial\/wp-json\/wp\/v2\/categories?post=3241"},{"taxonomy":"post_tag","embeddable":true,"href":"https:\/\/pilt.com.ar\/parque-industrial\/wp-json\/wp\/v2\/tags?post=3241"}],"curies":[{"name":"wp","href":"https:\/\/api.w.org\/{rel}","templated":true}]}}