{"id":3219,"date":"2024-04-12T10:52:14","date_gmt":"2024-04-12T13:52:14","guid":{"rendered":"https:\/\/pilt.com.ar\/parque-industrial\/?p=3219"},"modified":"2024-04-12T10:52:14","modified_gmt":"2024-04-12T13:52:14","slug":"charla-sobre-construccion-rentable-en-tiempos-de-crisis","status":"publish","type":"post","link":"https:\/\/pilt.com.ar\/parque-industrial\/charla-sobre-construccion-rentable-en-tiempos-de-crisis\/","title":{"rendered":"CHARLA SOBRE CONSTRUCCI\u00d3N RENTABLE EN TIEMPOS DE CRISIS"},"content":{"rendered":"\n<p class=\"has-text-align-center\"><em><strong>En el sal\u00f3n de usos m\u00faltiples del Parque se concret\u00f3 un encuentro con profesionales vinculados a la actividad, a partir de una convocatoria de la empresa Astori Estructuras.<\/strong><\/em><\/p>\n\n\n\n<p class=\"has-text-align-justify\">Con el foco puesto en los desaf\u00edos que se plantean para el sector de la construcci\u00f3n y las estrategias para lograr rentabilidad, profesionales de la empresa cordobesa Astori Estructuras estuvieron en el Parque Industrial, Log\u00edstico y Tecnol\u00f3gico Villa Mar\u00eda (PILT), en donde mantuvieron una reuni\u00f3n con profesionales del rubro.<\/p>\n\n\n\n<p class=\"has-text-align-justify\">Durante el encuentro los presentes intercambiaron ideas sobre las principales preocupaciones que afectan al sector y c\u00f3mo sobrellevar las dificultades en una coyuntura econ\u00f3mica compleja para construir con rentabilidad.<\/p>\n\n\n\n<p class=\"has-text-align-justify\">Entre los desaf\u00edos que plantea el momento, se mencionaron la volatilidad del mercado, la&nbsp; escasez de mano de obra calificada, como as\u00ed tambi\u00e9n las exigencias en cuanto a dise\u00f1o, funcionalidad y&nbsp; cumplimiento de normativas.<\/p>\n\n\n\n<p class=\"has-text-align-justify\">Frente a esos temas Mirko D\u00e1voli y Ger\u00f3nimo Noya, profesionales de la firma, propusieron diversas estrategias. Entre ellas, la utilizaci\u00f3n de estructuras de hormig\u00f3n para construir ya que, sostuvieron, permite mayor previsibilidad en los costos en relaci\u00f3n al sistema convencional; tambi\u00e9n la tercerizaci\u00f3n de la obra para afrontar los problemas vinculados a la falta de recursos humanos calificados, se\u00f1alando que \u201chace 50 a\u00f1os que estamos en el rubro, por lo tanto contamos con el personal capacitado necesario\u201d, mientras que frente a las exigencias del mercado, indicaron que cumplen con diversas&nbsp; normas de calidad y ofrecen diferentes sistemas constructivos para naves industriales, locales comerciales y viviendas.<\/p>\n","protected":false},"excerpt":{"rendered":"<p>En el sal\u00f3n de usos m\u00faltiples del Parque se concret\u00f3 un encuentro con profesionales vinculados a la actividad, a partir de una convocatoria de la empresa Astori Estructuras. Con el foco puesto en los desaf\u00edos que se plantean para el sector de la construcci\u00f3n y las estrategias para lograr rentabilidad, profesionales de la empresa cordobesa [&hellip;]<\/p>\n","protected":false},"author":3,"featured_media":3220,"comment_status":"open","ping_status":"open","sticky":false,"template":"","format":"standard","meta":{"_jetpack_memberships_contains_paid_content":false,"footnotes":""},"categories":[2],"tags":[],"class_list":["post-3219","post","type-post","status-publish","format-standard","has-post-thumbnail","hentry","category-noticias"],"yoast_head":"<!-- This site is optimized with the Yoast SEO plugin v27.5 - https:\/\/yoast.com\/product\/yoast-seo-wordpress\/ -->\n<title>CHARLA SOBRE CONSTRUCCI\u00d3N RENTABLE EN TIEMPOS DE CRISIS - PILT.com.ar<\/title>\n<meta name=\"robots\" content=\"index, follow, max-snippet:-1, max-image-preview:large, max-video-preview:-1\" \/>\n<link rel=\"canonical\" href=\"https:\/\/pilt.com.ar\/parque-industrial\/charla-sobre-construccion-rentable-en-tiempos-de-crisis\/\" \/>\n<meta property=\"og:locale\" content=\"es_ES\" \/>\n<meta property=\"og:type\" content=\"article\" \/>\n<meta property=\"og:title\" content=\"CHARLA SOBRE CONSTRUCCI\u00d3N RENTABLE EN TIEMPOS DE CRISIS - PILT.com.ar\" \/>\n<meta property=\"og:description\" content=\"En el sal\u00f3n de usos m\u00faltiples del Parque se concret\u00f3 un encuentro con profesionales vinculados a la actividad, a partir de una convocatoria de la empresa Astori Estructuras. Con el foco puesto en los desaf\u00edos que se plantean para el sector de la construcci\u00f3n y las estrategias para lograr rentabilidad, profesionales de la empresa cordobesa [&hellip;]\" \/>\n<meta property=\"og:url\" content=\"https:\/\/pilt.com.ar\/parque-industrial\/charla-sobre-construccion-rentable-en-tiempos-de-crisis\/\" \/>\n<meta property=\"og:site_name\" content=\"PILT.com.ar\" \/>\n<meta property=\"article:published_time\" content=\"2024-04-12T13:52:14+00:00\" \/>\n<meta property=\"og:image\" content=\"https:\/\/i0.wp.com\/pilt.com.ar\/parque-industrial\/wp-content\/uploads\/2024\/04\/WhatsApp-Image-2024-04-11-at-13.02.44.jpeg?fit=1600%2C1200&ssl=1\" \/>\n\t<meta property=\"og:image:width\" content=\"1600\" \/>\n\t<meta property=\"og:image:height\" content=\"1200\" \/>\n\t<meta property=\"og:image:type\" content=\"image\/jpeg\" \/>\n<meta name=\"author\" content=\"PILT\" \/>\n<meta name=\"twitter:card\" content=\"summary_large_image\" \/>\n<meta name=\"twitter:label1\" content=\"Escrito por\" \/>\n\t<meta name=\"twitter:data1\" content=\"PILT\" \/>\n\t<meta name=\"twitter:label2\" content=\"Tiempo de lectura\" \/>\n\t<meta name=\"twitter:data2\" content=\"2 minutos\" \/>\n<script type=\"application\/ld+json\" class=\"yoast-schema-graph\">{\"@context\":\"https:\\\/\\\/schema.org\",\"@graph\":[{\"@type\":\"Article\",\"@id\":\"https:\\\/\\\/pilt.com.ar\\\/parque-industrial\\\/charla-sobre-construccion-rentable-en-tiempos-de-crisis\\\/#article\",\"isPartOf\":{\"@id\":\"https:\\\/\\\/pilt.com.ar\\\/parque-industrial\\\/charla-sobre-construccion-rentable-en-tiempos-de-crisis\\\/\"},\"author\":{\"name\":\"PILT\",\"@id\":\"https:\\\/\\\/pilt.com.ar\\\/parque-industrial\\\/#\\\/schema\\\/person\\\/2dfb9e2464de1c3deef20c25c30a8306\"},\"headline\":\"CHARLA SOBRE CONSTRUCCI\u00d3N RENTABLE EN TIEMPOS DE CRISIS\",\"datePublished\":\"2024-04-12T13:52:14+00:00\",\"mainEntityOfPage\":{\"@id\":\"https:\\\/\\\/pilt.com.ar\\\/parque-industrial\\\/charla-sobre-construccion-rentable-en-tiempos-de-crisis\\\/\"},\"wordCount\":278,\"commentCount\":0,\"image\":{\"@id\":\"https:\\\/\\\/pilt.com.ar\\\/parque-industrial\\\/charla-sobre-construccion-rentable-en-tiempos-de-crisis\\\/#primaryimage\"},\"thumbnailUrl\":\"https:\\\/\\\/i0.wp.com\\\/pilt.com.ar\\\/parque-industrial\\\/wp-content\\\/uploads\\\/2024\\\/04\\\/WhatsApp-Image-2024-04-11-at-13.02.44.jpeg?fit=1600%2C1200&ssl=1\",\"articleSection\":[\"Noticias\"],\"inLanguage\":\"es\",\"potentialAction\":[{\"@type\":\"CommentAction\",\"name\":\"Comment\",\"target\":[\"https:\\\/\\\/pilt.com.ar\\\/parque-industrial\\\/charla-sobre-construccion-rentable-en-tiempos-de-crisis\\\/#respond\"]}]},{\"@type\":\"WebPage\",\"@id\":\"https:\\\/\\\/pilt.com.ar\\\/parque-industrial\\\/charla-sobre-construccion-rentable-en-tiempos-de-crisis\\\/\",\"url\":\"https:\\\/\\\/pilt.com.ar\\\/parque-industrial\\\/charla-sobre-construccion-rentable-en-tiempos-de-crisis\\\/\",\"name\":\"CHARLA SOBRE CONSTRUCCI\u00d3N RENTABLE EN TIEMPOS DE CRISIS - PILT.com.ar\",\"isPartOf\":{\"@id\":\"https:\\\/\\\/pilt.com.ar\\\/parque-industrial\\\/#website\"},\"primaryImageOfPage\":{\"@id\":\"https:\\\/\\\/pilt.com.ar\\\/parque-industrial\\\/charla-sobre-construccion-rentable-en-tiempos-de-crisis\\\/#primaryimage\"},\"image\":{\"@id\":\"https:\\\/\\\/pilt.com.ar\\\/parque-industrial\\\/charla-sobre-construccion-rentable-en-tiempos-de-crisis\\\/#primaryimage\"},\"thumbnailUrl\":\"https:\\\/\\\/i0.wp.com\\\/pilt.com.ar\\\/parque-industrial\\\/wp-content\\\/uploads\\\/2024\\\/04\\\/WhatsApp-Image-2024-04-11-at-13.02.44.jpeg?fit=1600%2C1200&ssl=1\",\"datePublished\":\"2024-04-12T13:52:14+00:00\",\"author\":{\"@id\":\"https:\\\/\\\/pilt.com.ar\\\/parque-industrial\\\/#\\\/schema\\\/person\\\/2dfb9e2464de1c3deef20c25c30a8306\"},\"inLanguage\":\"es\",\"potentialAction\":[{\"@type\":\"ReadAction\",\"target\":[\"https:\\\/\\\/pilt.com.ar\\\/parque-industrial\\\/charla-sobre-construccion-rentable-en-tiempos-de-crisis\\\/\"]}]},{\"@type\":\"ImageObject\",\"inLanguage\":\"es\",\"@id\":\"https:\\\/\\\/pilt.com.ar\\\/parque-industrial\\\/charla-sobre-construccion-rentable-en-tiempos-de-crisis\\\/#primaryimage\",\"url\":\"https:\\\/\\\/i0.wp.com\\\/pilt.com.ar\\\/parque-industrial\\\/wp-content\\\/uploads\\\/2024\\\/04\\\/WhatsApp-Image-2024-04-11-at-13.02.44.jpeg?fit=1600%2C1200&ssl=1\",\"contentUrl\":\"https:\\\/\\\/i0.wp.com\\\/pilt.com.ar\\\/parque-industrial\\\/wp-content\\\/uploads\\\/2024\\\/04\\\/WhatsApp-Image-2024-04-11-at-13.02.44.jpeg?fit=1600%2C1200&ssl=1\",\"width\":1600,\"height\":1200},{\"@type\":\"WebSite\",\"@id\":\"https:\\\/\\\/pilt.com.ar\\\/parque-industrial\\\/#website\",\"url\":\"https:\\\/\\\/pilt.com.ar\\\/parque-industrial\\\/\",\"name\":\"PILT.com.ar\",\"description\":\"Parque Industrial, Log\u00edstico y Tecnol\u00f3gico Villa Mar\u00eda\",\"potentialAction\":[{\"@type\":\"SearchAction\",\"target\":{\"@type\":\"EntryPoint\",\"urlTemplate\":\"https:\\\/\\\/pilt.com.ar\\\/parque-industrial\\\/?s={search_term_string}\"},\"query-input\":{\"@type\":\"PropertyValueSpecification\",\"valueRequired\":true,\"valueName\":\"search_term_string\"}}],\"inLanguage\":\"es\"},{\"@type\":\"Person\",\"@id\":\"https:\\\/\\\/pilt.com.ar\\\/parque-industrial\\\/#\\\/schema\\\/person\\\/2dfb9e2464de1c3deef20c25c30a8306\",\"name\":\"PILT\",\"image\":{\"@type\":\"ImageObject\",\"inLanguage\":\"es\",\"@id\":\"https:\\\/\\\/secure.gravatar.com\\\/avatar\\\/5e3734c8d8c8e0b0d45f923c14a14d7b90521d573d02f0d91360a777095ee42b?s=96&d=mm&r=g\",\"url\":\"https:\\\/\\\/secure.gravatar.com\\\/avatar\\\/5e3734c8d8c8e0b0d45f923c14a14d7b90521d573d02f0d91360a777095ee42b?s=96&d=mm&r=g\",\"contentUrl\":\"https:\\\/\\\/secure.gravatar.com\\\/avatar\\\/5e3734c8d8c8e0b0d45f923c14a14d7b90521d573d02f0d91360a777095ee42b?s=96&d=mm&r=g\",\"caption\":\"PILT\"},\"url\":\"https:\\\/\\\/pilt.com.ar\\\/parque-industrial\\\/author\\\/pilt\\\/\"}]}<\/script>\n<!-- \/ Yoast SEO plugin. -->","yoast_head_json":{"title":"CHARLA SOBRE CONSTRUCCI\u00d3N RENTABLE EN TIEMPOS DE CRISIS - PILT.com.ar","robots":{"index":"index","follow":"follow","max-snippet":"max-snippet:-1","max-image-preview":"max-image-preview:large","max-video-preview":"max-video-preview:-1"},"canonical":"https:\/\/pilt.com.ar\/parque-industrial\/charla-sobre-construccion-rentable-en-tiempos-de-crisis\/","og_locale":"es_ES","og_type":"article","og_title":"CHARLA SOBRE CONSTRUCCI\u00d3N RENTABLE EN TIEMPOS DE CRISIS - PILT.com.ar","og_description":"En el sal\u00f3n de usos m\u00faltiples del Parque se concret\u00f3 un encuentro con profesionales vinculados a la actividad, a partir de una convocatoria de la empresa Astori Estructuras. Con el foco puesto en los desaf\u00edos que se plantean para el sector de la construcci\u00f3n y las estrategias para lograr rentabilidad, profesionales de la empresa cordobesa [&hellip;]","og_url":"https:\/\/pilt.com.ar\/parque-industrial\/charla-sobre-construccion-rentable-en-tiempos-de-crisis\/","og_site_name":"PILT.com.ar","article_published_time":"2024-04-12T13:52:14+00:00","og_image":[{"width":1600,"height":1200,"url":"https:\/\/i0.wp.com\/pilt.com.ar\/parque-industrial\/wp-content\/uploads\/2024\/04\/WhatsApp-Image-2024-04-11-at-13.02.44.jpeg?fit=1600%2C1200&ssl=1","type":"image\/jpeg"}],"author":"PILT","twitter_card":"summary_large_image","twitter_misc":{"Escrito por":"PILT","Tiempo de lectura":"2 minutos"},"schema":{"@context":"https:\/\/schema.org","@graph":[{"@type":"Article","@id":"https:\/\/pilt.com.ar\/parque-industrial\/charla-sobre-construccion-rentable-en-tiempos-de-crisis\/#article","isPartOf":{"@id":"https:\/\/pilt.com.ar\/parque-industrial\/charla-sobre-construccion-rentable-en-tiempos-de-crisis\/"},"author":{"name":"PILT","@id":"https:\/\/pilt.com.ar\/parque-industrial\/#\/schema\/person\/2dfb9e2464de1c3deef20c25c30a8306"},"headline":"CHARLA SOBRE CONSTRUCCI\u00d3N RENTABLE EN TIEMPOS DE CRISIS","datePublished":"2024-04-12T13:52:14+00:00","mainEntityOfPage":{"@id":"https:\/\/pilt.com.ar\/parque-industrial\/charla-sobre-construccion-rentable-en-tiempos-de-crisis\/"},"wordCount":278,"commentCount":0,"image":{"@id":"https:\/\/pilt.com.ar\/parque-industrial\/charla-sobre-construccion-rentable-en-tiempos-de-crisis\/#primaryimage"},"thumbnailUrl":"https:\/\/i0.wp.com\/pilt.com.ar\/parque-industrial\/wp-content\/uploads\/2024\/04\/WhatsApp-Image-2024-04-11-at-13.02.44.jpeg?fit=1600%2C1200&ssl=1","articleSection":["Noticias"],"inLanguage":"es","potentialAction":[{"@type":"CommentAction","name":"Comment","target":["https:\/\/pilt.com.ar\/parque-industrial\/charla-sobre-construccion-rentable-en-tiempos-de-crisis\/#respond"]}]},{"@type":"WebPage","@id":"https:\/\/pilt.com.ar\/parque-industrial\/charla-sobre-construccion-rentable-en-tiempos-de-crisis\/","url":"https:\/\/pilt.com.ar\/parque-industrial\/charla-sobre-construccion-rentable-en-tiempos-de-crisis\/","name":"CHARLA SOBRE CONSTRUCCI\u00d3N RENTABLE EN TIEMPOS DE CRISIS - PILT.com.ar","isPartOf":{"@id":"https:\/\/pilt.com.ar\/parque-industrial\/#website"},"primaryImageOfPage":{"@id":"https:\/\/pilt.com.ar\/parque-industrial\/charla-sobre-construccion-rentable-en-tiempos-de-crisis\/#primaryimage"},"image":{"@id":"https:\/\/pilt.com.ar\/parque-industrial\/charla-sobre-construccion-rentable-en-tiempos-de-crisis\/#primaryimage"},"thumbnailUrl":"https:\/\/i0.wp.com\/pilt.com.ar\/parque-industrial\/wp-content\/uploads\/2024\/04\/WhatsApp-Image-2024-04-11-at-13.02.44.jpeg?fit=1600%2C1200&ssl=1","datePublished":"2024-04-12T13:52:14+00:00","author":{"@id":"https:\/\/pilt.com.ar\/parque-industrial\/#\/schema\/person\/2dfb9e2464de1c3deef20c25c30a8306"},"inLanguage":"es","potentialAction":[{"@type":"ReadAction","target":["https:\/\/pilt.com.ar\/parque-industrial\/charla-sobre-construccion-rentable-en-tiempos-de-crisis\/"]}]},{"@type":"ImageObject","inLanguage":"es","@id":"https:\/\/pilt.com.ar\/parque-industrial\/charla-sobre-construccion-rentable-en-tiempos-de-crisis\/#primaryimage","url":"https:\/\/i0.wp.com\/pilt.com.ar\/parque-industrial\/wp-content\/uploads\/2024\/04\/WhatsApp-Image-2024-04-11-at-13.02.44.jpeg?fit=1600%2C1200&ssl=1","contentUrl":"https:\/\/i0.wp.com\/pilt.com.ar\/parque-industrial\/wp-content\/uploads\/2024\/04\/WhatsApp-Image-2024-04-11-at-13.02.44.jpeg?fit=1600%2C1200&ssl=1","width":1600,"height":1200},{"@type":"WebSite","@id":"https:\/\/pilt.com.ar\/parque-industrial\/#website","url":"https:\/\/pilt.com.ar\/parque-industrial\/","name":"PILT.com.ar","description":"Parque Industrial, Log\u00edstico y Tecnol\u00f3gico Villa Mar\u00eda","potentialAction":[{"@type":"SearchAction","target":{"@type":"EntryPoint","urlTemplate":"https:\/\/pilt.com.ar\/parque-industrial\/?s={search_term_string}"},"query-input":{"@type":"PropertyValueSpecification","valueRequired":true,"valueName":"search_term_string"}}],"inLanguage":"es"},{"@type":"Person","@id":"https:\/\/pilt.com.ar\/parque-industrial\/#\/schema\/person\/2dfb9e2464de1c3deef20c25c30a8306","name":"PILT","image":{"@type":"ImageObject","inLanguage":"es","@id":"https:\/\/secure.gravatar.com\/avatar\/5e3734c8d8c8e0b0d45f923c14a14d7b90521d573d02f0d91360a777095ee42b?s=96&d=mm&r=g","url":"https:\/\/secure.gravatar.com\/avatar\/5e3734c8d8c8e0b0d45f923c14a14d7b90521d573d02f0d91360a777095ee42b?s=96&d=mm&r=g","contentUrl":"https:\/\/secure.gravatar.com\/avatar\/5e3734c8d8c8e0b0d45f923c14a14d7b90521d573d02f0d91360a777095ee42b?s=96&d=mm&r=g","caption":"PILT"},"url":"https:\/\/pilt.com.ar\/parque-industrial\/author\/pilt\/"}]}},"jetpack_featured_media_url":"https:\/\/i0.wp.com\/pilt.com.ar\/parque-industrial\/wp-content\/uploads\/2024\/04\/WhatsApp-Image-2024-04-11-at-13.02.44.jpeg?fit=1600%2C1200&ssl=1","jetpack_sharing_enabled":true,"_links":{"self":[{"href":"https:\/\/pilt.com.ar\/parque-industrial\/wp-json\/wp\/v2\/posts\/3219","targetHints":{"allow":["GET"]}}],"collection":[{"href":"https:\/\/pilt.com.ar\/parque-industrial\/wp-json\/wp\/v2\/posts"}],"about":[{"href":"https:\/\/pilt.com.ar\/parque-industrial\/wp-json\/wp\/v2\/types\/post"}],"author":[{"embeddable":true,"href":"https:\/\/pilt.com.ar\/parque-industrial\/wp-json\/wp\/v2\/users\/3"}],"replies":[{"embeddable":true,"href":"https:\/\/pilt.com.ar\/parque-industrial\/wp-json\/wp\/v2\/comments?post=3219"}],"version-history":[{"count":1,"href":"https:\/\/pilt.com.ar\/parque-industrial\/wp-json\/wp\/v2\/posts\/3219\/revisions"}],"predecessor-version":[{"id":3221,"href":"https:\/\/pilt.com.ar\/parque-industrial\/wp-json\/wp\/v2\/posts\/3219\/revisions\/3221"}],"wp:featuredmedia":[{"embeddable":true,"href":"https:\/\/pilt.com.ar\/parque-industrial\/wp-json\/wp\/v2\/media\/3220"}],"wp:attachment":[{"href":"https:\/\/pilt.com.ar\/parque-industrial\/wp-json\/wp\/v2\/media?parent=3219"}],"wp:term":[{"taxonomy":"category","embeddable":true,"href":"https:\/\/pilt.com.ar\/parque-industrial\/wp-json\/wp\/v2\/categories?post=3219"},{"taxonomy":"post_tag","embeddable":true,"href":"https:\/\/pilt.com.ar\/parque-industrial\/wp-json\/wp\/v2\/tags?post=3219"}],"curies":[{"name":"wp","href":"https:\/\/api.w.org\/{rel}","templated":true}]}}