{"id":3210,"date":"2024-04-04T16:05:43","date_gmt":"2024-04-04T19:05:43","guid":{"rendered":"https:\/\/pilt.com.ar\/parque-industrial\/?p=3210"},"modified":"2024-04-04T16:05:43","modified_gmt":"2024-04-04T19:05:43","slug":"industrias-magno-exporto-equipos-a-uruguay","status":"publish","type":"post","link":"https:\/\/pilt.com.ar\/parque-industrial\/industrias-magno-exporto-equipos-a-uruguay\/","title":{"rendered":"INDUSTRIAS MAGNO EXPORT\u00d3 EQUIPOS A URUGUAY"},"content":{"rendered":"\n<p class=\"has-text-align-center\"><em><strong>Se trata de una de las primeras empresas que ingresaron a la Nave para Emprendedores I, casi tres a\u00f1os atr\u00e1s.<\/strong><\/em><\/p>\n\n\n\n<p class=\"has-text-align-justify\">Tal como se hab\u00eda anunciado en febrero, recientemente Industrias Magno, firma emplazada en la Nave para Emprendedores I del Parque Industrial, Log\u00edstico y Tecnol\u00f3gico Villa Mar\u00eda (PILT), concret\u00f3 su primera exportaci\u00f3n de productos a Uruguay.<\/p>\n\n\n\n<p class=\"has-text-align-justify\">El emprendimiento que fabrica equipamiento para la producci\u00f3n primaria de leche, espec\u00edficamente para facilitar el manejo en la crianza de terneros, fue uno de los primeros en formar parte del programa Nave para Emprendedores del Ente.<\/p>\n\n\n\n<p class=\"has-text-align-justify\">Seg\u00fan indicaron desde la empresa, ya se encuentran en el vecino pa\u00eds un e-Milk, que es un equipo pasteurizador y distribuidor de leche para terneros en los tambos, que facilita el trabajo de los operarios, y 2 unidades de e-Calf, utilizado como pasteurizador y descongelador de calostro.<\/p>\n\n\n\n<p class=\"has-text-align-justify\">Vale la pena se\u00f1alar que Industrias Magno no export\u00f3 los productos directamente a un consumidor final, sino que desarroll\u00f3 socios comerciales, ya que la intenci\u00f3n es contar con servicio posventa y asistencia t\u00e9cnica en territorio.&nbsp;<\/p>\n\n\n\n<p class=\"has-text-align-justify\">Es oportuno recordar que hace pocos d\u00edas el Se\u00f1or Intendente Municipal Mg. Eduardo Luis Acastello, acompa\u00f1ado por el Presidente del Parque Industrial, Ing. Carlos Pizzorno; el Gerente, Lic. Carlos Montoto Galiano; la Secretaria de Infraestructura, Desarrollo Urbano y Ambiente de la Municipalidad de Villa Mar\u00eda, Cra. Alejandra Barbero y la Subsecretaria de Ingresos P\u00fablicos del Municipio, Cra. Victoria Poncio, hicieron entrega de llaves de la \u201cNave para Emprendedores II &#8211; Alimentos\u201d a los nuevos emprendedores especializados y productores de alimentos. Es el deseo de toda la comunidad del Parque que los \u00e9xitos se repitan.<\/p>\n","protected":false},"excerpt":{"rendered":"<p>Se trata de una de las primeras empresas que ingresaron a la Nave para Emprendedores I, casi tres a\u00f1os atr\u00e1s. Tal como se hab\u00eda anunciado en febrero, recientemente Industrias Magno, firma emplazada en la Nave para Emprendedores I del Parque Industrial, Log\u00edstico y Tecnol\u00f3gico Villa Mar\u00eda (PILT), concret\u00f3 su primera exportaci\u00f3n de productos a Uruguay. [&hellip;]<\/p>\n","protected":false},"author":3,"featured_media":3211,"comment_status":"open","ping_status":"open","sticky":false,"template":"","format":"standard","meta":{"_jetpack_memberships_contains_paid_content":false,"footnotes":""},"categories":[2],"tags":[],"class_list":["post-3210","post","type-post","status-publish","format-standard","has-post-thumbnail","hentry","category-noticias"],"yoast_head":"<!-- This site is optimized with the Yoast SEO plugin v27.5 - https:\/\/yoast.com\/product\/yoast-seo-wordpress\/ -->\n<title>INDUSTRIAS MAGNO EXPORT\u00d3 EQUIPOS A URUGUAY - PILT.com.ar<\/title>\n<meta name=\"robots\" content=\"index, follow, max-snippet:-1, max-image-preview:large, max-video-preview:-1\" \/>\n<link rel=\"canonical\" href=\"https:\/\/pilt.com.ar\/parque-industrial\/industrias-magno-exporto-equipos-a-uruguay\/\" \/>\n<meta property=\"og:locale\" content=\"es_ES\" \/>\n<meta property=\"og:type\" content=\"article\" \/>\n<meta property=\"og:title\" content=\"INDUSTRIAS MAGNO EXPORT\u00d3 EQUIPOS A URUGUAY - PILT.com.ar\" \/>\n<meta property=\"og:description\" content=\"Se trata de una de las primeras empresas que ingresaron a la Nave para Emprendedores I, casi tres a\u00f1os atr\u00e1s. Tal como se hab\u00eda anunciado en febrero, recientemente Industrias Magno, firma emplazada en la Nave para Emprendedores I del Parque Industrial, Log\u00edstico y Tecnol\u00f3gico Villa Mar\u00eda (PILT), concret\u00f3 su primera exportaci\u00f3n de productos a Uruguay. [&hellip;]\" \/>\n<meta property=\"og:url\" content=\"https:\/\/pilt.com.ar\/parque-industrial\/industrias-magno-exporto-equipos-a-uruguay\/\" \/>\n<meta property=\"og:site_name\" content=\"PILT.com.ar\" \/>\n<meta property=\"article:published_time\" content=\"2024-04-04T19:05:43+00:00\" \/>\n<meta property=\"og:image\" content=\"https:\/\/i0.wp.com\/pilt.com.ar\/parque-industrial\/wp-content\/uploads\/2024\/04\/WhatsApp-Image-2024-04-04-at-10.50.20-AM.jpeg?fit=1200%2C852&ssl=1\" \/>\n\t<meta property=\"og:image:width\" content=\"1200\" \/>\n\t<meta property=\"og:image:height\" content=\"852\" \/>\n\t<meta property=\"og:image:type\" content=\"image\/jpeg\" \/>\n<meta name=\"author\" content=\"PILT\" \/>\n<meta name=\"twitter:card\" content=\"summary_large_image\" \/>\n<meta name=\"twitter:label1\" content=\"Escrito por\" \/>\n\t<meta name=\"twitter:data1\" content=\"PILT\" \/>\n\t<meta name=\"twitter:label2\" content=\"Tiempo de lectura\" \/>\n\t<meta name=\"twitter:data2\" content=\"2 minutos\" \/>\n<script type=\"application\/ld+json\" class=\"yoast-schema-graph\">{\"@context\":\"https:\\\/\\\/schema.org\",\"@graph\":[{\"@type\":\"Article\",\"@id\":\"https:\\\/\\\/pilt.com.ar\\\/parque-industrial\\\/industrias-magno-exporto-equipos-a-uruguay\\\/#article\",\"isPartOf\":{\"@id\":\"https:\\\/\\\/pilt.com.ar\\\/parque-industrial\\\/industrias-magno-exporto-equipos-a-uruguay\\\/\"},\"author\":{\"name\":\"PILT\",\"@id\":\"https:\\\/\\\/pilt.com.ar\\\/parque-industrial\\\/#\\\/schema\\\/person\\\/2dfb9e2464de1c3deef20c25c30a8306\"},\"headline\":\"INDUSTRIAS MAGNO EXPORT\u00d3 EQUIPOS A URUGUAY\",\"datePublished\":\"2024-04-04T19:05:43+00:00\",\"mainEntityOfPage\":{\"@id\":\"https:\\\/\\\/pilt.com.ar\\\/parque-industrial\\\/industrias-magno-exporto-equipos-a-uruguay\\\/\"},\"wordCount\":292,\"commentCount\":0,\"image\":{\"@id\":\"https:\\\/\\\/pilt.com.ar\\\/parque-industrial\\\/industrias-magno-exporto-equipos-a-uruguay\\\/#primaryimage\"},\"thumbnailUrl\":\"https:\\\/\\\/i0.wp.com\\\/pilt.com.ar\\\/parque-industrial\\\/wp-content\\\/uploads\\\/2024\\\/04\\\/WhatsApp-Image-2024-04-04-at-10.50.20-AM.jpeg?fit=1200%2C852&ssl=1\",\"articleSection\":[\"Noticias\"],\"inLanguage\":\"es\",\"potentialAction\":[{\"@type\":\"CommentAction\",\"name\":\"Comment\",\"target\":[\"https:\\\/\\\/pilt.com.ar\\\/parque-industrial\\\/industrias-magno-exporto-equipos-a-uruguay\\\/#respond\"]}]},{\"@type\":\"WebPage\",\"@id\":\"https:\\\/\\\/pilt.com.ar\\\/parque-industrial\\\/industrias-magno-exporto-equipos-a-uruguay\\\/\",\"url\":\"https:\\\/\\\/pilt.com.ar\\\/parque-industrial\\\/industrias-magno-exporto-equipos-a-uruguay\\\/\",\"name\":\"INDUSTRIAS MAGNO EXPORT\u00d3 EQUIPOS A URUGUAY - PILT.com.ar\",\"isPartOf\":{\"@id\":\"https:\\\/\\\/pilt.com.ar\\\/parque-industrial\\\/#website\"},\"primaryImageOfPage\":{\"@id\":\"https:\\\/\\\/pilt.com.ar\\\/parque-industrial\\\/industrias-magno-exporto-equipos-a-uruguay\\\/#primaryimage\"},\"image\":{\"@id\":\"https:\\\/\\\/pilt.com.ar\\\/parque-industrial\\\/industrias-magno-exporto-equipos-a-uruguay\\\/#primaryimage\"},\"thumbnailUrl\":\"https:\\\/\\\/i0.wp.com\\\/pilt.com.ar\\\/parque-industrial\\\/wp-content\\\/uploads\\\/2024\\\/04\\\/WhatsApp-Image-2024-04-04-at-10.50.20-AM.jpeg?fit=1200%2C852&ssl=1\",\"datePublished\":\"2024-04-04T19:05:43+00:00\",\"author\":{\"@id\":\"https:\\\/\\\/pilt.com.ar\\\/parque-industrial\\\/#\\\/schema\\\/person\\\/2dfb9e2464de1c3deef20c25c30a8306\"},\"inLanguage\":\"es\",\"potentialAction\":[{\"@type\":\"ReadAction\",\"target\":[\"https:\\\/\\\/pilt.com.ar\\\/parque-industrial\\\/industrias-magno-exporto-equipos-a-uruguay\\\/\"]}]},{\"@type\":\"ImageObject\",\"inLanguage\":\"es\",\"@id\":\"https:\\\/\\\/pilt.com.ar\\\/parque-industrial\\\/industrias-magno-exporto-equipos-a-uruguay\\\/#primaryimage\",\"url\":\"https:\\\/\\\/i0.wp.com\\\/pilt.com.ar\\\/parque-industrial\\\/wp-content\\\/uploads\\\/2024\\\/04\\\/WhatsApp-Image-2024-04-04-at-10.50.20-AM.jpeg?fit=1200%2C852&ssl=1\",\"contentUrl\":\"https:\\\/\\\/i0.wp.com\\\/pilt.com.ar\\\/parque-industrial\\\/wp-content\\\/uploads\\\/2024\\\/04\\\/WhatsApp-Image-2024-04-04-at-10.50.20-AM.jpeg?fit=1200%2C852&ssl=1\",\"width\":1200,\"height\":852},{\"@type\":\"WebSite\",\"@id\":\"https:\\\/\\\/pilt.com.ar\\\/parque-industrial\\\/#website\",\"url\":\"https:\\\/\\\/pilt.com.ar\\\/parque-industrial\\\/\",\"name\":\"PILT.com.ar\",\"description\":\"Parque Industrial, Log\u00edstico y Tecnol\u00f3gico Villa Mar\u00eda\",\"potentialAction\":[{\"@type\":\"SearchAction\",\"target\":{\"@type\":\"EntryPoint\",\"urlTemplate\":\"https:\\\/\\\/pilt.com.ar\\\/parque-industrial\\\/?s={search_term_string}\"},\"query-input\":{\"@type\":\"PropertyValueSpecification\",\"valueRequired\":true,\"valueName\":\"search_term_string\"}}],\"inLanguage\":\"es\"},{\"@type\":\"Person\",\"@id\":\"https:\\\/\\\/pilt.com.ar\\\/parque-industrial\\\/#\\\/schema\\\/person\\\/2dfb9e2464de1c3deef20c25c30a8306\",\"name\":\"PILT\",\"image\":{\"@type\":\"ImageObject\",\"inLanguage\":\"es\",\"@id\":\"https:\\\/\\\/secure.gravatar.com\\\/avatar\\\/5e3734c8d8c8e0b0d45f923c14a14d7b90521d573d02f0d91360a777095ee42b?s=96&d=mm&r=g\",\"url\":\"https:\\\/\\\/secure.gravatar.com\\\/avatar\\\/5e3734c8d8c8e0b0d45f923c14a14d7b90521d573d02f0d91360a777095ee42b?s=96&d=mm&r=g\",\"contentUrl\":\"https:\\\/\\\/secure.gravatar.com\\\/avatar\\\/5e3734c8d8c8e0b0d45f923c14a14d7b90521d573d02f0d91360a777095ee42b?s=96&d=mm&r=g\",\"caption\":\"PILT\"},\"url\":\"https:\\\/\\\/pilt.com.ar\\\/parque-industrial\\\/author\\\/pilt\\\/\"}]}<\/script>\n<!-- \/ Yoast SEO plugin. -->","yoast_head_json":{"title":"INDUSTRIAS MAGNO EXPORT\u00d3 EQUIPOS A URUGUAY - PILT.com.ar","robots":{"index":"index","follow":"follow","max-snippet":"max-snippet:-1","max-image-preview":"max-image-preview:large","max-video-preview":"max-video-preview:-1"},"canonical":"https:\/\/pilt.com.ar\/parque-industrial\/industrias-magno-exporto-equipos-a-uruguay\/","og_locale":"es_ES","og_type":"article","og_title":"INDUSTRIAS MAGNO EXPORT\u00d3 EQUIPOS A URUGUAY - PILT.com.ar","og_description":"Se trata de una de las primeras empresas que ingresaron a la Nave para Emprendedores I, casi tres a\u00f1os atr\u00e1s. Tal como se hab\u00eda anunciado en febrero, recientemente Industrias Magno, firma emplazada en la Nave para Emprendedores I del Parque Industrial, Log\u00edstico y Tecnol\u00f3gico Villa Mar\u00eda (PILT), concret\u00f3 su primera exportaci\u00f3n de productos a Uruguay. [&hellip;]","og_url":"https:\/\/pilt.com.ar\/parque-industrial\/industrias-magno-exporto-equipos-a-uruguay\/","og_site_name":"PILT.com.ar","article_published_time":"2024-04-04T19:05:43+00:00","og_image":[{"width":1200,"height":852,"url":"https:\/\/i0.wp.com\/pilt.com.ar\/parque-industrial\/wp-content\/uploads\/2024\/04\/WhatsApp-Image-2024-04-04-at-10.50.20-AM.jpeg?fit=1200%2C852&ssl=1","type":"image\/jpeg"}],"author":"PILT","twitter_card":"summary_large_image","twitter_misc":{"Escrito por":"PILT","Tiempo de lectura":"2 minutos"},"schema":{"@context":"https:\/\/schema.org","@graph":[{"@type":"Article","@id":"https:\/\/pilt.com.ar\/parque-industrial\/industrias-magno-exporto-equipos-a-uruguay\/#article","isPartOf":{"@id":"https:\/\/pilt.com.ar\/parque-industrial\/industrias-magno-exporto-equipos-a-uruguay\/"},"author":{"name":"PILT","@id":"https:\/\/pilt.com.ar\/parque-industrial\/#\/schema\/person\/2dfb9e2464de1c3deef20c25c30a8306"},"headline":"INDUSTRIAS MAGNO EXPORT\u00d3 EQUIPOS A URUGUAY","datePublished":"2024-04-04T19:05:43+00:00","mainEntityOfPage":{"@id":"https:\/\/pilt.com.ar\/parque-industrial\/industrias-magno-exporto-equipos-a-uruguay\/"},"wordCount":292,"commentCount":0,"image":{"@id":"https:\/\/pilt.com.ar\/parque-industrial\/industrias-magno-exporto-equipos-a-uruguay\/#primaryimage"},"thumbnailUrl":"https:\/\/i0.wp.com\/pilt.com.ar\/parque-industrial\/wp-content\/uploads\/2024\/04\/WhatsApp-Image-2024-04-04-at-10.50.20-AM.jpeg?fit=1200%2C852&ssl=1","articleSection":["Noticias"],"inLanguage":"es","potentialAction":[{"@type":"CommentAction","name":"Comment","target":["https:\/\/pilt.com.ar\/parque-industrial\/industrias-magno-exporto-equipos-a-uruguay\/#respond"]}]},{"@type":"WebPage","@id":"https:\/\/pilt.com.ar\/parque-industrial\/industrias-magno-exporto-equipos-a-uruguay\/","url":"https:\/\/pilt.com.ar\/parque-industrial\/industrias-magno-exporto-equipos-a-uruguay\/","name":"INDUSTRIAS MAGNO EXPORT\u00d3 EQUIPOS A URUGUAY - PILT.com.ar","isPartOf":{"@id":"https:\/\/pilt.com.ar\/parque-industrial\/#website"},"primaryImageOfPage":{"@id":"https:\/\/pilt.com.ar\/parque-industrial\/industrias-magno-exporto-equipos-a-uruguay\/#primaryimage"},"image":{"@id":"https:\/\/pilt.com.ar\/parque-industrial\/industrias-magno-exporto-equipos-a-uruguay\/#primaryimage"},"thumbnailUrl":"https:\/\/i0.wp.com\/pilt.com.ar\/parque-industrial\/wp-content\/uploads\/2024\/04\/WhatsApp-Image-2024-04-04-at-10.50.20-AM.jpeg?fit=1200%2C852&ssl=1","datePublished":"2024-04-04T19:05:43+00:00","author":{"@id":"https:\/\/pilt.com.ar\/parque-industrial\/#\/schema\/person\/2dfb9e2464de1c3deef20c25c30a8306"},"inLanguage":"es","potentialAction":[{"@type":"ReadAction","target":["https:\/\/pilt.com.ar\/parque-industrial\/industrias-magno-exporto-equipos-a-uruguay\/"]}]},{"@type":"ImageObject","inLanguage":"es","@id":"https:\/\/pilt.com.ar\/parque-industrial\/industrias-magno-exporto-equipos-a-uruguay\/#primaryimage","url":"https:\/\/i0.wp.com\/pilt.com.ar\/parque-industrial\/wp-content\/uploads\/2024\/04\/WhatsApp-Image-2024-04-04-at-10.50.20-AM.jpeg?fit=1200%2C852&ssl=1","contentUrl":"https:\/\/i0.wp.com\/pilt.com.ar\/parque-industrial\/wp-content\/uploads\/2024\/04\/WhatsApp-Image-2024-04-04-at-10.50.20-AM.jpeg?fit=1200%2C852&ssl=1","width":1200,"height":852},{"@type":"WebSite","@id":"https:\/\/pilt.com.ar\/parque-industrial\/#website","url":"https:\/\/pilt.com.ar\/parque-industrial\/","name":"PILT.com.ar","description":"Parque Industrial, Log\u00edstico y Tecnol\u00f3gico Villa Mar\u00eda","potentialAction":[{"@type":"SearchAction","target":{"@type":"EntryPoint","urlTemplate":"https:\/\/pilt.com.ar\/parque-industrial\/?s={search_term_string}"},"query-input":{"@type":"PropertyValueSpecification","valueRequired":true,"valueName":"search_term_string"}}],"inLanguage":"es"},{"@type":"Person","@id":"https:\/\/pilt.com.ar\/parque-industrial\/#\/schema\/person\/2dfb9e2464de1c3deef20c25c30a8306","name":"PILT","image":{"@type":"ImageObject","inLanguage":"es","@id":"https:\/\/secure.gravatar.com\/avatar\/5e3734c8d8c8e0b0d45f923c14a14d7b90521d573d02f0d91360a777095ee42b?s=96&d=mm&r=g","url":"https:\/\/secure.gravatar.com\/avatar\/5e3734c8d8c8e0b0d45f923c14a14d7b90521d573d02f0d91360a777095ee42b?s=96&d=mm&r=g","contentUrl":"https:\/\/secure.gravatar.com\/avatar\/5e3734c8d8c8e0b0d45f923c14a14d7b90521d573d02f0d91360a777095ee42b?s=96&d=mm&r=g","caption":"PILT"},"url":"https:\/\/pilt.com.ar\/parque-industrial\/author\/pilt\/"}]}},"jetpack_featured_media_url":"https:\/\/i0.wp.com\/pilt.com.ar\/parque-industrial\/wp-content\/uploads\/2024\/04\/WhatsApp-Image-2024-04-04-at-10.50.20-AM.jpeg?fit=1200%2C852&ssl=1","jetpack_sharing_enabled":true,"_links":{"self":[{"href":"https:\/\/pilt.com.ar\/parque-industrial\/wp-json\/wp\/v2\/posts\/3210","targetHints":{"allow":["GET"]}}],"collection":[{"href":"https:\/\/pilt.com.ar\/parque-industrial\/wp-json\/wp\/v2\/posts"}],"about":[{"href":"https:\/\/pilt.com.ar\/parque-industrial\/wp-json\/wp\/v2\/types\/post"}],"author":[{"embeddable":true,"href":"https:\/\/pilt.com.ar\/parque-industrial\/wp-json\/wp\/v2\/users\/3"}],"replies":[{"embeddable":true,"href":"https:\/\/pilt.com.ar\/parque-industrial\/wp-json\/wp\/v2\/comments?post=3210"}],"version-history":[{"count":1,"href":"https:\/\/pilt.com.ar\/parque-industrial\/wp-json\/wp\/v2\/posts\/3210\/revisions"}],"predecessor-version":[{"id":3212,"href":"https:\/\/pilt.com.ar\/parque-industrial\/wp-json\/wp\/v2\/posts\/3210\/revisions\/3212"}],"wp:featuredmedia":[{"embeddable":true,"href":"https:\/\/pilt.com.ar\/parque-industrial\/wp-json\/wp\/v2\/media\/3211"}],"wp:attachment":[{"href":"https:\/\/pilt.com.ar\/parque-industrial\/wp-json\/wp\/v2\/media?parent=3210"}],"wp:term":[{"taxonomy":"category","embeddable":true,"href":"https:\/\/pilt.com.ar\/parque-industrial\/wp-json\/wp\/v2\/categories?post=3210"},{"taxonomy":"post_tag","embeddable":true,"href":"https:\/\/pilt.com.ar\/parque-industrial\/wp-json\/wp\/v2\/tags?post=3210"}],"curies":[{"name":"wp","href":"https:\/\/api.w.org\/{rel}","templated":true}]}}