{"id":3196,"date":"2024-03-15T14:53:57","date_gmt":"2024-03-15T17:53:57","guid":{"rendered":"https:\/\/pilt.com.ar\/parque-industrial\/?p=3196"},"modified":"2024-03-15T14:53:58","modified_gmt":"2024-03-15T17:53:58","slug":"directivos-del-pilt-se-reunieron-con-funcionarios-municipales","status":"publish","type":"post","link":"https:\/\/pilt.com.ar\/parque-industrial\/directivos-del-pilt-se-reunieron-con-funcionarios-municipales\/","title":{"rendered":"DIRECTIVOS DEL PILT SE REUNIERON CON FUNCIONARIOS MUNICIPALES"},"content":{"rendered":"\n<p><em>El encuentro sirvi\u00f3 para avanzar en objetivos comunes que beneficien al sector de la producci\u00f3n y el comercio.<\/em><\/p>\n\n\n\n<p class=\"has-text-align-justify\">Funcionarios del \u00e1rea de Comercio e Industria del municipio local estuvieron en el Parque Industrial, Log\u00edstico y Tecnol\u00f3gico Villa Mar\u00eda (PILT), en donde mantuvieron una reuni\u00f3n con miembros del Directorio de la entidad. En la oportunidad, los presentes intercambiaron miradas sobre la importancia del trabajo conjunto para impulsar la producci\u00f3n local y regional, y los aportes que para ello pueden realizar tanto desde la Municipalidad como desde el Ente. Para ese fin, se hizo hincapi\u00e9 en coordinar esfuerzos entre ambos espacios.<\/p>\n\n\n\n<p class=\"has-text-align-justify\">Asimismo, los funcionarios indicaron que la intenci\u00f3n es acompa\u00f1ar el desarrollo de las empresas y emprendedores, no solo desde el punto de vista productivo sino tambi\u00e9n comercial, promoviendo su inserci\u00f3n en mercados nacionales e internacionales.<\/p>\n\n\n\n<p class=\"has-text-align-justify\">En otro orden, tambi\u00e9n se trabajar\u00e1 en forma conjunta para incrementar la forestaci\u00f3n del predio.<\/p>\n\n\n\n<p class=\"has-text-align-justify\">Participaron del encuentro el presidente del PILT, Ing. Carlos Pizzorno; el gerente de la entidad, Lic. Carlos Montoto Galiano; los directores Ezequiel Cerezo, Oscar Milanesio y Alexis Genovese, como as\u00ed tambi\u00e9n el asesor del Ente, Gustavo Fowler. La comitiva municipal estuvo encabezada por el subsecretario de Desarrollo Productivo, Germ\u00e1n Tenedini y los coordinadores de Pymes, Emprendedurismo y Empleo, Ariel Figueroa; y de Industria y Comercio, Jos\u00e9 Ignacio Salom\u00f3n, entre otros funcionarios.<\/p>\n","protected":false},"excerpt":{"rendered":"<p>El encuentro sirvi\u00f3 para avanzar en objetivos comunes que beneficien al sector de la producci\u00f3n y el comercio. Funcionarios del \u00e1rea de Comercio e Industria del municipio local estuvieron en el Parque Industrial, Log\u00edstico y Tecnol\u00f3gico Villa Mar\u00eda (PILT), en donde mantuvieron una reuni\u00f3n con miembros del Directorio de la entidad. En la oportunidad, los [&hellip;]<\/p>\n","protected":false},"author":3,"featured_media":3197,"comment_status":"open","ping_status":"open","sticky":false,"template":"","format":"standard","meta":{"_jetpack_memberships_contains_paid_content":false,"footnotes":""},"categories":[2],"tags":[],"class_list":["post-3196","post","type-post","status-publish","format-standard","has-post-thumbnail","hentry","category-noticias"],"yoast_head":"<!-- This site is optimized with the Yoast SEO plugin v27.5 - https:\/\/yoast.com\/product\/yoast-seo-wordpress\/ -->\n<title>DIRECTIVOS DEL PILT SE REUNIERON CON FUNCIONARIOS MUNICIPALES - PILT.com.ar<\/title>\n<meta name=\"robots\" content=\"index, follow, max-snippet:-1, max-image-preview:large, max-video-preview:-1\" \/>\n<link rel=\"canonical\" href=\"https:\/\/pilt.com.ar\/parque-industrial\/directivos-del-pilt-se-reunieron-con-funcionarios-municipales\/\" \/>\n<meta property=\"og:locale\" content=\"es_ES\" \/>\n<meta property=\"og:type\" content=\"article\" \/>\n<meta property=\"og:title\" content=\"DIRECTIVOS DEL PILT SE REUNIERON CON FUNCIONARIOS MUNICIPALES - PILT.com.ar\" \/>\n<meta property=\"og:description\" content=\"El encuentro sirvi\u00f3 para avanzar en objetivos comunes que beneficien al sector de la producci\u00f3n y el comercio. Funcionarios del \u00e1rea de Comercio e Industria del municipio local estuvieron en el Parque Industrial, Log\u00edstico y Tecnol\u00f3gico Villa Mar\u00eda (PILT), en donde mantuvieron una reuni\u00f3n con miembros del Directorio de la entidad. En la oportunidad, los [&hellip;]\" \/>\n<meta property=\"og:url\" content=\"https:\/\/pilt.com.ar\/parque-industrial\/directivos-del-pilt-se-reunieron-con-funcionarios-municipales\/\" \/>\n<meta property=\"og:site_name\" content=\"PILT.com.ar\" \/>\n<meta property=\"article:published_time\" content=\"2024-03-15T17:53:57+00:00\" \/>\n<meta property=\"article:modified_time\" content=\"2024-03-15T17:53:58+00:00\" \/>\n<meta property=\"og:image\" content=\"https:\/\/i0.wp.com\/pilt.com.ar\/parque-industrial\/wp-content\/uploads\/2024\/03\/WhatsApp-Image-2024-03-15-at-10.36.50.jpeg?fit=1600%2C901&ssl=1\" \/>\n\t<meta property=\"og:image:width\" content=\"1600\" \/>\n\t<meta property=\"og:image:height\" content=\"901\" \/>\n\t<meta property=\"og:image:type\" content=\"image\/jpeg\" \/>\n<meta name=\"author\" content=\"PILT\" \/>\n<meta name=\"twitter:card\" content=\"summary_large_image\" \/>\n<meta name=\"twitter:label1\" content=\"Escrito por\" \/>\n\t<meta name=\"twitter:data1\" content=\"PILT\" \/>\n\t<meta name=\"twitter:label2\" content=\"Tiempo de lectura\" \/>\n\t<meta name=\"twitter:data2\" content=\"2 minutos\" \/>\n<script type=\"application\/ld+json\" class=\"yoast-schema-graph\">{\"@context\":\"https:\\\/\\\/schema.org\",\"@graph\":[{\"@type\":\"Article\",\"@id\":\"https:\\\/\\\/pilt.com.ar\\\/parque-industrial\\\/directivos-del-pilt-se-reunieron-con-funcionarios-municipales\\\/#article\",\"isPartOf\":{\"@id\":\"https:\\\/\\\/pilt.com.ar\\\/parque-industrial\\\/directivos-del-pilt-se-reunieron-con-funcionarios-municipales\\\/\"},\"author\":{\"name\":\"PILT\",\"@id\":\"https:\\\/\\\/pilt.com.ar\\\/parque-industrial\\\/#\\\/schema\\\/person\\\/2dfb9e2464de1c3deef20c25c30a8306\"},\"headline\":\"DIRECTIVOS DEL PILT SE REUNIERON CON FUNCIONARIOS MUNICIPALES\",\"datePublished\":\"2024-03-15T17:53:57+00:00\",\"dateModified\":\"2024-03-15T17:53:58+00:00\",\"mainEntityOfPage\":{\"@id\":\"https:\\\/\\\/pilt.com.ar\\\/parque-industrial\\\/directivos-del-pilt-se-reunieron-con-funcionarios-municipales\\\/\"},\"wordCount\":243,\"commentCount\":0,\"image\":{\"@id\":\"https:\\\/\\\/pilt.com.ar\\\/parque-industrial\\\/directivos-del-pilt-se-reunieron-con-funcionarios-municipales\\\/#primaryimage\"},\"thumbnailUrl\":\"https:\\\/\\\/i0.wp.com\\\/pilt.com.ar\\\/parque-industrial\\\/wp-content\\\/uploads\\\/2024\\\/03\\\/WhatsApp-Image-2024-03-15-at-10.36.50.jpeg?fit=1600%2C901&ssl=1\",\"articleSection\":[\"Noticias\"],\"inLanguage\":\"es\",\"potentialAction\":[{\"@type\":\"CommentAction\",\"name\":\"Comment\",\"target\":[\"https:\\\/\\\/pilt.com.ar\\\/parque-industrial\\\/directivos-del-pilt-se-reunieron-con-funcionarios-municipales\\\/#respond\"]}]},{\"@type\":\"WebPage\",\"@id\":\"https:\\\/\\\/pilt.com.ar\\\/parque-industrial\\\/directivos-del-pilt-se-reunieron-con-funcionarios-municipales\\\/\",\"url\":\"https:\\\/\\\/pilt.com.ar\\\/parque-industrial\\\/directivos-del-pilt-se-reunieron-con-funcionarios-municipales\\\/\",\"name\":\"DIRECTIVOS DEL PILT SE REUNIERON CON FUNCIONARIOS MUNICIPALES - PILT.com.ar\",\"isPartOf\":{\"@id\":\"https:\\\/\\\/pilt.com.ar\\\/parque-industrial\\\/#website\"},\"primaryImageOfPage\":{\"@id\":\"https:\\\/\\\/pilt.com.ar\\\/parque-industrial\\\/directivos-del-pilt-se-reunieron-con-funcionarios-municipales\\\/#primaryimage\"},\"image\":{\"@id\":\"https:\\\/\\\/pilt.com.ar\\\/parque-industrial\\\/directivos-del-pilt-se-reunieron-con-funcionarios-municipales\\\/#primaryimage\"},\"thumbnailUrl\":\"https:\\\/\\\/i0.wp.com\\\/pilt.com.ar\\\/parque-industrial\\\/wp-content\\\/uploads\\\/2024\\\/03\\\/WhatsApp-Image-2024-03-15-at-10.36.50.jpeg?fit=1600%2C901&ssl=1\",\"datePublished\":\"2024-03-15T17:53:57+00:00\",\"dateModified\":\"2024-03-15T17:53:58+00:00\",\"author\":{\"@id\":\"https:\\\/\\\/pilt.com.ar\\\/parque-industrial\\\/#\\\/schema\\\/person\\\/2dfb9e2464de1c3deef20c25c30a8306\"},\"inLanguage\":\"es\",\"potentialAction\":[{\"@type\":\"ReadAction\",\"target\":[\"https:\\\/\\\/pilt.com.ar\\\/parque-industrial\\\/directivos-del-pilt-se-reunieron-con-funcionarios-municipales\\\/\"]}]},{\"@type\":\"ImageObject\",\"inLanguage\":\"es\",\"@id\":\"https:\\\/\\\/pilt.com.ar\\\/parque-industrial\\\/directivos-del-pilt-se-reunieron-con-funcionarios-municipales\\\/#primaryimage\",\"url\":\"https:\\\/\\\/i0.wp.com\\\/pilt.com.ar\\\/parque-industrial\\\/wp-content\\\/uploads\\\/2024\\\/03\\\/WhatsApp-Image-2024-03-15-at-10.36.50.jpeg?fit=1600%2C901&ssl=1\",\"contentUrl\":\"https:\\\/\\\/i0.wp.com\\\/pilt.com.ar\\\/parque-industrial\\\/wp-content\\\/uploads\\\/2024\\\/03\\\/WhatsApp-Image-2024-03-15-at-10.36.50.jpeg?fit=1600%2C901&ssl=1\",\"width\":1600,\"height\":901},{\"@type\":\"WebSite\",\"@id\":\"https:\\\/\\\/pilt.com.ar\\\/parque-industrial\\\/#website\",\"url\":\"https:\\\/\\\/pilt.com.ar\\\/parque-industrial\\\/\",\"name\":\"PILT.com.ar\",\"description\":\"Parque Industrial, Log\u00edstico y Tecnol\u00f3gico Villa Mar\u00eda\",\"potentialAction\":[{\"@type\":\"SearchAction\",\"target\":{\"@type\":\"EntryPoint\",\"urlTemplate\":\"https:\\\/\\\/pilt.com.ar\\\/parque-industrial\\\/?s={search_term_string}\"},\"query-input\":{\"@type\":\"PropertyValueSpecification\",\"valueRequired\":true,\"valueName\":\"search_term_string\"}}],\"inLanguage\":\"es\"},{\"@type\":\"Person\",\"@id\":\"https:\\\/\\\/pilt.com.ar\\\/parque-industrial\\\/#\\\/schema\\\/person\\\/2dfb9e2464de1c3deef20c25c30a8306\",\"name\":\"PILT\",\"image\":{\"@type\":\"ImageObject\",\"inLanguage\":\"es\",\"@id\":\"https:\\\/\\\/secure.gravatar.com\\\/avatar\\\/5e3734c8d8c8e0b0d45f923c14a14d7b90521d573d02f0d91360a777095ee42b?s=96&d=mm&r=g\",\"url\":\"https:\\\/\\\/secure.gravatar.com\\\/avatar\\\/5e3734c8d8c8e0b0d45f923c14a14d7b90521d573d02f0d91360a777095ee42b?s=96&d=mm&r=g\",\"contentUrl\":\"https:\\\/\\\/secure.gravatar.com\\\/avatar\\\/5e3734c8d8c8e0b0d45f923c14a14d7b90521d573d02f0d91360a777095ee42b?s=96&d=mm&r=g\",\"caption\":\"PILT\"},\"url\":\"https:\\\/\\\/pilt.com.ar\\\/parque-industrial\\\/author\\\/pilt\\\/\"}]}<\/script>\n<!-- \/ Yoast SEO plugin. -->","yoast_head_json":{"title":"DIRECTIVOS DEL PILT SE REUNIERON CON FUNCIONARIOS MUNICIPALES - PILT.com.ar","robots":{"index":"index","follow":"follow","max-snippet":"max-snippet:-1","max-image-preview":"max-image-preview:large","max-video-preview":"max-video-preview:-1"},"canonical":"https:\/\/pilt.com.ar\/parque-industrial\/directivos-del-pilt-se-reunieron-con-funcionarios-municipales\/","og_locale":"es_ES","og_type":"article","og_title":"DIRECTIVOS DEL PILT SE REUNIERON CON FUNCIONARIOS MUNICIPALES - PILT.com.ar","og_description":"El encuentro sirvi\u00f3 para avanzar en objetivos comunes que beneficien al sector de la producci\u00f3n y el comercio. Funcionarios del \u00e1rea de Comercio e Industria del municipio local estuvieron en el Parque Industrial, Log\u00edstico y Tecnol\u00f3gico Villa Mar\u00eda (PILT), en donde mantuvieron una reuni\u00f3n con miembros del Directorio de la entidad. En la oportunidad, los [&hellip;]","og_url":"https:\/\/pilt.com.ar\/parque-industrial\/directivos-del-pilt-se-reunieron-con-funcionarios-municipales\/","og_site_name":"PILT.com.ar","article_published_time":"2024-03-15T17:53:57+00:00","article_modified_time":"2024-03-15T17:53:58+00:00","og_image":[{"width":1600,"height":901,"url":"https:\/\/i0.wp.com\/pilt.com.ar\/parque-industrial\/wp-content\/uploads\/2024\/03\/WhatsApp-Image-2024-03-15-at-10.36.50.jpeg?fit=1600%2C901&ssl=1","type":"image\/jpeg"}],"author":"PILT","twitter_card":"summary_large_image","twitter_misc":{"Escrito por":"PILT","Tiempo de lectura":"2 minutos"},"schema":{"@context":"https:\/\/schema.org","@graph":[{"@type":"Article","@id":"https:\/\/pilt.com.ar\/parque-industrial\/directivos-del-pilt-se-reunieron-con-funcionarios-municipales\/#article","isPartOf":{"@id":"https:\/\/pilt.com.ar\/parque-industrial\/directivos-del-pilt-se-reunieron-con-funcionarios-municipales\/"},"author":{"name":"PILT","@id":"https:\/\/pilt.com.ar\/parque-industrial\/#\/schema\/person\/2dfb9e2464de1c3deef20c25c30a8306"},"headline":"DIRECTIVOS DEL PILT SE REUNIERON CON FUNCIONARIOS MUNICIPALES","datePublished":"2024-03-15T17:53:57+00:00","dateModified":"2024-03-15T17:53:58+00:00","mainEntityOfPage":{"@id":"https:\/\/pilt.com.ar\/parque-industrial\/directivos-del-pilt-se-reunieron-con-funcionarios-municipales\/"},"wordCount":243,"commentCount":0,"image":{"@id":"https:\/\/pilt.com.ar\/parque-industrial\/directivos-del-pilt-se-reunieron-con-funcionarios-municipales\/#primaryimage"},"thumbnailUrl":"https:\/\/i0.wp.com\/pilt.com.ar\/parque-industrial\/wp-content\/uploads\/2024\/03\/WhatsApp-Image-2024-03-15-at-10.36.50.jpeg?fit=1600%2C901&ssl=1","articleSection":["Noticias"],"inLanguage":"es","potentialAction":[{"@type":"CommentAction","name":"Comment","target":["https:\/\/pilt.com.ar\/parque-industrial\/directivos-del-pilt-se-reunieron-con-funcionarios-municipales\/#respond"]}]},{"@type":"WebPage","@id":"https:\/\/pilt.com.ar\/parque-industrial\/directivos-del-pilt-se-reunieron-con-funcionarios-municipales\/","url":"https:\/\/pilt.com.ar\/parque-industrial\/directivos-del-pilt-se-reunieron-con-funcionarios-municipales\/","name":"DIRECTIVOS DEL PILT SE REUNIERON CON FUNCIONARIOS MUNICIPALES - PILT.com.ar","isPartOf":{"@id":"https:\/\/pilt.com.ar\/parque-industrial\/#website"},"primaryImageOfPage":{"@id":"https:\/\/pilt.com.ar\/parque-industrial\/directivos-del-pilt-se-reunieron-con-funcionarios-municipales\/#primaryimage"},"image":{"@id":"https:\/\/pilt.com.ar\/parque-industrial\/directivos-del-pilt-se-reunieron-con-funcionarios-municipales\/#primaryimage"},"thumbnailUrl":"https:\/\/i0.wp.com\/pilt.com.ar\/parque-industrial\/wp-content\/uploads\/2024\/03\/WhatsApp-Image-2024-03-15-at-10.36.50.jpeg?fit=1600%2C901&ssl=1","datePublished":"2024-03-15T17:53:57+00:00","dateModified":"2024-03-15T17:53:58+00:00","author":{"@id":"https:\/\/pilt.com.ar\/parque-industrial\/#\/schema\/person\/2dfb9e2464de1c3deef20c25c30a8306"},"inLanguage":"es","potentialAction":[{"@type":"ReadAction","target":["https:\/\/pilt.com.ar\/parque-industrial\/directivos-del-pilt-se-reunieron-con-funcionarios-municipales\/"]}]},{"@type":"ImageObject","inLanguage":"es","@id":"https:\/\/pilt.com.ar\/parque-industrial\/directivos-del-pilt-se-reunieron-con-funcionarios-municipales\/#primaryimage","url":"https:\/\/i0.wp.com\/pilt.com.ar\/parque-industrial\/wp-content\/uploads\/2024\/03\/WhatsApp-Image-2024-03-15-at-10.36.50.jpeg?fit=1600%2C901&ssl=1","contentUrl":"https:\/\/i0.wp.com\/pilt.com.ar\/parque-industrial\/wp-content\/uploads\/2024\/03\/WhatsApp-Image-2024-03-15-at-10.36.50.jpeg?fit=1600%2C901&ssl=1","width":1600,"height":901},{"@type":"WebSite","@id":"https:\/\/pilt.com.ar\/parque-industrial\/#website","url":"https:\/\/pilt.com.ar\/parque-industrial\/","name":"PILT.com.ar","description":"Parque Industrial, Log\u00edstico y Tecnol\u00f3gico Villa Mar\u00eda","potentialAction":[{"@type":"SearchAction","target":{"@type":"EntryPoint","urlTemplate":"https:\/\/pilt.com.ar\/parque-industrial\/?s={search_term_string}"},"query-input":{"@type":"PropertyValueSpecification","valueRequired":true,"valueName":"search_term_string"}}],"inLanguage":"es"},{"@type":"Person","@id":"https:\/\/pilt.com.ar\/parque-industrial\/#\/schema\/person\/2dfb9e2464de1c3deef20c25c30a8306","name":"PILT","image":{"@type":"ImageObject","inLanguage":"es","@id":"https:\/\/secure.gravatar.com\/avatar\/5e3734c8d8c8e0b0d45f923c14a14d7b90521d573d02f0d91360a777095ee42b?s=96&d=mm&r=g","url":"https:\/\/secure.gravatar.com\/avatar\/5e3734c8d8c8e0b0d45f923c14a14d7b90521d573d02f0d91360a777095ee42b?s=96&d=mm&r=g","contentUrl":"https:\/\/secure.gravatar.com\/avatar\/5e3734c8d8c8e0b0d45f923c14a14d7b90521d573d02f0d91360a777095ee42b?s=96&d=mm&r=g","caption":"PILT"},"url":"https:\/\/pilt.com.ar\/parque-industrial\/author\/pilt\/"}]}},"jetpack_featured_media_url":"https:\/\/i0.wp.com\/pilt.com.ar\/parque-industrial\/wp-content\/uploads\/2024\/03\/WhatsApp-Image-2024-03-15-at-10.36.50.jpeg?fit=1600%2C901&ssl=1","jetpack_sharing_enabled":true,"_links":{"self":[{"href":"https:\/\/pilt.com.ar\/parque-industrial\/wp-json\/wp\/v2\/posts\/3196","targetHints":{"allow":["GET"]}}],"collection":[{"href":"https:\/\/pilt.com.ar\/parque-industrial\/wp-json\/wp\/v2\/posts"}],"about":[{"href":"https:\/\/pilt.com.ar\/parque-industrial\/wp-json\/wp\/v2\/types\/post"}],"author":[{"embeddable":true,"href":"https:\/\/pilt.com.ar\/parque-industrial\/wp-json\/wp\/v2\/users\/3"}],"replies":[{"embeddable":true,"href":"https:\/\/pilt.com.ar\/parque-industrial\/wp-json\/wp\/v2\/comments?post=3196"}],"version-history":[{"count":1,"href":"https:\/\/pilt.com.ar\/parque-industrial\/wp-json\/wp\/v2\/posts\/3196\/revisions"}],"predecessor-version":[{"id":3198,"href":"https:\/\/pilt.com.ar\/parque-industrial\/wp-json\/wp\/v2\/posts\/3196\/revisions\/3198"}],"wp:featuredmedia":[{"embeddable":true,"href":"https:\/\/pilt.com.ar\/parque-industrial\/wp-json\/wp\/v2\/media\/3197"}],"wp:attachment":[{"href":"https:\/\/pilt.com.ar\/parque-industrial\/wp-json\/wp\/v2\/media?parent=3196"}],"wp:term":[{"taxonomy":"category","embeddable":true,"href":"https:\/\/pilt.com.ar\/parque-industrial\/wp-json\/wp\/v2\/categories?post=3196"},{"taxonomy":"post_tag","embeddable":true,"href":"https:\/\/pilt.com.ar\/parque-industrial\/wp-json\/wp\/v2\/tags?post=3196"}],"curies":[{"name":"wp","href":"https:\/\/api.w.org\/{rel}","templated":true}]}}