{"id":3193,"date":"2024-03-08T12:15:03","date_gmt":"2024-03-08T15:15:03","guid":{"rendered":"https:\/\/pilt.com.ar\/parque-industrial\/?p=3193"},"modified":"2024-03-08T12:15:03","modified_gmt":"2024-03-08T15:15:03","slug":"presentaron-en-el-pilt-carrera-de-coaching-ontologico-y-facilitador-profesional","status":"publish","type":"post","link":"https:\/\/pilt.com.ar\/parque-industrial\/presentaron-en-el-pilt-carrera-de-coaching-ontologico-y-facilitador-profesional\/","title":{"rendered":"PRESENTARON EN EL PILT CARRERA DE COACHING ONTOL\u00d3GICO Y FACILITADOR PROFESIONAL"},"content":{"rendered":"\n<p class=\"has-text-align-center\"><em>Mediante un taller sobre liderazgo, representantes del CEOP informaron sobre la oferta educativa de la instituci\u00f3n.<\/em><\/p>\n\n\n\n<p class=\"has-text-align-justify\">En el sal\u00f3n de uno m\u00faltiples del Parque Industrial, Log\u00edstico y Tecnol\u00f3gico Villa Mar\u00eda (PILT), representantes del Centro de Entrenamiento Ontol\u00f3gico y Profesional (CEOP) realizaron un taller denominado \u201c\u00bfC\u00f3mo y para qu\u00e9 entrenar un nuevo liderazgo?\u201d.<\/p>\n\n\n\n<p class=\"has-text-align-justify\">El encuentro sirvi\u00f3 para presentar la carrera de doble titulaci\u00f3n Coaching Ontol\u00f3gico y Facilitaci\u00f3n Profesional, que brinda la entidad educativa. Cabe se\u00f1alar que, en funci\u00f3n de un convenio firmado con el Ente, los interesados en cursar esa instancia de capacitaci\u00f3n cuentan con beneficios especiales en aranceles, pero tambi\u00e9n con la comodidad que supone el dictado de sus clases presenciales en el propio PILT.<\/p>\n\n\n\n<p class=\"has-text-align-justify\">Vale decir que el Coach, mediante la facilitaci\u00f3n de un aprendizaje ontol\u00f3gico, invita a la persona asistida a transitar y experimentar procesos para darse cuenta y hacerse cargo de sus elecciones y decisiones, con la aceptaci\u00f3n de las realidades en las que vive, pero con la mirada puesta superar y trascender los l\u00edmites o condiciones personales que le impiden llegar a los resultados buscados.<\/p>\n\n\n\n<p class=\"has-text-align-justify\">La carrera consta de dos a\u00f1os de cursada, con encuentros presenciales intensivos una vez por mes en el PILT y tambi\u00e9n con reuniones virtuales.<\/p>\n\n\n\n<p><\/p>\n\n\n\n<p><\/p>\n\n\n\n<p><\/p>\n","protected":false},"excerpt":{"rendered":"<p>Mediante un taller sobre liderazgo, representantes del CEOP informaron sobre la oferta educativa de la instituci\u00f3n. En el sal\u00f3n de uno m\u00faltiples del Parque Industrial, Log\u00edstico y Tecnol\u00f3gico Villa Mar\u00eda (PILT), representantes del Centro de Entrenamiento Ontol\u00f3gico y Profesional (CEOP) realizaron un taller denominado \u201c\u00bfC\u00f3mo y para qu\u00e9 entrenar un nuevo liderazgo?\u201d. El encuentro sirvi\u00f3 [&hellip;]<\/p>\n","protected":false},"author":3,"featured_media":3194,"comment_status":"open","ping_status":"open","sticky":false,"template":"","format":"standard","meta":{"_jetpack_memberships_contains_paid_content":false,"footnotes":""},"categories":[2],"tags":[],"class_list":["post-3193","post","type-post","status-publish","format-standard","has-post-thumbnail","hentry","category-noticias"],"yoast_head":"<!-- This site is optimized with the Yoast SEO plugin v27.5 - https:\/\/yoast.com\/product\/yoast-seo-wordpress\/ -->\n<title>PRESENTARON EN EL PILT CARRERA DE COACHING ONTOL\u00d3GICO Y FACILITADOR PROFESIONAL - PILT.com.ar<\/title>\n<meta name=\"robots\" content=\"index, follow, max-snippet:-1, max-image-preview:large, max-video-preview:-1\" \/>\n<link rel=\"canonical\" href=\"https:\/\/pilt.com.ar\/parque-industrial\/presentaron-en-el-pilt-carrera-de-coaching-ontologico-y-facilitador-profesional\/\" \/>\n<meta property=\"og:locale\" content=\"es_ES\" \/>\n<meta property=\"og:type\" content=\"article\" \/>\n<meta property=\"og:title\" content=\"PRESENTARON EN EL PILT CARRERA DE COACHING ONTOL\u00d3GICO Y FACILITADOR PROFESIONAL - PILT.com.ar\" \/>\n<meta property=\"og:description\" content=\"Mediante un taller sobre liderazgo, representantes del CEOP informaron sobre la oferta educativa de la instituci\u00f3n. En el sal\u00f3n de uno m\u00faltiples del Parque Industrial, Log\u00edstico y Tecnol\u00f3gico Villa Mar\u00eda (PILT), representantes del Centro de Entrenamiento Ontol\u00f3gico y Profesional (CEOP) realizaron un taller denominado \u201c\u00bfC\u00f3mo y para qu\u00e9 entrenar un nuevo liderazgo?\u201d. El encuentro sirvi\u00f3 [&hellip;]\" \/>\n<meta property=\"og:url\" content=\"https:\/\/pilt.com.ar\/parque-industrial\/presentaron-en-el-pilt-carrera-de-coaching-ontologico-y-facilitador-profesional\/\" \/>\n<meta property=\"og:site_name\" content=\"PILT.com.ar\" \/>\n<meta property=\"article:published_time\" content=\"2024-03-08T15:15:03+00:00\" \/>\n<meta property=\"og:image\" content=\"https:\/\/i0.wp.com\/pilt.com.ar\/parque-industrial\/wp-content\/uploads\/2024\/03\/WhatsApp-Image-2024-03-08-at-12.08.40.jpeg?fit=1600%2C901&ssl=1\" \/>\n\t<meta property=\"og:image:width\" content=\"1600\" \/>\n\t<meta property=\"og:image:height\" content=\"901\" \/>\n\t<meta property=\"og:image:type\" content=\"image\/jpeg\" \/>\n<meta name=\"author\" content=\"PILT\" \/>\n<meta name=\"twitter:card\" content=\"summary_large_image\" \/>\n<meta name=\"twitter:label1\" content=\"Escrito por\" \/>\n\t<meta name=\"twitter:data1\" content=\"PILT\" \/>\n\t<meta name=\"twitter:label2\" content=\"Tiempo de lectura\" \/>\n\t<meta name=\"twitter:data2\" content=\"2 minutos\" \/>\n<script type=\"application\/ld+json\" class=\"yoast-schema-graph\">{\"@context\":\"https:\\\/\\\/schema.org\",\"@graph\":[{\"@type\":\"Article\",\"@id\":\"https:\\\/\\\/pilt.com.ar\\\/parque-industrial\\\/presentaron-en-el-pilt-carrera-de-coaching-ontologico-y-facilitador-profesional\\\/#article\",\"isPartOf\":{\"@id\":\"https:\\\/\\\/pilt.com.ar\\\/parque-industrial\\\/presentaron-en-el-pilt-carrera-de-coaching-ontologico-y-facilitador-profesional\\\/\"},\"author\":{\"name\":\"PILT\",\"@id\":\"https:\\\/\\\/pilt.com.ar\\\/parque-industrial\\\/#\\\/schema\\\/person\\\/2dfb9e2464de1c3deef20c25c30a8306\"},\"headline\":\"PRESENTARON EN EL PILT CARRERA DE COACHING ONTOL\u00d3GICO Y FACILITADOR PROFESIONAL\",\"datePublished\":\"2024-03-08T15:15:03+00:00\",\"mainEntityOfPage\":{\"@id\":\"https:\\\/\\\/pilt.com.ar\\\/parque-industrial\\\/presentaron-en-el-pilt-carrera-de-coaching-ontologico-y-facilitador-profesional\\\/\"},\"wordCount\":236,\"commentCount\":0,\"image\":{\"@id\":\"https:\\\/\\\/pilt.com.ar\\\/parque-industrial\\\/presentaron-en-el-pilt-carrera-de-coaching-ontologico-y-facilitador-profesional\\\/#primaryimage\"},\"thumbnailUrl\":\"https:\\\/\\\/i0.wp.com\\\/pilt.com.ar\\\/parque-industrial\\\/wp-content\\\/uploads\\\/2024\\\/03\\\/WhatsApp-Image-2024-03-08-at-12.08.40.jpeg?fit=1600%2C901&ssl=1\",\"articleSection\":[\"Noticias\"],\"inLanguage\":\"es\",\"potentialAction\":[{\"@type\":\"CommentAction\",\"name\":\"Comment\",\"target\":[\"https:\\\/\\\/pilt.com.ar\\\/parque-industrial\\\/presentaron-en-el-pilt-carrera-de-coaching-ontologico-y-facilitador-profesional\\\/#respond\"]}]},{\"@type\":\"WebPage\",\"@id\":\"https:\\\/\\\/pilt.com.ar\\\/parque-industrial\\\/presentaron-en-el-pilt-carrera-de-coaching-ontologico-y-facilitador-profesional\\\/\",\"url\":\"https:\\\/\\\/pilt.com.ar\\\/parque-industrial\\\/presentaron-en-el-pilt-carrera-de-coaching-ontologico-y-facilitador-profesional\\\/\",\"name\":\"PRESENTARON EN EL PILT CARRERA DE COACHING ONTOL\u00d3GICO Y FACILITADOR PROFESIONAL - PILT.com.ar\",\"isPartOf\":{\"@id\":\"https:\\\/\\\/pilt.com.ar\\\/parque-industrial\\\/#website\"},\"primaryImageOfPage\":{\"@id\":\"https:\\\/\\\/pilt.com.ar\\\/parque-industrial\\\/presentaron-en-el-pilt-carrera-de-coaching-ontologico-y-facilitador-profesional\\\/#primaryimage\"},\"image\":{\"@id\":\"https:\\\/\\\/pilt.com.ar\\\/parque-industrial\\\/presentaron-en-el-pilt-carrera-de-coaching-ontologico-y-facilitador-profesional\\\/#primaryimage\"},\"thumbnailUrl\":\"https:\\\/\\\/i0.wp.com\\\/pilt.com.ar\\\/parque-industrial\\\/wp-content\\\/uploads\\\/2024\\\/03\\\/WhatsApp-Image-2024-03-08-at-12.08.40.jpeg?fit=1600%2C901&ssl=1\",\"datePublished\":\"2024-03-08T15:15:03+00:00\",\"author\":{\"@id\":\"https:\\\/\\\/pilt.com.ar\\\/parque-industrial\\\/#\\\/schema\\\/person\\\/2dfb9e2464de1c3deef20c25c30a8306\"},\"inLanguage\":\"es\",\"potentialAction\":[{\"@type\":\"ReadAction\",\"target\":[\"https:\\\/\\\/pilt.com.ar\\\/parque-industrial\\\/presentaron-en-el-pilt-carrera-de-coaching-ontologico-y-facilitador-profesional\\\/\"]}]},{\"@type\":\"ImageObject\",\"inLanguage\":\"es\",\"@id\":\"https:\\\/\\\/pilt.com.ar\\\/parque-industrial\\\/presentaron-en-el-pilt-carrera-de-coaching-ontologico-y-facilitador-profesional\\\/#primaryimage\",\"url\":\"https:\\\/\\\/i0.wp.com\\\/pilt.com.ar\\\/parque-industrial\\\/wp-content\\\/uploads\\\/2024\\\/03\\\/WhatsApp-Image-2024-03-08-at-12.08.40.jpeg?fit=1600%2C901&ssl=1\",\"contentUrl\":\"https:\\\/\\\/i0.wp.com\\\/pilt.com.ar\\\/parque-industrial\\\/wp-content\\\/uploads\\\/2024\\\/03\\\/WhatsApp-Image-2024-03-08-at-12.08.40.jpeg?fit=1600%2C901&ssl=1\",\"width\":1600,\"height\":901},{\"@type\":\"WebSite\",\"@id\":\"https:\\\/\\\/pilt.com.ar\\\/parque-industrial\\\/#website\",\"url\":\"https:\\\/\\\/pilt.com.ar\\\/parque-industrial\\\/\",\"name\":\"PILT.com.ar\",\"description\":\"Parque Industrial, Log\u00edstico y Tecnol\u00f3gico Villa Mar\u00eda\",\"potentialAction\":[{\"@type\":\"SearchAction\",\"target\":{\"@type\":\"EntryPoint\",\"urlTemplate\":\"https:\\\/\\\/pilt.com.ar\\\/parque-industrial\\\/?s={search_term_string}\"},\"query-input\":{\"@type\":\"PropertyValueSpecification\",\"valueRequired\":true,\"valueName\":\"search_term_string\"}}],\"inLanguage\":\"es\"},{\"@type\":\"Person\",\"@id\":\"https:\\\/\\\/pilt.com.ar\\\/parque-industrial\\\/#\\\/schema\\\/person\\\/2dfb9e2464de1c3deef20c25c30a8306\",\"name\":\"PILT\",\"image\":{\"@type\":\"ImageObject\",\"inLanguage\":\"es\",\"@id\":\"https:\\\/\\\/secure.gravatar.com\\\/avatar\\\/5e3734c8d8c8e0b0d45f923c14a14d7b90521d573d02f0d91360a777095ee42b?s=96&d=mm&r=g\",\"url\":\"https:\\\/\\\/secure.gravatar.com\\\/avatar\\\/5e3734c8d8c8e0b0d45f923c14a14d7b90521d573d02f0d91360a777095ee42b?s=96&d=mm&r=g\",\"contentUrl\":\"https:\\\/\\\/secure.gravatar.com\\\/avatar\\\/5e3734c8d8c8e0b0d45f923c14a14d7b90521d573d02f0d91360a777095ee42b?s=96&d=mm&r=g\",\"caption\":\"PILT\"},\"url\":\"https:\\\/\\\/pilt.com.ar\\\/parque-industrial\\\/author\\\/pilt\\\/\"}]}<\/script>\n<!-- \/ Yoast SEO plugin. -->","yoast_head_json":{"title":"PRESENTARON EN EL PILT CARRERA DE COACHING ONTOL\u00d3GICO Y FACILITADOR PROFESIONAL - PILT.com.ar","robots":{"index":"index","follow":"follow","max-snippet":"max-snippet:-1","max-image-preview":"max-image-preview:large","max-video-preview":"max-video-preview:-1"},"canonical":"https:\/\/pilt.com.ar\/parque-industrial\/presentaron-en-el-pilt-carrera-de-coaching-ontologico-y-facilitador-profesional\/","og_locale":"es_ES","og_type":"article","og_title":"PRESENTARON EN EL PILT CARRERA DE COACHING ONTOL\u00d3GICO Y FACILITADOR PROFESIONAL - PILT.com.ar","og_description":"Mediante un taller sobre liderazgo, representantes del CEOP informaron sobre la oferta educativa de la instituci\u00f3n. En el sal\u00f3n de uno m\u00faltiples del Parque Industrial, Log\u00edstico y Tecnol\u00f3gico Villa Mar\u00eda (PILT), representantes del Centro de Entrenamiento Ontol\u00f3gico y Profesional (CEOP) realizaron un taller denominado \u201c\u00bfC\u00f3mo y para qu\u00e9 entrenar un nuevo liderazgo?\u201d. El encuentro sirvi\u00f3 [&hellip;]","og_url":"https:\/\/pilt.com.ar\/parque-industrial\/presentaron-en-el-pilt-carrera-de-coaching-ontologico-y-facilitador-profesional\/","og_site_name":"PILT.com.ar","article_published_time":"2024-03-08T15:15:03+00:00","og_image":[{"width":1600,"height":901,"url":"https:\/\/i0.wp.com\/pilt.com.ar\/parque-industrial\/wp-content\/uploads\/2024\/03\/WhatsApp-Image-2024-03-08-at-12.08.40.jpeg?fit=1600%2C901&ssl=1","type":"image\/jpeg"}],"author":"PILT","twitter_card":"summary_large_image","twitter_misc":{"Escrito por":"PILT","Tiempo de lectura":"2 minutos"},"schema":{"@context":"https:\/\/schema.org","@graph":[{"@type":"Article","@id":"https:\/\/pilt.com.ar\/parque-industrial\/presentaron-en-el-pilt-carrera-de-coaching-ontologico-y-facilitador-profesional\/#article","isPartOf":{"@id":"https:\/\/pilt.com.ar\/parque-industrial\/presentaron-en-el-pilt-carrera-de-coaching-ontologico-y-facilitador-profesional\/"},"author":{"name":"PILT","@id":"https:\/\/pilt.com.ar\/parque-industrial\/#\/schema\/person\/2dfb9e2464de1c3deef20c25c30a8306"},"headline":"PRESENTARON EN EL PILT CARRERA DE COACHING ONTOL\u00d3GICO Y FACILITADOR PROFESIONAL","datePublished":"2024-03-08T15:15:03+00:00","mainEntityOfPage":{"@id":"https:\/\/pilt.com.ar\/parque-industrial\/presentaron-en-el-pilt-carrera-de-coaching-ontologico-y-facilitador-profesional\/"},"wordCount":236,"commentCount":0,"image":{"@id":"https:\/\/pilt.com.ar\/parque-industrial\/presentaron-en-el-pilt-carrera-de-coaching-ontologico-y-facilitador-profesional\/#primaryimage"},"thumbnailUrl":"https:\/\/i0.wp.com\/pilt.com.ar\/parque-industrial\/wp-content\/uploads\/2024\/03\/WhatsApp-Image-2024-03-08-at-12.08.40.jpeg?fit=1600%2C901&ssl=1","articleSection":["Noticias"],"inLanguage":"es","potentialAction":[{"@type":"CommentAction","name":"Comment","target":["https:\/\/pilt.com.ar\/parque-industrial\/presentaron-en-el-pilt-carrera-de-coaching-ontologico-y-facilitador-profesional\/#respond"]}]},{"@type":"WebPage","@id":"https:\/\/pilt.com.ar\/parque-industrial\/presentaron-en-el-pilt-carrera-de-coaching-ontologico-y-facilitador-profesional\/","url":"https:\/\/pilt.com.ar\/parque-industrial\/presentaron-en-el-pilt-carrera-de-coaching-ontologico-y-facilitador-profesional\/","name":"PRESENTARON EN EL PILT CARRERA DE COACHING ONTOL\u00d3GICO Y FACILITADOR PROFESIONAL - PILT.com.ar","isPartOf":{"@id":"https:\/\/pilt.com.ar\/parque-industrial\/#website"},"primaryImageOfPage":{"@id":"https:\/\/pilt.com.ar\/parque-industrial\/presentaron-en-el-pilt-carrera-de-coaching-ontologico-y-facilitador-profesional\/#primaryimage"},"image":{"@id":"https:\/\/pilt.com.ar\/parque-industrial\/presentaron-en-el-pilt-carrera-de-coaching-ontologico-y-facilitador-profesional\/#primaryimage"},"thumbnailUrl":"https:\/\/i0.wp.com\/pilt.com.ar\/parque-industrial\/wp-content\/uploads\/2024\/03\/WhatsApp-Image-2024-03-08-at-12.08.40.jpeg?fit=1600%2C901&ssl=1","datePublished":"2024-03-08T15:15:03+00:00","author":{"@id":"https:\/\/pilt.com.ar\/parque-industrial\/#\/schema\/person\/2dfb9e2464de1c3deef20c25c30a8306"},"inLanguage":"es","potentialAction":[{"@type":"ReadAction","target":["https:\/\/pilt.com.ar\/parque-industrial\/presentaron-en-el-pilt-carrera-de-coaching-ontologico-y-facilitador-profesional\/"]}]},{"@type":"ImageObject","inLanguage":"es","@id":"https:\/\/pilt.com.ar\/parque-industrial\/presentaron-en-el-pilt-carrera-de-coaching-ontologico-y-facilitador-profesional\/#primaryimage","url":"https:\/\/i0.wp.com\/pilt.com.ar\/parque-industrial\/wp-content\/uploads\/2024\/03\/WhatsApp-Image-2024-03-08-at-12.08.40.jpeg?fit=1600%2C901&ssl=1","contentUrl":"https:\/\/i0.wp.com\/pilt.com.ar\/parque-industrial\/wp-content\/uploads\/2024\/03\/WhatsApp-Image-2024-03-08-at-12.08.40.jpeg?fit=1600%2C901&ssl=1","width":1600,"height":901},{"@type":"WebSite","@id":"https:\/\/pilt.com.ar\/parque-industrial\/#website","url":"https:\/\/pilt.com.ar\/parque-industrial\/","name":"PILT.com.ar","description":"Parque Industrial, Log\u00edstico y Tecnol\u00f3gico Villa Mar\u00eda","potentialAction":[{"@type":"SearchAction","target":{"@type":"EntryPoint","urlTemplate":"https:\/\/pilt.com.ar\/parque-industrial\/?s={search_term_string}"},"query-input":{"@type":"PropertyValueSpecification","valueRequired":true,"valueName":"search_term_string"}}],"inLanguage":"es"},{"@type":"Person","@id":"https:\/\/pilt.com.ar\/parque-industrial\/#\/schema\/person\/2dfb9e2464de1c3deef20c25c30a8306","name":"PILT","image":{"@type":"ImageObject","inLanguage":"es","@id":"https:\/\/secure.gravatar.com\/avatar\/5e3734c8d8c8e0b0d45f923c14a14d7b90521d573d02f0d91360a777095ee42b?s=96&d=mm&r=g","url":"https:\/\/secure.gravatar.com\/avatar\/5e3734c8d8c8e0b0d45f923c14a14d7b90521d573d02f0d91360a777095ee42b?s=96&d=mm&r=g","contentUrl":"https:\/\/secure.gravatar.com\/avatar\/5e3734c8d8c8e0b0d45f923c14a14d7b90521d573d02f0d91360a777095ee42b?s=96&d=mm&r=g","caption":"PILT"},"url":"https:\/\/pilt.com.ar\/parque-industrial\/author\/pilt\/"}]}},"jetpack_featured_media_url":"https:\/\/i0.wp.com\/pilt.com.ar\/parque-industrial\/wp-content\/uploads\/2024\/03\/WhatsApp-Image-2024-03-08-at-12.08.40.jpeg?fit=1600%2C901&ssl=1","jetpack_sharing_enabled":true,"_links":{"self":[{"href":"https:\/\/pilt.com.ar\/parque-industrial\/wp-json\/wp\/v2\/posts\/3193","targetHints":{"allow":["GET"]}}],"collection":[{"href":"https:\/\/pilt.com.ar\/parque-industrial\/wp-json\/wp\/v2\/posts"}],"about":[{"href":"https:\/\/pilt.com.ar\/parque-industrial\/wp-json\/wp\/v2\/types\/post"}],"author":[{"embeddable":true,"href":"https:\/\/pilt.com.ar\/parque-industrial\/wp-json\/wp\/v2\/users\/3"}],"replies":[{"embeddable":true,"href":"https:\/\/pilt.com.ar\/parque-industrial\/wp-json\/wp\/v2\/comments?post=3193"}],"version-history":[{"count":1,"href":"https:\/\/pilt.com.ar\/parque-industrial\/wp-json\/wp\/v2\/posts\/3193\/revisions"}],"predecessor-version":[{"id":3195,"href":"https:\/\/pilt.com.ar\/parque-industrial\/wp-json\/wp\/v2\/posts\/3193\/revisions\/3195"}],"wp:featuredmedia":[{"embeddable":true,"href":"https:\/\/pilt.com.ar\/parque-industrial\/wp-json\/wp\/v2\/media\/3194"}],"wp:attachment":[{"href":"https:\/\/pilt.com.ar\/parque-industrial\/wp-json\/wp\/v2\/media?parent=3193"}],"wp:term":[{"taxonomy":"category","embeddable":true,"href":"https:\/\/pilt.com.ar\/parque-industrial\/wp-json\/wp\/v2\/categories?post=3193"},{"taxonomy":"post_tag","embeddable":true,"href":"https:\/\/pilt.com.ar\/parque-industrial\/wp-json\/wp\/v2\/tags?post=3193"}],"curies":[{"name":"wp","href":"https:\/\/api.w.org\/{rel}","templated":true}]}}