{"id":3140,"date":"2024-02-02T15:32:33","date_gmt":"2024-02-02T18:32:33","guid":{"rendered":"https:\/\/pilt.com.ar\/parque-industrial\/?p=3140"},"modified":"2024-02-02T15:32:34","modified_gmt":"2024-02-02T18:32:34","slug":"entregaron-llaves-de-la-nave-para-emprendedores-ii","status":"publish","type":"post","link":"https:\/\/pilt.com.ar\/parque-industrial\/entregaron-llaves-de-la-nave-para-emprendedores-ii\/","title":{"rendered":"ENTREGARON LLAVES DE LA NAVE PARA EMPRENDEDORES II"},"content":{"rendered":"\n<p class=\"has-text-align-center\"><em><strong>Los cuatro emprendimientos seleccionados, vinculados al rubro alimentaci\u00f3n, comenzar\u00e1n a desarrollar sus actividades en el PILT.<\/strong><\/em><\/p>\n\n\n\n<p class=\"has-text-align-justify\">En un acto concretado en la Nave para Emprendedores II, el intendente municipal, Eduardo Accastello, junto al presidente del Parque Industrial, Log\u00edstico y Tecnol\u00f3gico Villa Mar\u00eda (PILT), Ing. Carlos Pizzorno, y dem\u00e1s autoridades comunales y del Ente, entregaron las llaves y certificados a las empresas que a partir de ahora ocupar\u00e1n salones en ese espacio destinado a impulsar emprendimientos productivos.<\/p>\n\n\n\n<p class=\"has-text-align-justify\">Vale mencionar que el programa de Apoyo a Emprendedores nace de una idea del Directorio del PILT, con el objetivo de apoyar emprendimientos con alto potencial de crecimiento. La Nave II, recientemente inaugurada, consta de 8 salones de 190 metros cuadrados cada uno, con sanitarios universales independientes, distribuci\u00f3n interna de energ\u00eda el\u00e9ctrica, provisi\u00f3n de gas natural, estructura termoaislante y terminaciones sanitarias aptas para industrias con altos requisitos sanitarios, principalmente del rubro alimentaci\u00f3n. A eso se le suma un subsidio parcial de alquiler y todos los servicios e infraestructura que posee el Parque.<\/p>\n\n\n\n<p class=\"has-text-align-justify\">El programa procura favorecer el nacimiento, desarrollo y consolidaci\u00f3n de nuevas empresas; la generaci\u00f3n de empleo; fomentar nuevas l\u00edneas de actividad empresarial, especialmente relacionadas con la innovaci\u00f3n, las nuevas tecnolog\u00edas y los sectores emergentes, apostando al crecimiento del PBI local y regional.<\/p>\n\n\n\n<p class=\"has-text-align-justify\">Durante el acto primeramente hizo uso de la palabra el titular del PILT, Carlos Pizzorno, quien sostuvo que para la entidad se trata de \u201cun momento de celebraci\u00f3n\u201d, afirmando que la pasi\u00f3n es el motor de todos aquellos que eligen desarrollar un emprendimiento. \u201cMant\u00e9ngase enfermos de pasi\u00f3n; no se curen nunca\u201d, les dijo a los presentes.<\/p>\n\n\n\n<p class=\"has-text-align-justify\">En representaci\u00f3n de los emprendedores habl\u00f3 Ruth Picos, de la empresa Frulatti. La emprendedora agradeci\u00f3 la posibilidad que para la consolidaci\u00f3n de sus proyectos ofrece el PILT. \u201cLa llave es la nave para el despegue de nuestros proyectos\u201d, afirm\u00f3.<\/p>\n\n\n\n<p class=\"has-text-align-justify\">Por \u00faltimo, el jefe comunal relacion\u00f3 esa instancia con el camino trazado por los primeros industriales de la ciudad. \u201cLos pioneros empezaron a sembrar de talleres metal\u00fargicos a la ciudad; con el legado los hijos la fueron transformando\u201d, destac\u00f3.&nbsp;<\/p>\n\n\n\n<p>A la vez, valor\u00f3 la importancia del trabajo, se\u00f1alando que \u201clos emprendedores son la base de la revoluci\u00f3n que se gesta en C\u00f3rdoba\u201d.<\/p>\n\n\n\n<p class=\"has-text-align-justify\">Vale mencionar que las empresas que fueron elegidas, a partir del an\u00e1lisis realizado por la Comisi\u00f3n Evaluadora conformada por instituciones del ecosistema emprendedor local y regional, fueron las siguientes: MC Sabor Artesanal; Frulatti; Sontag Maltas Artesanales y Anka Beer.<\/p>\n\n\n\n<p>A continuaci\u00f3n, un breve resumen de las actividades y propuestas de cada una de ellas.<\/p>\n\n\n\n<p>MC Sabor Artesanal<\/p>\n\n\n\n<p class=\"has-text-align-justify\">Es una Pyme familiar dedicada a la elaboraci\u00f3n y venta de productos de panificaci\u00f3n artesanales. La empresa fabrica unos 80 art\u00edculos agrupados en cuatro l\u00edneas de productos: alfajores, galletitas, tortas y especialidades.<\/p>\n\n\n\n<p class=\"has-text-align-justify\">La intenci\u00f3n de la firma en el espacio es elaborar nuevos productos en la l\u00ednea de alfajores, que actualmente est\u00e1n siendo testeados en el mercado. Se trata de alfajores de chocolate con frutos rojos y alfajores de chocolate con pasta de man\u00ed. El proyecto es montar una l\u00ednea de producci\u00f3n exclusiva para esos art\u00edculos y lanzarlos al mercado.<\/p>\n\n\n\n<p>La empresa ocupar\u00e1 dos salones de la Nave.<\/p>\n\n\n\n<p>Frulatti<\/p>\n\n\n\n<p class=\"has-text-align-justify\">El emprendimiento elabora l\u00e1cteos (fermentados, yogures, dulce de leche tradicional y saborizados) y frutales (mermeladas y ensaladas de frutas), sin agregados qu\u00edmicos que afecten la composici\u00f3n natural del producto.<\/p>\n\n\n\n<p>Su caracter\u00edstica para diferenciarse en el mercado es la elaboraci\u00f3n de productos 100% naturales.<\/p>\n\n\n\n<p>Sontag Maltas Artesanales<\/p>\n\n\n\n<p class=\"has-text-align-justify\">El proyecto consiste en una malter\u00eda artesanal. La misma se enfoca principalmente en la elaboraci\u00f3n de maltas cerveceras artesanales y tambi\u00e9n, aunque en menor medida, maltas para whisky y de otros granos, como trigo, centeno o arroz. Algunos de estos \u00faltimos permitir\u00edan elaborar cervezas libres de gluten (sin TACC).<\/p>\n\n\n\n<p class=\"has-text-align-justify\">El emprendimiento implica el desarrollo de un eslab\u00f3n del rubro no existente en la regi\u00f3n, convirti\u00e9ndose en la primera malter\u00eda de la provincia de C\u00f3rdoba. El perfil artesanal permite la interacci\u00f3n con el cervecero, pudiendo trabajar conjuntamente en la calidad del producto y desarrollos de nuevos estilos.<\/p>\n\n\n\n<p>Anka Bier<\/p>\n\n\n\n<p class=\"has-text-align-justify\">El emprendimiento propone la fabricaci\u00f3n de cerveza sin TACC, a base de maltas de mijo, mientras que la mayor\u00eda de las cervezas existentes en el mercado se elaboran utilizando maltas que contienen trigo, avena, cebada y centeno.<\/p>\n\n\n\n<p>El producto brinda una opci\u00f3n para el consumo a personas con problemas de celiaqu\u00eda.<\/p>\n","protected":false},"excerpt":{"rendered":"<p>Los cuatro emprendimientos seleccionados, vinculados al rubro alimentaci\u00f3n, comenzar\u00e1n a desarrollar sus actividades en el PILT. En un acto concretado en la Nave para Emprendedores II, el intendente municipal, Eduardo Accastello, junto al presidente del Parque Industrial, Log\u00edstico y Tecnol\u00f3gico Villa Mar\u00eda (PILT), Ing. Carlos Pizzorno, y dem\u00e1s autoridades comunales y del Ente, entregaron las [&hellip;]<\/p>\n","protected":false},"author":3,"featured_media":3141,"comment_status":"open","ping_status":"open","sticky":false,"template":"","format":"standard","meta":{"_jetpack_memberships_contains_paid_content":false,"footnotes":""},"categories":[2],"tags":[],"class_list":["post-3140","post","type-post","status-publish","format-standard","has-post-thumbnail","hentry","category-noticias"],"yoast_head":"<!-- This site is optimized with the Yoast SEO plugin v27.5 - https:\/\/yoast.com\/product\/yoast-seo-wordpress\/ -->\n<title>ENTREGARON LLAVES DE LA NAVE PARA EMPRENDEDORES II - PILT.com.ar<\/title>\n<meta name=\"robots\" content=\"index, follow, max-snippet:-1, max-image-preview:large, max-video-preview:-1\" \/>\n<link rel=\"canonical\" href=\"https:\/\/pilt.com.ar\/parque-industrial\/entregaron-llaves-de-la-nave-para-emprendedores-ii\/\" \/>\n<meta property=\"og:locale\" content=\"es_ES\" \/>\n<meta property=\"og:type\" content=\"article\" \/>\n<meta property=\"og:title\" content=\"ENTREGARON LLAVES DE LA NAVE PARA EMPRENDEDORES II - PILT.com.ar\" \/>\n<meta property=\"og:description\" content=\"Los cuatro emprendimientos seleccionados, vinculados al rubro alimentaci\u00f3n, comenzar\u00e1n a desarrollar sus actividades en el PILT. En un acto concretado en la Nave para Emprendedores II, el intendente municipal, Eduardo Accastello, junto al presidente del Parque Industrial, Log\u00edstico y Tecnol\u00f3gico Villa Mar\u00eda (PILT), Ing. Carlos Pizzorno, y dem\u00e1s autoridades comunales y del Ente, entregaron las [&hellip;]\" \/>\n<meta property=\"og:url\" content=\"https:\/\/pilt.com.ar\/parque-industrial\/entregaron-llaves-de-la-nave-para-emprendedores-ii\/\" \/>\n<meta property=\"og:site_name\" content=\"PILT.com.ar\" \/>\n<meta property=\"article:published_time\" content=\"2024-02-02T18:32:33+00:00\" \/>\n<meta property=\"article:modified_time\" content=\"2024-02-02T18:32:34+00:00\" \/>\n<meta property=\"og:image\" content=\"https:\/\/i0.wp.com\/pilt.com.ar\/parque-industrial\/wp-content\/uploads\/2024\/02\/WhatsApp-Image-2024-02-02-at-14.03.17.jpeg?fit=1599%2C899&ssl=1\" \/>\n\t<meta property=\"og:image:width\" content=\"1599\" \/>\n\t<meta property=\"og:image:height\" content=\"899\" \/>\n\t<meta property=\"og:image:type\" content=\"image\/jpeg\" \/>\n<meta name=\"author\" content=\"PILT\" \/>\n<meta name=\"twitter:card\" content=\"summary_large_image\" \/>\n<meta name=\"twitter:label1\" content=\"Escrito por\" \/>\n\t<meta name=\"twitter:data1\" content=\"PILT\" \/>\n\t<meta name=\"twitter:label2\" content=\"Tiempo de lectura\" \/>\n\t<meta name=\"twitter:data2\" content=\"4 minutos\" \/>\n<script type=\"application\/ld+json\" class=\"yoast-schema-graph\">{\"@context\":\"https:\\\/\\\/schema.org\",\"@graph\":[{\"@type\":\"Article\",\"@id\":\"https:\\\/\\\/pilt.com.ar\\\/parque-industrial\\\/entregaron-llaves-de-la-nave-para-emprendedores-ii\\\/#article\",\"isPartOf\":{\"@id\":\"https:\\\/\\\/pilt.com.ar\\\/parque-industrial\\\/entregaron-llaves-de-la-nave-para-emprendedores-ii\\\/\"},\"author\":{\"name\":\"PILT\",\"@id\":\"https:\\\/\\\/pilt.com.ar\\\/parque-industrial\\\/#\\\/schema\\\/person\\\/2dfb9e2464de1c3deef20c25c30a8306\"},\"headline\":\"ENTREGARON LLAVES DE LA NAVE PARA EMPRENDEDORES II\",\"datePublished\":\"2024-02-02T18:32:33+00:00\",\"dateModified\":\"2024-02-02T18:32:34+00:00\",\"mainEntityOfPage\":{\"@id\":\"https:\\\/\\\/pilt.com.ar\\\/parque-industrial\\\/entregaron-llaves-de-la-nave-para-emprendedores-ii\\\/\"},\"wordCount\":782,\"commentCount\":0,\"image\":{\"@id\":\"https:\\\/\\\/pilt.com.ar\\\/parque-industrial\\\/entregaron-llaves-de-la-nave-para-emprendedores-ii\\\/#primaryimage\"},\"thumbnailUrl\":\"https:\\\/\\\/i0.wp.com\\\/pilt.com.ar\\\/parque-industrial\\\/wp-content\\\/uploads\\\/2024\\\/02\\\/WhatsApp-Image-2024-02-02-at-14.03.17.jpeg?fit=1599%2C899&ssl=1\",\"articleSection\":[\"Noticias\"],\"inLanguage\":\"es\",\"potentialAction\":[{\"@type\":\"CommentAction\",\"name\":\"Comment\",\"target\":[\"https:\\\/\\\/pilt.com.ar\\\/parque-industrial\\\/entregaron-llaves-de-la-nave-para-emprendedores-ii\\\/#respond\"]}]},{\"@type\":\"WebPage\",\"@id\":\"https:\\\/\\\/pilt.com.ar\\\/parque-industrial\\\/entregaron-llaves-de-la-nave-para-emprendedores-ii\\\/\",\"url\":\"https:\\\/\\\/pilt.com.ar\\\/parque-industrial\\\/entregaron-llaves-de-la-nave-para-emprendedores-ii\\\/\",\"name\":\"ENTREGARON LLAVES DE LA NAVE PARA EMPRENDEDORES II - PILT.com.ar\",\"isPartOf\":{\"@id\":\"https:\\\/\\\/pilt.com.ar\\\/parque-industrial\\\/#website\"},\"primaryImageOfPage\":{\"@id\":\"https:\\\/\\\/pilt.com.ar\\\/parque-industrial\\\/entregaron-llaves-de-la-nave-para-emprendedores-ii\\\/#primaryimage\"},\"image\":{\"@id\":\"https:\\\/\\\/pilt.com.ar\\\/parque-industrial\\\/entregaron-llaves-de-la-nave-para-emprendedores-ii\\\/#primaryimage\"},\"thumbnailUrl\":\"https:\\\/\\\/i0.wp.com\\\/pilt.com.ar\\\/parque-industrial\\\/wp-content\\\/uploads\\\/2024\\\/02\\\/WhatsApp-Image-2024-02-02-at-14.03.17.jpeg?fit=1599%2C899&ssl=1\",\"datePublished\":\"2024-02-02T18:32:33+00:00\",\"dateModified\":\"2024-02-02T18:32:34+00:00\",\"author\":{\"@id\":\"https:\\\/\\\/pilt.com.ar\\\/parque-industrial\\\/#\\\/schema\\\/person\\\/2dfb9e2464de1c3deef20c25c30a8306\"},\"inLanguage\":\"es\",\"potentialAction\":[{\"@type\":\"ReadAction\",\"target\":[\"https:\\\/\\\/pilt.com.ar\\\/parque-industrial\\\/entregaron-llaves-de-la-nave-para-emprendedores-ii\\\/\"]}]},{\"@type\":\"ImageObject\",\"inLanguage\":\"es\",\"@id\":\"https:\\\/\\\/pilt.com.ar\\\/parque-industrial\\\/entregaron-llaves-de-la-nave-para-emprendedores-ii\\\/#primaryimage\",\"url\":\"https:\\\/\\\/i0.wp.com\\\/pilt.com.ar\\\/parque-industrial\\\/wp-content\\\/uploads\\\/2024\\\/02\\\/WhatsApp-Image-2024-02-02-at-14.03.17.jpeg?fit=1599%2C899&ssl=1\",\"contentUrl\":\"https:\\\/\\\/i0.wp.com\\\/pilt.com.ar\\\/parque-industrial\\\/wp-content\\\/uploads\\\/2024\\\/02\\\/WhatsApp-Image-2024-02-02-at-14.03.17.jpeg?fit=1599%2C899&ssl=1\",\"width\":1599,\"height\":899},{\"@type\":\"WebSite\",\"@id\":\"https:\\\/\\\/pilt.com.ar\\\/parque-industrial\\\/#website\",\"url\":\"https:\\\/\\\/pilt.com.ar\\\/parque-industrial\\\/\",\"name\":\"PILT.com.ar\",\"description\":\"Parque Industrial, Log\u00edstico y Tecnol\u00f3gico Villa Mar\u00eda\",\"potentialAction\":[{\"@type\":\"SearchAction\",\"target\":{\"@type\":\"EntryPoint\",\"urlTemplate\":\"https:\\\/\\\/pilt.com.ar\\\/parque-industrial\\\/?s={search_term_string}\"},\"query-input\":{\"@type\":\"PropertyValueSpecification\",\"valueRequired\":true,\"valueName\":\"search_term_string\"}}],\"inLanguage\":\"es\"},{\"@type\":\"Person\",\"@id\":\"https:\\\/\\\/pilt.com.ar\\\/parque-industrial\\\/#\\\/schema\\\/person\\\/2dfb9e2464de1c3deef20c25c30a8306\",\"name\":\"PILT\",\"image\":{\"@type\":\"ImageObject\",\"inLanguage\":\"es\",\"@id\":\"https:\\\/\\\/secure.gravatar.com\\\/avatar\\\/5e3734c8d8c8e0b0d45f923c14a14d7b90521d573d02f0d91360a777095ee42b?s=96&d=mm&r=g\",\"url\":\"https:\\\/\\\/secure.gravatar.com\\\/avatar\\\/5e3734c8d8c8e0b0d45f923c14a14d7b90521d573d02f0d91360a777095ee42b?s=96&d=mm&r=g\",\"contentUrl\":\"https:\\\/\\\/secure.gravatar.com\\\/avatar\\\/5e3734c8d8c8e0b0d45f923c14a14d7b90521d573d02f0d91360a777095ee42b?s=96&d=mm&r=g\",\"caption\":\"PILT\"},\"url\":\"https:\\\/\\\/pilt.com.ar\\\/parque-industrial\\\/author\\\/pilt\\\/\"}]}<\/script>\n<!-- \/ Yoast SEO plugin. -->","yoast_head_json":{"title":"ENTREGARON LLAVES DE LA NAVE PARA EMPRENDEDORES II - PILT.com.ar","robots":{"index":"index","follow":"follow","max-snippet":"max-snippet:-1","max-image-preview":"max-image-preview:large","max-video-preview":"max-video-preview:-1"},"canonical":"https:\/\/pilt.com.ar\/parque-industrial\/entregaron-llaves-de-la-nave-para-emprendedores-ii\/","og_locale":"es_ES","og_type":"article","og_title":"ENTREGARON LLAVES DE LA NAVE PARA EMPRENDEDORES II - PILT.com.ar","og_description":"Los cuatro emprendimientos seleccionados, vinculados al rubro alimentaci\u00f3n, comenzar\u00e1n a desarrollar sus actividades en el PILT. En un acto concretado en la Nave para Emprendedores II, el intendente municipal, Eduardo Accastello, junto al presidente del Parque Industrial, Log\u00edstico y Tecnol\u00f3gico Villa Mar\u00eda (PILT), Ing. Carlos Pizzorno, y dem\u00e1s autoridades comunales y del Ente, entregaron las [&hellip;]","og_url":"https:\/\/pilt.com.ar\/parque-industrial\/entregaron-llaves-de-la-nave-para-emprendedores-ii\/","og_site_name":"PILT.com.ar","article_published_time":"2024-02-02T18:32:33+00:00","article_modified_time":"2024-02-02T18:32:34+00:00","og_image":[{"width":1599,"height":899,"url":"https:\/\/i0.wp.com\/pilt.com.ar\/parque-industrial\/wp-content\/uploads\/2024\/02\/WhatsApp-Image-2024-02-02-at-14.03.17.jpeg?fit=1599%2C899&ssl=1","type":"image\/jpeg"}],"author":"PILT","twitter_card":"summary_large_image","twitter_misc":{"Escrito por":"PILT","Tiempo de lectura":"4 minutos"},"schema":{"@context":"https:\/\/schema.org","@graph":[{"@type":"Article","@id":"https:\/\/pilt.com.ar\/parque-industrial\/entregaron-llaves-de-la-nave-para-emprendedores-ii\/#article","isPartOf":{"@id":"https:\/\/pilt.com.ar\/parque-industrial\/entregaron-llaves-de-la-nave-para-emprendedores-ii\/"},"author":{"name":"PILT","@id":"https:\/\/pilt.com.ar\/parque-industrial\/#\/schema\/person\/2dfb9e2464de1c3deef20c25c30a8306"},"headline":"ENTREGARON LLAVES DE LA NAVE PARA EMPRENDEDORES II","datePublished":"2024-02-02T18:32:33+00:00","dateModified":"2024-02-02T18:32:34+00:00","mainEntityOfPage":{"@id":"https:\/\/pilt.com.ar\/parque-industrial\/entregaron-llaves-de-la-nave-para-emprendedores-ii\/"},"wordCount":782,"commentCount":0,"image":{"@id":"https:\/\/pilt.com.ar\/parque-industrial\/entregaron-llaves-de-la-nave-para-emprendedores-ii\/#primaryimage"},"thumbnailUrl":"https:\/\/i0.wp.com\/pilt.com.ar\/parque-industrial\/wp-content\/uploads\/2024\/02\/WhatsApp-Image-2024-02-02-at-14.03.17.jpeg?fit=1599%2C899&ssl=1","articleSection":["Noticias"],"inLanguage":"es","potentialAction":[{"@type":"CommentAction","name":"Comment","target":["https:\/\/pilt.com.ar\/parque-industrial\/entregaron-llaves-de-la-nave-para-emprendedores-ii\/#respond"]}]},{"@type":"WebPage","@id":"https:\/\/pilt.com.ar\/parque-industrial\/entregaron-llaves-de-la-nave-para-emprendedores-ii\/","url":"https:\/\/pilt.com.ar\/parque-industrial\/entregaron-llaves-de-la-nave-para-emprendedores-ii\/","name":"ENTREGARON LLAVES DE LA NAVE PARA EMPRENDEDORES II - PILT.com.ar","isPartOf":{"@id":"https:\/\/pilt.com.ar\/parque-industrial\/#website"},"primaryImageOfPage":{"@id":"https:\/\/pilt.com.ar\/parque-industrial\/entregaron-llaves-de-la-nave-para-emprendedores-ii\/#primaryimage"},"image":{"@id":"https:\/\/pilt.com.ar\/parque-industrial\/entregaron-llaves-de-la-nave-para-emprendedores-ii\/#primaryimage"},"thumbnailUrl":"https:\/\/i0.wp.com\/pilt.com.ar\/parque-industrial\/wp-content\/uploads\/2024\/02\/WhatsApp-Image-2024-02-02-at-14.03.17.jpeg?fit=1599%2C899&ssl=1","datePublished":"2024-02-02T18:32:33+00:00","dateModified":"2024-02-02T18:32:34+00:00","author":{"@id":"https:\/\/pilt.com.ar\/parque-industrial\/#\/schema\/person\/2dfb9e2464de1c3deef20c25c30a8306"},"inLanguage":"es","potentialAction":[{"@type":"ReadAction","target":["https:\/\/pilt.com.ar\/parque-industrial\/entregaron-llaves-de-la-nave-para-emprendedores-ii\/"]}]},{"@type":"ImageObject","inLanguage":"es","@id":"https:\/\/pilt.com.ar\/parque-industrial\/entregaron-llaves-de-la-nave-para-emprendedores-ii\/#primaryimage","url":"https:\/\/i0.wp.com\/pilt.com.ar\/parque-industrial\/wp-content\/uploads\/2024\/02\/WhatsApp-Image-2024-02-02-at-14.03.17.jpeg?fit=1599%2C899&ssl=1","contentUrl":"https:\/\/i0.wp.com\/pilt.com.ar\/parque-industrial\/wp-content\/uploads\/2024\/02\/WhatsApp-Image-2024-02-02-at-14.03.17.jpeg?fit=1599%2C899&ssl=1","width":1599,"height":899},{"@type":"WebSite","@id":"https:\/\/pilt.com.ar\/parque-industrial\/#website","url":"https:\/\/pilt.com.ar\/parque-industrial\/","name":"PILT.com.ar","description":"Parque Industrial, Log\u00edstico y Tecnol\u00f3gico Villa Mar\u00eda","potentialAction":[{"@type":"SearchAction","target":{"@type":"EntryPoint","urlTemplate":"https:\/\/pilt.com.ar\/parque-industrial\/?s={search_term_string}"},"query-input":{"@type":"PropertyValueSpecification","valueRequired":true,"valueName":"search_term_string"}}],"inLanguage":"es"},{"@type":"Person","@id":"https:\/\/pilt.com.ar\/parque-industrial\/#\/schema\/person\/2dfb9e2464de1c3deef20c25c30a8306","name":"PILT","image":{"@type":"ImageObject","inLanguage":"es","@id":"https:\/\/secure.gravatar.com\/avatar\/5e3734c8d8c8e0b0d45f923c14a14d7b90521d573d02f0d91360a777095ee42b?s=96&d=mm&r=g","url":"https:\/\/secure.gravatar.com\/avatar\/5e3734c8d8c8e0b0d45f923c14a14d7b90521d573d02f0d91360a777095ee42b?s=96&d=mm&r=g","contentUrl":"https:\/\/secure.gravatar.com\/avatar\/5e3734c8d8c8e0b0d45f923c14a14d7b90521d573d02f0d91360a777095ee42b?s=96&d=mm&r=g","caption":"PILT"},"url":"https:\/\/pilt.com.ar\/parque-industrial\/author\/pilt\/"}]}},"jetpack_featured_media_url":"https:\/\/i0.wp.com\/pilt.com.ar\/parque-industrial\/wp-content\/uploads\/2024\/02\/WhatsApp-Image-2024-02-02-at-14.03.17.jpeg?fit=1599%2C899&ssl=1","jetpack_sharing_enabled":true,"_links":{"self":[{"href":"https:\/\/pilt.com.ar\/parque-industrial\/wp-json\/wp\/v2\/posts\/3140","targetHints":{"allow":["GET"]}}],"collection":[{"href":"https:\/\/pilt.com.ar\/parque-industrial\/wp-json\/wp\/v2\/posts"}],"about":[{"href":"https:\/\/pilt.com.ar\/parque-industrial\/wp-json\/wp\/v2\/types\/post"}],"author":[{"embeddable":true,"href":"https:\/\/pilt.com.ar\/parque-industrial\/wp-json\/wp\/v2\/users\/3"}],"replies":[{"embeddable":true,"href":"https:\/\/pilt.com.ar\/parque-industrial\/wp-json\/wp\/v2\/comments?post=3140"}],"version-history":[{"count":1,"href":"https:\/\/pilt.com.ar\/parque-industrial\/wp-json\/wp\/v2\/posts\/3140\/revisions"}],"predecessor-version":[{"id":3142,"href":"https:\/\/pilt.com.ar\/parque-industrial\/wp-json\/wp\/v2\/posts\/3140\/revisions\/3142"}],"wp:featuredmedia":[{"embeddable":true,"href":"https:\/\/pilt.com.ar\/parque-industrial\/wp-json\/wp\/v2\/media\/3141"}],"wp:attachment":[{"href":"https:\/\/pilt.com.ar\/parque-industrial\/wp-json\/wp\/v2\/media?parent=3140"}],"wp:term":[{"taxonomy":"category","embeddable":true,"href":"https:\/\/pilt.com.ar\/parque-industrial\/wp-json\/wp\/v2\/categories?post=3140"},{"taxonomy":"post_tag","embeddable":true,"href":"https:\/\/pilt.com.ar\/parque-industrial\/wp-json\/wp\/v2\/tags?post=3140"}],"curies":[{"name":"wp","href":"https:\/\/api.w.org\/{rel}","templated":true}]}}