{"id":3088,"date":"2024-01-12T11:18:50","date_gmt":"2024-01-12T14:18:50","guid":{"rendered":"https:\/\/pilt.com.ar\/parque-industrial\/?p=3088"},"modified":"2024-01-12T14:09:44","modified_gmt":"2024-01-12T17:09:44","slug":"lubeal-comenzo-a-ejecutar-su-planta-industrial","status":"publish","type":"post","link":"https:\/\/pilt.com.ar\/parque-industrial\/lubeal-comenzo-a-ejecutar-su-planta-industrial\/","title":{"rendered":"LUBEAL COMENZ\u00d3 A EJECUTAR SU PLANTA INDUSTRIAL"},"content":{"rendered":"\n<p class=\"has-text-align-center\"><em><strong>La firma, dedicada a la venta y distribuci\u00f3n de materiales el\u00e9ctricos, inici\u00f3 movimientos de suelo en el lote de 1000 metros cuadrados que posee en el PILT.<\/strong><\/em><\/p>\n\n\n\n<p class=\"has-text-align-justify\">Lubeal, una de las empresas que adquiri\u00f3 un lote en\u00a0 2023 en el Parque Industrial, Log\u00edstico y Tecnol\u00f3gico Villa Mar\u00eda (PILT), ya est\u00e1 llevando adelante los movimientos de suelo tendientes a preparar el terreno para montar la estructura de su planta industrial. Una vez finalizada esa actividad, el pr\u00f3ximo paso ser\u00e1 la ejecuci\u00f3n del piso y el cerramiento lateral de la nave.<\/p>\n\n\n\n<p class=\"has-text-align-justify\">Mariano Vera, Presidente de la firma, indic\u00f3 que el espacio se utilizar\u00e1 para almacenamiento de materiales y tambi\u00e9n para ensamblar termotanques el\u00e9ctricos, otras de las actividades que desarrolla la organizaci\u00f3n.<\/p>\n\n\n\n<p class=\"has-text-align-justify\">La construcci\u00f3n constar\u00e1 de un galp\u00f3n con entrepisos, los que totalizar\u00e1n unos 1200 m2. Seg\u00fan expres\u00f3 Vera, la intenci\u00f3n es poder finalizar las obras hacia fin de a\u00f1o, para de esa manera trasladar las operaciones al Parque. &nbsp;<\/p>\n","protected":false},"excerpt":{"rendered":"<p>La firma, dedicada a la venta y distribuci\u00f3n de materiales el\u00e9ctricos, inici\u00f3 movimientos de suelo en el lote de 1000 metros cuadrados que posee en el PILT. Lubeal, una de las empresas que adquiri\u00f3 un lote en\u00a0 2023 en el Parque Industrial, Log\u00edstico y Tecnol\u00f3gico Villa Mar\u00eda (PILT), ya est\u00e1 llevando adelante los movimientos de [&hellip;]<\/p>\n","protected":false},"author":3,"featured_media":3089,"comment_status":"open","ping_status":"open","sticky":false,"template":"","format":"standard","meta":{"_jetpack_memberships_contains_paid_content":false,"footnotes":""},"categories":[2],"tags":[],"class_list":["post-3088","post","type-post","status-publish","format-standard","has-post-thumbnail","hentry","category-noticias"],"yoast_head":"<!-- This site is optimized with the Yoast SEO plugin v27.5 - https:\/\/yoast.com\/product\/yoast-seo-wordpress\/ -->\n<title>LUBEAL COMENZ\u00d3 A EJECUTAR SU PLANTA INDUSTRIAL - PILT.com.ar<\/title>\n<meta name=\"robots\" content=\"index, follow, max-snippet:-1, max-image-preview:large, max-video-preview:-1\" \/>\n<link rel=\"canonical\" href=\"https:\/\/pilt.com.ar\/parque-industrial\/lubeal-comenzo-a-ejecutar-su-planta-industrial\/\" \/>\n<meta property=\"og:locale\" content=\"es_ES\" \/>\n<meta property=\"og:type\" content=\"article\" \/>\n<meta property=\"og:title\" content=\"LUBEAL COMENZ\u00d3 A EJECUTAR SU PLANTA INDUSTRIAL - PILT.com.ar\" \/>\n<meta property=\"og:description\" content=\"La firma, dedicada a la venta y distribuci\u00f3n de materiales el\u00e9ctricos, inici\u00f3 movimientos de suelo en el lote de 1000 metros cuadrados que posee en el PILT. Lubeal, una de las empresas que adquiri\u00f3 un lote en\u00a0 2023 en el Parque Industrial, Log\u00edstico y Tecnol\u00f3gico Villa Mar\u00eda (PILT), ya est\u00e1 llevando adelante los movimientos de [&hellip;]\" \/>\n<meta property=\"og:url\" content=\"https:\/\/pilt.com.ar\/parque-industrial\/lubeal-comenzo-a-ejecutar-su-planta-industrial\/\" \/>\n<meta property=\"og:site_name\" content=\"PILT.com.ar\" \/>\n<meta property=\"article:published_time\" content=\"2024-01-12T14:18:50+00:00\" \/>\n<meta property=\"article:modified_time\" content=\"2024-01-12T17:09:44+00:00\" \/>\n<meta property=\"og:image\" content=\"https:\/\/i0.wp.com\/pilt.com.ar\/parque-industrial\/wp-content\/uploads\/2024\/01\/WhatsApp-Image-2024-01-10-at-19.30.51.jpeg?fit=1024%2C768&ssl=1\" \/>\n\t<meta property=\"og:image:width\" content=\"1024\" \/>\n\t<meta property=\"og:image:height\" content=\"768\" \/>\n\t<meta property=\"og:image:type\" content=\"image\/jpeg\" \/>\n<meta name=\"author\" content=\"PILT\" \/>\n<meta name=\"twitter:card\" content=\"summary_large_image\" \/>\n<meta name=\"twitter:label1\" content=\"Escrito por\" \/>\n\t<meta name=\"twitter:data1\" content=\"PILT\" \/>\n\t<meta name=\"twitter:label2\" content=\"Tiempo de lectura\" \/>\n\t<meta name=\"twitter:data2\" content=\"1 minuto\" \/>\n<script type=\"application\/ld+json\" class=\"yoast-schema-graph\">{\"@context\":\"https:\\\/\\\/schema.org\",\"@graph\":[{\"@type\":\"Article\",\"@id\":\"https:\\\/\\\/pilt.com.ar\\\/parque-industrial\\\/lubeal-comenzo-a-ejecutar-su-planta-industrial\\\/#article\",\"isPartOf\":{\"@id\":\"https:\\\/\\\/pilt.com.ar\\\/parque-industrial\\\/lubeal-comenzo-a-ejecutar-su-planta-industrial\\\/\"},\"author\":{\"name\":\"PILT\",\"@id\":\"https:\\\/\\\/pilt.com.ar\\\/parque-industrial\\\/#\\\/schema\\\/person\\\/2dfb9e2464de1c3deef20c25c30a8306\"},\"headline\":\"LUBEAL COMENZ\u00d3 A EJECUTAR SU PLANTA INDUSTRIAL\",\"datePublished\":\"2024-01-12T14:18:50+00:00\",\"dateModified\":\"2024-01-12T17:09:44+00:00\",\"mainEntityOfPage\":{\"@id\":\"https:\\\/\\\/pilt.com.ar\\\/parque-industrial\\\/lubeal-comenzo-a-ejecutar-su-planta-industrial\\\/\"},\"wordCount\":177,\"commentCount\":0,\"image\":{\"@id\":\"https:\\\/\\\/pilt.com.ar\\\/parque-industrial\\\/lubeal-comenzo-a-ejecutar-su-planta-industrial\\\/#primaryimage\"},\"thumbnailUrl\":\"https:\\\/\\\/i0.wp.com\\\/pilt.com.ar\\\/parque-industrial\\\/wp-content\\\/uploads\\\/2024\\\/01\\\/WhatsApp-Image-2024-01-10-at-19.30.51.jpeg?fit=1024%2C768&ssl=1\",\"articleSection\":[\"Noticias\"],\"inLanguage\":\"es\",\"potentialAction\":[{\"@type\":\"CommentAction\",\"name\":\"Comment\",\"target\":[\"https:\\\/\\\/pilt.com.ar\\\/parque-industrial\\\/lubeal-comenzo-a-ejecutar-su-planta-industrial\\\/#respond\"]}]},{\"@type\":\"WebPage\",\"@id\":\"https:\\\/\\\/pilt.com.ar\\\/parque-industrial\\\/lubeal-comenzo-a-ejecutar-su-planta-industrial\\\/\",\"url\":\"https:\\\/\\\/pilt.com.ar\\\/parque-industrial\\\/lubeal-comenzo-a-ejecutar-su-planta-industrial\\\/\",\"name\":\"LUBEAL COMENZ\u00d3 A EJECUTAR SU PLANTA INDUSTRIAL - PILT.com.ar\",\"isPartOf\":{\"@id\":\"https:\\\/\\\/pilt.com.ar\\\/parque-industrial\\\/#website\"},\"primaryImageOfPage\":{\"@id\":\"https:\\\/\\\/pilt.com.ar\\\/parque-industrial\\\/lubeal-comenzo-a-ejecutar-su-planta-industrial\\\/#primaryimage\"},\"image\":{\"@id\":\"https:\\\/\\\/pilt.com.ar\\\/parque-industrial\\\/lubeal-comenzo-a-ejecutar-su-planta-industrial\\\/#primaryimage\"},\"thumbnailUrl\":\"https:\\\/\\\/i0.wp.com\\\/pilt.com.ar\\\/parque-industrial\\\/wp-content\\\/uploads\\\/2024\\\/01\\\/WhatsApp-Image-2024-01-10-at-19.30.51.jpeg?fit=1024%2C768&ssl=1\",\"datePublished\":\"2024-01-12T14:18:50+00:00\",\"dateModified\":\"2024-01-12T17:09:44+00:00\",\"author\":{\"@id\":\"https:\\\/\\\/pilt.com.ar\\\/parque-industrial\\\/#\\\/schema\\\/person\\\/2dfb9e2464de1c3deef20c25c30a8306\"},\"inLanguage\":\"es\",\"potentialAction\":[{\"@type\":\"ReadAction\",\"target\":[\"https:\\\/\\\/pilt.com.ar\\\/parque-industrial\\\/lubeal-comenzo-a-ejecutar-su-planta-industrial\\\/\"]}]},{\"@type\":\"ImageObject\",\"inLanguage\":\"es\",\"@id\":\"https:\\\/\\\/pilt.com.ar\\\/parque-industrial\\\/lubeal-comenzo-a-ejecutar-su-planta-industrial\\\/#primaryimage\",\"url\":\"https:\\\/\\\/i0.wp.com\\\/pilt.com.ar\\\/parque-industrial\\\/wp-content\\\/uploads\\\/2024\\\/01\\\/WhatsApp-Image-2024-01-10-at-19.30.51.jpeg?fit=1024%2C768&ssl=1\",\"contentUrl\":\"https:\\\/\\\/i0.wp.com\\\/pilt.com.ar\\\/parque-industrial\\\/wp-content\\\/uploads\\\/2024\\\/01\\\/WhatsApp-Image-2024-01-10-at-19.30.51.jpeg?fit=1024%2C768&ssl=1\",\"width\":1024,\"height\":768},{\"@type\":\"WebSite\",\"@id\":\"https:\\\/\\\/pilt.com.ar\\\/parque-industrial\\\/#website\",\"url\":\"https:\\\/\\\/pilt.com.ar\\\/parque-industrial\\\/\",\"name\":\"PILT.com.ar\",\"description\":\"Parque Industrial, Log\u00edstico y Tecnol\u00f3gico Villa Mar\u00eda\",\"potentialAction\":[{\"@type\":\"SearchAction\",\"target\":{\"@type\":\"EntryPoint\",\"urlTemplate\":\"https:\\\/\\\/pilt.com.ar\\\/parque-industrial\\\/?s={search_term_string}\"},\"query-input\":{\"@type\":\"PropertyValueSpecification\",\"valueRequired\":true,\"valueName\":\"search_term_string\"}}],\"inLanguage\":\"es\"},{\"@type\":\"Person\",\"@id\":\"https:\\\/\\\/pilt.com.ar\\\/parque-industrial\\\/#\\\/schema\\\/person\\\/2dfb9e2464de1c3deef20c25c30a8306\",\"name\":\"PILT\",\"image\":{\"@type\":\"ImageObject\",\"inLanguage\":\"es\",\"@id\":\"https:\\\/\\\/secure.gravatar.com\\\/avatar\\\/5e3734c8d8c8e0b0d45f923c14a14d7b90521d573d02f0d91360a777095ee42b?s=96&d=mm&r=g\",\"url\":\"https:\\\/\\\/secure.gravatar.com\\\/avatar\\\/5e3734c8d8c8e0b0d45f923c14a14d7b90521d573d02f0d91360a777095ee42b?s=96&d=mm&r=g\",\"contentUrl\":\"https:\\\/\\\/secure.gravatar.com\\\/avatar\\\/5e3734c8d8c8e0b0d45f923c14a14d7b90521d573d02f0d91360a777095ee42b?s=96&d=mm&r=g\",\"caption\":\"PILT\"},\"url\":\"https:\\\/\\\/pilt.com.ar\\\/parque-industrial\\\/author\\\/pilt\\\/\"}]}<\/script>\n<!-- \/ Yoast SEO plugin. -->","yoast_head_json":{"title":"LUBEAL COMENZ\u00d3 A EJECUTAR SU PLANTA INDUSTRIAL - PILT.com.ar","robots":{"index":"index","follow":"follow","max-snippet":"max-snippet:-1","max-image-preview":"max-image-preview:large","max-video-preview":"max-video-preview:-1"},"canonical":"https:\/\/pilt.com.ar\/parque-industrial\/lubeal-comenzo-a-ejecutar-su-planta-industrial\/","og_locale":"es_ES","og_type":"article","og_title":"LUBEAL COMENZ\u00d3 A EJECUTAR SU PLANTA INDUSTRIAL - PILT.com.ar","og_description":"La firma, dedicada a la venta y distribuci\u00f3n de materiales el\u00e9ctricos, inici\u00f3 movimientos de suelo en el lote de 1000 metros cuadrados que posee en el PILT. Lubeal, una de las empresas que adquiri\u00f3 un lote en\u00a0 2023 en el Parque Industrial, Log\u00edstico y Tecnol\u00f3gico Villa Mar\u00eda (PILT), ya est\u00e1 llevando adelante los movimientos de [&hellip;]","og_url":"https:\/\/pilt.com.ar\/parque-industrial\/lubeal-comenzo-a-ejecutar-su-planta-industrial\/","og_site_name":"PILT.com.ar","article_published_time":"2024-01-12T14:18:50+00:00","article_modified_time":"2024-01-12T17:09:44+00:00","og_image":[{"width":1024,"height":768,"url":"https:\/\/i0.wp.com\/pilt.com.ar\/parque-industrial\/wp-content\/uploads\/2024\/01\/WhatsApp-Image-2024-01-10-at-19.30.51.jpeg?fit=1024%2C768&ssl=1","type":"image\/jpeg"}],"author":"PILT","twitter_card":"summary_large_image","twitter_misc":{"Escrito por":"PILT","Tiempo de lectura":"1 minuto"},"schema":{"@context":"https:\/\/schema.org","@graph":[{"@type":"Article","@id":"https:\/\/pilt.com.ar\/parque-industrial\/lubeal-comenzo-a-ejecutar-su-planta-industrial\/#article","isPartOf":{"@id":"https:\/\/pilt.com.ar\/parque-industrial\/lubeal-comenzo-a-ejecutar-su-planta-industrial\/"},"author":{"name":"PILT","@id":"https:\/\/pilt.com.ar\/parque-industrial\/#\/schema\/person\/2dfb9e2464de1c3deef20c25c30a8306"},"headline":"LUBEAL COMENZ\u00d3 A EJECUTAR SU PLANTA INDUSTRIAL","datePublished":"2024-01-12T14:18:50+00:00","dateModified":"2024-01-12T17:09:44+00:00","mainEntityOfPage":{"@id":"https:\/\/pilt.com.ar\/parque-industrial\/lubeal-comenzo-a-ejecutar-su-planta-industrial\/"},"wordCount":177,"commentCount":0,"image":{"@id":"https:\/\/pilt.com.ar\/parque-industrial\/lubeal-comenzo-a-ejecutar-su-planta-industrial\/#primaryimage"},"thumbnailUrl":"https:\/\/i0.wp.com\/pilt.com.ar\/parque-industrial\/wp-content\/uploads\/2024\/01\/WhatsApp-Image-2024-01-10-at-19.30.51.jpeg?fit=1024%2C768&ssl=1","articleSection":["Noticias"],"inLanguage":"es","potentialAction":[{"@type":"CommentAction","name":"Comment","target":["https:\/\/pilt.com.ar\/parque-industrial\/lubeal-comenzo-a-ejecutar-su-planta-industrial\/#respond"]}]},{"@type":"WebPage","@id":"https:\/\/pilt.com.ar\/parque-industrial\/lubeal-comenzo-a-ejecutar-su-planta-industrial\/","url":"https:\/\/pilt.com.ar\/parque-industrial\/lubeal-comenzo-a-ejecutar-su-planta-industrial\/","name":"LUBEAL COMENZ\u00d3 A EJECUTAR SU PLANTA INDUSTRIAL - PILT.com.ar","isPartOf":{"@id":"https:\/\/pilt.com.ar\/parque-industrial\/#website"},"primaryImageOfPage":{"@id":"https:\/\/pilt.com.ar\/parque-industrial\/lubeal-comenzo-a-ejecutar-su-planta-industrial\/#primaryimage"},"image":{"@id":"https:\/\/pilt.com.ar\/parque-industrial\/lubeal-comenzo-a-ejecutar-su-planta-industrial\/#primaryimage"},"thumbnailUrl":"https:\/\/i0.wp.com\/pilt.com.ar\/parque-industrial\/wp-content\/uploads\/2024\/01\/WhatsApp-Image-2024-01-10-at-19.30.51.jpeg?fit=1024%2C768&ssl=1","datePublished":"2024-01-12T14:18:50+00:00","dateModified":"2024-01-12T17:09:44+00:00","author":{"@id":"https:\/\/pilt.com.ar\/parque-industrial\/#\/schema\/person\/2dfb9e2464de1c3deef20c25c30a8306"},"inLanguage":"es","potentialAction":[{"@type":"ReadAction","target":["https:\/\/pilt.com.ar\/parque-industrial\/lubeal-comenzo-a-ejecutar-su-planta-industrial\/"]}]},{"@type":"ImageObject","inLanguage":"es","@id":"https:\/\/pilt.com.ar\/parque-industrial\/lubeal-comenzo-a-ejecutar-su-planta-industrial\/#primaryimage","url":"https:\/\/i0.wp.com\/pilt.com.ar\/parque-industrial\/wp-content\/uploads\/2024\/01\/WhatsApp-Image-2024-01-10-at-19.30.51.jpeg?fit=1024%2C768&ssl=1","contentUrl":"https:\/\/i0.wp.com\/pilt.com.ar\/parque-industrial\/wp-content\/uploads\/2024\/01\/WhatsApp-Image-2024-01-10-at-19.30.51.jpeg?fit=1024%2C768&ssl=1","width":1024,"height":768},{"@type":"WebSite","@id":"https:\/\/pilt.com.ar\/parque-industrial\/#website","url":"https:\/\/pilt.com.ar\/parque-industrial\/","name":"PILT.com.ar","description":"Parque Industrial, Log\u00edstico y Tecnol\u00f3gico Villa Mar\u00eda","potentialAction":[{"@type":"SearchAction","target":{"@type":"EntryPoint","urlTemplate":"https:\/\/pilt.com.ar\/parque-industrial\/?s={search_term_string}"},"query-input":{"@type":"PropertyValueSpecification","valueRequired":true,"valueName":"search_term_string"}}],"inLanguage":"es"},{"@type":"Person","@id":"https:\/\/pilt.com.ar\/parque-industrial\/#\/schema\/person\/2dfb9e2464de1c3deef20c25c30a8306","name":"PILT","image":{"@type":"ImageObject","inLanguage":"es","@id":"https:\/\/secure.gravatar.com\/avatar\/5e3734c8d8c8e0b0d45f923c14a14d7b90521d573d02f0d91360a777095ee42b?s=96&d=mm&r=g","url":"https:\/\/secure.gravatar.com\/avatar\/5e3734c8d8c8e0b0d45f923c14a14d7b90521d573d02f0d91360a777095ee42b?s=96&d=mm&r=g","contentUrl":"https:\/\/secure.gravatar.com\/avatar\/5e3734c8d8c8e0b0d45f923c14a14d7b90521d573d02f0d91360a777095ee42b?s=96&d=mm&r=g","caption":"PILT"},"url":"https:\/\/pilt.com.ar\/parque-industrial\/author\/pilt\/"}]}},"jetpack_featured_media_url":"https:\/\/i0.wp.com\/pilt.com.ar\/parque-industrial\/wp-content\/uploads\/2024\/01\/WhatsApp-Image-2024-01-10-at-19.30.51.jpeg?fit=1024%2C768&ssl=1","jetpack_sharing_enabled":true,"_links":{"self":[{"href":"https:\/\/pilt.com.ar\/parque-industrial\/wp-json\/wp\/v2\/posts\/3088","targetHints":{"allow":["GET"]}}],"collection":[{"href":"https:\/\/pilt.com.ar\/parque-industrial\/wp-json\/wp\/v2\/posts"}],"about":[{"href":"https:\/\/pilt.com.ar\/parque-industrial\/wp-json\/wp\/v2\/types\/post"}],"author":[{"embeddable":true,"href":"https:\/\/pilt.com.ar\/parque-industrial\/wp-json\/wp\/v2\/users\/3"}],"replies":[{"embeddable":true,"href":"https:\/\/pilt.com.ar\/parque-industrial\/wp-json\/wp\/v2\/comments?post=3088"}],"version-history":[{"count":3,"href":"https:\/\/pilt.com.ar\/parque-industrial\/wp-json\/wp\/v2\/posts\/3088\/revisions"}],"predecessor-version":[{"id":3093,"href":"https:\/\/pilt.com.ar\/parque-industrial\/wp-json\/wp\/v2\/posts\/3088\/revisions\/3093"}],"wp:featuredmedia":[{"embeddable":true,"href":"https:\/\/pilt.com.ar\/parque-industrial\/wp-json\/wp\/v2\/media\/3089"}],"wp:attachment":[{"href":"https:\/\/pilt.com.ar\/parque-industrial\/wp-json\/wp\/v2\/media?parent=3088"}],"wp:term":[{"taxonomy":"category","embeddable":true,"href":"https:\/\/pilt.com.ar\/parque-industrial\/wp-json\/wp\/v2\/categories?post=3088"},{"taxonomy":"post_tag","embeddable":true,"href":"https:\/\/pilt.com.ar\/parque-industrial\/wp-json\/wp\/v2\/tags?post=3088"}],"curies":[{"name":"wp","href":"https:\/\/api.w.org\/{rel}","templated":true}]}}