{"id":3061,"date":"2023-12-07T15:07:57","date_gmt":"2023-12-07T18:07:57","guid":{"rendered":"https:\/\/pilt.com.ar\/parque-industrial\/?p=3061"},"modified":"2023-12-07T15:07:58","modified_gmt":"2023-12-07T18:07:58","slug":"se-inauguro-la-nave-de-apoyo-a-emprendedores-ii","status":"publish","type":"post","link":"https:\/\/pilt.com.ar\/parque-industrial\/se-inauguro-la-nave-de-apoyo-a-emprendedores-ii\/","title":{"rendered":"SE INAUGUR\u00d3 LA NAVE DE APOYO A EMPRENDEDORES II"},"content":{"rendered":"\n<p class=\"has-text-align-center\"><em><strong>En pocos d\u00edas m\u00e1s se dar\u00e1n a conocer los proyectos que ocupar\u00e1n los espacios disponibles.<\/strong><\/em><\/p>\n\n\n\n<p class=\"has-text-align-justify\">En un acto que cont\u00f3 con la presencia del Intendente Municipal, Mart\u00edn Gill; del presidente del Parque Industrial, Log\u00edstico y Tecnol\u00f3gico Villa Mar\u00eda (PILT), Ing. Carlos Pizzorno; del gerente de la entidad, Lic. Carlos Montoto Galiano, como as\u00ed tambi\u00e9n de funcionarios de la comuna local, representantes de entidades intermedias y miembros del Directorio del Ente, se llev\u00f3 a cabo el acto de inauguraci\u00f3n de la Nave de Apoyo para Emprendedores II, cuyo objetivo es albergar a desarrollos vinculados al sector de la alimentaci\u00f3n.<\/p>\n\n\n\n<p class=\"has-text-align-justify\">El proyecto, in\u00e9dito a nivel nacional, cuenta con amplios salones de 190 metros cuadrados cada uno, con sanitarios independientes, disponibilidad de todos los servicios para llevar adelante las actividades productivas y port\u00f3n de ingreso para veh\u00edculos de transporte.<\/p>\n\n\n\n<p class=\"has-text-align-justify\">Las empresas que ingresen a la Nave contar\u00e1n con un alquiler sensiblemente menor al de mercado, ya que la intenci\u00f3n es que el acceso a un espacio productivo no sea un impedimento para desarrollar el potencial de cada una de las actividades. Ese valor se ir\u00e1 incrementado a medida que los proyectos se consoliden. Se espera que luego de tres a\u00f1os de contar con ese beneficio, cada una de las empresas logren fortalecer sus organizaciones para dejar el lugar a otras con sus mismas caracter\u00edsticas iniciales.<\/p>\n\n\n\n<p class=\"has-text-align-justify\">Asimismo, no se trata solamente del valor del alquiler, sino que a la infraestructura y servicios generales del PILT se sumar\u00e1 el acompa\u00f1amiento de todo el ecosistema emprendedor, compuesto por diversas instituciones p\u00fablicas y privadas.<\/p>\n\n\n\n<p class=\"has-text-align-justify\">Al momento de las palabras, el Ing. Pizzorno destac\u00f3 la importancia de la inversi\u00f3n, indicando que en la actualidad la construcci\u00f3n de un edificio con esas caracter\u00edsticas requerir\u00eda un desembolso de alrededor de 600 millones de pesos m\u00e1s el terreno. \u201cPero para m\u00ed esto no es un galp\u00f3n, sino gente trabajando, pasi\u00f3n, fuerza, valor agregado, tecnolog\u00eda e inversiones. Este es el verdadero sentido de este proyecto\u201d, asever\u00f3 el directivo.<\/p>\n\n\n\n<p class=\"has-text-align-justify\">Por su parte, Mart\u00edn Gill, que transita sus \u00faltimos d\u00edas al frente de la Municipalidad de Villa Mar\u00eda, se\u00f1al\u00f3 que \u201csi esta nave no estuviera, muchas ideas, proyectos y desaf\u00edos quedar\u00edan en un papel. Ahora es una realidad. Estoy seguro que los emprendimientos que vendr\u00e1n aqu\u00ed en poco tiempo tendr\u00e1n su propio desarrollo\u201d.<\/p>\n\n\n\n<p class=\"has-text-align-justify\">Cabe mencionar que en los pr\u00f3ximos d\u00edas la Comisi\u00f3n Evaluadora definir\u00e1 qu\u00e9 emprendimientos ser\u00e1n los elegidos para ocupar la Nave II.<\/p>\n","protected":false},"excerpt":{"rendered":"<p>En pocos d\u00edas m\u00e1s se dar\u00e1n a conocer los proyectos que ocupar\u00e1n los espacios disponibles. En un acto que cont\u00f3 con la presencia del Intendente Municipal, Mart\u00edn Gill; del presidente del Parque Industrial, Log\u00edstico y Tecnol\u00f3gico Villa Mar\u00eda (PILT), Ing. Carlos Pizzorno; del gerente de la entidad, Lic. Carlos Montoto Galiano, como as\u00ed tambi\u00e9n de [&hellip;]<\/p>\n","protected":false},"author":3,"featured_media":3062,"comment_status":"open","ping_status":"open","sticky":false,"template":"","format":"standard","meta":{"_jetpack_memberships_contains_paid_content":false,"footnotes":""},"categories":[2],"tags":[],"class_list":["post-3061","post","type-post","status-publish","format-standard","has-post-thumbnail","hentry","category-noticias"],"yoast_head":"<!-- This site is optimized with the Yoast SEO plugin v27.5 - https:\/\/yoast.com\/product\/yoast-seo-wordpress\/ -->\n<title>SE INAUGUR\u00d3 LA NAVE DE APOYO A EMPRENDEDORES II - PILT.com.ar<\/title>\n<meta name=\"robots\" content=\"index, follow, max-snippet:-1, max-image-preview:large, max-video-preview:-1\" \/>\n<link rel=\"canonical\" href=\"https:\/\/pilt.com.ar\/parque-industrial\/se-inauguro-la-nave-de-apoyo-a-emprendedores-ii\/\" \/>\n<meta property=\"og:locale\" content=\"es_ES\" \/>\n<meta property=\"og:type\" content=\"article\" \/>\n<meta property=\"og:title\" content=\"SE INAUGUR\u00d3 LA NAVE DE APOYO A EMPRENDEDORES II - PILT.com.ar\" \/>\n<meta property=\"og:description\" content=\"En pocos d\u00edas m\u00e1s se dar\u00e1n a conocer los proyectos que ocupar\u00e1n los espacios disponibles. En un acto que cont\u00f3 con la presencia del Intendente Municipal, Mart\u00edn Gill; del presidente del Parque Industrial, Log\u00edstico y Tecnol\u00f3gico Villa Mar\u00eda (PILT), Ing. Carlos Pizzorno; del gerente de la entidad, Lic. Carlos Montoto Galiano, como as\u00ed tambi\u00e9n de [&hellip;]\" \/>\n<meta property=\"og:url\" content=\"https:\/\/pilt.com.ar\/parque-industrial\/se-inauguro-la-nave-de-apoyo-a-emprendedores-ii\/\" \/>\n<meta property=\"og:site_name\" content=\"PILT.com.ar\" \/>\n<meta property=\"article:published_time\" content=\"2023-12-07T18:07:57+00:00\" \/>\n<meta property=\"article:modified_time\" content=\"2023-12-07T18:07:58+00:00\" \/>\n<meta property=\"og:image\" content=\"https:\/\/i0.wp.com\/pilt.com.ar\/parque-industrial\/wp-content\/uploads\/2023\/12\/WhatsApp-Image-2023-12-07-at-14.42.54.jpeg?fit=1600%2C1200&ssl=1\" \/>\n\t<meta property=\"og:image:width\" content=\"1600\" \/>\n\t<meta property=\"og:image:height\" content=\"1200\" \/>\n\t<meta property=\"og:image:type\" content=\"image\/jpeg\" \/>\n<meta name=\"author\" content=\"PILT\" \/>\n<meta name=\"twitter:card\" content=\"summary_large_image\" \/>\n<meta name=\"twitter:label1\" content=\"Escrito por\" \/>\n\t<meta name=\"twitter:data1\" content=\"PILT\" \/>\n\t<meta name=\"twitter:label2\" content=\"Tiempo de lectura\" \/>\n\t<meta name=\"twitter:data2\" content=\"2 minutos\" \/>\n<script type=\"application\/ld+json\" class=\"yoast-schema-graph\">{\"@context\":\"https:\\\/\\\/schema.org\",\"@graph\":[{\"@type\":\"Article\",\"@id\":\"https:\\\/\\\/pilt.com.ar\\\/parque-industrial\\\/se-inauguro-la-nave-de-apoyo-a-emprendedores-ii\\\/#article\",\"isPartOf\":{\"@id\":\"https:\\\/\\\/pilt.com.ar\\\/parque-industrial\\\/se-inauguro-la-nave-de-apoyo-a-emprendedores-ii\\\/\"},\"author\":{\"name\":\"PILT\",\"@id\":\"https:\\\/\\\/pilt.com.ar\\\/parque-industrial\\\/#\\\/schema\\\/person\\\/2dfb9e2464de1c3deef20c25c30a8306\"},\"headline\":\"SE INAUGUR\u00d3 LA NAVE DE APOYO A EMPRENDEDORES II\",\"datePublished\":\"2023-12-07T18:07:57+00:00\",\"dateModified\":\"2023-12-07T18:07:58+00:00\",\"mainEntityOfPage\":{\"@id\":\"https:\\\/\\\/pilt.com.ar\\\/parque-industrial\\\/se-inauguro-la-nave-de-apoyo-a-emprendedores-ii\\\/\"},\"wordCount\":447,\"commentCount\":0,\"image\":{\"@id\":\"https:\\\/\\\/pilt.com.ar\\\/parque-industrial\\\/se-inauguro-la-nave-de-apoyo-a-emprendedores-ii\\\/#primaryimage\"},\"thumbnailUrl\":\"https:\\\/\\\/i0.wp.com\\\/pilt.com.ar\\\/parque-industrial\\\/wp-content\\\/uploads\\\/2023\\\/12\\\/WhatsApp-Image-2023-12-07-at-14.42.54.jpeg?fit=1600%2C1200&ssl=1\",\"articleSection\":[\"Noticias\"],\"inLanguage\":\"es\",\"potentialAction\":[{\"@type\":\"CommentAction\",\"name\":\"Comment\",\"target\":[\"https:\\\/\\\/pilt.com.ar\\\/parque-industrial\\\/se-inauguro-la-nave-de-apoyo-a-emprendedores-ii\\\/#respond\"]}]},{\"@type\":\"WebPage\",\"@id\":\"https:\\\/\\\/pilt.com.ar\\\/parque-industrial\\\/se-inauguro-la-nave-de-apoyo-a-emprendedores-ii\\\/\",\"url\":\"https:\\\/\\\/pilt.com.ar\\\/parque-industrial\\\/se-inauguro-la-nave-de-apoyo-a-emprendedores-ii\\\/\",\"name\":\"SE INAUGUR\u00d3 LA NAVE DE APOYO A EMPRENDEDORES II - PILT.com.ar\",\"isPartOf\":{\"@id\":\"https:\\\/\\\/pilt.com.ar\\\/parque-industrial\\\/#website\"},\"primaryImageOfPage\":{\"@id\":\"https:\\\/\\\/pilt.com.ar\\\/parque-industrial\\\/se-inauguro-la-nave-de-apoyo-a-emprendedores-ii\\\/#primaryimage\"},\"image\":{\"@id\":\"https:\\\/\\\/pilt.com.ar\\\/parque-industrial\\\/se-inauguro-la-nave-de-apoyo-a-emprendedores-ii\\\/#primaryimage\"},\"thumbnailUrl\":\"https:\\\/\\\/i0.wp.com\\\/pilt.com.ar\\\/parque-industrial\\\/wp-content\\\/uploads\\\/2023\\\/12\\\/WhatsApp-Image-2023-12-07-at-14.42.54.jpeg?fit=1600%2C1200&ssl=1\",\"datePublished\":\"2023-12-07T18:07:57+00:00\",\"dateModified\":\"2023-12-07T18:07:58+00:00\",\"author\":{\"@id\":\"https:\\\/\\\/pilt.com.ar\\\/parque-industrial\\\/#\\\/schema\\\/person\\\/2dfb9e2464de1c3deef20c25c30a8306\"},\"inLanguage\":\"es\",\"potentialAction\":[{\"@type\":\"ReadAction\",\"target\":[\"https:\\\/\\\/pilt.com.ar\\\/parque-industrial\\\/se-inauguro-la-nave-de-apoyo-a-emprendedores-ii\\\/\"]}]},{\"@type\":\"ImageObject\",\"inLanguage\":\"es\",\"@id\":\"https:\\\/\\\/pilt.com.ar\\\/parque-industrial\\\/se-inauguro-la-nave-de-apoyo-a-emprendedores-ii\\\/#primaryimage\",\"url\":\"https:\\\/\\\/i0.wp.com\\\/pilt.com.ar\\\/parque-industrial\\\/wp-content\\\/uploads\\\/2023\\\/12\\\/WhatsApp-Image-2023-12-07-at-14.42.54.jpeg?fit=1600%2C1200&ssl=1\",\"contentUrl\":\"https:\\\/\\\/i0.wp.com\\\/pilt.com.ar\\\/parque-industrial\\\/wp-content\\\/uploads\\\/2023\\\/12\\\/WhatsApp-Image-2023-12-07-at-14.42.54.jpeg?fit=1600%2C1200&ssl=1\",\"width\":1600,\"height\":1200},{\"@type\":\"WebSite\",\"@id\":\"https:\\\/\\\/pilt.com.ar\\\/parque-industrial\\\/#website\",\"url\":\"https:\\\/\\\/pilt.com.ar\\\/parque-industrial\\\/\",\"name\":\"PILT.com.ar\",\"description\":\"Parque Industrial, Log\u00edstico y Tecnol\u00f3gico Villa Mar\u00eda\",\"potentialAction\":[{\"@type\":\"SearchAction\",\"target\":{\"@type\":\"EntryPoint\",\"urlTemplate\":\"https:\\\/\\\/pilt.com.ar\\\/parque-industrial\\\/?s={search_term_string}\"},\"query-input\":{\"@type\":\"PropertyValueSpecification\",\"valueRequired\":true,\"valueName\":\"search_term_string\"}}],\"inLanguage\":\"es\"},{\"@type\":\"Person\",\"@id\":\"https:\\\/\\\/pilt.com.ar\\\/parque-industrial\\\/#\\\/schema\\\/person\\\/2dfb9e2464de1c3deef20c25c30a8306\",\"name\":\"PILT\",\"image\":{\"@type\":\"ImageObject\",\"inLanguage\":\"es\",\"@id\":\"https:\\\/\\\/secure.gravatar.com\\\/avatar\\\/5e3734c8d8c8e0b0d45f923c14a14d7b90521d573d02f0d91360a777095ee42b?s=96&d=mm&r=g\",\"url\":\"https:\\\/\\\/secure.gravatar.com\\\/avatar\\\/5e3734c8d8c8e0b0d45f923c14a14d7b90521d573d02f0d91360a777095ee42b?s=96&d=mm&r=g\",\"contentUrl\":\"https:\\\/\\\/secure.gravatar.com\\\/avatar\\\/5e3734c8d8c8e0b0d45f923c14a14d7b90521d573d02f0d91360a777095ee42b?s=96&d=mm&r=g\",\"caption\":\"PILT\"},\"url\":\"https:\\\/\\\/pilt.com.ar\\\/parque-industrial\\\/author\\\/pilt\\\/\"}]}<\/script>\n<!-- \/ Yoast SEO plugin. -->","yoast_head_json":{"title":"SE INAUGUR\u00d3 LA NAVE DE APOYO A EMPRENDEDORES II - PILT.com.ar","robots":{"index":"index","follow":"follow","max-snippet":"max-snippet:-1","max-image-preview":"max-image-preview:large","max-video-preview":"max-video-preview:-1"},"canonical":"https:\/\/pilt.com.ar\/parque-industrial\/se-inauguro-la-nave-de-apoyo-a-emprendedores-ii\/","og_locale":"es_ES","og_type":"article","og_title":"SE INAUGUR\u00d3 LA NAVE DE APOYO A EMPRENDEDORES II - PILT.com.ar","og_description":"En pocos d\u00edas m\u00e1s se dar\u00e1n a conocer los proyectos que ocupar\u00e1n los espacios disponibles. En un acto que cont\u00f3 con la presencia del Intendente Municipal, Mart\u00edn Gill; del presidente del Parque Industrial, Log\u00edstico y Tecnol\u00f3gico Villa Mar\u00eda (PILT), Ing. Carlos Pizzorno; del gerente de la entidad, Lic. Carlos Montoto Galiano, como as\u00ed tambi\u00e9n de [&hellip;]","og_url":"https:\/\/pilt.com.ar\/parque-industrial\/se-inauguro-la-nave-de-apoyo-a-emprendedores-ii\/","og_site_name":"PILT.com.ar","article_published_time":"2023-12-07T18:07:57+00:00","article_modified_time":"2023-12-07T18:07:58+00:00","og_image":[{"width":1600,"height":1200,"url":"https:\/\/i0.wp.com\/pilt.com.ar\/parque-industrial\/wp-content\/uploads\/2023\/12\/WhatsApp-Image-2023-12-07-at-14.42.54.jpeg?fit=1600%2C1200&ssl=1","type":"image\/jpeg"}],"author":"PILT","twitter_card":"summary_large_image","twitter_misc":{"Escrito por":"PILT","Tiempo de lectura":"2 minutos"},"schema":{"@context":"https:\/\/schema.org","@graph":[{"@type":"Article","@id":"https:\/\/pilt.com.ar\/parque-industrial\/se-inauguro-la-nave-de-apoyo-a-emprendedores-ii\/#article","isPartOf":{"@id":"https:\/\/pilt.com.ar\/parque-industrial\/se-inauguro-la-nave-de-apoyo-a-emprendedores-ii\/"},"author":{"name":"PILT","@id":"https:\/\/pilt.com.ar\/parque-industrial\/#\/schema\/person\/2dfb9e2464de1c3deef20c25c30a8306"},"headline":"SE INAUGUR\u00d3 LA NAVE DE APOYO A EMPRENDEDORES II","datePublished":"2023-12-07T18:07:57+00:00","dateModified":"2023-12-07T18:07:58+00:00","mainEntityOfPage":{"@id":"https:\/\/pilt.com.ar\/parque-industrial\/se-inauguro-la-nave-de-apoyo-a-emprendedores-ii\/"},"wordCount":447,"commentCount":0,"image":{"@id":"https:\/\/pilt.com.ar\/parque-industrial\/se-inauguro-la-nave-de-apoyo-a-emprendedores-ii\/#primaryimage"},"thumbnailUrl":"https:\/\/i0.wp.com\/pilt.com.ar\/parque-industrial\/wp-content\/uploads\/2023\/12\/WhatsApp-Image-2023-12-07-at-14.42.54.jpeg?fit=1600%2C1200&ssl=1","articleSection":["Noticias"],"inLanguage":"es","potentialAction":[{"@type":"CommentAction","name":"Comment","target":["https:\/\/pilt.com.ar\/parque-industrial\/se-inauguro-la-nave-de-apoyo-a-emprendedores-ii\/#respond"]}]},{"@type":"WebPage","@id":"https:\/\/pilt.com.ar\/parque-industrial\/se-inauguro-la-nave-de-apoyo-a-emprendedores-ii\/","url":"https:\/\/pilt.com.ar\/parque-industrial\/se-inauguro-la-nave-de-apoyo-a-emprendedores-ii\/","name":"SE INAUGUR\u00d3 LA NAVE DE APOYO A EMPRENDEDORES II - PILT.com.ar","isPartOf":{"@id":"https:\/\/pilt.com.ar\/parque-industrial\/#website"},"primaryImageOfPage":{"@id":"https:\/\/pilt.com.ar\/parque-industrial\/se-inauguro-la-nave-de-apoyo-a-emprendedores-ii\/#primaryimage"},"image":{"@id":"https:\/\/pilt.com.ar\/parque-industrial\/se-inauguro-la-nave-de-apoyo-a-emprendedores-ii\/#primaryimage"},"thumbnailUrl":"https:\/\/i0.wp.com\/pilt.com.ar\/parque-industrial\/wp-content\/uploads\/2023\/12\/WhatsApp-Image-2023-12-07-at-14.42.54.jpeg?fit=1600%2C1200&ssl=1","datePublished":"2023-12-07T18:07:57+00:00","dateModified":"2023-12-07T18:07:58+00:00","author":{"@id":"https:\/\/pilt.com.ar\/parque-industrial\/#\/schema\/person\/2dfb9e2464de1c3deef20c25c30a8306"},"inLanguage":"es","potentialAction":[{"@type":"ReadAction","target":["https:\/\/pilt.com.ar\/parque-industrial\/se-inauguro-la-nave-de-apoyo-a-emprendedores-ii\/"]}]},{"@type":"ImageObject","inLanguage":"es","@id":"https:\/\/pilt.com.ar\/parque-industrial\/se-inauguro-la-nave-de-apoyo-a-emprendedores-ii\/#primaryimage","url":"https:\/\/i0.wp.com\/pilt.com.ar\/parque-industrial\/wp-content\/uploads\/2023\/12\/WhatsApp-Image-2023-12-07-at-14.42.54.jpeg?fit=1600%2C1200&ssl=1","contentUrl":"https:\/\/i0.wp.com\/pilt.com.ar\/parque-industrial\/wp-content\/uploads\/2023\/12\/WhatsApp-Image-2023-12-07-at-14.42.54.jpeg?fit=1600%2C1200&ssl=1","width":1600,"height":1200},{"@type":"WebSite","@id":"https:\/\/pilt.com.ar\/parque-industrial\/#website","url":"https:\/\/pilt.com.ar\/parque-industrial\/","name":"PILT.com.ar","description":"Parque Industrial, Log\u00edstico y Tecnol\u00f3gico Villa Mar\u00eda","potentialAction":[{"@type":"SearchAction","target":{"@type":"EntryPoint","urlTemplate":"https:\/\/pilt.com.ar\/parque-industrial\/?s={search_term_string}"},"query-input":{"@type":"PropertyValueSpecification","valueRequired":true,"valueName":"search_term_string"}}],"inLanguage":"es"},{"@type":"Person","@id":"https:\/\/pilt.com.ar\/parque-industrial\/#\/schema\/person\/2dfb9e2464de1c3deef20c25c30a8306","name":"PILT","image":{"@type":"ImageObject","inLanguage":"es","@id":"https:\/\/secure.gravatar.com\/avatar\/5e3734c8d8c8e0b0d45f923c14a14d7b90521d573d02f0d91360a777095ee42b?s=96&d=mm&r=g","url":"https:\/\/secure.gravatar.com\/avatar\/5e3734c8d8c8e0b0d45f923c14a14d7b90521d573d02f0d91360a777095ee42b?s=96&d=mm&r=g","contentUrl":"https:\/\/secure.gravatar.com\/avatar\/5e3734c8d8c8e0b0d45f923c14a14d7b90521d573d02f0d91360a777095ee42b?s=96&d=mm&r=g","caption":"PILT"},"url":"https:\/\/pilt.com.ar\/parque-industrial\/author\/pilt\/"}]}},"jetpack_featured_media_url":"https:\/\/i0.wp.com\/pilt.com.ar\/parque-industrial\/wp-content\/uploads\/2023\/12\/WhatsApp-Image-2023-12-07-at-14.42.54.jpeg?fit=1600%2C1200&ssl=1","jetpack_sharing_enabled":true,"_links":{"self":[{"href":"https:\/\/pilt.com.ar\/parque-industrial\/wp-json\/wp\/v2\/posts\/3061","targetHints":{"allow":["GET"]}}],"collection":[{"href":"https:\/\/pilt.com.ar\/parque-industrial\/wp-json\/wp\/v2\/posts"}],"about":[{"href":"https:\/\/pilt.com.ar\/parque-industrial\/wp-json\/wp\/v2\/types\/post"}],"author":[{"embeddable":true,"href":"https:\/\/pilt.com.ar\/parque-industrial\/wp-json\/wp\/v2\/users\/3"}],"replies":[{"embeddable":true,"href":"https:\/\/pilt.com.ar\/parque-industrial\/wp-json\/wp\/v2\/comments?post=3061"}],"version-history":[{"count":1,"href":"https:\/\/pilt.com.ar\/parque-industrial\/wp-json\/wp\/v2\/posts\/3061\/revisions"}],"predecessor-version":[{"id":3063,"href":"https:\/\/pilt.com.ar\/parque-industrial\/wp-json\/wp\/v2\/posts\/3061\/revisions\/3063"}],"wp:featuredmedia":[{"embeddable":true,"href":"https:\/\/pilt.com.ar\/parque-industrial\/wp-json\/wp\/v2\/media\/3062"}],"wp:attachment":[{"href":"https:\/\/pilt.com.ar\/parque-industrial\/wp-json\/wp\/v2\/media?parent=3061"}],"wp:term":[{"taxonomy":"category","embeddable":true,"href":"https:\/\/pilt.com.ar\/parque-industrial\/wp-json\/wp\/v2\/categories?post=3061"},{"taxonomy":"post_tag","embeddable":true,"href":"https:\/\/pilt.com.ar\/parque-industrial\/wp-json\/wp\/v2\/tags?post=3061"}],"curies":[{"name":"wp","href":"https:\/\/api.w.org\/{rel}","templated":true}]}}