{"id":3043,"date":"2023-11-10T09:36:25","date_gmt":"2023-11-10T12:36:25","guid":{"rendered":"https:\/\/pilt.com.ar\/parque-industrial\/?p=3043"},"modified":"2023-11-10T09:36:27","modified_gmt":"2023-11-10T12:36:27","slug":"verificaron-la-bascula-de-camiones-del-pilt","status":"publish","type":"post","link":"https:\/\/pilt.com.ar\/parque-industrial\/verificaron-la-bascula-de-camiones-del-pilt\/","title":{"rendered":"VERIFICARON LA B\u00c1SCULA DE CAMIONES DEL PILT"},"content":{"rendered":"\n<p class=\"has-text-align-center\"><em><strong>Todos los a\u00f1os personal del Instituto Nacional de Tecnolog\u00eda Industrial (INTI) lleva adelante la tarea, para asegurar la m\u00e1xima precisi\u00f3n del dispositivo. <\/strong><\/em><\/p>\n\n\n\n<p class=\"has-text-align-justify\">T\u00e9cnicos del INTI procedieron a realizar la verificaci\u00f3n de la b\u00e1scula de camiones situada en el predio del Parque Industrial, Log\u00edstico y Tecnol\u00f3gico Villa Mar\u00eda (PILT), trabajo que debe realizarse anualmente para garantizar la precisi\u00f3n del equipamiento. Cabe mencionar que el dispositivo es utilizado para la medici\u00f3n de cargas tanto por empresas emplazadas en el Ente, como as\u00ed tambi\u00e9n por otras de la ciudad y regi\u00f3n.<\/p>\n\n\n\n<p class=\"has-text-align-justify\">Vale decir que la b\u00e1scula es apta para camiones bitrenes; funciona con m\u00e9todos y sistemas full electr\u00f3nicos, mostrando en una pantalla de f\u00e1cil lectura la masa del objeto que se pesa. Posibilita la emisi\u00f3n de la Declaraci\u00f3n de Conformidad de plataformas de hasta 30 metros de longitud y 4,50 metros de ancho.<\/p>\n\n\n\n<p class=\"has-text-align-justify\">El Sistema de Calidad es de B\u00e1sculas Casilda SA, basado en las normas ISO 9001, auditado y certificado por el INTI, y por Bureau Veritas Certificaci\u00f3n \u2013 O.A.A. (Organismo Argentino de Acreditaci\u00f3n) ininterrumpidamente desde el a\u00f1o 2004.<\/p>\n\n\n\n<p><strong>Descripci\u00f3n de la balanza:<\/strong><strong><\/strong><\/p>\n\n\n\n<p class=\"has-text-align-justify\">Unidad de instalaci\u00f3n fija, solucionada \u00edntegramente en hormig\u00f3n armado,&nbsp; minimizando la utilizaci\u00f3n de componentes met\u00e1licos externos.<\/p>\n\n\n\n<p class=\"has-text-align-justify\">Los frentes y empalmes est\u00e1n construidos en perfiles IPN 30, previniendo la acci\u00f3n de agentes corrosivos.<\/p>\n\n\n\n<p class=\"has-text-align-justify\">Las cargas de referencia para definir la capacidad portante de los puentes fueron tomadas de valores reales del peso de los veh\u00edculos.<\/p>\n\n\n\n<p class=\"has-text-align-justify\">Desarrollada como puente met\u00e1lico modular, construida en perfiles \u201cDoble T\u201d, con cubierta de chapa antideslizante. De bajo perfil, cuenta con una peque\u00f1a rampa de acceso.<\/p>\n\n\n\n<p class=\"has-text-align-justify\">Los puentes est\u00e1n conformados por seis vigas longitudinales y travesa\u00f1os, que suministran adecuada rigidez y capacidad portante.<\/p>\n\n\n\n<p class=\"has-text-align-justify\">Las celdas de carga son las de mayor prestigio y confiabilidad del mercado mundial.<\/p>\n\n\n\n<p class=\"has-text-align-justify\">Utiliza celdas de compresi\u00f3n que dejan liberada la plataforma a un movimiento oscilatorio suave. Est\u00e1 montada con apropiada protecci\u00f3n para condiciones ambientales agresivas.<\/p>\n","protected":false},"excerpt":{"rendered":"<p>Todos los a\u00f1os personal del Instituto Nacional de Tecnolog\u00eda Industrial (INTI) lleva adelante la tarea, para asegurar la m\u00e1xima precisi\u00f3n del dispositivo. T\u00e9cnicos del INTI procedieron a realizar la verificaci\u00f3n de la b\u00e1scula de camiones situada en el predio del Parque Industrial, Log\u00edstico y Tecnol\u00f3gico Villa Mar\u00eda (PILT), trabajo que debe realizarse anualmente para garantizar [&hellip;]<\/p>\n","protected":false},"author":3,"featured_media":3044,"comment_status":"open","ping_status":"open","sticky":false,"template":"","format":"standard","meta":{"_jetpack_memberships_contains_paid_content":false,"footnotes":""},"categories":[2],"tags":[],"class_list":["post-3043","post","type-post","status-publish","format-standard","has-post-thumbnail","hentry","category-noticias"],"yoast_head":"<!-- This site is optimized with the Yoast SEO plugin v27.5 - https:\/\/yoast.com\/product\/yoast-seo-wordpress\/ -->\n<title>VERIFICARON LA B\u00c1SCULA DE CAMIONES DEL PILT - PILT.com.ar<\/title>\n<meta name=\"robots\" content=\"index, follow, max-snippet:-1, max-image-preview:large, max-video-preview:-1\" \/>\n<link rel=\"canonical\" href=\"https:\/\/pilt.com.ar\/parque-industrial\/verificaron-la-bascula-de-camiones-del-pilt\/\" \/>\n<meta property=\"og:locale\" content=\"es_ES\" \/>\n<meta property=\"og:type\" content=\"article\" \/>\n<meta property=\"og:title\" content=\"VERIFICARON LA B\u00c1SCULA DE CAMIONES DEL PILT - PILT.com.ar\" \/>\n<meta property=\"og:description\" content=\"Todos los a\u00f1os personal del Instituto Nacional de Tecnolog\u00eda Industrial (INTI) lleva adelante la tarea, para asegurar la m\u00e1xima precisi\u00f3n del dispositivo. T\u00e9cnicos del INTI procedieron a realizar la verificaci\u00f3n de la b\u00e1scula de camiones situada en el predio del Parque Industrial, Log\u00edstico y Tecnol\u00f3gico Villa Mar\u00eda (PILT), trabajo que debe realizarse anualmente para garantizar [&hellip;]\" \/>\n<meta property=\"og:url\" content=\"https:\/\/pilt.com.ar\/parque-industrial\/verificaron-la-bascula-de-camiones-del-pilt\/\" \/>\n<meta property=\"og:site_name\" content=\"PILT.com.ar\" \/>\n<meta property=\"article:published_time\" content=\"2023-11-10T12:36:25+00:00\" \/>\n<meta property=\"article:modified_time\" content=\"2023-11-10T12:36:27+00:00\" \/>\n<meta property=\"og:image\" content=\"https:\/\/i0.wp.com\/pilt.com.ar\/parque-industrial\/wp-content\/uploads\/2023\/11\/WhatsApp-Image-2023-11-09-at-16.10.28.jpeg?fit=1600%2C1200&ssl=1\" \/>\n\t<meta property=\"og:image:width\" content=\"1600\" \/>\n\t<meta property=\"og:image:height\" content=\"1200\" \/>\n\t<meta property=\"og:image:type\" content=\"image\/jpeg\" \/>\n<meta name=\"author\" content=\"PILT\" \/>\n<meta name=\"twitter:card\" content=\"summary_large_image\" \/>\n<meta name=\"twitter:label1\" content=\"Escrito por\" \/>\n\t<meta name=\"twitter:data1\" content=\"PILT\" \/>\n\t<meta name=\"twitter:label2\" content=\"Tiempo de lectura\" \/>\n\t<meta name=\"twitter:data2\" content=\"2 minutos\" \/>\n<script type=\"application\/ld+json\" class=\"yoast-schema-graph\">{\"@context\":\"https:\\\/\\\/schema.org\",\"@graph\":[{\"@type\":\"Article\",\"@id\":\"https:\\\/\\\/pilt.com.ar\\\/parque-industrial\\\/verificaron-la-bascula-de-camiones-del-pilt\\\/#article\",\"isPartOf\":{\"@id\":\"https:\\\/\\\/pilt.com.ar\\\/parque-industrial\\\/verificaron-la-bascula-de-camiones-del-pilt\\\/\"},\"author\":{\"name\":\"PILT\",\"@id\":\"https:\\\/\\\/pilt.com.ar\\\/parque-industrial\\\/#\\\/schema\\\/person\\\/2dfb9e2464de1c3deef20c25c30a8306\"},\"headline\":\"VERIFICARON LA B\u00c1SCULA DE CAMIONES DEL PILT\",\"datePublished\":\"2023-11-10T12:36:25+00:00\",\"dateModified\":\"2023-11-10T12:36:27+00:00\",\"mainEntityOfPage\":{\"@id\":\"https:\\\/\\\/pilt.com.ar\\\/parque-industrial\\\/verificaron-la-bascula-de-camiones-del-pilt\\\/\"},\"wordCount\":357,\"commentCount\":0,\"image\":{\"@id\":\"https:\\\/\\\/pilt.com.ar\\\/parque-industrial\\\/verificaron-la-bascula-de-camiones-del-pilt\\\/#primaryimage\"},\"thumbnailUrl\":\"https:\\\/\\\/i0.wp.com\\\/pilt.com.ar\\\/parque-industrial\\\/wp-content\\\/uploads\\\/2023\\\/11\\\/WhatsApp-Image-2023-11-09-at-16.10.28.jpeg?fit=1600%2C1200&ssl=1\",\"articleSection\":[\"Noticias\"],\"inLanguage\":\"es\",\"potentialAction\":[{\"@type\":\"CommentAction\",\"name\":\"Comment\",\"target\":[\"https:\\\/\\\/pilt.com.ar\\\/parque-industrial\\\/verificaron-la-bascula-de-camiones-del-pilt\\\/#respond\"]}]},{\"@type\":\"WebPage\",\"@id\":\"https:\\\/\\\/pilt.com.ar\\\/parque-industrial\\\/verificaron-la-bascula-de-camiones-del-pilt\\\/\",\"url\":\"https:\\\/\\\/pilt.com.ar\\\/parque-industrial\\\/verificaron-la-bascula-de-camiones-del-pilt\\\/\",\"name\":\"VERIFICARON LA B\u00c1SCULA DE CAMIONES DEL PILT - PILT.com.ar\",\"isPartOf\":{\"@id\":\"https:\\\/\\\/pilt.com.ar\\\/parque-industrial\\\/#website\"},\"primaryImageOfPage\":{\"@id\":\"https:\\\/\\\/pilt.com.ar\\\/parque-industrial\\\/verificaron-la-bascula-de-camiones-del-pilt\\\/#primaryimage\"},\"image\":{\"@id\":\"https:\\\/\\\/pilt.com.ar\\\/parque-industrial\\\/verificaron-la-bascula-de-camiones-del-pilt\\\/#primaryimage\"},\"thumbnailUrl\":\"https:\\\/\\\/i0.wp.com\\\/pilt.com.ar\\\/parque-industrial\\\/wp-content\\\/uploads\\\/2023\\\/11\\\/WhatsApp-Image-2023-11-09-at-16.10.28.jpeg?fit=1600%2C1200&ssl=1\",\"datePublished\":\"2023-11-10T12:36:25+00:00\",\"dateModified\":\"2023-11-10T12:36:27+00:00\",\"author\":{\"@id\":\"https:\\\/\\\/pilt.com.ar\\\/parque-industrial\\\/#\\\/schema\\\/person\\\/2dfb9e2464de1c3deef20c25c30a8306\"},\"inLanguage\":\"es\",\"potentialAction\":[{\"@type\":\"ReadAction\",\"target\":[\"https:\\\/\\\/pilt.com.ar\\\/parque-industrial\\\/verificaron-la-bascula-de-camiones-del-pilt\\\/\"]}]},{\"@type\":\"ImageObject\",\"inLanguage\":\"es\",\"@id\":\"https:\\\/\\\/pilt.com.ar\\\/parque-industrial\\\/verificaron-la-bascula-de-camiones-del-pilt\\\/#primaryimage\",\"url\":\"https:\\\/\\\/i0.wp.com\\\/pilt.com.ar\\\/parque-industrial\\\/wp-content\\\/uploads\\\/2023\\\/11\\\/WhatsApp-Image-2023-11-09-at-16.10.28.jpeg?fit=1600%2C1200&ssl=1\",\"contentUrl\":\"https:\\\/\\\/i0.wp.com\\\/pilt.com.ar\\\/parque-industrial\\\/wp-content\\\/uploads\\\/2023\\\/11\\\/WhatsApp-Image-2023-11-09-at-16.10.28.jpeg?fit=1600%2C1200&ssl=1\",\"width\":1600,\"height\":1200},{\"@type\":\"WebSite\",\"@id\":\"https:\\\/\\\/pilt.com.ar\\\/parque-industrial\\\/#website\",\"url\":\"https:\\\/\\\/pilt.com.ar\\\/parque-industrial\\\/\",\"name\":\"PILT.com.ar\",\"description\":\"Parque Industrial, Log\u00edstico y Tecnol\u00f3gico Villa Mar\u00eda\",\"potentialAction\":[{\"@type\":\"SearchAction\",\"target\":{\"@type\":\"EntryPoint\",\"urlTemplate\":\"https:\\\/\\\/pilt.com.ar\\\/parque-industrial\\\/?s={search_term_string}\"},\"query-input\":{\"@type\":\"PropertyValueSpecification\",\"valueRequired\":true,\"valueName\":\"search_term_string\"}}],\"inLanguage\":\"es\"},{\"@type\":\"Person\",\"@id\":\"https:\\\/\\\/pilt.com.ar\\\/parque-industrial\\\/#\\\/schema\\\/person\\\/2dfb9e2464de1c3deef20c25c30a8306\",\"name\":\"PILT\",\"image\":{\"@type\":\"ImageObject\",\"inLanguage\":\"es\",\"@id\":\"https:\\\/\\\/secure.gravatar.com\\\/avatar\\\/5e3734c8d8c8e0b0d45f923c14a14d7b90521d573d02f0d91360a777095ee42b?s=96&d=mm&r=g\",\"url\":\"https:\\\/\\\/secure.gravatar.com\\\/avatar\\\/5e3734c8d8c8e0b0d45f923c14a14d7b90521d573d02f0d91360a777095ee42b?s=96&d=mm&r=g\",\"contentUrl\":\"https:\\\/\\\/secure.gravatar.com\\\/avatar\\\/5e3734c8d8c8e0b0d45f923c14a14d7b90521d573d02f0d91360a777095ee42b?s=96&d=mm&r=g\",\"caption\":\"PILT\"},\"url\":\"https:\\\/\\\/pilt.com.ar\\\/parque-industrial\\\/author\\\/pilt\\\/\"}]}<\/script>\n<!-- \/ Yoast SEO plugin. -->","yoast_head_json":{"title":"VERIFICARON LA B\u00c1SCULA DE CAMIONES DEL PILT - PILT.com.ar","robots":{"index":"index","follow":"follow","max-snippet":"max-snippet:-1","max-image-preview":"max-image-preview:large","max-video-preview":"max-video-preview:-1"},"canonical":"https:\/\/pilt.com.ar\/parque-industrial\/verificaron-la-bascula-de-camiones-del-pilt\/","og_locale":"es_ES","og_type":"article","og_title":"VERIFICARON LA B\u00c1SCULA DE CAMIONES DEL PILT - PILT.com.ar","og_description":"Todos los a\u00f1os personal del Instituto Nacional de Tecnolog\u00eda Industrial (INTI) lleva adelante la tarea, para asegurar la m\u00e1xima precisi\u00f3n del dispositivo. T\u00e9cnicos del INTI procedieron a realizar la verificaci\u00f3n de la b\u00e1scula de camiones situada en el predio del Parque Industrial, Log\u00edstico y Tecnol\u00f3gico Villa Mar\u00eda (PILT), trabajo que debe realizarse anualmente para garantizar [&hellip;]","og_url":"https:\/\/pilt.com.ar\/parque-industrial\/verificaron-la-bascula-de-camiones-del-pilt\/","og_site_name":"PILT.com.ar","article_published_time":"2023-11-10T12:36:25+00:00","article_modified_time":"2023-11-10T12:36:27+00:00","og_image":[{"width":1600,"height":1200,"url":"https:\/\/i0.wp.com\/pilt.com.ar\/parque-industrial\/wp-content\/uploads\/2023\/11\/WhatsApp-Image-2023-11-09-at-16.10.28.jpeg?fit=1600%2C1200&ssl=1","type":"image\/jpeg"}],"author":"PILT","twitter_card":"summary_large_image","twitter_misc":{"Escrito por":"PILT","Tiempo de lectura":"2 minutos"},"schema":{"@context":"https:\/\/schema.org","@graph":[{"@type":"Article","@id":"https:\/\/pilt.com.ar\/parque-industrial\/verificaron-la-bascula-de-camiones-del-pilt\/#article","isPartOf":{"@id":"https:\/\/pilt.com.ar\/parque-industrial\/verificaron-la-bascula-de-camiones-del-pilt\/"},"author":{"name":"PILT","@id":"https:\/\/pilt.com.ar\/parque-industrial\/#\/schema\/person\/2dfb9e2464de1c3deef20c25c30a8306"},"headline":"VERIFICARON LA B\u00c1SCULA DE CAMIONES DEL PILT","datePublished":"2023-11-10T12:36:25+00:00","dateModified":"2023-11-10T12:36:27+00:00","mainEntityOfPage":{"@id":"https:\/\/pilt.com.ar\/parque-industrial\/verificaron-la-bascula-de-camiones-del-pilt\/"},"wordCount":357,"commentCount":0,"image":{"@id":"https:\/\/pilt.com.ar\/parque-industrial\/verificaron-la-bascula-de-camiones-del-pilt\/#primaryimage"},"thumbnailUrl":"https:\/\/i0.wp.com\/pilt.com.ar\/parque-industrial\/wp-content\/uploads\/2023\/11\/WhatsApp-Image-2023-11-09-at-16.10.28.jpeg?fit=1600%2C1200&ssl=1","articleSection":["Noticias"],"inLanguage":"es","potentialAction":[{"@type":"CommentAction","name":"Comment","target":["https:\/\/pilt.com.ar\/parque-industrial\/verificaron-la-bascula-de-camiones-del-pilt\/#respond"]}]},{"@type":"WebPage","@id":"https:\/\/pilt.com.ar\/parque-industrial\/verificaron-la-bascula-de-camiones-del-pilt\/","url":"https:\/\/pilt.com.ar\/parque-industrial\/verificaron-la-bascula-de-camiones-del-pilt\/","name":"VERIFICARON LA B\u00c1SCULA DE CAMIONES DEL PILT - PILT.com.ar","isPartOf":{"@id":"https:\/\/pilt.com.ar\/parque-industrial\/#website"},"primaryImageOfPage":{"@id":"https:\/\/pilt.com.ar\/parque-industrial\/verificaron-la-bascula-de-camiones-del-pilt\/#primaryimage"},"image":{"@id":"https:\/\/pilt.com.ar\/parque-industrial\/verificaron-la-bascula-de-camiones-del-pilt\/#primaryimage"},"thumbnailUrl":"https:\/\/i0.wp.com\/pilt.com.ar\/parque-industrial\/wp-content\/uploads\/2023\/11\/WhatsApp-Image-2023-11-09-at-16.10.28.jpeg?fit=1600%2C1200&ssl=1","datePublished":"2023-11-10T12:36:25+00:00","dateModified":"2023-11-10T12:36:27+00:00","author":{"@id":"https:\/\/pilt.com.ar\/parque-industrial\/#\/schema\/person\/2dfb9e2464de1c3deef20c25c30a8306"},"inLanguage":"es","potentialAction":[{"@type":"ReadAction","target":["https:\/\/pilt.com.ar\/parque-industrial\/verificaron-la-bascula-de-camiones-del-pilt\/"]}]},{"@type":"ImageObject","inLanguage":"es","@id":"https:\/\/pilt.com.ar\/parque-industrial\/verificaron-la-bascula-de-camiones-del-pilt\/#primaryimage","url":"https:\/\/i0.wp.com\/pilt.com.ar\/parque-industrial\/wp-content\/uploads\/2023\/11\/WhatsApp-Image-2023-11-09-at-16.10.28.jpeg?fit=1600%2C1200&ssl=1","contentUrl":"https:\/\/i0.wp.com\/pilt.com.ar\/parque-industrial\/wp-content\/uploads\/2023\/11\/WhatsApp-Image-2023-11-09-at-16.10.28.jpeg?fit=1600%2C1200&ssl=1","width":1600,"height":1200},{"@type":"WebSite","@id":"https:\/\/pilt.com.ar\/parque-industrial\/#website","url":"https:\/\/pilt.com.ar\/parque-industrial\/","name":"PILT.com.ar","description":"Parque Industrial, Log\u00edstico y Tecnol\u00f3gico Villa Mar\u00eda","potentialAction":[{"@type":"SearchAction","target":{"@type":"EntryPoint","urlTemplate":"https:\/\/pilt.com.ar\/parque-industrial\/?s={search_term_string}"},"query-input":{"@type":"PropertyValueSpecification","valueRequired":true,"valueName":"search_term_string"}}],"inLanguage":"es"},{"@type":"Person","@id":"https:\/\/pilt.com.ar\/parque-industrial\/#\/schema\/person\/2dfb9e2464de1c3deef20c25c30a8306","name":"PILT","image":{"@type":"ImageObject","inLanguage":"es","@id":"https:\/\/secure.gravatar.com\/avatar\/5e3734c8d8c8e0b0d45f923c14a14d7b90521d573d02f0d91360a777095ee42b?s=96&d=mm&r=g","url":"https:\/\/secure.gravatar.com\/avatar\/5e3734c8d8c8e0b0d45f923c14a14d7b90521d573d02f0d91360a777095ee42b?s=96&d=mm&r=g","contentUrl":"https:\/\/secure.gravatar.com\/avatar\/5e3734c8d8c8e0b0d45f923c14a14d7b90521d573d02f0d91360a777095ee42b?s=96&d=mm&r=g","caption":"PILT"},"url":"https:\/\/pilt.com.ar\/parque-industrial\/author\/pilt\/"}]}},"jetpack_featured_media_url":"https:\/\/i0.wp.com\/pilt.com.ar\/parque-industrial\/wp-content\/uploads\/2023\/11\/WhatsApp-Image-2023-11-09-at-16.10.28.jpeg?fit=1600%2C1200&ssl=1","jetpack_sharing_enabled":true,"_links":{"self":[{"href":"https:\/\/pilt.com.ar\/parque-industrial\/wp-json\/wp\/v2\/posts\/3043","targetHints":{"allow":["GET"]}}],"collection":[{"href":"https:\/\/pilt.com.ar\/parque-industrial\/wp-json\/wp\/v2\/posts"}],"about":[{"href":"https:\/\/pilt.com.ar\/parque-industrial\/wp-json\/wp\/v2\/types\/post"}],"author":[{"embeddable":true,"href":"https:\/\/pilt.com.ar\/parque-industrial\/wp-json\/wp\/v2\/users\/3"}],"replies":[{"embeddable":true,"href":"https:\/\/pilt.com.ar\/parque-industrial\/wp-json\/wp\/v2\/comments?post=3043"}],"version-history":[{"count":1,"href":"https:\/\/pilt.com.ar\/parque-industrial\/wp-json\/wp\/v2\/posts\/3043\/revisions"}],"predecessor-version":[{"id":3045,"href":"https:\/\/pilt.com.ar\/parque-industrial\/wp-json\/wp\/v2\/posts\/3043\/revisions\/3045"}],"wp:featuredmedia":[{"embeddable":true,"href":"https:\/\/pilt.com.ar\/parque-industrial\/wp-json\/wp\/v2\/media\/3044"}],"wp:attachment":[{"href":"https:\/\/pilt.com.ar\/parque-industrial\/wp-json\/wp\/v2\/media?parent=3043"}],"wp:term":[{"taxonomy":"category","embeddable":true,"href":"https:\/\/pilt.com.ar\/parque-industrial\/wp-json\/wp\/v2\/categories?post=3043"},{"taxonomy":"post_tag","embeddable":true,"href":"https:\/\/pilt.com.ar\/parque-industrial\/wp-json\/wp\/v2\/tags?post=3043"}],"curies":[{"name":"wp","href":"https:\/\/api.w.org\/{rel}","templated":true}]}}