{"id":3029,"date":"2023-10-20T15:28:59","date_gmt":"2023-10-20T18:28:59","guid":{"rendered":"https:\/\/pilt.com.ar\/parque-industrial\/?p=3029"},"modified":"2023-10-20T15:28:59","modified_gmt":"2023-10-20T18:28:59","slug":"se-presento-la-oficina-de-patrulla-rural-emplazada-en-el-pilt","status":"publish","type":"post","link":"https:\/\/pilt.com.ar\/parque-industrial\/se-presento-la-oficina-de-patrulla-rural-emplazada-en-el-pilt\/","title":{"rendered":"SE PRESENT\u00d3 LA OFICINA DE PATRULLA RURAL EMPLAZADA EN EL PILT"},"content":{"rendered":"\n<p class=\"has-text-align-center\"><em><strong>El destacamento policial brindar\u00e1 cobertura a los departamentos General San Mart\u00edn, Uni\u00f3n y Marcos Ju\u00e1re<\/strong>z.<\/em><\/p>\n\n\n\n<p class=\"has-text-align-justify\">A partir del d\u00eda de la fecha en el Parque Industrial, Log\u00edstico y Tecnol\u00f3gico Villa Mar\u00eda (PILT) comenz\u00f3 a operar la oficina de Jefatura de Inspecci\u00f3n Zona N\u00b0 5 de Patrulla Rural, espacio que tiene como funci\u00f3n la planificaci\u00f3n y coordinaci\u00f3n administrativa y operativa&nbsp; de los destacamentos rurales que se encuentran dentro de la jurisdicci\u00f3n rural de los Departamentos General San Mart\u00edn, Uni\u00f3n y Marcos Ju\u00e1rez.<\/p>\n\n\n\n<p class=\"has-text-align-justify\">El acto cont\u00f3 con la presencia del Intendente Municipal, Mart\u00edn Gill; del ministro de Industria, Comercio y Miner\u00eda de la Provincia, Eduardo Accastello; del presidente del PILT, Ing. Carlos Pizzorno; del gerente de la entidad, Lic. Carlos Montoto Galiano; del comisario Mayor de Patrulla Rural, Marcelo Mar\u00edn, y dem\u00e1s autoridades policiales, miembros del directorio del Ente, funcionarios municipales y empresarios.<\/p>\n\n\n\n<p class=\"has-text-align-justify\">Al momento de las palabras, Pizzorno se\u00f1al\u00f3 qu\u00e9 con el paso del tiempo las demandas al PILT fueron variando. En ese sentido, record\u00f3 que a\u00f1os atr\u00e1s el foco estaba puesto en la infraestructura para el desarrollo industrial; y a medida que esas necesidades se fueron supliendo, emergen otros requerimientos.<\/p>\n\n\n\n<p class=\"has-text-align-justify\">\u201cHace poco inauguramos un CAPS, para brindar un servicio a las empresas en caso de accidentes, pero tambi\u00e9n en interacci\u00f3n con el entorno, con los barrios cercanos. Nosotros contamos para el control con un servicio de porter\u00eda; esta oficina ahora aportar\u00e1 una seguridad mayor\u201d, indic\u00f3 el presidente de la entidad.<\/p>\n\n\n\n<p class=\"has-text-align-justify\">Posteriormente, el Intendente Mart\u00edn Gill resalt\u00f3 la importancia que reviste para la ciudad tener dos destacamentos de Patrulla Rural, \u201cuno en la zona norte, ubicada en la sede de la Sociedad Rural de Villa Mar\u00eda, y el otro ac\u00e1, en la zona sur gracias a la generosidad del Parque y la decisi\u00f3n pol\u00edtica del gobierno de la Provincia. Esto nos permite una cobertura muy importante\u201d.<\/p>\n\n\n\n<p class=\"has-text-align-justify\">Finalmente, el ministro Accastello destac\u00f3 que la oficina que se habilit\u00f3 \u201caporta un plus a este parque modelo. Creo que hoy lo m\u00e1s importante es la integraci\u00f3n de ideas, iniciativas y propuestas. En C\u00f3rdoba trabajamos juntos y eso permite que podamos potenciar la satisfacci\u00f3n de necesidades\u201d.<\/p>\n","protected":false},"excerpt":{"rendered":"<p>El destacamento policial brindar\u00e1 cobertura a los departamentos General San Mart\u00edn, Uni\u00f3n y Marcos Ju\u00e1rez. A partir del d\u00eda de la fecha en el Parque Industrial, Log\u00edstico y Tecnol\u00f3gico Villa Mar\u00eda (PILT) comenz\u00f3 a operar la oficina de Jefatura de Inspecci\u00f3n Zona N\u00b0 5 de Patrulla Rural, espacio que tiene como funci\u00f3n la planificaci\u00f3n y [&hellip;]<\/p>\n","protected":false},"author":3,"featured_media":3030,"comment_status":"open","ping_status":"open","sticky":false,"template":"","format":"standard","meta":{"_jetpack_memberships_contains_paid_content":false,"footnotes":""},"categories":[2],"tags":[],"class_list":["post-3029","post","type-post","status-publish","format-standard","has-post-thumbnail","hentry","category-noticias"],"yoast_head":"<!-- This site is optimized with the Yoast SEO plugin v27.5 - https:\/\/yoast.com\/product\/yoast-seo-wordpress\/ -->\n<title>SE PRESENT\u00d3 LA OFICINA DE PATRULLA RURAL EMPLAZADA EN EL PILT - PILT.com.ar<\/title>\n<meta name=\"robots\" content=\"index, follow, max-snippet:-1, max-image-preview:large, max-video-preview:-1\" \/>\n<link rel=\"canonical\" href=\"https:\/\/pilt.com.ar\/parque-industrial\/se-presento-la-oficina-de-patrulla-rural-emplazada-en-el-pilt\/\" \/>\n<meta property=\"og:locale\" content=\"es_ES\" \/>\n<meta property=\"og:type\" content=\"article\" \/>\n<meta property=\"og:title\" content=\"SE PRESENT\u00d3 LA OFICINA DE PATRULLA RURAL EMPLAZADA EN EL PILT - PILT.com.ar\" \/>\n<meta property=\"og:description\" content=\"El destacamento policial brindar\u00e1 cobertura a los departamentos General San Mart\u00edn, Uni\u00f3n y Marcos Ju\u00e1rez. A partir del d\u00eda de la fecha en el Parque Industrial, Log\u00edstico y Tecnol\u00f3gico Villa Mar\u00eda (PILT) comenz\u00f3 a operar la oficina de Jefatura de Inspecci\u00f3n Zona N\u00b0 5 de Patrulla Rural, espacio que tiene como funci\u00f3n la planificaci\u00f3n y [&hellip;]\" \/>\n<meta property=\"og:url\" content=\"https:\/\/pilt.com.ar\/parque-industrial\/se-presento-la-oficina-de-patrulla-rural-emplazada-en-el-pilt\/\" \/>\n<meta property=\"og:site_name\" content=\"PILT.com.ar\" \/>\n<meta property=\"article:published_time\" content=\"2023-10-20T18:28:59+00:00\" \/>\n<meta property=\"og:image\" content=\"https:\/\/i0.wp.com\/pilt.com.ar\/parque-industrial\/wp-content\/uploads\/2023\/10\/WhatsApp-Image-2023-10-20-at-12.46.59.jpeg?fit=1600%2C1200&ssl=1\" \/>\n\t<meta property=\"og:image:width\" content=\"1600\" \/>\n\t<meta property=\"og:image:height\" content=\"1200\" \/>\n\t<meta property=\"og:image:type\" content=\"image\/jpeg\" \/>\n<meta name=\"author\" content=\"PILT\" \/>\n<meta name=\"twitter:card\" content=\"summary_large_image\" \/>\n<meta name=\"twitter:label1\" content=\"Escrito por\" \/>\n\t<meta name=\"twitter:data1\" content=\"PILT\" \/>\n\t<meta name=\"twitter:label2\" content=\"Tiempo de lectura\" \/>\n\t<meta name=\"twitter:data2\" content=\"2 minutos\" \/>\n<script type=\"application\/ld+json\" class=\"yoast-schema-graph\">{\"@context\":\"https:\\\/\\\/schema.org\",\"@graph\":[{\"@type\":\"Article\",\"@id\":\"https:\\\/\\\/pilt.com.ar\\\/parque-industrial\\\/se-presento-la-oficina-de-patrulla-rural-emplazada-en-el-pilt\\\/#article\",\"isPartOf\":{\"@id\":\"https:\\\/\\\/pilt.com.ar\\\/parque-industrial\\\/se-presento-la-oficina-de-patrulla-rural-emplazada-en-el-pilt\\\/\"},\"author\":{\"name\":\"PILT\",\"@id\":\"https:\\\/\\\/pilt.com.ar\\\/parque-industrial\\\/#\\\/schema\\\/person\\\/2dfb9e2464de1c3deef20c25c30a8306\"},\"headline\":\"SE PRESENT\u00d3 LA OFICINA DE PATRULLA RURAL EMPLAZADA EN EL PILT\",\"datePublished\":\"2023-10-20T18:28:59+00:00\",\"mainEntityOfPage\":{\"@id\":\"https:\\\/\\\/pilt.com.ar\\\/parque-industrial\\\/se-presento-la-oficina-de-patrulla-rural-emplazada-en-el-pilt\\\/\"},\"wordCount\":395,\"commentCount\":0,\"image\":{\"@id\":\"https:\\\/\\\/pilt.com.ar\\\/parque-industrial\\\/se-presento-la-oficina-de-patrulla-rural-emplazada-en-el-pilt\\\/#primaryimage\"},\"thumbnailUrl\":\"https:\\\/\\\/i0.wp.com\\\/pilt.com.ar\\\/parque-industrial\\\/wp-content\\\/uploads\\\/2023\\\/10\\\/WhatsApp-Image-2023-10-20-at-12.46.59.jpeg?fit=1600%2C1200&ssl=1\",\"articleSection\":[\"Noticias\"],\"inLanguage\":\"es\",\"potentialAction\":[{\"@type\":\"CommentAction\",\"name\":\"Comment\",\"target\":[\"https:\\\/\\\/pilt.com.ar\\\/parque-industrial\\\/se-presento-la-oficina-de-patrulla-rural-emplazada-en-el-pilt\\\/#respond\"]}]},{\"@type\":\"WebPage\",\"@id\":\"https:\\\/\\\/pilt.com.ar\\\/parque-industrial\\\/se-presento-la-oficina-de-patrulla-rural-emplazada-en-el-pilt\\\/\",\"url\":\"https:\\\/\\\/pilt.com.ar\\\/parque-industrial\\\/se-presento-la-oficina-de-patrulla-rural-emplazada-en-el-pilt\\\/\",\"name\":\"SE PRESENT\u00d3 LA OFICINA DE PATRULLA RURAL EMPLAZADA EN EL PILT - PILT.com.ar\",\"isPartOf\":{\"@id\":\"https:\\\/\\\/pilt.com.ar\\\/parque-industrial\\\/#website\"},\"primaryImageOfPage\":{\"@id\":\"https:\\\/\\\/pilt.com.ar\\\/parque-industrial\\\/se-presento-la-oficina-de-patrulla-rural-emplazada-en-el-pilt\\\/#primaryimage\"},\"image\":{\"@id\":\"https:\\\/\\\/pilt.com.ar\\\/parque-industrial\\\/se-presento-la-oficina-de-patrulla-rural-emplazada-en-el-pilt\\\/#primaryimage\"},\"thumbnailUrl\":\"https:\\\/\\\/i0.wp.com\\\/pilt.com.ar\\\/parque-industrial\\\/wp-content\\\/uploads\\\/2023\\\/10\\\/WhatsApp-Image-2023-10-20-at-12.46.59.jpeg?fit=1600%2C1200&ssl=1\",\"datePublished\":\"2023-10-20T18:28:59+00:00\",\"author\":{\"@id\":\"https:\\\/\\\/pilt.com.ar\\\/parque-industrial\\\/#\\\/schema\\\/person\\\/2dfb9e2464de1c3deef20c25c30a8306\"},\"inLanguage\":\"es\",\"potentialAction\":[{\"@type\":\"ReadAction\",\"target\":[\"https:\\\/\\\/pilt.com.ar\\\/parque-industrial\\\/se-presento-la-oficina-de-patrulla-rural-emplazada-en-el-pilt\\\/\"]}]},{\"@type\":\"ImageObject\",\"inLanguage\":\"es\",\"@id\":\"https:\\\/\\\/pilt.com.ar\\\/parque-industrial\\\/se-presento-la-oficina-de-patrulla-rural-emplazada-en-el-pilt\\\/#primaryimage\",\"url\":\"https:\\\/\\\/i0.wp.com\\\/pilt.com.ar\\\/parque-industrial\\\/wp-content\\\/uploads\\\/2023\\\/10\\\/WhatsApp-Image-2023-10-20-at-12.46.59.jpeg?fit=1600%2C1200&ssl=1\",\"contentUrl\":\"https:\\\/\\\/i0.wp.com\\\/pilt.com.ar\\\/parque-industrial\\\/wp-content\\\/uploads\\\/2023\\\/10\\\/WhatsApp-Image-2023-10-20-at-12.46.59.jpeg?fit=1600%2C1200&ssl=1\",\"width\":1600,\"height\":1200},{\"@type\":\"WebSite\",\"@id\":\"https:\\\/\\\/pilt.com.ar\\\/parque-industrial\\\/#website\",\"url\":\"https:\\\/\\\/pilt.com.ar\\\/parque-industrial\\\/\",\"name\":\"PILT.com.ar\",\"description\":\"Parque Industrial, Log\u00edstico y Tecnol\u00f3gico Villa Mar\u00eda\",\"potentialAction\":[{\"@type\":\"SearchAction\",\"target\":{\"@type\":\"EntryPoint\",\"urlTemplate\":\"https:\\\/\\\/pilt.com.ar\\\/parque-industrial\\\/?s={search_term_string}\"},\"query-input\":{\"@type\":\"PropertyValueSpecification\",\"valueRequired\":true,\"valueName\":\"search_term_string\"}}],\"inLanguage\":\"es\"},{\"@type\":\"Person\",\"@id\":\"https:\\\/\\\/pilt.com.ar\\\/parque-industrial\\\/#\\\/schema\\\/person\\\/2dfb9e2464de1c3deef20c25c30a8306\",\"name\":\"PILT\",\"image\":{\"@type\":\"ImageObject\",\"inLanguage\":\"es\",\"@id\":\"https:\\\/\\\/secure.gravatar.com\\\/avatar\\\/5e3734c8d8c8e0b0d45f923c14a14d7b90521d573d02f0d91360a777095ee42b?s=96&d=mm&r=g\",\"url\":\"https:\\\/\\\/secure.gravatar.com\\\/avatar\\\/5e3734c8d8c8e0b0d45f923c14a14d7b90521d573d02f0d91360a777095ee42b?s=96&d=mm&r=g\",\"contentUrl\":\"https:\\\/\\\/secure.gravatar.com\\\/avatar\\\/5e3734c8d8c8e0b0d45f923c14a14d7b90521d573d02f0d91360a777095ee42b?s=96&d=mm&r=g\",\"caption\":\"PILT\"},\"url\":\"https:\\\/\\\/pilt.com.ar\\\/parque-industrial\\\/author\\\/pilt\\\/\"}]}<\/script>\n<!-- \/ Yoast SEO plugin. -->","yoast_head_json":{"title":"SE PRESENT\u00d3 LA OFICINA DE PATRULLA RURAL EMPLAZADA EN EL PILT - PILT.com.ar","robots":{"index":"index","follow":"follow","max-snippet":"max-snippet:-1","max-image-preview":"max-image-preview:large","max-video-preview":"max-video-preview:-1"},"canonical":"https:\/\/pilt.com.ar\/parque-industrial\/se-presento-la-oficina-de-patrulla-rural-emplazada-en-el-pilt\/","og_locale":"es_ES","og_type":"article","og_title":"SE PRESENT\u00d3 LA OFICINA DE PATRULLA RURAL EMPLAZADA EN EL PILT - PILT.com.ar","og_description":"El destacamento policial brindar\u00e1 cobertura a los departamentos General San Mart\u00edn, Uni\u00f3n y Marcos Ju\u00e1rez. A partir del d\u00eda de la fecha en el Parque Industrial, Log\u00edstico y Tecnol\u00f3gico Villa Mar\u00eda (PILT) comenz\u00f3 a operar la oficina de Jefatura de Inspecci\u00f3n Zona N\u00b0 5 de Patrulla Rural, espacio que tiene como funci\u00f3n la planificaci\u00f3n y [&hellip;]","og_url":"https:\/\/pilt.com.ar\/parque-industrial\/se-presento-la-oficina-de-patrulla-rural-emplazada-en-el-pilt\/","og_site_name":"PILT.com.ar","article_published_time":"2023-10-20T18:28:59+00:00","og_image":[{"width":1600,"height":1200,"url":"https:\/\/i0.wp.com\/pilt.com.ar\/parque-industrial\/wp-content\/uploads\/2023\/10\/WhatsApp-Image-2023-10-20-at-12.46.59.jpeg?fit=1600%2C1200&ssl=1","type":"image\/jpeg"}],"author":"PILT","twitter_card":"summary_large_image","twitter_misc":{"Escrito por":"PILT","Tiempo de lectura":"2 minutos"},"schema":{"@context":"https:\/\/schema.org","@graph":[{"@type":"Article","@id":"https:\/\/pilt.com.ar\/parque-industrial\/se-presento-la-oficina-de-patrulla-rural-emplazada-en-el-pilt\/#article","isPartOf":{"@id":"https:\/\/pilt.com.ar\/parque-industrial\/se-presento-la-oficina-de-patrulla-rural-emplazada-en-el-pilt\/"},"author":{"name":"PILT","@id":"https:\/\/pilt.com.ar\/parque-industrial\/#\/schema\/person\/2dfb9e2464de1c3deef20c25c30a8306"},"headline":"SE PRESENT\u00d3 LA OFICINA DE PATRULLA RURAL EMPLAZADA EN EL PILT","datePublished":"2023-10-20T18:28:59+00:00","mainEntityOfPage":{"@id":"https:\/\/pilt.com.ar\/parque-industrial\/se-presento-la-oficina-de-patrulla-rural-emplazada-en-el-pilt\/"},"wordCount":395,"commentCount":0,"image":{"@id":"https:\/\/pilt.com.ar\/parque-industrial\/se-presento-la-oficina-de-patrulla-rural-emplazada-en-el-pilt\/#primaryimage"},"thumbnailUrl":"https:\/\/i0.wp.com\/pilt.com.ar\/parque-industrial\/wp-content\/uploads\/2023\/10\/WhatsApp-Image-2023-10-20-at-12.46.59.jpeg?fit=1600%2C1200&ssl=1","articleSection":["Noticias"],"inLanguage":"es","potentialAction":[{"@type":"CommentAction","name":"Comment","target":["https:\/\/pilt.com.ar\/parque-industrial\/se-presento-la-oficina-de-patrulla-rural-emplazada-en-el-pilt\/#respond"]}]},{"@type":"WebPage","@id":"https:\/\/pilt.com.ar\/parque-industrial\/se-presento-la-oficina-de-patrulla-rural-emplazada-en-el-pilt\/","url":"https:\/\/pilt.com.ar\/parque-industrial\/se-presento-la-oficina-de-patrulla-rural-emplazada-en-el-pilt\/","name":"SE PRESENT\u00d3 LA OFICINA DE PATRULLA RURAL EMPLAZADA EN EL PILT - PILT.com.ar","isPartOf":{"@id":"https:\/\/pilt.com.ar\/parque-industrial\/#website"},"primaryImageOfPage":{"@id":"https:\/\/pilt.com.ar\/parque-industrial\/se-presento-la-oficina-de-patrulla-rural-emplazada-en-el-pilt\/#primaryimage"},"image":{"@id":"https:\/\/pilt.com.ar\/parque-industrial\/se-presento-la-oficina-de-patrulla-rural-emplazada-en-el-pilt\/#primaryimage"},"thumbnailUrl":"https:\/\/i0.wp.com\/pilt.com.ar\/parque-industrial\/wp-content\/uploads\/2023\/10\/WhatsApp-Image-2023-10-20-at-12.46.59.jpeg?fit=1600%2C1200&ssl=1","datePublished":"2023-10-20T18:28:59+00:00","author":{"@id":"https:\/\/pilt.com.ar\/parque-industrial\/#\/schema\/person\/2dfb9e2464de1c3deef20c25c30a8306"},"inLanguage":"es","potentialAction":[{"@type":"ReadAction","target":["https:\/\/pilt.com.ar\/parque-industrial\/se-presento-la-oficina-de-patrulla-rural-emplazada-en-el-pilt\/"]}]},{"@type":"ImageObject","inLanguage":"es","@id":"https:\/\/pilt.com.ar\/parque-industrial\/se-presento-la-oficina-de-patrulla-rural-emplazada-en-el-pilt\/#primaryimage","url":"https:\/\/i0.wp.com\/pilt.com.ar\/parque-industrial\/wp-content\/uploads\/2023\/10\/WhatsApp-Image-2023-10-20-at-12.46.59.jpeg?fit=1600%2C1200&ssl=1","contentUrl":"https:\/\/i0.wp.com\/pilt.com.ar\/parque-industrial\/wp-content\/uploads\/2023\/10\/WhatsApp-Image-2023-10-20-at-12.46.59.jpeg?fit=1600%2C1200&ssl=1","width":1600,"height":1200},{"@type":"WebSite","@id":"https:\/\/pilt.com.ar\/parque-industrial\/#website","url":"https:\/\/pilt.com.ar\/parque-industrial\/","name":"PILT.com.ar","description":"Parque Industrial, Log\u00edstico y Tecnol\u00f3gico Villa Mar\u00eda","potentialAction":[{"@type":"SearchAction","target":{"@type":"EntryPoint","urlTemplate":"https:\/\/pilt.com.ar\/parque-industrial\/?s={search_term_string}"},"query-input":{"@type":"PropertyValueSpecification","valueRequired":true,"valueName":"search_term_string"}}],"inLanguage":"es"},{"@type":"Person","@id":"https:\/\/pilt.com.ar\/parque-industrial\/#\/schema\/person\/2dfb9e2464de1c3deef20c25c30a8306","name":"PILT","image":{"@type":"ImageObject","inLanguage":"es","@id":"https:\/\/secure.gravatar.com\/avatar\/5e3734c8d8c8e0b0d45f923c14a14d7b90521d573d02f0d91360a777095ee42b?s=96&d=mm&r=g","url":"https:\/\/secure.gravatar.com\/avatar\/5e3734c8d8c8e0b0d45f923c14a14d7b90521d573d02f0d91360a777095ee42b?s=96&d=mm&r=g","contentUrl":"https:\/\/secure.gravatar.com\/avatar\/5e3734c8d8c8e0b0d45f923c14a14d7b90521d573d02f0d91360a777095ee42b?s=96&d=mm&r=g","caption":"PILT"},"url":"https:\/\/pilt.com.ar\/parque-industrial\/author\/pilt\/"}]}},"jetpack_featured_media_url":"https:\/\/i0.wp.com\/pilt.com.ar\/parque-industrial\/wp-content\/uploads\/2023\/10\/WhatsApp-Image-2023-10-20-at-12.46.59.jpeg?fit=1600%2C1200&ssl=1","jetpack_sharing_enabled":true,"_links":{"self":[{"href":"https:\/\/pilt.com.ar\/parque-industrial\/wp-json\/wp\/v2\/posts\/3029","targetHints":{"allow":["GET"]}}],"collection":[{"href":"https:\/\/pilt.com.ar\/parque-industrial\/wp-json\/wp\/v2\/posts"}],"about":[{"href":"https:\/\/pilt.com.ar\/parque-industrial\/wp-json\/wp\/v2\/types\/post"}],"author":[{"embeddable":true,"href":"https:\/\/pilt.com.ar\/parque-industrial\/wp-json\/wp\/v2\/users\/3"}],"replies":[{"embeddable":true,"href":"https:\/\/pilt.com.ar\/parque-industrial\/wp-json\/wp\/v2\/comments?post=3029"}],"version-history":[{"count":1,"href":"https:\/\/pilt.com.ar\/parque-industrial\/wp-json\/wp\/v2\/posts\/3029\/revisions"}],"predecessor-version":[{"id":3031,"href":"https:\/\/pilt.com.ar\/parque-industrial\/wp-json\/wp\/v2\/posts\/3029\/revisions\/3031"}],"wp:featuredmedia":[{"embeddable":true,"href":"https:\/\/pilt.com.ar\/parque-industrial\/wp-json\/wp\/v2\/media\/3030"}],"wp:attachment":[{"href":"https:\/\/pilt.com.ar\/parque-industrial\/wp-json\/wp\/v2\/media?parent=3029"}],"wp:term":[{"taxonomy":"category","embeddable":true,"href":"https:\/\/pilt.com.ar\/parque-industrial\/wp-json\/wp\/v2\/categories?post=3029"},{"taxonomy":"post_tag","embeddable":true,"href":"https:\/\/pilt.com.ar\/parque-industrial\/wp-json\/wp\/v2\/tags?post=3029"}],"curies":[{"name":"wp","href":"https:\/\/api.w.org\/{rel}","templated":true}]}}