{"id":3026,"date":"2023-10-12T14:25:38","date_gmt":"2023-10-12T17:25:38","guid":{"rendered":"https:\/\/pilt.com.ar\/parque-industrial\/?p=3026"},"modified":"2023-10-12T14:25:39","modified_gmt":"2023-10-12T17:25:39","slug":"moray-adquirio-dos-lotes-en-el-parque-industrial","status":"publish","type":"post","link":"https:\/\/pilt.com.ar\/parque-industrial\/moray-adquirio-dos-lotes-en-el-parque-industrial\/","title":{"rendered":"Moray adquiri\u00f3 dos lotes en el Parque Industrial"},"content":{"rendered":"\n<p><\/p>\n\n\n\n<p class=\"has-text-align-center\"><em><strong>La firma, que posee una nave en el predio, compr\u00f3 recientemente dos fracciones de terrenos para unificar su operatoria.<\/strong><\/em><\/p>\n\n\n\n<p class=\"has-text-align-justify\">La empresa Moray, dedicada a la comercializaci\u00f3n de productos vinculados al sector agropecuario, compr\u00f3 dos lotes que suman alrededor de 5000 metros cuadrados para migrar la totalidad de sus operaciones al Parque Industrial, Log\u00edstico y Tecnol\u00f3gico Villa Mar\u00eda (PILT).<\/p>\n\n\n\n<p class=\"has-text-align-justify\">Los terrenos, situados en la esquina de las calles Ber Gelbard y Emilio Werner, se utilizar\u00e1n para ejecutar un galp\u00f3n de almacenamiento de productos fitosanitarios para el agro, que actualmente est\u00e1 emplazado en otro lugar de la ciudad. De tal forma, todas las actividades de la firma se llevar\u00e1n a cabo en el PILT.<\/p>\n\n\n\n<p class=\"has-text-align-justify\">Vale mencionar que Moray posee una nave industrial en el predio en donde funciona un centro de atenci\u00f3n a sembradoras. All\u00ed se realizan chequeos de equipos, reparaci\u00f3n de cuerpos de siembra y dem\u00e1s elementos para la actividad, a la vez que se incorporan dispositivos para agricultura de precisi\u00f3n en esos equipos. El espacio tambi\u00e9n se utiliza para brindar capacitaciones a los operarios sobre el uso de tecnolog\u00eda de siembra y demostraciones de funcionamiento de dispositivos.<\/p>\n\n\n\n<p><\/p>\n","protected":false},"excerpt":{"rendered":"<p>La firma, que posee una nave en el predio, compr\u00f3 recientemente dos fracciones de terrenos para unificar su operatoria. La empresa Moray, dedicada a la comercializaci\u00f3n de productos vinculados al sector agropecuario, compr\u00f3 dos lotes que suman alrededor de 5000 metros cuadrados para migrar la totalidad de sus operaciones al Parque Industrial, Log\u00edstico y Tecnol\u00f3gico [&hellip;]<\/p>\n","protected":false},"author":3,"featured_media":3027,"comment_status":"open","ping_status":"open","sticky":false,"template":"","format":"standard","meta":{"_jetpack_memberships_contains_paid_content":false,"footnotes":""},"categories":[2],"tags":[],"class_list":["post-3026","post","type-post","status-publish","format-standard","has-post-thumbnail","hentry","category-noticias"],"yoast_head":"<!-- This site is optimized with the Yoast SEO plugin v27.5 - https:\/\/yoast.com\/product\/yoast-seo-wordpress\/ -->\n<title>Moray adquiri\u00f3 dos lotes en el Parque Industrial - PILT.com.ar<\/title>\n<meta name=\"robots\" content=\"index, follow, max-snippet:-1, max-image-preview:large, max-video-preview:-1\" \/>\n<link rel=\"canonical\" href=\"https:\/\/pilt.com.ar\/parque-industrial\/moray-adquirio-dos-lotes-en-el-parque-industrial\/\" \/>\n<meta property=\"og:locale\" content=\"es_ES\" \/>\n<meta property=\"og:type\" content=\"article\" \/>\n<meta property=\"og:title\" content=\"Moray adquiri\u00f3 dos lotes en el Parque Industrial - PILT.com.ar\" \/>\n<meta property=\"og:description\" content=\"La firma, que posee una nave en el predio, compr\u00f3 recientemente dos fracciones de terrenos para unificar su operatoria. La empresa Moray, dedicada a la comercializaci\u00f3n de productos vinculados al sector agropecuario, compr\u00f3 dos lotes que suman alrededor de 5000 metros cuadrados para migrar la totalidad de sus operaciones al Parque Industrial, Log\u00edstico y Tecnol\u00f3gico [&hellip;]\" \/>\n<meta property=\"og:url\" content=\"https:\/\/pilt.com.ar\/parque-industrial\/moray-adquirio-dos-lotes-en-el-parque-industrial\/\" \/>\n<meta property=\"og:site_name\" content=\"PILT.com.ar\" \/>\n<meta property=\"article:published_time\" content=\"2023-10-12T17:25:38+00:00\" \/>\n<meta property=\"article:modified_time\" content=\"2023-10-12T17:25:39+00:00\" \/>\n<meta property=\"og:image\" content=\"https:\/\/i0.wp.com\/pilt.com.ar\/parque-industrial\/wp-content\/uploads\/2023\/10\/Frente-Moray.jpeg?fit=766%2C578&ssl=1\" \/>\n\t<meta property=\"og:image:width\" content=\"766\" \/>\n\t<meta property=\"og:image:height\" content=\"578\" \/>\n\t<meta property=\"og:image:type\" content=\"image\/jpeg\" \/>\n<meta name=\"author\" content=\"PILT\" \/>\n<meta name=\"twitter:card\" content=\"summary_large_image\" \/>\n<meta name=\"twitter:label1\" content=\"Escrito por\" \/>\n\t<meta name=\"twitter:data1\" content=\"PILT\" \/>\n\t<meta name=\"twitter:label2\" content=\"Tiempo de lectura\" \/>\n\t<meta name=\"twitter:data2\" content=\"1 minuto\" \/>\n<script type=\"application\/ld+json\" class=\"yoast-schema-graph\">{\"@context\":\"https:\\\/\\\/schema.org\",\"@graph\":[{\"@type\":\"Article\",\"@id\":\"https:\\\/\\\/pilt.com.ar\\\/parque-industrial\\\/moray-adquirio-dos-lotes-en-el-parque-industrial\\\/#article\",\"isPartOf\":{\"@id\":\"https:\\\/\\\/pilt.com.ar\\\/parque-industrial\\\/moray-adquirio-dos-lotes-en-el-parque-industrial\\\/\"},\"author\":{\"name\":\"PILT\",\"@id\":\"https:\\\/\\\/pilt.com.ar\\\/parque-industrial\\\/#\\\/schema\\\/person\\\/2dfb9e2464de1c3deef20c25c30a8306\"},\"headline\":\"Moray adquiri\u00f3 dos lotes en el Parque Industrial\",\"datePublished\":\"2023-10-12T17:25:38+00:00\",\"dateModified\":\"2023-10-12T17:25:39+00:00\",\"mainEntityOfPage\":{\"@id\":\"https:\\\/\\\/pilt.com.ar\\\/parque-industrial\\\/moray-adquirio-dos-lotes-en-el-parque-industrial\\\/\"},\"wordCount\":207,\"commentCount\":0,\"image\":{\"@id\":\"https:\\\/\\\/pilt.com.ar\\\/parque-industrial\\\/moray-adquirio-dos-lotes-en-el-parque-industrial\\\/#primaryimage\"},\"thumbnailUrl\":\"https:\\\/\\\/i0.wp.com\\\/pilt.com.ar\\\/parque-industrial\\\/wp-content\\\/uploads\\\/2023\\\/10\\\/Frente-Moray.jpeg?fit=766%2C578&ssl=1\",\"articleSection\":[\"Noticias\"],\"inLanguage\":\"es\",\"potentialAction\":[{\"@type\":\"CommentAction\",\"name\":\"Comment\",\"target\":[\"https:\\\/\\\/pilt.com.ar\\\/parque-industrial\\\/moray-adquirio-dos-lotes-en-el-parque-industrial\\\/#respond\"]}]},{\"@type\":\"WebPage\",\"@id\":\"https:\\\/\\\/pilt.com.ar\\\/parque-industrial\\\/moray-adquirio-dos-lotes-en-el-parque-industrial\\\/\",\"url\":\"https:\\\/\\\/pilt.com.ar\\\/parque-industrial\\\/moray-adquirio-dos-lotes-en-el-parque-industrial\\\/\",\"name\":\"Moray adquiri\u00f3 dos lotes en el Parque Industrial - PILT.com.ar\",\"isPartOf\":{\"@id\":\"https:\\\/\\\/pilt.com.ar\\\/parque-industrial\\\/#website\"},\"primaryImageOfPage\":{\"@id\":\"https:\\\/\\\/pilt.com.ar\\\/parque-industrial\\\/moray-adquirio-dos-lotes-en-el-parque-industrial\\\/#primaryimage\"},\"image\":{\"@id\":\"https:\\\/\\\/pilt.com.ar\\\/parque-industrial\\\/moray-adquirio-dos-lotes-en-el-parque-industrial\\\/#primaryimage\"},\"thumbnailUrl\":\"https:\\\/\\\/i0.wp.com\\\/pilt.com.ar\\\/parque-industrial\\\/wp-content\\\/uploads\\\/2023\\\/10\\\/Frente-Moray.jpeg?fit=766%2C578&ssl=1\",\"datePublished\":\"2023-10-12T17:25:38+00:00\",\"dateModified\":\"2023-10-12T17:25:39+00:00\",\"author\":{\"@id\":\"https:\\\/\\\/pilt.com.ar\\\/parque-industrial\\\/#\\\/schema\\\/person\\\/2dfb9e2464de1c3deef20c25c30a8306\"},\"inLanguage\":\"es\",\"potentialAction\":[{\"@type\":\"ReadAction\",\"target\":[\"https:\\\/\\\/pilt.com.ar\\\/parque-industrial\\\/moray-adquirio-dos-lotes-en-el-parque-industrial\\\/\"]}]},{\"@type\":\"ImageObject\",\"inLanguage\":\"es\",\"@id\":\"https:\\\/\\\/pilt.com.ar\\\/parque-industrial\\\/moray-adquirio-dos-lotes-en-el-parque-industrial\\\/#primaryimage\",\"url\":\"https:\\\/\\\/i0.wp.com\\\/pilt.com.ar\\\/parque-industrial\\\/wp-content\\\/uploads\\\/2023\\\/10\\\/Frente-Moray.jpeg?fit=766%2C578&ssl=1\",\"contentUrl\":\"https:\\\/\\\/i0.wp.com\\\/pilt.com.ar\\\/parque-industrial\\\/wp-content\\\/uploads\\\/2023\\\/10\\\/Frente-Moray.jpeg?fit=766%2C578&ssl=1\",\"width\":766,\"height\":578},{\"@type\":\"WebSite\",\"@id\":\"https:\\\/\\\/pilt.com.ar\\\/parque-industrial\\\/#website\",\"url\":\"https:\\\/\\\/pilt.com.ar\\\/parque-industrial\\\/\",\"name\":\"PILT.com.ar\",\"description\":\"Parque Industrial, Log\u00edstico y Tecnol\u00f3gico Villa Mar\u00eda\",\"potentialAction\":[{\"@type\":\"SearchAction\",\"target\":{\"@type\":\"EntryPoint\",\"urlTemplate\":\"https:\\\/\\\/pilt.com.ar\\\/parque-industrial\\\/?s={search_term_string}\"},\"query-input\":{\"@type\":\"PropertyValueSpecification\",\"valueRequired\":true,\"valueName\":\"search_term_string\"}}],\"inLanguage\":\"es\"},{\"@type\":\"Person\",\"@id\":\"https:\\\/\\\/pilt.com.ar\\\/parque-industrial\\\/#\\\/schema\\\/person\\\/2dfb9e2464de1c3deef20c25c30a8306\",\"name\":\"PILT\",\"image\":{\"@type\":\"ImageObject\",\"inLanguage\":\"es\",\"@id\":\"https:\\\/\\\/secure.gravatar.com\\\/avatar\\\/5e3734c8d8c8e0b0d45f923c14a14d7b90521d573d02f0d91360a777095ee42b?s=96&d=mm&r=g\",\"url\":\"https:\\\/\\\/secure.gravatar.com\\\/avatar\\\/5e3734c8d8c8e0b0d45f923c14a14d7b90521d573d02f0d91360a777095ee42b?s=96&d=mm&r=g\",\"contentUrl\":\"https:\\\/\\\/secure.gravatar.com\\\/avatar\\\/5e3734c8d8c8e0b0d45f923c14a14d7b90521d573d02f0d91360a777095ee42b?s=96&d=mm&r=g\",\"caption\":\"PILT\"},\"url\":\"https:\\\/\\\/pilt.com.ar\\\/parque-industrial\\\/author\\\/pilt\\\/\"}]}<\/script>\n<!-- \/ Yoast SEO plugin. -->","yoast_head_json":{"title":"Moray adquiri\u00f3 dos lotes en el Parque Industrial - PILT.com.ar","robots":{"index":"index","follow":"follow","max-snippet":"max-snippet:-1","max-image-preview":"max-image-preview:large","max-video-preview":"max-video-preview:-1"},"canonical":"https:\/\/pilt.com.ar\/parque-industrial\/moray-adquirio-dos-lotes-en-el-parque-industrial\/","og_locale":"es_ES","og_type":"article","og_title":"Moray adquiri\u00f3 dos lotes en el Parque Industrial - PILT.com.ar","og_description":"La firma, que posee una nave en el predio, compr\u00f3 recientemente dos fracciones de terrenos para unificar su operatoria. La empresa Moray, dedicada a la comercializaci\u00f3n de productos vinculados al sector agropecuario, compr\u00f3 dos lotes que suman alrededor de 5000 metros cuadrados para migrar la totalidad de sus operaciones al Parque Industrial, Log\u00edstico y Tecnol\u00f3gico [&hellip;]","og_url":"https:\/\/pilt.com.ar\/parque-industrial\/moray-adquirio-dos-lotes-en-el-parque-industrial\/","og_site_name":"PILT.com.ar","article_published_time":"2023-10-12T17:25:38+00:00","article_modified_time":"2023-10-12T17:25:39+00:00","og_image":[{"width":766,"height":578,"url":"https:\/\/i0.wp.com\/pilt.com.ar\/parque-industrial\/wp-content\/uploads\/2023\/10\/Frente-Moray.jpeg?fit=766%2C578&ssl=1","type":"image\/jpeg"}],"author":"PILT","twitter_card":"summary_large_image","twitter_misc":{"Escrito por":"PILT","Tiempo de lectura":"1 minuto"},"schema":{"@context":"https:\/\/schema.org","@graph":[{"@type":"Article","@id":"https:\/\/pilt.com.ar\/parque-industrial\/moray-adquirio-dos-lotes-en-el-parque-industrial\/#article","isPartOf":{"@id":"https:\/\/pilt.com.ar\/parque-industrial\/moray-adquirio-dos-lotes-en-el-parque-industrial\/"},"author":{"name":"PILT","@id":"https:\/\/pilt.com.ar\/parque-industrial\/#\/schema\/person\/2dfb9e2464de1c3deef20c25c30a8306"},"headline":"Moray adquiri\u00f3 dos lotes en el Parque Industrial","datePublished":"2023-10-12T17:25:38+00:00","dateModified":"2023-10-12T17:25:39+00:00","mainEntityOfPage":{"@id":"https:\/\/pilt.com.ar\/parque-industrial\/moray-adquirio-dos-lotes-en-el-parque-industrial\/"},"wordCount":207,"commentCount":0,"image":{"@id":"https:\/\/pilt.com.ar\/parque-industrial\/moray-adquirio-dos-lotes-en-el-parque-industrial\/#primaryimage"},"thumbnailUrl":"https:\/\/i0.wp.com\/pilt.com.ar\/parque-industrial\/wp-content\/uploads\/2023\/10\/Frente-Moray.jpeg?fit=766%2C578&ssl=1","articleSection":["Noticias"],"inLanguage":"es","potentialAction":[{"@type":"CommentAction","name":"Comment","target":["https:\/\/pilt.com.ar\/parque-industrial\/moray-adquirio-dos-lotes-en-el-parque-industrial\/#respond"]}]},{"@type":"WebPage","@id":"https:\/\/pilt.com.ar\/parque-industrial\/moray-adquirio-dos-lotes-en-el-parque-industrial\/","url":"https:\/\/pilt.com.ar\/parque-industrial\/moray-adquirio-dos-lotes-en-el-parque-industrial\/","name":"Moray adquiri\u00f3 dos lotes en el Parque Industrial - PILT.com.ar","isPartOf":{"@id":"https:\/\/pilt.com.ar\/parque-industrial\/#website"},"primaryImageOfPage":{"@id":"https:\/\/pilt.com.ar\/parque-industrial\/moray-adquirio-dos-lotes-en-el-parque-industrial\/#primaryimage"},"image":{"@id":"https:\/\/pilt.com.ar\/parque-industrial\/moray-adquirio-dos-lotes-en-el-parque-industrial\/#primaryimage"},"thumbnailUrl":"https:\/\/i0.wp.com\/pilt.com.ar\/parque-industrial\/wp-content\/uploads\/2023\/10\/Frente-Moray.jpeg?fit=766%2C578&ssl=1","datePublished":"2023-10-12T17:25:38+00:00","dateModified":"2023-10-12T17:25:39+00:00","author":{"@id":"https:\/\/pilt.com.ar\/parque-industrial\/#\/schema\/person\/2dfb9e2464de1c3deef20c25c30a8306"},"inLanguage":"es","potentialAction":[{"@type":"ReadAction","target":["https:\/\/pilt.com.ar\/parque-industrial\/moray-adquirio-dos-lotes-en-el-parque-industrial\/"]}]},{"@type":"ImageObject","inLanguage":"es","@id":"https:\/\/pilt.com.ar\/parque-industrial\/moray-adquirio-dos-lotes-en-el-parque-industrial\/#primaryimage","url":"https:\/\/i0.wp.com\/pilt.com.ar\/parque-industrial\/wp-content\/uploads\/2023\/10\/Frente-Moray.jpeg?fit=766%2C578&ssl=1","contentUrl":"https:\/\/i0.wp.com\/pilt.com.ar\/parque-industrial\/wp-content\/uploads\/2023\/10\/Frente-Moray.jpeg?fit=766%2C578&ssl=1","width":766,"height":578},{"@type":"WebSite","@id":"https:\/\/pilt.com.ar\/parque-industrial\/#website","url":"https:\/\/pilt.com.ar\/parque-industrial\/","name":"PILT.com.ar","description":"Parque Industrial, Log\u00edstico y Tecnol\u00f3gico Villa Mar\u00eda","potentialAction":[{"@type":"SearchAction","target":{"@type":"EntryPoint","urlTemplate":"https:\/\/pilt.com.ar\/parque-industrial\/?s={search_term_string}"},"query-input":{"@type":"PropertyValueSpecification","valueRequired":true,"valueName":"search_term_string"}}],"inLanguage":"es"},{"@type":"Person","@id":"https:\/\/pilt.com.ar\/parque-industrial\/#\/schema\/person\/2dfb9e2464de1c3deef20c25c30a8306","name":"PILT","image":{"@type":"ImageObject","inLanguage":"es","@id":"https:\/\/secure.gravatar.com\/avatar\/5e3734c8d8c8e0b0d45f923c14a14d7b90521d573d02f0d91360a777095ee42b?s=96&d=mm&r=g","url":"https:\/\/secure.gravatar.com\/avatar\/5e3734c8d8c8e0b0d45f923c14a14d7b90521d573d02f0d91360a777095ee42b?s=96&d=mm&r=g","contentUrl":"https:\/\/secure.gravatar.com\/avatar\/5e3734c8d8c8e0b0d45f923c14a14d7b90521d573d02f0d91360a777095ee42b?s=96&d=mm&r=g","caption":"PILT"},"url":"https:\/\/pilt.com.ar\/parque-industrial\/author\/pilt\/"}]}},"jetpack_featured_media_url":"https:\/\/i0.wp.com\/pilt.com.ar\/parque-industrial\/wp-content\/uploads\/2023\/10\/Frente-Moray.jpeg?fit=766%2C578&ssl=1","jetpack_sharing_enabled":true,"_links":{"self":[{"href":"https:\/\/pilt.com.ar\/parque-industrial\/wp-json\/wp\/v2\/posts\/3026","targetHints":{"allow":["GET"]}}],"collection":[{"href":"https:\/\/pilt.com.ar\/parque-industrial\/wp-json\/wp\/v2\/posts"}],"about":[{"href":"https:\/\/pilt.com.ar\/parque-industrial\/wp-json\/wp\/v2\/types\/post"}],"author":[{"embeddable":true,"href":"https:\/\/pilt.com.ar\/parque-industrial\/wp-json\/wp\/v2\/users\/3"}],"replies":[{"embeddable":true,"href":"https:\/\/pilt.com.ar\/parque-industrial\/wp-json\/wp\/v2\/comments?post=3026"}],"version-history":[{"count":1,"href":"https:\/\/pilt.com.ar\/parque-industrial\/wp-json\/wp\/v2\/posts\/3026\/revisions"}],"predecessor-version":[{"id":3028,"href":"https:\/\/pilt.com.ar\/parque-industrial\/wp-json\/wp\/v2\/posts\/3026\/revisions\/3028"}],"wp:featuredmedia":[{"embeddable":true,"href":"https:\/\/pilt.com.ar\/parque-industrial\/wp-json\/wp\/v2\/media\/3027"}],"wp:attachment":[{"href":"https:\/\/pilt.com.ar\/parque-industrial\/wp-json\/wp\/v2\/media?parent=3026"}],"wp:term":[{"taxonomy":"category","embeddable":true,"href":"https:\/\/pilt.com.ar\/parque-industrial\/wp-json\/wp\/v2\/categories?post=3026"},{"taxonomy":"post_tag","embeddable":true,"href":"https:\/\/pilt.com.ar\/parque-industrial\/wp-json\/wp\/v2\/tags?post=3026"}],"curies":[{"name":"wp","href":"https:\/\/api.w.org\/{rel}","templated":true}]}}