{"id":3015,"date":"2023-09-29T12:25:00","date_gmt":"2023-09-29T15:25:00","guid":{"rendered":"https:\/\/pilt.com.ar\/parque-industrial\/?p=3015"},"modified":"2023-09-29T14:46:46","modified_gmt":"2023-09-29T17:46:46","slug":"hasta-el-6-de-octubre-esta-abierta-la-convocatoria-para-ocupar-la-nave-para-emprendedores-ii","status":"publish","type":"post","link":"https:\/\/pilt.com.ar\/parque-industrial\/hasta-el-6-de-octubre-esta-abierta-la-convocatoria-para-ocupar-la-nave-para-emprendedores-ii\/","title":{"rendered":"HASTA EL 6 DE OCTUBRE EST\u00c1 ABIERTA LA CONVOCATORIA PARA OCUPAR LA NAVE PARA EMPRENDEDORES II"},"content":{"rendered":"\n<p class=\"has-text-align-center\"><em><strong>La Administraci\u00f3n del Ente resolvi\u00f3 extender la posibilidad de presentar proyectos para ocupar los salones del nuevo espacio.<\/strong><\/em><\/p>\n\n\n\n<p class=\"has-text-align-justify\">El Parque Industrial, Log\u00edstico y Tecnol\u00f3gico Villa Mar\u00eda (PILT) prorrog\u00f3 el plazo de vencimiento para postular propuestas para ocupar la Nave para Emprendedores II hasta el pr\u00f3ximo 6 de octubre.<\/p>\n\n\n\n<p class=\"has-text-align-justify\">La Nave consta de 6 salones de 190 metros cuadrados cada uno, con sanitarios independientes y port\u00f3n de ingreso para veh\u00edculos de transporte. Los interesados deben presentar proyectos vinculados al sector de la alimentaci\u00f3n, laboratorio y farmac\u00e9utico.<\/p>\n\n\n\n<p class=\"has-text-align-justify\">Se trata de un espacio con todas las comunidades para desarrollar actividades productivas con un costo de alquiler sensiblemente menor al de mercado. La intenci\u00f3n es que el mismo se incremente a medida que los desarrollos se van consolidando, para acompa\u00f1arlos en su etapa inicial.<\/p>\n\n\n\n<p class=\"has-text-align-justify\">M\u00e1s all\u00e1 del costo del arrendamiento, los emprendimientos contar\u00e1n con todos los beneficios que otorga el Parque Industrial a sus asociados, como infraestructura, seguridad en p\u00f3rtico de ingreso, cerco perimetral del predio, disponibilidad de energ\u00eda el\u00e9ctrica y dem\u00e1s servicios para operar, c\u00e1maras de videovigilancia, descuentos en productos y servicios gestionados por el Ente, entre otros.<\/p>\n\n\n\n<p class=\"has-text-align-justify\">La b\u00fasqueda est\u00e1 orientada a empresas\/aut\u00f3nomos que inician su actividad econ\u00f3mica con su instalaci\u00f3n en el espacio de trabajo o empresas ya constituidas, en proceso de incubaci\u00f3n (antig\u00fcedad inferior a tres a\u00f1os). En ambos casos deben estar desarrollando un emprendimiento en el territorio nacional, con domicilio fiscal en Villa Mar\u00eda.<\/p>\n\n\n\n<p class=\"has-text-align-justify\">Una vez que venzan los plazos para la presentaci\u00f3n de propuestas, las mismas ser\u00e1n analizadas por una Comisi\u00f3n Evaluadora conformada por representantes de la Municipalidad de Villa Mar\u00eda; Universidad Nacional de Villa Mar\u00eda; Universidad Tecnol\u00f3gica Nacional \u2013 Facultad Regional Villa Mar\u00eda; Asociaci\u00f3n de Empresarios de la Regi\u00f3n Centro Argentino; Cl\u00faster de Impulso Tecnol\u00f3gico); Ente para el Desarrollo Productivo; Ente Regional de Desarrollo &#8211; EnRed y PILT.<\/p>\n\n\n\n<p>El 2 de noviembre se dar\u00e1n a conocer los resultados.<\/p>\n\n\n\n<p><strong>Datos a tener en cuenta<\/strong><\/p>\n\n\n\n<p>Cantidad de salones: 6<\/p>\n\n\n\n<p>Metros cuadrados: 190<\/p>\n\n\n\n<p>Cierre de inscripciones: 6\/10<\/p>\n\n\n\n<p>Publicaci\u00f3n de los seleccionados: 2\/11<\/p>\n\n\n\n<p>Link de inscripci\u00f3n: www.pilt.com.ar\/emprendedores<\/p>\n","protected":false},"excerpt":{"rendered":"<p>La Administraci\u00f3n del Ente resolvi\u00f3 extender la posibilidad de presentar proyectos para ocupar los salones del nuevo espacio. El Parque Industrial, Log\u00edstico y Tecnol\u00f3gico Villa Mar\u00eda (PILT) prorrog\u00f3 el plazo de vencimiento para postular propuestas para ocupar la Nave para Emprendedores II hasta el pr\u00f3ximo 6 de octubre. La Nave consta de 6 salones de [&hellip;]<\/p>\n","protected":false},"author":3,"featured_media":3020,"comment_status":"open","ping_status":"open","sticky":false,"template":"","format":"standard","meta":{"_jetpack_memberships_contains_paid_content":false,"footnotes":""},"categories":[2],"tags":[],"class_list":["post-3015","post","type-post","status-publish","format-standard","has-post-thumbnail","hentry","category-noticias"],"yoast_head":"<!-- This site is optimized with the Yoast SEO plugin v27.5 - https:\/\/yoast.com\/product\/yoast-seo-wordpress\/ -->\n<title>HASTA EL 6 DE OCTUBRE EST\u00c1 ABIERTA LA CONVOCATORIA PARA OCUPAR LA NAVE PARA EMPRENDEDORES II - PILT.com.ar<\/title>\n<meta name=\"robots\" content=\"index, follow, max-snippet:-1, max-image-preview:large, max-video-preview:-1\" \/>\n<link rel=\"canonical\" href=\"https:\/\/pilt.com.ar\/parque-industrial\/hasta-el-6-de-octubre-esta-abierta-la-convocatoria-para-ocupar-la-nave-para-emprendedores-ii\/\" \/>\n<meta property=\"og:locale\" content=\"es_ES\" \/>\n<meta property=\"og:type\" content=\"article\" \/>\n<meta property=\"og:title\" content=\"HASTA EL 6 DE OCTUBRE EST\u00c1 ABIERTA LA CONVOCATORIA PARA OCUPAR LA NAVE PARA EMPRENDEDORES II - PILT.com.ar\" \/>\n<meta property=\"og:description\" content=\"La Administraci\u00f3n del Ente resolvi\u00f3 extender la posibilidad de presentar proyectos para ocupar los salones del nuevo espacio. El Parque Industrial, Log\u00edstico y Tecnol\u00f3gico Villa Mar\u00eda (PILT) prorrog\u00f3 el plazo de vencimiento para postular propuestas para ocupar la Nave para Emprendedores II hasta el pr\u00f3ximo 6 de octubre. La Nave consta de 6 salones de [&hellip;]\" \/>\n<meta property=\"og:url\" content=\"https:\/\/pilt.com.ar\/parque-industrial\/hasta-el-6-de-octubre-esta-abierta-la-convocatoria-para-ocupar-la-nave-para-emprendedores-ii\/\" \/>\n<meta property=\"og:site_name\" content=\"PILT.com.ar\" \/>\n<meta property=\"article:published_time\" content=\"2023-09-29T15:25:00+00:00\" \/>\n<meta property=\"article:modified_time\" content=\"2023-09-29T17:46:46+00:00\" \/>\n<meta property=\"og:image\" content=\"https:\/\/i0.wp.com\/pilt.com.ar\/parque-industrial\/wp-content\/uploads\/2023\/09\/Drone-nave-2-y-Vistas-lejanas-4.MP4.00_00_18_18.Imagen-fija002-scaled.jpg?fit=2560%2C1350&ssl=1\" \/>\n\t<meta property=\"og:image:width\" content=\"2560\" \/>\n\t<meta property=\"og:image:height\" content=\"1350\" \/>\n\t<meta property=\"og:image:type\" content=\"image\/jpeg\" \/>\n<meta name=\"author\" content=\"PILT\" \/>\n<meta name=\"twitter:card\" content=\"summary_large_image\" \/>\n<meta name=\"twitter:label1\" content=\"Escrito por\" \/>\n\t<meta name=\"twitter:data1\" content=\"PILT\" \/>\n\t<meta name=\"twitter:label2\" content=\"Tiempo de lectura\" \/>\n\t<meta name=\"twitter:data2\" content=\"2 minutos\" \/>\n<script type=\"application\/ld+json\" class=\"yoast-schema-graph\">{\"@context\":\"https:\\\/\\\/schema.org\",\"@graph\":[{\"@type\":\"Article\",\"@id\":\"https:\\\/\\\/pilt.com.ar\\\/parque-industrial\\\/hasta-el-6-de-octubre-esta-abierta-la-convocatoria-para-ocupar-la-nave-para-emprendedores-ii\\\/#article\",\"isPartOf\":{\"@id\":\"https:\\\/\\\/pilt.com.ar\\\/parque-industrial\\\/hasta-el-6-de-octubre-esta-abierta-la-convocatoria-para-ocupar-la-nave-para-emprendedores-ii\\\/\"},\"author\":{\"name\":\"PILT\",\"@id\":\"https:\\\/\\\/pilt.com.ar\\\/parque-industrial\\\/#\\\/schema\\\/person\\\/2dfb9e2464de1c3deef20c25c30a8306\"},\"headline\":\"HASTA EL 6 DE OCTUBRE EST\u00c1 ABIERTA LA CONVOCATORIA PARA OCUPAR LA NAVE PARA EMPRENDEDORES II\",\"datePublished\":\"2023-09-29T15:25:00+00:00\",\"dateModified\":\"2023-09-29T17:46:46+00:00\",\"mainEntityOfPage\":{\"@id\":\"https:\\\/\\\/pilt.com.ar\\\/parque-industrial\\\/hasta-el-6-de-octubre-esta-abierta-la-convocatoria-para-ocupar-la-nave-para-emprendedores-ii\\\/\"},\"wordCount\":387,\"commentCount\":0,\"image\":{\"@id\":\"https:\\\/\\\/pilt.com.ar\\\/parque-industrial\\\/hasta-el-6-de-octubre-esta-abierta-la-convocatoria-para-ocupar-la-nave-para-emprendedores-ii\\\/#primaryimage\"},\"thumbnailUrl\":\"https:\\\/\\\/i0.wp.com\\\/pilt.com.ar\\\/parque-industrial\\\/wp-content\\\/uploads\\\/2023\\\/09\\\/Drone-nave-2-y-Vistas-lejanas-4.MP4.00_00_18_18.Imagen-fija002-scaled.jpg?fit=2560%2C1350&ssl=1\",\"articleSection\":[\"Noticias\"],\"inLanguage\":\"es\",\"potentialAction\":[{\"@type\":\"CommentAction\",\"name\":\"Comment\",\"target\":[\"https:\\\/\\\/pilt.com.ar\\\/parque-industrial\\\/hasta-el-6-de-octubre-esta-abierta-la-convocatoria-para-ocupar-la-nave-para-emprendedores-ii\\\/#respond\"]}]},{\"@type\":\"WebPage\",\"@id\":\"https:\\\/\\\/pilt.com.ar\\\/parque-industrial\\\/hasta-el-6-de-octubre-esta-abierta-la-convocatoria-para-ocupar-la-nave-para-emprendedores-ii\\\/\",\"url\":\"https:\\\/\\\/pilt.com.ar\\\/parque-industrial\\\/hasta-el-6-de-octubre-esta-abierta-la-convocatoria-para-ocupar-la-nave-para-emprendedores-ii\\\/\",\"name\":\"HASTA EL 6 DE OCTUBRE EST\u00c1 ABIERTA LA CONVOCATORIA PARA OCUPAR LA NAVE PARA EMPRENDEDORES II - PILT.com.ar\",\"isPartOf\":{\"@id\":\"https:\\\/\\\/pilt.com.ar\\\/parque-industrial\\\/#website\"},\"primaryImageOfPage\":{\"@id\":\"https:\\\/\\\/pilt.com.ar\\\/parque-industrial\\\/hasta-el-6-de-octubre-esta-abierta-la-convocatoria-para-ocupar-la-nave-para-emprendedores-ii\\\/#primaryimage\"},\"image\":{\"@id\":\"https:\\\/\\\/pilt.com.ar\\\/parque-industrial\\\/hasta-el-6-de-octubre-esta-abierta-la-convocatoria-para-ocupar-la-nave-para-emprendedores-ii\\\/#primaryimage\"},\"thumbnailUrl\":\"https:\\\/\\\/i0.wp.com\\\/pilt.com.ar\\\/parque-industrial\\\/wp-content\\\/uploads\\\/2023\\\/09\\\/Drone-nave-2-y-Vistas-lejanas-4.MP4.00_00_18_18.Imagen-fija002-scaled.jpg?fit=2560%2C1350&ssl=1\",\"datePublished\":\"2023-09-29T15:25:00+00:00\",\"dateModified\":\"2023-09-29T17:46:46+00:00\",\"author\":{\"@id\":\"https:\\\/\\\/pilt.com.ar\\\/parque-industrial\\\/#\\\/schema\\\/person\\\/2dfb9e2464de1c3deef20c25c30a8306\"},\"inLanguage\":\"es\",\"potentialAction\":[{\"@type\":\"ReadAction\",\"target\":[\"https:\\\/\\\/pilt.com.ar\\\/parque-industrial\\\/hasta-el-6-de-octubre-esta-abierta-la-convocatoria-para-ocupar-la-nave-para-emprendedores-ii\\\/\"]}]},{\"@type\":\"ImageObject\",\"inLanguage\":\"es\",\"@id\":\"https:\\\/\\\/pilt.com.ar\\\/parque-industrial\\\/hasta-el-6-de-octubre-esta-abierta-la-convocatoria-para-ocupar-la-nave-para-emprendedores-ii\\\/#primaryimage\",\"url\":\"https:\\\/\\\/i0.wp.com\\\/pilt.com.ar\\\/parque-industrial\\\/wp-content\\\/uploads\\\/2023\\\/09\\\/Drone-nave-2-y-Vistas-lejanas-4.MP4.00_00_18_18.Imagen-fija002-scaled.jpg?fit=2560%2C1350&ssl=1\",\"contentUrl\":\"https:\\\/\\\/i0.wp.com\\\/pilt.com.ar\\\/parque-industrial\\\/wp-content\\\/uploads\\\/2023\\\/09\\\/Drone-nave-2-y-Vistas-lejanas-4.MP4.00_00_18_18.Imagen-fija002-scaled.jpg?fit=2560%2C1350&ssl=1\",\"width\":2560,\"height\":1350},{\"@type\":\"WebSite\",\"@id\":\"https:\\\/\\\/pilt.com.ar\\\/parque-industrial\\\/#website\",\"url\":\"https:\\\/\\\/pilt.com.ar\\\/parque-industrial\\\/\",\"name\":\"PILT.com.ar\",\"description\":\"Parque Industrial, Log\u00edstico y Tecnol\u00f3gico Villa Mar\u00eda\",\"potentialAction\":[{\"@type\":\"SearchAction\",\"target\":{\"@type\":\"EntryPoint\",\"urlTemplate\":\"https:\\\/\\\/pilt.com.ar\\\/parque-industrial\\\/?s={search_term_string}\"},\"query-input\":{\"@type\":\"PropertyValueSpecification\",\"valueRequired\":true,\"valueName\":\"search_term_string\"}}],\"inLanguage\":\"es\"},{\"@type\":\"Person\",\"@id\":\"https:\\\/\\\/pilt.com.ar\\\/parque-industrial\\\/#\\\/schema\\\/person\\\/2dfb9e2464de1c3deef20c25c30a8306\",\"name\":\"PILT\",\"image\":{\"@type\":\"ImageObject\",\"inLanguage\":\"es\",\"@id\":\"https:\\\/\\\/secure.gravatar.com\\\/avatar\\\/5e3734c8d8c8e0b0d45f923c14a14d7b90521d573d02f0d91360a777095ee42b?s=96&d=mm&r=g\",\"url\":\"https:\\\/\\\/secure.gravatar.com\\\/avatar\\\/5e3734c8d8c8e0b0d45f923c14a14d7b90521d573d02f0d91360a777095ee42b?s=96&d=mm&r=g\",\"contentUrl\":\"https:\\\/\\\/secure.gravatar.com\\\/avatar\\\/5e3734c8d8c8e0b0d45f923c14a14d7b90521d573d02f0d91360a777095ee42b?s=96&d=mm&r=g\",\"caption\":\"PILT\"},\"url\":\"https:\\\/\\\/pilt.com.ar\\\/parque-industrial\\\/author\\\/pilt\\\/\"}]}<\/script>\n<!-- \/ Yoast SEO plugin. -->","yoast_head_json":{"title":"HASTA EL 6 DE OCTUBRE EST\u00c1 ABIERTA LA CONVOCATORIA PARA OCUPAR LA NAVE PARA EMPRENDEDORES II - PILT.com.ar","robots":{"index":"index","follow":"follow","max-snippet":"max-snippet:-1","max-image-preview":"max-image-preview:large","max-video-preview":"max-video-preview:-1"},"canonical":"https:\/\/pilt.com.ar\/parque-industrial\/hasta-el-6-de-octubre-esta-abierta-la-convocatoria-para-ocupar-la-nave-para-emprendedores-ii\/","og_locale":"es_ES","og_type":"article","og_title":"HASTA EL 6 DE OCTUBRE EST\u00c1 ABIERTA LA CONVOCATORIA PARA OCUPAR LA NAVE PARA EMPRENDEDORES II - PILT.com.ar","og_description":"La Administraci\u00f3n del Ente resolvi\u00f3 extender la posibilidad de presentar proyectos para ocupar los salones del nuevo espacio. El Parque Industrial, Log\u00edstico y Tecnol\u00f3gico Villa Mar\u00eda (PILT) prorrog\u00f3 el plazo de vencimiento para postular propuestas para ocupar la Nave para Emprendedores II hasta el pr\u00f3ximo 6 de octubre. La Nave consta de 6 salones de [&hellip;]","og_url":"https:\/\/pilt.com.ar\/parque-industrial\/hasta-el-6-de-octubre-esta-abierta-la-convocatoria-para-ocupar-la-nave-para-emprendedores-ii\/","og_site_name":"PILT.com.ar","article_published_time":"2023-09-29T15:25:00+00:00","article_modified_time":"2023-09-29T17:46:46+00:00","og_image":[{"width":2560,"height":1350,"url":"https:\/\/i0.wp.com\/pilt.com.ar\/parque-industrial\/wp-content\/uploads\/2023\/09\/Drone-nave-2-y-Vistas-lejanas-4.MP4.00_00_18_18.Imagen-fija002-scaled.jpg?fit=2560%2C1350&ssl=1","type":"image\/jpeg"}],"author":"PILT","twitter_card":"summary_large_image","twitter_misc":{"Escrito por":"PILT","Tiempo de lectura":"2 minutos"},"schema":{"@context":"https:\/\/schema.org","@graph":[{"@type":"Article","@id":"https:\/\/pilt.com.ar\/parque-industrial\/hasta-el-6-de-octubre-esta-abierta-la-convocatoria-para-ocupar-la-nave-para-emprendedores-ii\/#article","isPartOf":{"@id":"https:\/\/pilt.com.ar\/parque-industrial\/hasta-el-6-de-octubre-esta-abierta-la-convocatoria-para-ocupar-la-nave-para-emprendedores-ii\/"},"author":{"name":"PILT","@id":"https:\/\/pilt.com.ar\/parque-industrial\/#\/schema\/person\/2dfb9e2464de1c3deef20c25c30a8306"},"headline":"HASTA EL 6 DE OCTUBRE EST\u00c1 ABIERTA LA CONVOCATORIA PARA OCUPAR LA NAVE PARA EMPRENDEDORES II","datePublished":"2023-09-29T15:25:00+00:00","dateModified":"2023-09-29T17:46:46+00:00","mainEntityOfPage":{"@id":"https:\/\/pilt.com.ar\/parque-industrial\/hasta-el-6-de-octubre-esta-abierta-la-convocatoria-para-ocupar-la-nave-para-emprendedores-ii\/"},"wordCount":387,"commentCount":0,"image":{"@id":"https:\/\/pilt.com.ar\/parque-industrial\/hasta-el-6-de-octubre-esta-abierta-la-convocatoria-para-ocupar-la-nave-para-emprendedores-ii\/#primaryimage"},"thumbnailUrl":"https:\/\/i0.wp.com\/pilt.com.ar\/parque-industrial\/wp-content\/uploads\/2023\/09\/Drone-nave-2-y-Vistas-lejanas-4.MP4.00_00_18_18.Imagen-fija002-scaled.jpg?fit=2560%2C1350&ssl=1","articleSection":["Noticias"],"inLanguage":"es","potentialAction":[{"@type":"CommentAction","name":"Comment","target":["https:\/\/pilt.com.ar\/parque-industrial\/hasta-el-6-de-octubre-esta-abierta-la-convocatoria-para-ocupar-la-nave-para-emprendedores-ii\/#respond"]}]},{"@type":"WebPage","@id":"https:\/\/pilt.com.ar\/parque-industrial\/hasta-el-6-de-octubre-esta-abierta-la-convocatoria-para-ocupar-la-nave-para-emprendedores-ii\/","url":"https:\/\/pilt.com.ar\/parque-industrial\/hasta-el-6-de-octubre-esta-abierta-la-convocatoria-para-ocupar-la-nave-para-emprendedores-ii\/","name":"HASTA EL 6 DE OCTUBRE EST\u00c1 ABIERTA LA CONVOCATORIA PARA OCUPAR LA NAVE PARA EMPRENDEDORES II - PILT.com.ar","isPartOf":{"@id":"https:\/\/pilt.com.ar\/parque-industrial\/#website"},"primaryImageOfPage":{"@id":"https:\/\/pilt.com.ar\/parque-industrial\/hasta-el-6-de-octubre-esta-abierta-la-convocatoria-para-ocupar-la-nave-para-emprendedores-ii\/#primaryimage"},"image":{"@id":"https:\/\/pilt.com.ar\/parque-industrial\/hasta-el-6-de-octubre-esta-abierta-la-convocatoria-para-ocupar-la-nave-para-emprendedores-ii\/#primaryimage"},"thumbnailUrl":"https:\/\/i0.wp.com\/pilt.com.ar\/parque-industrial\/wp-content\/uploads\/2023\/09\/Drone-nave-2-y-Vistas-lejanas-4.MP4.00_00_18_18.Imagen-fija002-scaled.jpg?fit=2560%2C1350&ssl=1","datePublished":"2023-09-29T15:25:00+00:00","dateModified":"2023-09-29T17:46:46+00:00","author":{"@id":"https:\/\/pilt.com.ar\/parque-industrial\/#\/schema\/person\/2dfb9e2464de1c3deef20c25c30a8306"},"inLanguage":"es","potentialAction":[{"@type":"ReadAction","target":["https:\/\/pilt.com.ar\/parque-industrial\/hasta-el-6-de-octubre-esta-abierta-la-convocatoria-para-ocupar-la-nave-para-emprendedores-ii\/"]}]},{"@type":"ImageObject","inLanguage":"es","@id":"https:\/\/pilt.com.ar\/parque-industrial\/hasta-el-6-de-octubre-esta-abierta-la-convocatoria-para-ocupar-la-nave-para-emprendedores-ii\/#primaryimage","url":"https:\/\/i0.wp.com\/pilt.com.ar\/parque-industrial\/wp-content\/uploads\/2023\/09\/Drone-nave-2-y-Vistas-lejanas-4.MP4.00_00_18_18.Imagen-fija002-scaled.jpg?fit=2560%2C1350&ssl=1","contentUrl":"https:\/\/i0.wp.com\/pilt.com.ar\/parque-industrial\/wp-content\/uploads\/2023\/09\/Drone-nave-2-y-Vistas-lejanas-4.MP4.00_00_18_18.Imagen-fija002-scaled.jpg?fit=2560%2C1350&ssl=1","width":2560,"height":1350},{"@type":"WebSite","@id":"https:\/\/pilt.com.ar\/parque-industrial\/#website","url":"https:\/\/pilt.com.ar\/parque-industrial\/","name":"PILT.com.ar","description":"Parque Industrial, Log\u00edstico y Tecnol\u00f3gico Villa Mar\u00eda","potentialAction":[{"@type":"SearchAction","target":{"@type":"EntryPoint","urlTemplate":"https:\/\/pilt.com.ar\/parque-industrial\/?s={search_term_string}"},"query-input":{"@type":"PropertyValueSpecification","valueRequired":true,"valueName":"search_term_string"}}],"inLanguage":"es"},{"@type":"Person","@id":"https:\/\/pilt.com.ar\/parque-industrial\/#\/schema\/person\/2dfb9e2464de1c3deef20c25c30a8306","name":"PILT","image":{"@type":"ImageObject","inLanguage":"es","@id":"https:\/\/secure.gravatar.com\/avatar\/5e3734c8d8c8e0b0d45f923c14a14d7b90521d573d02f0d91360a777095ee42b?s=96&d=mm&r=g","url":"https:\/\/secure.gravatar.com\/avatar\/5e3734c8d8c8e0b0d45f923c14a14d7b90521d573d02f0d91360a777095ee42b?s=96&d=mm&r=g","contentUrl":"https:\/\/secure.gravatar.com\/avatar\/5e3734c8d8c8e0b0d45f923c14a14d7b90521d573d02f0d91360a777095ee42b?s=96&d=mm&r=g","caption":"PILT"},"url":"https:\/\/pilt.com.ar\/parque-industrial\/author\/pilt\/"}]}},"jetpack_featured_media_url":"https:\/\/i0.wp.com\/pilt.com.ar\/parque-industrial\/wp-content\/uploads\/2023\/09\/Drone-nave-2-y-Vistas-lejanas-4.MP4.00_00_18_18.Imagen-fija002-scaled.jpg?fit=2560%2C1350&ssl=1","jetpack_sharing_enabled":true,"_links":{"self":[{"href":"https:\/\/pilt.com.ar\/parque-industrial\/wp-json\/wp\/v2\/posts\/3015","targetHints":{"allow":["GET"]}}],"collection":[{"href":"https:\/\/pilt.com.ar\/parque-industrial\/wp-json\/wp\/v2\/posts"}],"about":[{"href":"https:\/\/pilt.com.ar\/parque-industrial\/wp-json\/wp\/v2\/types\/post"}],"author":[{"embeddable":true,"href":"https:\/\/pilt.com.ar\/parque-industrial\/wp-json\/wp\/v2\/users\/3"}],"replies":[{"embeddable":true,"href":"https:\/\/pilt.com.ar\/parque-industrial\/wp-json\/wp\/v2\/comments?post=3015"}],"version-history":[{"count":1,"href":"https:\/\/pilt.com.ar\/parque-industrial\/wp-json\/wp\/v2\/posts\/3015\/revisions"}],"predecessor-version":[{"id":3018,"href":"https:\/\/pilt.com.ar\/parque-industrial\/wp-json\/wp\/v2\/posts\/3015\/revisions\/3018"}],"wp:featuredmedia":[{"embeddable":true,"href":"https:\/\/pilt.com.ar\/parque-industrial\/wp-json\/wp\/v2\/media\/3020"}],"wp:attachment":[{"href":"https:\/\/pilt.com.ar\/parque-industrial\/wp-json\/wp\/v2\/media?parent=3015"}],"wp:term":[{"taxonomy":"category","embeddable":true,"href":"https:\/\/pilt.com.ar\/parque-industrial\/wp-json\/wp\/v2\/categories?post=3015"},{"taxonomy":"post_tag","embeddable":true,"href":"https:\/\/pilt.com.ar\/parque-industrial\/wp-json\/wp\/v2\/tags?post=3015"}],"curies":[{"name":"wp","href":"https:\/\/api.w.org\/{rel}","templated":true}]}}