{"id":3008,"date":"2023-09-22T15:25:48","date_gmt":"2023-09-22T18:25:48","guid":{"rendered":"https:\/\/pilt.com.ar\/parque-industrial\/?p=3008"},"modified":"2023-09-22T15:25:49","modified_gmt":"2023-09-22T18:25:49","slug":"funcionaria-nacional-visito-el-pilt","status":"publish","type":"post","link":"https:\/\/pilt.com.ar\/parque-industrial\/funcionaria-nacional-visito-el-pilt\/","title":{"rendered":"FUNCIONARIA NACIONAL VISIT\u00d3 EL PILT"},"content":{"rendered":"\n<p class=\"has-text-align-center\"><em><strong>La directora nacional de Fortalecimiento de Capacidades Emprendedoras del Ministerio de Econom\u00eda de la Naci\u00f3n, Camila Carra, conoci\u00f3 la Nave para Emprendedores I y II.<\/strong><\/em><\/p>\n\n\n\n<p class=\"has-text-align-justify\">D\u00edas pasados estuvo en el Parque Industrial, Log\u00edstico y Tecnol\u00f3gico Villa Mar\u00eda (PILT) la directora nacional de Fortalecimiento de Capacidades Emprendedoras del Ministerio de Econom\u00eda de la Naci\u00f3n, Camila Carra. La funcionaria nacional, que fue recibida por el gerente Lic. Carlos Montoto Galiano, fue acompa\u00f1ada por el intendente, Mart\u00edn Gill; el secretario de Planeamiento, Relaciones Institucionales y V\u00ednculos Comunitarios, Otto Wester; el titular del Ente de Desarrollo Productivo, Franco Monetti, entre otros funcionarios.<\/p>\n\n\n\n<p class=\"has-text-align-justify\">En la oportunidad, Carra recorri\u00f3 la Nave para Emprendedores I, en donde tom\u00f3 contacto con las actividades que realizan Industrias Magno, Dyfma, Escarlata y MGA, organizaciones que est\u00e1n emplazadas all\u00ed.<\/p>\n\n\n\n<p class=\"has-text-align-justify\">Posteriormente fue a conocer la Nave para Emprendedores II, de la que solo restan detalles para su finalizaci\u00f3n. Hay que recordar que por estos d\u00edas se est\u00e1 llevando a cabo la convocatoria para los interesados en ocupar los 6 salones que estar\u00e1n disponibles en la Nave, destinados a proyectos vinculados al sector de la alimentaci\u00f3n.<\/p>\n\n\n\n<p class=\"has-text-align-justify\">Luego de la visita al predio la comitiva se traslad\u00f3 a AERCA, ya que la directora de Fortalecimiento de Capacidades Emprendedoras de Naci\u00f3n particip\u00f3 de un encuentro organizado por la Red para Emprender, espacio del que forma el PILT.<\/p>\n","protected":false},"excerpt":{"rendered":"<p>La directora nacional de Fortalecimiento de Capacidades Emprendedoras del Ministerio de Econom\u00eda de la Naci\u00f3n, Camila Carra, conoci\u00f3 la Nave para Emprendedores I y II. D\u00edas pasados estuvo en el Parque Industrial, Log\u00edstico y Tecnol\u00f3gico Villa Mar\u00eda (PILT) la directora nacional de Fortalecimiento de Capacidades Emprendedoras del Ministerio de Econom\u00eda de la Naci\u00f3n, Camila Carra. [&hellip;]<\/p>\n","protected":false},"author":3,"featured_media":3009,"comment_status":"open","ping_status":"open","sticky":false,"template":"","format":"standard","meta":{"_jetpack_memberships_contains_paid_content":false,"footnotes":""},"categories":[2],"tags":[],"class_list":["post-3008","post","type-post","status-publish","format-standard","has-post-thumbnail","hentry","category-noticias"],"yoast_head":"<!-- This site is optimized with the Yoast SEO plugin v27.5 - https:\/\/yoast.com\/product\/yoast-seo-wordpress\/ -->\n<title>FUNCIONARIA NACIONAL VISIT\u00d3 EL PILT - PILT.com.ar<\/title>\n<meta name=\"robots\" content=\"index, follow, max-snippet:-1, max-image-preview:large, max-video-preview:-1\" \/>\n<link rel=\"canonical\" href=\"https:\/\/pilt.com.ar\/parque-industrial\/funcionaria-nacional-visito-el-pilt\/\" \/>\n<meta property=\"og:locale\" content=\"es_ES\" \/>\n<meta property=\"og:type\" content=\"article\" \/>\n<meta property=\"og:title\" content=\"FUNCIONARIA NACIONAL VISIT\u00d3 EL PILT - PILT.com.ar\" \/>\n<meta property=\"og:description\" content=\"La directora nacional de Fortalecimiento de Capacidades Emprendedoras del Ministerio de Econom\u00eda de la Naci\u00f3n, Camila Carra, conoci\u00f3 la Nave para Emprendedores I y II. D\u00edas pasados estuvo en el Parque Industrial, Log\u00edstico y Tecnol\u00f3gico Villa Mar\u00eda (PILT) la directora nacional de Fortalecimiento de Capacidades Emprendedoras del Ministerio de Econom\u00eda de la Naci\u00f3n, Camila Carra. [&hellip;]\" \/>\n<meta property=\"og:url\" content=\"https:\/\/pilt.com.ar\/parque-industrial\/funcionaria-nacional-visito-el-pilt\/\" \/>\n<meta property=\"og:site_name\" content=\"PILT.com.ar\" \/>\n<meta property=\"article:published_time\" content=\"2023-09-22T18:25:48+00:00\" \/>\n<meta property=\"article:modified_time\" content=\"2023-09-22T18:25:49+00:00\" \/>\n<meta property=\"og:image\" content=\"https:\/\/i0.wp.com\/pilt.com.ar\/parque-industrial\/wp-content\/uploads\/2023\/09\/WhatsApp-Image-2023-09-20-at-16.47.48.jpeg?fit=1600%2C1200&ssl=1\" \/>\n\t<meta property=\"og:image:width\" content=\"1600\" \/>\n\t<meta property=\"og:image:height\" content=\"1200\" \/>\n\t<meta property=\"og:image:type\" content=\"image\/jpeg\" \/>\n<meta name=\"author\" content=\"PILT\" \/>\n<meta name=\"twitter:card\" content=\"summary_large_image\" \/>\n<meta name=\"twitter:label1\" content=\"Escrito por\" \/>\n\t<meta name=\"twitter:data1\" content=\"PILT\" \/>\n\t<meta name=\"twitter:label2\" content=\"Tiempo de lectura\" \/>\n\t<meta name=\"twitter:data2\" content=\"2 minutos\" \/>\n<script type=\"application\/ld+json\" class=\"yoast-schema-graph\">{\"@context\":\"https:\\\/\\\/schema.org\",\"@graph\":[{\"@type\":\"Article\",\"@id\":\"https:\\\/\\\/pilt.com.ar\\\/parque-industrial\\\/funcionaria-nacional-visito-el-pilt\\\/#article\",\"isPartOf\":{\"@id\":\"https:\\\/\\\/pilt.com.ar\\\/parque-industrial\\\/funcionaria-nacional-visito-el-pilt\\\/\"},\"author\":{\"name\":\"PILT\",\"@id\":\"https:\\\/\\\/pilt.com.ar\\\/parque-industrial\\\/#\\\/schema\\\/person\\\/2dfb9e2464de1c3deef20c25c30a8306\"},\"headline\":\"FUNCIONARIA NACIONAL VISIT\u00d3 EL PILT\",\"datePublished\":\"2023-09-22T18:25:48+00:00\",\"dateModified\":\"2023-09-22T18:25:49+00:00\",\"mainEntityOfPage\":{\"@id\":\"https:\\\/\\\/pilt.com.ar\\\/parque-industrial\\\/funcionaria-nacional-visito-el-pilt\\\/\"},\"wordCount\":243,\"commentCount\":0,\"image\":{\"@id\":\"https:\\\/\\\/pilt.com.ar\\\/parque-industrial\\\/funcionaria-nacional-visito-el-pilt\\\/#primaryimage\"},\"thumbnailUrl\":\"https:\\\/\\\/i0.wp.com\\\/pilt.com.ar\\\/parque-industrial\\\/wp-content\\\/uploads\\\/2023\\\/09\\\/WhatsApp-Image-2023-09-20-at-16.47.48.jpeg?fit=1600%2C1200&ssl=1\",\"articleSection\":[\"Noticias\"],\"inLanguage\":\"es\",\"potentialAction\":[{\"@type\":\"CommentAction\",\"name\":\"Comment\",\"target\":[\"https:\\\/\\\/pilt.com.ar\\\/parque-industrial\\\/funcionaria-nacional-visito-el-pilt\\\/#respond\"]}]},{\"@type\":\"WebPage\",\"@id\":\"https:\\\/\\\/pilt.com.ar\\\/parque-industrial\\\/funcionaria-nacional-visito-el-pilt\\\/\",\"url\":\"https:\\\/\\\/pilt.com.ar\\\/parque-industrial\\\/funcionaria-nacional-visito-el-pilt\\\/\",\"name\":\"FUNCIONARIA NACIONAL VISIT\u00d3 EL PILT - PILT.com.ar\",\"isPartOf\":{\"@id\":\"https:\\\/\\\/pilt.com.ar\\\/parque-industrial\\\/#website\"},\"primaryImageOfPage\":{\"@id\":\"https:\\\/\\\/pilt.com.ar\\\/parque-industrial\\\/funcionaria-nacional-visito-el-pilt\\\/#primaryimage\"},\"image\":{\"@id\":\"https:\\\/\\\/pilt.com.ar\\\/parque-industrial\\\/funcionaria-nacional-visito-el-pilt\\\/#primaryimage\"},\"thumbnailUrl\":\"https:\\\/\\\/i0.wp.com\\\/pilt.com.ar\\\/parque-industrial\\\/wp-content\\\/uploads\\\/2023\\\/09\\\/WhatsApp-Image-2023-09-20-at-16.47.48.jpeg?fit=1600%2C1200&ssl=1\",\"datePublished\":\"2023-09-22T18:25:48+00:00\",\"dateModified\":\"2023-09-22T18:25:49+00:00\",\"author\":{\"@id\":\"https:\\\/\\\/pilt.com.ar\\\/parque-industrial\\\/#\\\/schema\\\/person\\\/2dfb9e2464de1c3deef20c25c30a8306\"},\"inLanguage\":\"es\",\"potentialAction\":[{\"@type\":\"ReadAction\",\"target\":[\"https:\\\/\\\/pilt.com.ar\\\/parque-industrial\\\/funcionaria-nacional-visito-el-pilt\\\/\"]}]},{\"@type\":\"ImageObject\",\"inLanguage\":\"es\",\"@id\":\"https:\\\/\\\/pilt.com.ar\\\/parque-industrial\\\/funcionaria-nacional-visito-el-pilt\\\/#primaryimage\",\"url\":\"https:\\\/\\\/i0.wp.com\\\/pilt.com.ar\\\/parque-industrial\\\/wp-content\\\/uploads\\\/2023\\\/09\\\/WhatsApp-Image-2023-09-20-at-16.47.48.jpeg?fit=1600%2C1200&ssl=1\",\"contentUrl\":\"https:\\\/\\\/i0.wp.com\\\/pilt.com.ar\\\/parque-industrial\\\/wp-content\\\/uploads\\\/2023\\\/09\\\/WhatsApp-Image-2023-09-20-at-16.47.48.jpeg?fit=1600%2C1200&ssl=1\",\"width\":1600,\"height\":1200},{\"@type\":\"WebSite\",\"@id\":\"https:\\\/\\\/pilt.com.ar\\\/parque-industrial\\\/#website\",\"url\":\"https:\\\/\\\/pilt.com.ar\\\/parque-industrial\\\/\",\"name\":\"PILT.com.ar\",\"description\":\"Parque Industrial, Log\u00edstico y Tecnol\u00f3gico Villa Mar\u00eda\",\"potentialAction\":[{\"@type\":\"SearchAction\",\"target\":{\"@type\":\"EntryPoint\",\"urlTemplate\":\"https:\\\/\\\/pilt.com.ar\\\/parque-industrial\\\/?s={search_term_string}\"},\"query-input\":{\"@type\":\"PropertyValueSpecification\",\"valueRequired\":true,\"valueName\":\"search_term_string\"}}],\"inLanguage\":\"es\"},{\"@type\":\"Person\",\"@id\":\"https:\\\/\\\/pilt.com.ar\\\/parque-industrial\\\/#\\\/schema\\\/person\\\/2dfb9e2464de1c3deef20c25c30a8306\",\"name\":\"PILT\",\"image\":{\"@type\":\"ImageObject\",\"inLanguage\":\"es\",\"@id\":\"https:\\\/\\\/secure.gravatar.com\\\/avatar\\\/5e3734c8d8c8e0b0d45f923c14a14d7b90521d573d02f0d91360a777095ee42b?s=96&d=mm&r=g\",\"url\":\"https:\\\/\\\/secure.gravatar.com\\\/avatar\\\/5e3734c8d8c8e0b0d45f923c14a14d7b90521d573d02f0d91360a777095ee42b?s=96&d=mm&r=g\",\"contentUrl\":\"https:\\\/\\\/secure.gravatar.com\\\/avatar\\\/5e3734c8d8c8e0b0d45f923c14a14d7b90521d573d02f0d91360a777095ee42b?s=96&d=mm&r=g\",\"caption\":\"PILT\"},\"url\":\"https:\\\/\\\/pilt.com.ar\\\/parque-industrial\\\/author\\\/pilt\\\/\"}]}<\/script>\n<!-- \/ Yoast SEO plugin. -->","yoast_head_json":{"title":"FUNCIONARIA NACIONAL VISIT\u00d3 EL PILT - PILT.com.ar","robots":{"index":"index","follow":"follow","max-snippet":"max-snippet:-1","max-image-preview":"max-image-preview:large","max-video-preview":"max-video-preview:-1"},"canonical":"https:\/\/pilt.com.ar\/parque-industrial\/funcionaria-nacional-visito-el-pilt\/","og_locale":"es_ES","og_type":"article","og_title":"FUNCIONARIA NACIONAL VISIT\u00d3 EL PILT - PILT.com.ar","og_description":"La directora nacional de Fortalecimiento de Capacidades Emprendedoras del Ministerio de Econom\u00eda de la Naci\u00f3n, Camila Carra, conoci\u00f3 la Nave para Emprendedores I y II. D\u00edas pasados estuvo en el Parque Industrial, Log\u00edstico y Tecnol\u00f3gico Villa Mar\u00eda (PILT) la directora nacional de Fortalecimiento de Capacidades Emprendedoras del Ministerio de Econom\u00eda de la Naci\u00f3n, Camila Carra. [&hellip;]","og_url":"https:\/\/pilt.com.ar\/parque-industrial\/funcionaria-nacional-visito-el-pilt\/","og_site_name":"PILT.com.ar","article_published_time":"2023-09-22T18:25:48+00:00","article_modified_time":"2023-09-22T18:25:49+00:00","og_image":[{"width":1600,"height":1200,"url":"https:\/\/i0.wp.com\/pilt.com.ar\/parque-industrial\/wp-content\/uploads\/2023\/09\/WhatsApp-Image-2023-09-20-at-16.47.48.jpeg?fit=1600%2C1200&ssl=1","type":"image\/jpeg"}],"author":"PILT","twitter_card":"summary_large_image","twitter_misc":{"Escrito por":"PILT","Tiempo de lectura":"2 minutos"},"schema":{"@context":"https:\/\/schema.org","@graph":[{"@type":"Article","@id":"https:\/\/pilt.com.ar\/parque-industrial\/funcionaria-nacional-visito-el-pilt\/#article","isPartOf":{"@id":"https:\/\/pilt.com.ar\/parque-industrial\/funcionaria-nacional-visito-el-pilt\/"},"author":{"name":"PILT","@id":"https:\/\/pilt.com.ar\/parque-industrial\/#\/schema\/person\/2dfb9e2464de1c3deef20c25c30a8306"},"headline":"FUNCIONARIA NACIONAL VISIT\u00d3 EL PILT","datePublished":"2023-09-22T18:25:48+00:00","dateModified":"2023-09-22T18:25:49+00:00","mainEntityOfPage":{"@id":"https:\/\/pilt.com.ar\/parque-industrial\/funcionaria-nacional-visito-el-pilt\/"},"wordCount":243,"commentCount":0,"image":{"@id":"https:\/\/pilt.com.ar\/parque-industrial\/funcionaria-nacional-visito-el-pilt\/#primaryimage"},"thumbnailUrl":"https:\/\/i0.wp.com\/pilt.com.ar\/parque-industrial\/wp-content\/uploads\/2023\/09\/WhatsApp-Image-2023-09-20-at-16.47.48.jpeg?fit=1600%2C1200&ssl=1","articleSection":["Noticias"],"inLanguage":"es","potentialAction":[{"@type":"CommentAction","name":"Comment","target":["https:\/\/pilt.com.ar\/parque-industrial\/funcionaria-nacional-visito-el-pilt\/#respond"]}]},{"@type":"WebPage","@id":"https:\/\/pilt.com.ar\/parque-industrial\/funcionaria-nacional-visito-el-pilt\/","url":"https:\/\/pilt.com.ar\/parque-industrial\/funcionaria-nacional-visito-el-pilt\/","name":"FUNCIONARIA NACIONAL VISIT\u00d3 EL PILT - PILT.com.ar","isPartOf":{"@id":"https:\/\/pilt.com.ar\/parque-industrial\/#website"},"primaryImageOfPage":{"@id":"https:\/\/pilt.com.ar\/parque-industrial\/funcionaria-nacional-visito-el-pilt\/#primaryimage"},"image":{"@id":"https:\/\/pilt.com.ar\/parque-industrial\/funcionaria-nacional-visito-el-pilt\/#primaryimage"},"thumbnailUrl":"https:\/\/i0.wp.com\/pilt.com.ar\/parque-industrial\/wp-content\/uploads\/2023\/09\/WhatsApp-Image-2023-09-20-at-16.47.48.jpeg?fit=1600%2C1200&ssl=1","datePublished":"2023-09-22T18:25:48+00:00","dateModified":"2023-09-22T18:25:49+00:00","author":{"@id":"https:\/\/pilt.com.ar\/parque-industrial\/#\/schema\/person\/2dfb9e2464de1c3deef20c25c30a8306"},"inLanguage":"es","potentialAction":[{"@type":"ReadAction","target":["https:\/\/pilt.com.ar\/parque-industrial\/funcionaria-nacional-visito-el-pilt\/"]}]},{"@type":"ImageObject","inLanguage":"es","@id":"https:\/\/pilt.com.ar\/parque-industrial\/funcionaria-nacional-visito-el-pilt\/#primaryimage","url":"https:\/\/i0.wp.com\/pilt.com.ar\/parque-industrial\/wp-content\/uploads\/2023\/09\/WhatsApp-Image-2023-09-20-at-16.47.48.jpeg?fit=1600%2C1200&ssl=1","contentUrl":"https:\/\/i0.wp.com\/pilt.com.ar\/parque-industrial\/wp-content\/uploads\/2023\/09\/WhatsApp-Image-2023-09-20-at-16.47.48.jpeg?fit=1600%2C1200&ssl=1","width":1600,"height":1200},{"@type":"WebSite","@id":"https:\/\/pilt.com.ar\/parque-industrial\/#website","url":"https:\/\/pilt.com.ar\/parque-industrial\/","name":"PILT.com.ar","description":"Parque Industrial, Log\u00edstico y Tecnol\u00f3gico Villa Mar\u00eda","potentialAction":[{"@type":"SearchAction","target":{"@type":"EntryPoint","urlTemplate":"https:\/\/pilt.com.ar\/parque-industrial\/?s={search_term_string}"},"query-input":{"@type":"PropertyValueSpecification","valueRequired":true,"valueName":"search_term_string"}}],"inLanguage":"es"},{"@type":"Person","@id":"https:\/\/pilt.com.ar\/parque-industrial\/#\/schema\/person\/2dfb9e2464de1c3deef20c25c30a8306","name":"PILT","image":{"@type":"ImageObject","inLanguage":"es","@id":"https:\/\/secure.gravatar.com\/avatar\/5e3734c8d8c8e0b0d45f923c14a14d7b90521d573d02f0d91360a777095ee42b?s=96&d=mm&r=g","url":"https:\/\/secure.gravatar.com\/avatar\/5e3734c8d8c8e0b0d45f923c14a14d7b90521d573d02f0d91360a777095ee42b?s=96&d=mm&r=g","contentUrl":"https:\/\/secure.gravatar.com\/avatar\/5e3734c8d8c8e0b0d45f923c14a14d7b90521d573d02f0d91360a777095ee42b?s=96&d=mm&r=g","caption":"PILT"},"url":"https:\/\/pilt.com.ar\/parque-industrial\/author\/pilt\/"}]}},"jetpack_featured_media_url":"https:\/\/i0.wp.com\/pilt.com.ar\/parque-industrial\/wp-content\/uploads\/2023\/09\/WhatsApp-Image-2023-09-20-at-16.47.48.jpeg?fit=1600%2C1200&ssl=1","jetpack_sharing_enabled":true,"_links":{"self":[{"href":"https:\/\/pilt.com.ar\/parque-industrial\/wp-json\/wp\/v2\/posts\/3008","targetHints":{"allow":["GET"]}}],"collection":[{"href":"https:\/\/pilt.com.ar\/parque-industrial\/wp-json\/wp\/v2\/posts"}],"about":[{"href":"https:\/\/pilt.com.ar\/parque-industrial\/wp-json\/wp\/v2\/types\/post"}],"author":[{"embeddable":true,"href":"https:\/\/pilt.com.ar\/parque-industrial\/wp-json\/wp\/v2\/users\/3"}],"replies":[{"embeddable":true,"href":"https:\/\/pilt.com.ar\/parque-industrial\/wp-json\/wp\/v2\/comments?post=3008"}],"version-history":[{"count":1,"href":"https:\/\/pilt.com.ar\/parque-industrial\/wp-json\/wp\/v2\/posts\/3008\/revisions"}],"predecessor-version":[{"id":3010,"href":"https:\/\/pilt.com.ar\/parque-industrial\/wp-json\/wp\/v2\/posts\/3008\/revisions\/3010"}],"wp:featuredmedia":[{"embeddable":true,"href":"https:\/\/pilt.com.ar\/parque-industrial\/wp-json\/wp\/v2\/media\/3009"}],"wp:attachment":[{"href":"https:\/\/pilt.com.ar\/parque-industrial\/wp-json\/wp\/v2\/media?parent=3008"}],"wp:term":[{"taxonomy":"category","embeddable":true,"href":"https:\/\/pilt.com.ar\/parque-industrial\/wp-json\/wp\/v2\/categories?post=3008"},{"taxonomy":"post_tag","embeddable":true,"href":"https:\/\/pilt.com.ar\/parque-industrial\/wp-json\/wp\/v2\/tags?post=3008"}],"curies":[{"name":"wp","href":"https:\/\/api.w.org\/{rel}","templated":true}]}}