{"id":2961,"date":"2023-09-15T15:41:57","date_gmt":"2023-09-15T18:41:57","guid":{"rendered":"https:\/\/pilt.com.ar\/parque-industrial\/?p=2961"},"modified":"2023-09-15T15:41:58","modified_gmt":"2023-09-15T18:41:58","slug":"se-inauguro-un-centro-de-atencion-primaria-de-salud-en-el-pilt","status":"publish","type":"post","link":"https:\/\/pilt.com.ar\/parque-industrial\/se-inauguro-un-centro-de-atencion-primaria-de-salud-en-el-pilt\/","title":{"rendered":"SE INAUGUR\u00d3 UN CENTRO DE ATENCI\u00d3N PRIMARIA DE SALUD EN EL PILT"},"content":{"rendered":"\n<p class=\"has-text-align-center\"><em><strong>Con la presencia del intendente Mart\u00edn Gill qued\u00f3 habilitado el espacio que brindar\u00e1 servicios a las empresas asociadas y a toda la comunidad.<\/strong><\/em><\/p>\n\n\n\n<p class=\"has-text-align-justify\">Luego de un trabajo articulado entre la Municipalidad de Villa Mar\u00eda y el Parque Industrial, Log\u00edstico y Tecnol\u00f3gico (PILT), se inaugur\u00f3 un CAPS que funcionar\u00e1 en el predio, aunque tambi\u00e9n brindar\u00e1 cobertura a los barrios circundantes.<\/p>\n\n\n\n<p class=\"has-text-align-justify\">Se trata de una estructura modular que cuenta con consultorio, sala de curaci\u00f3n y sala de espera, donde se atender\u00e1n las siguientes especialidades:<\/p>\n\n\n\n<p>\u25cf servicio de medicina general<\/p>\n\n\n\n<p>\u25cf cardiolog\u00eda<\/p>\n\n\n\n<p>\u25cf neumonolog\u00eda<\/p>\n\n\n\n<p>\u25cf enfermer\u00eda<\/p>\n\n\n\n<p>\u25cf nutrici\u00f3n<\/p>\n\n\n\n<p>\u25cf kinesiolog\u00eda<\/p>\n\n\n\n<p>\u25cf trabajo social<\/p>\n\n\n\n<p>\u25cf servicio de emergencia 107<\/p>\n\n\n\n<p>El horario de atenci\u00f3n ser\u00e1 de lunes a viernes de 8:00 a 16:00 horas.<\/p>\n\n\n\n<p class=\"has-text-align-justify\">Vale decir que el PILT adquiri\u00f3 para ese fin una ambulancia con equipamiento de alto nivel de complejidad, que se enmarca en la categor\u00eda de Unidad de Terapia Intensiva (UTI).<\/p>\n\n\n\n<p class=\"has-text-align-justify\">En la oportunidad hizo uso de la palabra el presidente del Ente, Ing. Carlos Pizzorno, quien resalt\u00f3 el apoyo recibido en toda la historia de la entidad por parte de las diferentes administraciones municipales y valor\u00f3 la autonom\u00eda que siempre se le brind\u00f3 al Directorio al momento de tomar decisiones.<\/p>\n\n\n\n<p class=\"has-text-align-justify\">Asimismo, indic\u00f3 que no s\u00f3lo las \u00abempresas del Parque contar\u00e1n con el CAPS sino tambi\u00e9n todos los vecinos de la zona, muchos de ellos dedicados a la fabricaci\u00f3n de ladrillos o al sector hort\u00edcola\u00bb.<\/p>\n\n\n\n<p class=\"has-text-align-justify\">Posteriormente, el secretario de Salud del municipio, Pedro Trecco, record\u00f3 que \u00abhace un a\u00f1o cuando conversamos con las autoridades del Parque sobre este proyecto, adem\u00e1s de estar de acuerdo, quisieron que sea para la ciudad\u00bb.<\/p>\n\n\n\n<p class=\"has-text-align-justify\">Seguidamente el titular del Departamento Ejecutivo Municipal, Mart\u00edn Gill, rememor\u00f3 cuando en 2005 se adquirieron las primeras 80 hect\u00e1reas para el PILT y la posterior participaci\u00f3n de la UTN Villa Mar\u00eda en el proyecto de zonificaci\u00f3n. A\u00f1adi\u00f3 luego que en la actualidad \u00abes quiz\u00e1s el parque industrial con mayor desarrollo y servicios de la Provincia de C\u00f3rdoba\u00bb.<\/p>\n\n\n\n<p class=\"has-text-align-justify\">A la vez, afirm\u00f3 que la entidad es producto de una \u00abpol\u00edtica de estado municipal que lo hace uno de los proyectos m\u00e1s virtuosos de la ciudad en el \u00faltimo cuarto de siglo\u00bb.<\/p>\n\n\n\n<p class=\"has-text-align-justify\">Estuvieron presentes, adem\u00e1s de los mencionados, el jefe de Gabinete de la Municipalidad, H\u00e9ctor Mu\u00f1oz; los secretarios de Educaci\u00f3n, Cultura y Promoci\u00f3n de la Ciencia, Rafael Sachetto; de Planeamiento, Relaciones Institucionales y V\u00ednculos Comunitarios, Otto Wester; la legisladora provincial Nora Bedano; la secretaria de Parques Industriales de la Provincia, Alejandra Barbero; el Gerente del PILT, Carlos Montoto Galiano, el director de Relaciones Gubernamentales, Sebasti\u00e1n Capurro; miembros del directorio del Ente, y dem\u00e1s funcionarios, empresarios y autoridades institucionales.<\/p>\n","protected":false},"excerpt":{"rendered":"<p>Con la presencia del intendente Mart\u00edn Gill qued\u00f3 habilitado el espacio que brindar\u00e1 servicios a las empresas asociadas y a toda la comunidad. Luego de un trabajo articulado entre la Municipalidad de Villa Mar\u00eda y el Parque Industrial, Log\u00edstico y Tecnol\u00f3gico (PILT), se inaugur\u00f3 un CAPS que funcionar\u00e1 en el predio, aunque tambi\u00e9n brindar\u00e1 cobertura [&hellip;]<\/p>\n","protected":false},"author":3,"featured_media":2962,"comment_status":"open","ping_status":"open","sticky":false,"template":"","format":"standard","meta":{"_jetpack_memberships_contains_paid_content":false,"footnotes":""},"categories":[2],"tags":[],"class_list":["post-2961","post","type-post","status-publish","format-standard","has-post-thumbnail","hentry","category-noticias"],"yoast_head":"<!-- This site is optimized with the Yoast SEO plugin v27.5 - https:\/\/yoast.com\/product\/yoast-seo-wordpress\/ -->\n<title>SE INAUGUR\u00d3 UN CENTRO DE ATENCI\u00d3N PRIMARIA DE SALUD EN EL PILT - PILT.com.ar<\/title>\n<meta name=\"robots\" content=\"index, follow, max-snippet:-1, max-image-preview:large, max-video-preview:-1\" \/>\n<link rel=\"canonical\" href=\"https:\/\/pilt.com.ar\/parque-industrial\/se-inauguro-un-centro-de-atencion-primaria-de-salud-en-el-pilt\/\" \/>\n<meta property=\"og:locale\" content=\"es_ES\" \/>\n<meta property=\"og:type\" content=\"article\" \/>\n<meta property=\"og:title\" content=\"SE INAUGUR\u00d3 UN CENTRO DE ATENCI\u00d3N PRIMARIA DE SALUD EN EL PILT - PILT.com.ar\" \/>\n<meta property=\"og:description\" content=\"Con la presencia del intendente Mart\u00edn Gill qued\u00f3 habilitado el espacio que brindar\u00e1 servicios a las empresas asociadas y a toda la comunidad. Luego de un trabajo articulado entre la Municipalidad de Villa Mar\u00eda y el Parque Industrial, Log\u00edstico y Tecnol\u00f3gico (PILT), se inaugur\u00f3 un CAPS que funcionar\u00e1 en el predio, aunque tambi\u00e9n brindar\u00e1 cobertura [&hellip;]\" \/>\n<meta property=\"og:url\" content=\"https:\/\/pilt.com.ar\/parque-industrial\/se-inauguro-un-centro-de-atencion-primaria-de-salud-en-el-pilt\/\" \/>\n<meta property=\"og:site_name\" content=\"PILT.com.ar\" \/>\n<meta property=\"article:published_time\" content=\"2023-09-15T18:41:57+00:00\" \/>\n<meta property=\"article:modified_time\" content=\"2023-09-15T18:41:58+00:00\" \/>\n<meta property=\"og:image\" content=\"https:\/\/i0.wp.com\/pilt.com.ar\/parque-industrial\/wp-content\/uploads\/2023\/09\/WhatsApp-Image-2023-09-15-at-13.38.34.jpeg?fit=1600%2C1200&ssl=1\" \/>\n\t<meta property=\"og:image:width\" content=\"1600\" \/>\n\t<meta property=\"og:image:height\" content=\"1200\" \/>\n\t<meta property=\"og:image:type\" content=\"image\/jpeg\" \/>\n<meta name=\"author\" content=\"PILT\" \/>\n<meta name=\"twitter:card\" content=\"summary_large_image\" \/>\n<meta name=\"twitter:label1\" content=\"Escrito por\" \/>\n\t<meta name=\"twitter:data1\" content=\"PILT\" \/>\n\t<meta name=\"twitter:label2\" content=\"Tiempo de lectura\" \/>\n\t<meta name=\"twitter:data2\" content=\"2 minutos\" \/>\n<script type=\"application\/ld+json\" class=\"yoast-schema-graph\">{\"@context\":\"https:\\\/\\\/schema.org\",\"@graph\":[{\"@type\":\"Article\",\"@id\":\"https:\\\/\\\/pilt.com.ar\\\/parque-industrial\\\/se-inauguro-un-centro-de-atencion-primaria-de-salud-en-el-pilt\\\/#article\",\"isPartOf\":{\"@id\":\"https:\\\/\\\/pilt.com.ar\\\/parque-industrial\\\/se-inauguro-un-centro-de-atencion-primaria-de-salud-en-el-pilt\\\/\"},\"author\":{\"name\":\"PILT\",\"@id\":\"https:\\\/\\\/pilt.com.ar\\\/parque-industrial\\\/#\\\/schema\\\/person\\\/2dfb9e2464de1c3deef20c25c30a8306\"},\"headline\":\"SE INAUGUR\u00d3 UN CENTRO DE ATENCI\u00d3N PRIMARIA DE SALUD EN EL PILT\",\"datePublished\":\"2023-09-15T18:41:57+00:00\",\"dateModified\":\"2023-09-15T18:41:58+00:00\",\"mainEntityOfPage\":{\"@id\":\"https:\\\/\\\/pilt.com.ar\\\/parque-industrial\\\/se-inauguro-un-centro-de-atencion-primaria-de-salud-en-el-pilt\\\/\"},\"wordCount\":475,\"commentCount\":0,\"image\":{\"@id\":\"https:\\\/\\\/pilt.com.ar\\\/parque-industrial\\\/se-inauguro-un-centro-de-atencion-primaria-de-salud-en-el-pilt\\\/#primaryimage\"},\"thumbnailUrl\":\"https:\\\/\\\/i0.wp.com\\\/pilt.com.ar\\\/parque-industrial\\\/wp-content\\\/uploads\\\/2023\\\/09\\\/WhatsApp-Image-2023-09-15-at-13.38.34.jpeg?fit=1600%2C1200&ssl=1\",\"articleSection\":[\"Noticias\"],\"inLanguage\":\"es\",\"potentialAction\":[{\"@type\":\"CommentAction\",\"name\":\"Comment\",\"target\":[\"https:\\\/\\\/pilt.com.ar\\\/parque-industrial\\\/se-inauguro-un-centro-de-atencion-primaria-de-salud-en-el-pilt\\\/#respond\"]}]},{\"@type\":\"WebPage\",\"@id\":\"https:\\\/\\\/pilt.com.ar\\\/parque-industrial\\\/se-inauguro-un-centro-de-atencion-primaria-de-salud-en-el-pilt\\\/\",\"url\":\"https:\\\/\\\/pilt.com.ar\\\/parque-industrial\\\/se-inauguro-un-centro-de-atencion-primaria-de-salud-en-el-pilt\\\/\",\"name\":\"SE INAUGUR\u00d3 UN CENTRO DE ATENCI\u00d3N PRIMARIA DE SALUD EN EL PILT - PILT.com.ar\",\"isPartOf\":{\"@id\":\"https:\\\/\\\/pilt.com.ar\\\/parque-industrial\\\/#website\"},\"primaryImageOfPage\":{\"@id\":\"https:\\\/\\\/pilt.com.ar\\\/parque-industrial\\\/se-inauguro-un-centro-de-atencion-primaria-de-salud-en-el-pilt\\\/#primaryimage\"},\"image\":{\"@id\":\"https:\\\/\\\/pilt.com.ar\\\/parque-industrial\\\/se-inauguro-un-centro-de-atencion-primaria-de-salud-en-el-pilt\\\/#primaryimage\"},\"thumbnailUrl\":\"https:\\\/\\\/i0.wp.com\\\/pilt.com.ar\\\/parque-industrial\\\/wp-content\\\/uploads\\\/2023\\\/09\\\/WhatsApp-Image-2023-09-15-at-13.38.34.jpeg?fit=1600%2C1200&ssl=1\",\"datePublished\":\"2023-09-15T18:41:57+00:00\",\"dateModified\":\"2023-09-15T18:41:58+00:00\",\"author\":{\"@id\":\"https:\\\/\\\/pilt.com.ar\\\/parque-industrial\\\/#\\\/schema\\\/person\\\/2dfb9e2464de1c3deef20c25c30a8306\"},\"inLanguage\":\"es\",\"potentialAction\":[{\"@type\":\"ReadAction\",\"target\":[\"https:\\\/\\\/pilt.com.ar\\\/parque-industrial\\\/se-inauguro-un-centro-de-atencion-primaria-de-salud-en-el-pilt\\\/\"]}]},{\"@type\":\"ImageObject\",\"inLanguage\":\"es\",\"@id\":\"https:\\\/\\\/pilt.com.ar\\\/parque-industrial\\\/se-inauguro-un-centro-de-atencion-primaria-de-salud-en-el-pilt\\\/#primaryimage\",\"url\":\"https:\\\/\\\/i0.wp.com\\\/pilt.com.ar\\\/parque-industrial\\\/wp-content\\\/uploads\\\/2023\\\/09\\\/WhatsApp-Image-2023-09-15-at-13.38.34.jpeg?fit=1600%2C1200&ssl=1\",\"contentUrl\":\"https:\\\/\\\/i0.wp.com\\\/pilt.com.ar\\\/parque-industrial\\\/wp-content\\\/uploads\\\/2023\\\/09\\\/WhatsApp-Image-2023-09-15-at-13.38.34.jpeg?fit=1600%2C1200&ssl=1\",\"width\":1600,\"height\":1200},{\"@type\":\"WebSite\",\"@id\":\"https:\\\/\\\/pilt.com.ar\\\/parque-industrial\\\/#website\",\"url\":\"https:\\\/\\\/pilt.com.ar\\\/parque-industrial\\\/\",\"name\":\"PILT.com.ar\",\"description\":\"Parque Industrial, Log\u00edstico y Tecnol\u00f3gico Villa Mar\u00eda\",\"potentialAction\":[{\"@type\":\"SearchAction\",\"target\":{\"@type\":\"EntryPoint\",\"urlTemplate\":\"https:\\\/\\\/pilt.com.ar\\\/parque-industrial\\\/?s={search_term_string}\"},\"query-input\":{\"@type\":\"PropertyValueSpecification\",\"valueRequired\":true,\"valueName\":\"search_term_string\"}}],\"inLanguage\":\"es\"},{\"@type\":\"Person\",\"@id\":\"https:\\\/\\\/pilt.com.ar\\\/parque-industrial\\\/#\\\/schema\\\/person\\\/2dfb9e2464de1c3deef20c25c30a8306\",\"name\":\"PILT\",\"image\":{\"@type\":\"ImageObject\",\"inLanguage\":\"es\",\"@id\":\"https:\\\/\\\/secure.gravatar.com\\\/avatar\\\/5e3734c8d8c8e0b0d45f923c14a14d7b90521d573d02f0d91360a777095ee42b?s=96&d=mm&r=g\",\"url\":\"https:\\\/\\\/secure.gravatar.com\\\/avatar\\\/5e3734c8d8c8e0b0d45f923c14a14d7b90521d573d02f0d91360a777095ee42b?s=96&d=mm&r=g\",\"contentUrl\":\"https:\\\/\\\/secure.gravatar.com\\\/avatar\\\/5e3734c8d8c8e0b0d45f923c14a14d7b90521d573d02f0d91360a777095ee42b?s=96&d=mm&r=g\",\"caption\":\"PILT\"},\"url\":\"https:\\\/\\\/pilt.com.ar\\\/parque-industrial\\\/author\\\/pilt\\\/\"}]}<\/script>\n<!-- \/ Yoast SEO plugin. -->","yoast_head_json":{"title":"SE INAUGUR\u00d3 UN CENTRO DE ATENCI\u00d3N PRIMARIA DE SALUD EN EL PILT - PILT.com.ar","robots":{"index":"index","follow":"follow","max-snippet":"max-snippet:-1","max-image-preview":"max-image-preview:large","max-video-preview":"max-video-preview:-1"},"canonical":"https:\/\/pilt.com.ar\/parque-industrial\/se-inauguro-un-centro-de-atencion-primaria-de-salud-en-el-pilt\/","og_locale":"es_ES","og_type":"article","og_title":"SE INAUGUR\u00d3 UN CENTRO DE ATENCI\u00d3N PRIMARIA DE SALUD EN EL PILT - PILT.com.ar","og_description":"Con la presencia del intendente Mart\u00edn Gill qued\u00f3 habilitado el espacio que brindar\u00e1 servicios a las empresas asociadas y a toda la comunidad. Luego de un trabajo articulado entre la Municipalidad de Villa Mar\u00eda y el Parque Industrial, Log\u00edstico y Tecnol\u00f3gico (PILT), se inaugur\u00f3 un CAPS que funcionar\u00e1 en el predio, aunque tambi\u00e9n brindar\u00e1 cobertura [&hellip;]","og_url":"https:\/\/pilt.com.ar\/parque-industrial\/se-inauguro-un-centro-de-atencion-primaria-de-salud-en-el-pilt\/","og_site_name":"PILT.com.ar","article_published_time":"2023-09-15T18:41:57+00:00","article_modified_time":"2023-09-15T18:41:58+00:00","og_image":[{"width":1600,"height":1200,"url":"https:\/\/i0.wp.com\/pilt.com.ar\/parque-industrial\/wp-content\/uploads\/2023\/09\/WhatsApp-Image-2023-09-15-at-13.38.34.jpeg?fit=1600%2C1200&ssl=1","type":"image\/jpeg"}],"author":"PILT","twitter_card":"summary_large_image","twitter_misc":{"Escrito por":"PILT","Tiempo de lectura":"2 minutos"},"schema":{"@context":"https:\/\/schema.org","@graph":[{"@type":"Article","@id":"https:\/\/pilt.com.ar\/parque-industrial\/se-inauguro-un-centro-de-atencion-primaria-de-salud-en-el-pilt\/#article","isPartOf":{"@id":"https:\/\/pilt.com.ar\/parque-industrial\/se-inauguro-un-centro-de-atencion-primaria-de-salud-en-el-pilt\/"},"author":{"name":"PILT","@id":"https:\/\/pilt.com.ar\/parque-industrial\/#\/schema\/person\/2dfb9e2464de1c3deef20c25c30a8306"},"headline":"SE INAUGUR\u00d3 UN CENTRO DE ATENCI\u00d3N PRIMARIA DE SALUD EN EL PILT","datePublished":"2023-09-15T18:41:57+00:00","dateModified":"2023-09-15T18:41:58+00:00","mainEntityOfPage":{"@id":"https:\/\/pilt.com.ar\/parque-industrial\/se-inauguro-un-centro-de-atencion-primaria-de-salud-en-el-pilt\/"},"wordCount":475,"commentCount":0,"image":{"@id":"https:\/\/pilt.com.ar\/parque-industrial\/se-inauguro-un-centro-de-atencion-primaria-de-salud-en-el-pilt\/#primaryimage"},"thumbnailUrl":"https:\/\/i0.wp.com\/pilt.com.ar\/parque-industrial\/wp-content\/uploads\/2023\/09\/WhatsApp-Image-2023-09-15-at-13.38.34.jpeg?fit=1600%2C1200&ssl=1","articleSection":["Noticias"],"inLanguage":"es","potentialAction":[{"@type":"CommentAction","name":"Comment","target":["https:\/\/pilt.com.ar\/parque-industrial\/se-inauguro-un-centro-de-atencion-primaria-de-salud-en-el-pilt\/#respond"]}]},{"@type":"WebPage","@id":"https:\/\/pilt.com.ar\/parque-industrial\/se-inauguro-un-centro-de-atencion-primaria-de-salud-en-el-pilt\/","url":"https:\/\/pilt.com.ar\/parque-industrial\/se-inauguro-un-centro-de-atencion-primaria-de-salud-en-el-pilt\/","name":"SE INAUGUR\u00d3 UN CENTRO DE ATENCI\u00d3N PRIMARIA DE SALUD EN EL PILT - PILT.com.ar","isPartOf":{"@id":"https:\/\/pilt.com.ar\/parque-industrial\/#website"},"primaryImageOfPage":{"@id":"https:\/\/pilt.com.ar\/parque-industrial\/se-inauguro-un-centro-de-atencion-primaria-de-salud-en-el-pilt\/#primaryimage"},"image":{"@id":"https:\/\/pilt.com.ar\/parque-industrial\/se-inauguro-un-centro-de-atencion-primaria-de-salud-en-el-pilt\/#primaryimage"},"thumbnailUrl":"https:\/\/i0.wp.com\/pilt.com.ar\/parque-industrial\/wp-content\/uploads\/2023\/09\/WhatsApp-Image-2023-09-15-at-13.38.34.jpeg?fit=1600%2C1200&ssl=1","datePublished":"2023-09-15T18:41:57+00:00","dateModified":"2023-09-15T18:41:58+00:00","author":{"@id":"https:\/\/pilt.com.ar\/parque-industrial\/#\/schema\/person\/2dfb9e2464de1c3deef20c25c30a8306"},"inLanguage":"es","potentialAction":[{"@type":"ReadAction","target":["https:\/\/pilt.com.ar\/parque-industrial\/se-inauguro-un-centro-de-atencion-primaria-de-salud-en-el-pilt\/"]}]},{"@type":"ImageObject","inLanguage":"es","@id":"https:\/\/pilt.com.ar\/parque-industrial\/se-inauguro-un-centro-de-atencion-primaria-de-salud-en-el-pilt\/#primaryimage","url":"https:\/\/i0.wp.com\/pilt.com.ar\/parque-industrial\/wp-content\/uploads\/2023\/09\/WhatsApp-Image-2023-09-15-at-13.38.34.jpeg?fit=1600%2C1200&ssl=1","contentUrl":"https:\/\/i0.wp.com\/pilt.com.ar\/parque-industrial\/wp-content\/uploads\/2023\/09\/WhatsApp-Image-2023-09-15-at-13.38.34.jpeg?fit=1600%2C1200&ssl=1","width":1600,"height":1200},{"@type":"WebSite","@id":"https:\/\/pilt.com.ar\/parque-industrial\/#website","url":"https:\/\/pilt.com.ar\/parque-industrial\/","name":"PILT.com.ar","description":"Parque Industrial, Log\u00edstico y Tecnol\u00f3gico Villa Mar\u00eda","potentialAction":[{"@type":"SearchAction","target":{"@type":"EntryPoint","urlTemplate":"https:\/\/pilt.com.ar\/parque-industrial\/?s={search_term_string}"},"query-input":{"@type":"PropertyValueSpecification","valueRequired":true,"valueName":"search_term_string"}}],"inLanguage":"es"},{"@type":"Person","@id":"https:\/\/pilt.com.ar\/parque-industrial\/#\/schema\/person\/2dfb9e2464de1c3deef20c25c30a8306","name":"PILT","image":{"@type":"ImageObject","inLanguage":"es","@id":"https:\/\/secure.gravatar.com\/avatar\/5e3734c8d8c8e0b0d45f923c14a14d7b90521d573d02f0d91360a777095ee42b?s=96&d=mm&r=g","url":"https:\/\/secure.gravatar.com\/avatar\/5e3734c8d8c8e0b0d45f923c14a14d7b90521d573d02f0d91360a777095ee42b?s=96&d=mm&r=g","contentUrl":"https:\/\/secure.gravatar.com\/avatar\/5e3734c8d8c8e0b0d45f923c14a14d7b90521d573d02f0d91360a777095ee42b?s=96&d=mm&r=g","caption":"PILT"},"url":"https:\/\/pilt.com.ar\/parque-industrial\/author\/pilt\/"}]}},"jetpack_featured_media_url":"https:\/\/i0.wp.com\/pilt.com.ar\/parque-industrial\/wp-content\/uploads\/2023\/09\/WhatsApp-Image-2023-09-15-at-13.38.34.jpeg?fit=1600%2C1200&ssl=1","jetpack_sharing_enabled":true,"_links":{"self":[{"href":"https:\/\/pilt.com.ar\/parque-industrial\/wp-json\/wp\/v2\/posts\/2961","targetHints":{"allow":["GET"]}}],"collection":[{"href":"https:\/\/pilt.com.ar\/parque-industrial\/wp-json\/wp\/v2\/posts"}],"about":[{"href":"https:\/\/pilt.com.ar\/parque-industrial\/wp-json\/wp\/v2\/types\/post"}],"author":[{"embeddable":true,"href":"https:\/\/pilt.com.ar\/parque-industrial\/wp-json\/wp\/v2\/users\/3"}],"replies":[{"embeddable":true,"href":"https:\/\/pilt.com.ar\/parque-industrial\/wp-json\/wp\/v2\/comments?post=2961"}],"version-history":[{"count":1,"href":"https:\/\/pilt.com.ar\/parque-industrial\/wp-json\/wp\/v2\/posts\/2961\/revisions"}],"predecessor-version":[{"id":2963,"href":"https:\/\/pilt.com.ar\/parque-industrial\/wp-json\/wp\/v2\/posts\/2961\/revisions\/2963"}],"wp:featuredmedia":[{"embeddable":true,"href":"https:\/\/pilt.com.ar\/parque-industrial\/wp-json\/wp\/v2\/media\/2962"}],"wp:attachment":[{"href":"https:\/\/pilt.com.ar\/parque-industrial\/wp-json\/wp\/v2\/media?parent=2961"}],"wp:term":[{"taxonomy":"category","embeddable":true,"href":"https:\/\/pilt.com.ar\/parque-industrial\/wp-json\/wp\/v2\/categories?post=2961"},{"taxonomy":"post_tag","embeddable":true,"href":"https:\/\/pilt.com.ar\/parque-industrial\/wp-json\/wp\/v2\/tags?post=2961"}],"curies":[{"name":"wp","href":"https:\/\/api.w.org\/{rel}","templated":true}]}}