{"id":2880,"date":"2023-09-08T13:59:24","date_gmt":"2023-09-08T16:59:24","guid":{"rendered":"https:\/\/pilt.com.ar\/parque-industrial\/?p=2880"},"modified":"2023-09-08T13:59:25","modified_gmt":"2023-09-08T16:59:25","slug":"esta-abierta-la-convocatoria-para-ocupar-salones-en-la-nave-para-emprendedores-ii","status":"publish","type":"post","link":"https:\/\/pilt.com.ar\/parque-industrial\/esta-abierta-la-convocatoria-para-ocupar-salones-en-la-nave-para-emprendedores-ii\/","title":{"rendered":"EST\u00c1 ABIERTA LA CONVOCATORIA PARA OCUPAR SALONES EN LA NAVE PARA EMPRENDEDORES II"},"content":{"rendered":"\n<p class=\"has-text-align-center\"><em><strong>Hasta el 22 de septiembre los interesados tienen tiempo para postularse y presentar sus desarrollos.<\/strong><\/em><\/p>\n\n\n\n<p class=\"has-text-align-justify\">El Parque Industrial, Log\u00edstico y Tecnol\u00f3gico Villa Mar\u00eda (PILT) abri\u00f3 la convocatoria para los interesados en ocupar los salones de la Nave para Emprendedores II, que contin\u00faa el exitoso programa que tiempo atr\u00e1s puso en marcha la entidad para facilitar la consolidaci\u00f3n de desarrollos con alto potencial vinculados, en este caso, al sector de la alimentaci\u00f3n.<\/p>\n\n\n\n<p class=\"has-text-align-justify\">Cabe se\u00f1alar que la reglamentaci\u00f3n del programa marca los siguientes objetivos: favorecer el nacimiento, arranque y consolidaci\u00f3n de nuevas empresas; generaci\u00f3n de empleo y autoempleo; fomentar nuevas l\u00edneas de actividad empresarial, especialmente relacionadas con la innovaci\u00f3n, las nuevas tecnolog\u00edas y los sectores emergentes; ubicar empresas y proyectos, ofreciendo las condiciones adecuadas y los servicios necesarios que permitan desarrollar su plan de empresa, con el fin de que, en un tiempo de estancia limitada en el espacio, est\u00e9n en situaci\u00f3n de competir y actuar en condiciones de mercado; entre otras.<\/p>\n\n\n\n<p><strong>Salones<\/strong><\/p>\n\n\n\n<p class=\"has-text-align-justify\">Son 6 los salones que est\u00e1n disponibles para ocupar, con una superficie de 190 metros cuadrados cada uno. Cuentan adem\u00e1s con sanitarios independientes y port\u00f3n de ingreso para veh\u00edculos de transporte. A su vez, los ocupantes tendr\u00e1n todos los beneficios que supone formar parte del PILT (infraestructura, seguridad en p\u00f3rtico de ingreso, cerco perimetral del predio, disponibilidad de energ\u00eda el\u00e9ctrica y dem\u00e1s servicios para operar, c\u00e1maras de videovigilancia, etc), a lo que se a\u00f1ade la posibilidad de acceder al espacio con un costo de alquiler sensiblemente menor al de mercado. El mismo se va incrementando conforme avanza la consolidaci\u00f3n del proyecto.<\/p>\n\n\n\n<p class=\"has-text-align-justify\">Vale decir que la b\u00fasqueda est\u00e1 orientada a empresas\/aut\u00f3nomos que comienzan su actividad econ\u00f3mica con su instalaci\u00f3n en el espacio de trabajo o empresas ya constituidas, en proceso de incubaci\u00f3n (antig\u00fcedad inferior a tres a\u00f1os). En ambos casos debe estar desarrollando un emprendimiento en el territorio nacional, con domicilio fiscal en Villa Mar\u00eda.<\/p>\n\n\n\n<p class=\"has-text-align-justify\">Una vez que venzan los plazos para la presentaci\u00f3n de propuestas, el 22 del corriente, las mismas ser\u00e1n analizadas por una Comisi\u00f3n Evaluadora conformada a tal fin. El 2 de noviembre se dar\u00e1n a conocer los resultados.<\/p>\n\n\n\n<p><strong>Datos a tener en cuenta<\/strong><\/p>\n\n\n\n<p>Cantidad de salones: 6<\/p>\n\n\n\n<p>Metros cuadrados: 190<\/p>\n\n\n\n<p>Cierre de inscripciones: 22\/9<\/p>\n\n\n\n<p>Publicaci\u00f3n de los seleccionados: 2\/11<\/p>\n\n\n\n<p>Link de inscripci\u00f3n: www.pilt.com.ar\/emprendedores<\/p>\n\n\n\n<p><\/p>\n","protected":false},"excerpt":{"rendered":"<p>Hasta el 22 de septiembre los interesados tienen tiempo para postularse y presentar sus desarrollos. El Parque Industrial, Log\u00edstico y Tecnol\u00f3gico Villa Mar\u00eda (PILT) abri\u00f3 la convocatoria para los interesados en ocupar los salones de la Nave para Emprendedores II, que contin\u00faa el exitoso programa que tiempo atr\u00e1s puso en marcha la entidad para facilitar [&hellip;]<\/p>\n","protected":false},"author":3,"featured_media":2881,"comment_status":"open","ping_status":"open","sticky":false,"template":"","format":"standard","meta":{"_jetpack_memberships_contains_paid_content":false,"footnotes":""},"categories":[2],"tags":[],"class_list":["post-2880","post","type-post","status-publish","format-standard","has-post-thumbnail","hentry","category-noticias"],"yoast_head":"<!-- This site is optimized with the Yoast SEO plugin v27.5 - https:\/\/yoast.com\/product\/yoast-seo-wordpress\/ -->\n<title>EST\u00c1 ABIERTA LA CONVOCATORIA PARA OCUPAR SALONES EN LA NAVE PARA EMPRENDEDORES II - PILT.com.ar<\/title>\n<meta name=\"robots\" content=\"index, follow, max-snippet:-1, max-image-preview:large, max-video-preview:-1\" \/>\n<link rel=\"canonical\" href=\"https:\/\/pilt.com.ar\/parque-industrial\/esta-abierta-la-convocatoria-para-ocupar-salones-en-la-nave-para-emprendedores-ii\/\" \/>\n<meta property=\"og:locale\" content=\"es_ES\" \/>\n<meta property=\"og:type\" content=\"article\" \/>\n<meta property=\"og:title\" content=\"EST\u00c1 ABIERTA LA CONVOCATORIA PARA OCUPAR SALONES EN LA NAVE PARA EMPRENDEDORES II - PILT.com.ar\" \/>\n<meta property=\"og:description\" content=\"Hasta el 22 de septiembre los interesados tienen tiempo para postularse y presentar sus desarrollos. El Parque Industrial, Log\u00edstico y Tecnol\u00f3gico Villa Mar\u00eda (PILT) abri\u00f3 la convocatoria para los interesados en ocupar los salones de la Nave para Emprendedores II, que contin\u00faa el exitoso programa que tiempo atr\u00e1s puso en marcha la entidad para facilitar [&hellip;]\" \/>\n<meta property=\"og:url\" content=\"https:\/\/pilt.com.ar\/parque-industrial\/esta-abierta-la-convocatoria-para-ocupar-salones-en-la-nave-para-emprendedores-ii\/\" \/>\n<meta property=\"og:site_name\" content=\"PILT.com.ar\" \/>\n<meta property=\"article:published_time\" content=\"2023-09-08T16:59:24+00:00\" \/>\n<meta property=\"article:modified_time\" content=\"2023-09-08T16:59:25+00:00\" \/>\n<meta property=\"og:image\" content=\"https:\/\/i0.wp.com\/pilt.com.ar\/parque-industrial\/wp-content\/uploads\/2023\/09\/WhatsApp-Image-2023-09-07-at-14.21.50.jpeg?fit=1600%2C898&ssl=1\" \/>\n\t<meta property=\"og:image:width\" content=\"1600\" \/>\n\t<meta property=\"og:image:height\" content=\"898\" \/>\n\t<meta property=\"og:image:type\" content=\"image\/jpeg\" \/>\n<meta name=\"author\" content=\"PILT\" \/>\n<meta name=\"twitter:card\" content=\"summary_large_image\" \/>\n<meta name=\"twitter:label1\" content=\"Escrito por\" \/>\n\t<meta name=\"twitter:data1\" content=\"PILT\" \/>\n\t<meta name=\"twitter:label2\" content=\"Tiempo de lectura\" \/>\n\t<meta name=\"twitter:data2\" content=\"2 minutos\" \/>\n<script type=\"application\/ld+json\" class=\"yoast-schema-graph\">{\"@context\":\"https:\\\/\\\/schema.org\",\"@graph\":[{\"@type\":\"Article\",\"@id\":\"https:\\\/\\\/pilt.com.ar\\\/parque-industrial\\\/esta-abierta-la-convocatoria-para-ocupar-salones-en-la-nave-para-emprendedores-ii\\\/#article\",\"isPartOf\":{\"@id\":\"https:\\\/\\\/pilt.com.ar\\\/parque-industrial\\\/esta-abierta-la-convocatoria-para-ocupar-salones-en-la-nave-para-emprendedores-ii\\\/\"},\"author\":{\"name\":\"PILT\",\"@id\":\"https:\\\/\\\/pilt.com.ar\\\/parque-industrial\\\/#\\\/schema\\\/person\\\/2dfb9e2464de1c3deef20c25c30a8306\"},\"headline\":\"EST\u00c1 ABIERTA LA CONVOCATORIA PARA OCUPAR SALONES EN LA NAVE PARA EMPRENDEDORES II\",\"datePublished\":\"2023-09-08T16:59:24+00:00\",\"dateModified\":\"2023-09-08T16:59:25+00:00\",\"mainEntityOfPage\":{\"@id\":\"https:\\\/\\\/pilt.com.ar\\\/parque-industrial\\\/esta-abierta-la-convocatoria-para-ocupar-salones-en-la-nave-para-emprendedores-ii\\\/\"},\"wordCount\":428,\"commentCount\":0,\"image\":{\"@id\":\"https:\\\/\\\/pilt.com.ar\\\/parque-industrial\\\/esta-abierta-la-convocatoria-para-ocupar-salones-en-la-nave-para-emprendedores-ii\\\/#primaryimage\"},\"thumbnailUrl\":\"https:\\\/\\\/i0.wp.com\\\/pilt.com.ar\\\/parque-industrial\\\/wp-content\\\/uploads\\\/2023\\\/09\\\/WhatsApp-Image-2023-09-07-at-14.21.50.jpeg?fit=1600%2C898&ssl=1\",\"articleSection\":[\"Noticias\"],\"inLanguage\":\"es\",\"potentialAction\":[{\"@type\":\"CommentAction\",\"name\":\"Comment\",\"target\":[\"https:\\\/\\\/pilt.com.ar\\\/parque-industrial\\\/esta-abierta-la-convocatoria-para-ocupar-salones-en-la-nave-para-emprendedores-ii\\\/#respond\"]}]},{\"@type\":\"WebPage\",\"@id\":\"https:\\\/\\\/pilt.com.ar\\\/parque-industrial\\\/esta-abierta-la-convocatoria-para-ocupar-salones-en-la-nave-para-emprendedores-ii\\\/\",\"url\":\"https:\\\/\\\/pilt.com.ar\\\/parque-industrial\\\/esta-abierta-la-convocatoria-para-ocupar-salones-en-la-nave-para-emprendedores-ii\\\/\",\"name\":\"EST\u00c1 ABIERTA LA CONVOCATORIA PARA OCUPAR SALONES EN LA NAVE PARA EMPRENDEDORES II - PILT.com.ar\",\"isPartOf\":{\"@id\":\"https:\\\/\\\/pilt.com.ar\\\/parque-industrial\\\/#website\"},\"primaryImageOfPage\":{\"@id\":\"https:\\\/\\\/pilt.com.ar\\\/parque-industrial\\\/esta-abierta-la-convocatoria-para-ocupar-salones-en-la-nave-para-emprendedores-ii\\\/#primaryimage\"},\"image\":{\"@id\":\"https:\\\/\\\/pilt.com.ar\\\/parque-industrial\\\/esta-abierta-la-convocatoria-para-ocupar-salones-en-la-nave-para-emprendedores-ii\\\/#primaryimage\"},\"thumbnailUrl\":\"https:\\\/\\\/i0.wp.com\\\/pilt.com.ar\\\/parque-industrial\\\/wp-content\\\/uploads\\\/2023\\\/09\\\/WhatsApp-Image-2023-09-07-at-14.21.50.jpeg?fit=1600%2C898&ssl=1\",\"datePublished\":\"2023-09-08T16:59:24+00:00\",\"dateModified\":\"2023-09-08T16:59:25+00:00\",\"author\":{\"@id\":\"https:\\\/\\\/pilt.com.ar\\\/parque-industrial\\\/#\\\/schema\\\/person\\\/2dfb9e2464de1c3deef20c25c30a8306\"},\"inLanguage\":\"es\",\"potentialAction\":[{\"@type\":\"ReadAction\",\"target\":[\"https:\\\/\\\/pilt.com.ar\\\/parque-industrial\\\/esta-abierta-la-convocatoria-para-ocupar-salones-en-la-nave-para-emprendedores-ii\\\/\"]}]},{\"@type\":\"ImageObject\",\"inLanguage\":\"es\",\"@id\":\"https:\\\/\\\/pilt.com.ar\\\/parque-industrial\\\/esta-abierta-la-convocatoria-para-ocupar-salones-en-la-nave-para-emprendedores-ii\\\/#primaryimage\",\"url\":\"https:\\\/\\\/i0.wp.com\\\/pilt.com.ar\\\/parque-industrial\\\/wp-content\\\/uploads\\\/2023\\\/09\\\/WhatsApp-Image-2023-09-07-at-14.21.50.jpeg?fit=1600%2C898&ssl=1\",\"contentUrl\":\"https:\\\/\\\/i0.wp.com\\\/pilt.com.ar\\\/parque-industrial\\\/wp-content\\\/uploads\\\/2023\\\/09\\\/WhatsApp-Image-2023-09-07-at-14.21.50.jpeg?fit=1600%2C898&ssl=1\",\"width\":1600,\"height\":898},{\"@type\":\"WebSite\",\"@id\":\"https:\\\/\\\/pilt.com.ar\\\/parque-industrial\\\/#website\",\"url\":\"https:\\\/\\\/pilt.com.ar\\\/parque-industrial\\\/\",\"name\":\"PILT.com.ar\",\"description\":\"Parque Industrial, Log\u00edstico y Tecnol\u00f3gico Villa Mar\u00eda\",\"potentialAction\":[{\"@type\":\"SearchAction\",\"target\":{\"@type\":\"EntryPoint\",\"urlTemplate\":\"https:\\\/\\\/pilt.com.ar\\\/parque-industrial\\\/?s={search_term_string}\"},\"query-input\":{\"@type\":\"PropertyValueSpecification\",\"valueRequired\":true,\"valueName\":\"search_term_string\"}}],\"inLanguage\":\"es\"},{\"@type\":\"Person\",\"@id\":\"https:\\\/\\\/pilt.com.ar\\\/parque-industrial\\\/#\\\/schema\\\/person\\\/2dfb9e2464de1c3deef20c25c30a8306\",\"name\":\"PILT\",\"image\":{\"@type\":\"ImageObject\",\"inLanguage\":\"es\",\"@id\":\"https:\\\/\\\/secure.gravatar.com\\\/avatar\\\/5e3734c8d8c8e0b0d45f923c14a14d7b90521d573d02f0d91360a777095ee42b?s=96&d=mm&r=g\",\"url\":\"https:\\\/\\\/secure.gravatar.com\\\/avatar\\\/5e3734c8d8c8e0b0d45f923c14a14d7b90521d573d02f0d91360a777095ee42b?s=96&d=mm&r=g\",\"contentUrl\":\"https:\\\/\\\/secure.gravatar.com\\\/avatar\\\/5e3734c8d8c8e0b0d45f923c14a14d7b90521d573d02f0d91360a777095ee42b?s=96&d=mm&r=g\",\"caption\":\"PILT\"},\"url\":\"https:\\\/\\\/pilt.com.ar\\\/parque-industrial\\\/author\\\/pilt\\\/\"}]}<\/script>\n<!-- \/ Yoast SEO plugin. -->","yoast_head_json":{"title":"EST\u00c1 ABIERTA LA CONVOCATORIA PARA OCUPAR SALONES EN LA NAVE PARA EMPRENDEDORES II - PILT.com.ar","robots":{"index":"index","follow":"follow","max-snippet":"max-snippet:-1","max-image-preview":"max-image-preview:large","max-video-preview":"max-video-preview:-1"},"canonical":"https:\/\/pilt.com.ar\/parque-industrial\/esta-abierta-la-convocatoria-para-ocupar-salones-en-la-nave-para-emprendedores-ii\/","og_locale":"es_ES","og_type":"article","og_title":"EST\u00c1 ABIERTA LA CONVOCATORIA PARA OCUPAR SALONES EN LA NAVE PARA EMPRENDEDORES II - PILT.com.ar","og_description":"Hasta el 22 de septiembre los interesados tienen tiempo para postularse y presentar sus desarrollos. El Parque Industrial, Log\u00edstico y Tecnol\u00f3gico Villa Mar\u00eda (PILT) abri\u00f3 la convocatoria para los interesados en ocupar los salones de la Nave para Emprendedores II, que contin\u00faa el exitoso programa que tiempo atr\u00e1s puso en marcha la entidad para facilitar [&hellip;]","og_url":"https:\/\/pilt.com.ar\/parque-industrial\/esta-abierta-la-convocatoria-para-ocupar-salones-en-la-nave-para-emprendedores-ii\/","og_site_name":"PILT.com.ar","article_published_time":"2023-09-08T16:59:24+00:00","article_modified_time":"2023-09-08T16:59:25+00:00","og_image":[{"width":1600,"height":898,"url":"https:\/\/i0.wp.com\/pilt.com.ar\/parque-industrial\/wp-content\/uploads\/2023\/09\/WhatsApp-Image-2023-09-07-at-14.21.50.jpeg?fit=1600%2C898&ssl=1","type":"image\/jpeg"}],"author":"PILT","twitter_card":"summary_large_image","twitter_misc":{"Escrito por":"PILT","Tiempo de lectura":"2 minutos"},"schema":{"@context":"https:\/\/schema.org","@graph":[{"@type":"Article","@id":"https:\/\/pilt.com.ar\/parque-industrial\/esta-abierta-la-convocatoria-para-ocupar-salones-en-la-nave-para-emprendedores-ii\/#article","isPartOf":{"@id":"https:\/\/pilt.com.ar\/parque-industrial\/esta-abierta-la-convocatoria-para-ocupar-salones-en-la-nave-para-emprendedores-ii\/"},"author":{"name":"PILT","@id":"https:\/\/pilt.com.ar\/parque-industrial\/#\/schema\/person\/2dfb9e2464de1c3deef20c25c30a8306"},"headline":"EST\u00c1 ABIERTA LA CONVOCATORIA PARA OCUPAR SALONES EN LA NAVE PARA EMPRENDEDORES II","datePublished":"2023-09-08T16:59:24+00:00","dateModified":"2023-09-08T16:59:25+00:00","mainEntityOfPage":{"@id":"https:\/\/pilt.com.ar\/parque-industrial\/esta-abierta-la-convocatoria-para-ocupar-salones-en-la-nave-para-emprendedores-ii\/"},"wordCount":428,"commentCount":0,"image":{"@id":"https:\/\/pilt.com.ar\/parque-industrial\/esta-abierta-la-convocatoria-para-ocupar-salones-en-la-nave-para-emprendedores-ii\/#primaryimage"},"thumbnailUrl":"https:\/\/i0.wp.com\/pilt.com.ar\/parque-industrial\/wp-content\/uploads\/2023\/09\/WhatsApp-Image-2023-09-07-at-14.21.50.jpeg?fit=1600%2C898&ssl=1","articleSection":["Noticias"],"inLanguage":"es","potentialAction":[{"@type":"CommentAction","name":"Comment","target":["https:\/\/pilt.com.ar\/parque-industrial\/esta-abierta-la-convocatoria-para-ocupar-salones-en-la-nave-para-emprendedores-ii\/#respond"]}]},{"@type":"WebPage","@id":"https:\/\/pilt.com.ar\/parque-industrial\/esta-abierta-la-convocatoria-para-ocupar-salones-en-la-nave-para-emprendedores-ii\/","url":"https:\/\/pilt.com.ar\/parque-industrial\/esta-abierta-la-convocatoria-para-ocupar-salones-en-la-nave-para-emprendedores-ii\/","name":"EST\u00c1 ABIERTA LA CONVOCATORIA PARA OCUPAR SALONES EN LA NAVE PARA EMPRENDEDORES II - PILT.com.ar","isPartOf":{"@id":"https:\/\/pilt.com.ar\/parque-industrial\/#website"},"primaryImageOfPage":{"@id":"https:\/\/pilt.com.ar\/parque-industrial\/esta-abierta-la-convocatoria-para-ocupar-salones-en-la-nave-para-emprendedores-ii\/#primaryimage"},"image":{"@id":"https:\/\/pilt.com.ar\/parque-industrial\/esta-abierta-la-convocatoria-para-ocupar-salones-en-la-nave-para-emprendedores-ii\/#primaryimage"},"thumbnailUrl":"https:\/\/i0.wp.com\/pilt.com.ar\/parque-industrial\/wp-content\/uploads\/2023\/09\/WhatsApp-Image-2023-09-07-at-14.21.50.jpeg?fit=1600%2C898&ssl=1","datePublished":"2023-09-08T16:59:24+00:00","dateModified":"2023-09-08T16:59:25+00:00","author":{"@id":"https:\/\/pilt.com.ar\/parque-industrial\/#\/schema\/person\/2dfb9e2464de1c3deef20c25c30a8306"},"inLanguage":"es","potentialAction":[{"@type":"ReadAction","target":["https:\/\/pilt.com.ar\/parque-industrial\/esta-abierta-la-convocatoria-para-ocupar-salones-en-la-nave-para-emprendedores-ii\/"]}]},{"@type":"ImageObject","inLanguage":"es","@id":"https:\/\/pilt.com.ar\/parque-industrial\/esta-abierta-la-convocatoria-para-ocupar-salones-en-la-nave-para-emprendedores-ii\/#primaryimage","url":"https:\/\/i0.wp.com\/pilt.com.ar\/parque-industrial\/wp-content\/uploads\/2023\/09\/WhatsApp-Image-2023-09-07-at-14.21.50.jpeg?fit=1600%2C898&ssl=1","contentUrl":"https:\/\/i0.wp.com\/pilt.com.ar\/parque-industrial\/wp-content\/uploads\/2023\/09\/WhatsApp-Image-2023-09-07-at-14.21.50.jpeg?fit=1600%2C898&ssl=1","width":1600,"height":898},{"@type":"WebSite","@id":"https:\/\/pilt.com.ar\/parque-industrial\/#website","url":"https:\/\/pilt.com.ar\/parque-industrial\/","name":"PILT.com.ar","description":"Parque Industrial, Log\u00edstico y Tecnol\u00f3gico Villa Mar\u00eda","potentialAction":[{"@type":"SearchAction","target":{"@type":"EntryPoint","urlTemplate":"https:\/\/pilt.com.ar\/parque-industrial\/?s={search_term_string}"},"query-input":{"@type":"PropertyValueSpecification","valueRequired":true,"valueName":"search_term_string"}}],"inLanguage":"es"},{"@type":"Person","@id":"https:\/\/pilt.com.ar\/parque-industrial\/#\/schema\/person\/2dfb9e2464de1c3deef20c25c30a8306","name":"PILT","image":{"@type":"ImageObject","inLanguage":"es","@id":"https:\/\/secure.gravatar.com\/avatar\/5e3734c8d8c8e0b0d45f923c14a14d7b90521d573d02f0d91360a777095ee42b?s=96&d=mm&r=g","url":"https:\/\/secure.gravatar.com\/avatar\/5e3734c8d8c8e0b0d45f923c14a14d7b90521d573d02f0d91360a777095ee42b?s=96&d=mm&r=g","contentUrl":"https:\/\/secure.gravatar.com\/avatar\/5e3734c8d8c8e0b0d45f923c14a14d7b90521d573d02f0d91360a777095ee42b?s=96&d=mm&r=g","caption":"PILT"},"url":"https:\/\/pilt.com.ar\/parque-industrial\/author\/pilt\/"}]}},"jetpack_featured_media_url":"https:\/\/i0.wp.com\/pilt.com.ar\/parque-industrial\/wp-content\/uploads\/2023\/09\/WhatsApp-Image-2023-09-07-at-14.21.50.jpeg?fit=1600%2C898&ssl=1","jetpack_sharing_enabled":true,"_links":{"self":[{"href":"https:\/\/pilt.com.ar\/parque-industrial\/wp-json\/wp\/v2\/posts\/2880","targetHints":{"allow":["GET"]}}],"collection":[{"href":"https:\/\/pilt.com.ar\/parque-industrial\/wp-json\/wp\/v2\/posts"}],"about":[{"href":"https:\/\/pilt.com.ar\/parque-industrial\/wp-json\/wp\/v2\/types\/post"}],"author":[{"embeddable":true,"href":"https:\/\/pilt.com.ar\/parque-industrial\/wp-json\/wp\/v2\/users\/3"}],"replies":[{"embeddable":true,"href":"https:\/\/pilt.com.ar\/parque-industrial\/wp-json\/wp\/v2\/comments?post=2880"}],"version-history":[{"count":1,"href":"https:\/\/pilt.com.ar\/parque-industrial\/wp-json\/wp\/v2\/posts\/2880\/revisions"}],"predecessor-version":[{"id":2882,"href":"https:\/\/pilt.com.ar\/parque-industrial\/wp-json\/wp\/v2\/posts\/2880\/revisions\/2882"}],"wp:featuredmedia":[{"embeddable":true,"href":"https:\/\/pilt.com.ar\/parque-industrial\/wp-json\/wp\/v2\/media\/2881"}],"wp:attachment":[{"href":"https:\/\/pilt.com.ar\/parque-industrial\/wp-json\/wp\/v2\/media?parent=2880"}],"wp:term":[{"taxonomy":"category","embeddable":true,"href":"https:\/\/pilt.com.ar\/parque-industrial\/wp-json\/wp\/v2\/categories?post=2880"},{"taxonomy":"post_tag","embeddable":true,"href":"https:\/\/pilt.com.ar\/parque-industrial\/wp-json\/wp\/v2\/tags?post=2880"}],"curies":[{"name":"wp","href":"https:\/\/api.w.org\/{rel}","templated":true}]}}