{"id":2876,"date":"2023-09-01T12:15:36","date_gmt":"2023-09-01T15:15:36","guid":{"rendered":"https:\/\/pilt.com.ar\/parque-industrial\/?p=2876"},"modified":"2023-09-01T12:15:37","modified_gmt":"2023-09-01T15:15:37","slug":"dia-de-la-industria-el-pilt-infraestructura-y-servicios-para-el-desarrollo-regional","status":"publish","type":"post","link":"https:\/\/pilt.com.ar\/parque-industrial\/dia-de-la-industria-el-pilt-infraestructura-y-servicios-para-el-desarrollo-regional\/","title":{"rendered":"D\u00cdA DE LA INDUSTRIA: EL PILT, INFRAESTRUCTURA Y SERVICIOS PARA EL DESARROLLO REGIONAL"},"content":{"rendered":"\n<p class=\"has-text-align-center\"><em><strong>M\u00e1s all\u00e1 de la efem\u00e9ride, el Ente ofrece todos los d\u00edas del a\u00f1o un espacio propicio para promover la producci\u00f3n.<\/strong><\/em><\/p>\n\n\n\n<p class=\"has-text-align-justify\">El 2 de septiembre no es un d\u00eda m\u00e1s para los industriales, sino el momento del a\u00f1o en que festejan el trabajo y esfuerzo que realizan en forma cotidiana. En ese marco, el Parque Industrial, Log\u00edstico y Tecnol\u00f3gico Villa Mar\u00eda (PILT) rinde homenaje a todas las empresas asociadas que ayudaron a consolidar una organizaci\u00f3n que muestra un sostenido crecimiento en infraestructura y servicios.<\/p>\n\n\n\n<p class=\"has-text-align-justify\">En ese sentido, en las 90 hect\u00e1reas que componen el PILT hay un total de 224 lotes, de los cuales se han comercializado 213. Teniendo en cuenta esa realidad, desde hace tiempo se est\u00e1 llevando adelante un importante proyecto para a\u00f1adir 48 hect\u00e1reas m\u00e1s.<\/p>\n\n\n\n<p class=\"has-text-align-justify\">Hasta el momento, 109 empresas conforman el Parque Industrial, 56 de las cuales est\u00e1n operando; 9 en construcci\u00f3n y 44 en etapa de proyecto. Unos 850 empleados forman parte de las organizaciones que est\u00e1n desarrollando actividades.<\/p>\n\n\n\n<p class=\"has-text-align-justify\">En lo que respecta a infraestructura y servicios, el predio cuenta con disponibilidad de energ\u00eda el\u00e9ctrica para cubrir las necesidades de las industrias; red de gas en todo el predio; servicio de agua y cloacas; cord\u00f3n cuneta y pavimento; cerco perimetral y casilla de ingreso.<\/p>\n\n\n\n<p class=\"has-text-align-justify\">Adem\u00e1s, la red de alumbrado p\u00fablico posee luminarias led y sistema de telegesti\u00f3n, que permite reducir costos, incrementar la eficiencia y dotar de mayor seguridad al predio. Bajo ese mismo objetivo, dispone de un novedoso sistema de videovigilancia con c\u00e1maras que permiten el monitoreo las 24 horas.<\/p>\n\n\n\n<p><strong>Sustentabilidad<\/strong><\/p>\n\n\n\n<p class=\"has-text-align-justify\">El cuidado del medio ambiente y la sustentabilidad siempre estuvo presente en la organizaci\u00f3n. Por ese motivo, tiempo atr\u00e1s se instal\u00f3 un equipo para generar energ\u00eda solar fotovoltaica, que permite dotar de ese servicio a la Administraci\u00f3n, reemplazando la utilizaci\u00f3n de energ\u00eda convencional y aportando el excedente a la red p\u00fablica a partir del sistema de generaci\u00f3n distribuida. La intenci\u00f3n es avanzar en ese camino, ampliando el sistema en otro sector del predio para aportar a la reducci\u00f3n de gases de efecto invernadero.<\/p>\n\n\n\n<p class=\"has-text-align-justify\">Con diferentes acciones y proyectos, al igual que las empresas que lo conforman, el PILT procura contribuir al engrandecimiento del sector. Bajo esa consigna, saluda a todos los industriales que diariamente se esfuerzan por tratar de lograr un futuro mejor.<\/p>\n","protected":false},"excerpt":{"rendered":"<p>M\u00e1s all\u00e1 de la efem\u00e9ride, el Ente ofrece todos los d\u00edas del a\u00f1o un espacio propicio para promover la producci\u00f3n. El 2 de septiembre no es un d\u00eda m\u00e1s para los industriales, sino el momento del a\u00f1o en que festejan el trabajo y esfuerzo que realizan en forma cotidiana. En ese marco, el Parque Industrial, [&hellip;]<\/p>\n","protected":false},"author":3,"featured_media":2878,"comment_status":"open","ping_status":"open","sticky":false,"template":"","format":"standard","meta":{"_jetpack_memberships_contains_paid_content":false,"footnotes":""},"categories":[2],"tags":[],"class_list":["post-2876","post","type-post","status-publish","format-standard","has-post-thumbnail","hentry","category-noticias"],"yoast_head":"<!-- This site is optimized with the Yoast SEO plugin v27.5 - https:\/\/yoast.com\/product\/yoast-seo-wordpress\/ -->\n<title>D\u00cdA DE LA INDUSTRIA: EL PILT, INFRAESTRUCTURA Y SERVICIOS PARA EL DESARROLLO REGIONAL - PILT.com.ar<\/title>\n<meta name=\"robots\" content=\"index, follow, max-snippet:-1, max-image-preview:large, max-video-preview:-1\" \/>\n<link rel=\"canonical\" href=\"https:\/\/pilt.com.ar\/parque-industrial\/dia-de-la-industria-el-pilt-infraestructura-y-servicios-para-el-desarrollo-regional\/\" \/>\n<meta property=\"og:locale\" content=\"es_ES\" \/>\n<meta property=\"og:type\" content=\"article\" \/>\n<meta property=\"og:title\" content=\"D\u00cdA DE LA INDUSTRIA: EL PILT, INFRAESTRUCTURA Y SERVICIOS PARA EL DESARROLLO REGIONAL - PILT.com.ar\" \/>\n<meta property=\"og:description\" content=\"M\u00e1s all\u00e1 de la efem\u00e9ride, el Ente ofrece todos los d\u00edas del a\u00f1o un espacio propicio para promover la producci\u00f3n. El 2 de septiembre no es un d\u00eda m\u00e1s para los industriales, sino el momento del a\u00f1o en que festejan el trabajo y esfuerzo que realizan en forma cotidiana. En ese marco, el Parque Industrial, [&hellip;]\" \/>\n<meta property=\"og:url\" content=\"https:\/\/pilt.com.ar\/parque-industrial\/dia-de-la-industria-el-pilt-infraestructura-y-servicios-para-el-desarrollo-regional\/\" \/>\n<meta property=\"og:site_name\" content=\"PILT.com.ar\" \/>\n<meta property=\"article:published_time\" content=\"2023-09-01T15:15:36+00:00\" \/>\n<meta property=\"article:modified_time\" content=\"2023-09-01T15:15:37+00:00\" \/>\n<meta property=\"og:image\" content=\"https:\/\/i0.wp.com\/pilt.com.ar\/parque-industrial\/wp-content\/uploads\/2023\/09\/QUE-PASA-VM-125X125-px-DIA-DE-LA-INDUSTRIA-01.jpg?fit=522%2C521&ssl=1\" \/>\n\t<meta property=\"og:image:width\" content=\"522\" \/>\n\t<meta property=\"og:image:height\" content=\"521\" \/>\n\t<meta property=\"og:image:type\" content=\"image\/jpeg\" \/>\n<meta name=\"author\" content=\"PILT\" \/>\n<meta name=\"twitter:card\" content=\"summary_large_image\" \/>\n<meta name=\"twitter:label1\" content=\"Escrito por\" \/>\n\t<meta name=\"twitter:data1\" content=\"PILT\" \/>\n\t<meta name=\"twitter:label2\" content=\"Tiempo de lectura\" \/>\n\t<meta name=\"twitter:data2\" content=\"2 minutos\" \/>\n<script type=\"application\/ld+json\" class=\"yoast-schema-graph\">{\"@context\":\"https:\\\/\\\/schema.org\",\"@graph\":[{\"@type\":\"Article\",\"@id\":\"https:\\\/\\\/pilt.com.ar\\\/parque-industrial\\\/dia-de-la-industria-el-pilt-infraestructura-y-servicios-para-el-desarrollo-regional\\\/#article\",\"isPartOf\":{\"@id\":\"https:\\\/\\\/pilt.com.ar\\\/parque-industrial\\\/dia-de-la-industria-el-pilt-infraestructura-y-servicios-para-el-desarrollo-regional\\\/\"},\"author\":{\"name\":\"PILT\",\"@id\":\"https:\\\/\\\/pilt.com.ar\\\/parque-industrial\\\/#\\\/schema\\\/person\\\/2dfb9e2464de1c3deef20c25c30a8306\"},\"headline\":\"D\u00cdA DE LA INDUSTRIA: EL PILT, INFRAESTRUCTURA Y SERVICIOS PARA EL DESARROLLO REGIONAL\",\"datePublished\":\"2023-09-01T15:15:36+00:00\",\"dateModified\":\"2023-09-01T15:15:37+00:00\",\"mainEntityOfPage\":{\"@id\":\"https:\\\/\\\/pilt.com.ar\\\/parque-industrial\\\/dia-de-la-industria-el-pilt-infraestructura-y-servicios-para-el-desarrollo-regional\\\/\"},\"wordCount\":418,\"commentCount\":0,\"image\":{\"@id\":\"https:\\\/\\\/pilt.com.ar\\\/parque-industrial\\\/dia-de-la-industria-el-pilt-infraestructura-y-servicios-para-el-desarrollo-regional\\\/#primaryimage\"},\"thumbnailUrl\":\"https:\\\/\\\/i0.wp.com\\\/pilt.com.ar\\\/parque-industrial\\\/wp-content\\\/uploads\\\/2023\\\/09\\\/QUE-PASA-VM-125X125-px-DIA-DE-LA-INDUSTRIA-01.jpg?fit=522%2C521&ssl=1\",\"articleSection\":[\"Noticias\"],\"inLanguage\":\"es\",\"potentialAction\":[{\"@type\":\"CommentAction\",\"name\":\"Comment\",\"target\":[\"https:\\\/\\\/pilt.com.ar\\\/parque-industrial\\\/dia-de-la-industria-el-pilt-infraestructura-y-servicios-para-el-desarrollo-regional\\\/#respond\"]}]},{\"@type\":\"WebPage\",\"@id\":\"https:\\\/\\\/pilt.com.ar\\\/parque-industrial\\\/dia-de-la-industria-el-pilt-infraestructura-y-servicios-para-el-desarrollo-regional\\\/\",\"url\":\"https:\\\/\\\/pilt.com.ar\\\/parque-industrial\\\/dia-de-la-industria-el-pilt-infraestructura-y-servicios-para-el-desarrollo-regional\\\/\",\"name\":\"D\u00cdA DE LA INDUSTRIA: EL PILT, INFRAESTRUCTURA Y SERVICIOS PARA EL DESARROLLO REGIONAL - PILT.com.ar\",\"isPartOf\":{\"@id\":\"https:\\\/\\\/pilt.com.ar\\\/parque-industrial\\\/#website\"},\"primaryImageOfPage\":{\"@id\":\"https:\\\/\\\/pilt.com.ar\\\/parque-industrial\\\/dia-de-la-industria-el-pilt-infraestructura-y-servicios-para-el-desarrollo-regional\\\/#primaryimage\"},\"image\":{\"@id\":\"https:\\\/\\\/pilt.com.ar\\\/parque-industrial\\\/dia-de-la-industria-el-pilt-infraestructura-y-servicios-para-el-desarrollo-regional\\\/#primaryimage\"},\"thumbnailUrl\":\"https:\\\/\\\/i0.wp.com\\\/pilt.com.ar\\\/parque-industrial\\\/wp-content\\\/uploads\\\/2023\\\/09\\\/QUE-PASA-VM-125X125-px-DIA-DE-LA-INDUSTRIA-01.jpg?fit=522%2C521&ssl=1\",\"datePublished\":\"2023-09-01T15:15:36+00:00\",\"dateModified\":\"2023-09-01T15:15:37+00:00\",\"author\":{\"@id\":\"https:\\\/\\\/pilt.com.ar\\\/parque-industrial\\\/#\\\/schema\\\/person\\\/2dfb9e2464de1c3deef20c25c30a8306\"},\"inLanguage\":\"es\",\"potentialAction\":[{\"@type\":\"ReadAction\",\"target\":[\"https:\\\/\\\/pilt.com.ar\\\/parque-industrial\\\/dia-de-la-industria-el-pilt-infraestructura-y-servicios-para-el-desarrollo-regional\\\/\"]}]},{\"@type\":\"ImageObject\",\"inLanguage\":\"es\",\"@id\":\"https:\\\/\\\/pilt.com.ar\\\/parque-industrial\\\/dia-de-la-industria-el-pilt-infraestructura-y-servicios-para-el-desarrollo-regional\\\/#primaryimage\",\"url\":\"https:\\\/\\\/i0.wp.com\\\/pilt.com.ar\\\/parque-industrial\\\/wp-content\\\/uploads\\\/2023\\\/09\\\/QUE-PASA-VM-125X125-px-DIA-DE-LA-INDUSTRIA-01.jpg?fit=522%2C521&ssl=1\",\"contentUrl\":\"https:\\\/\\\/i0.wp.com\\\/pilt.com.ar\\\/parque-industrial\\\/wp-content\\\/uploads\\\/2023\\\/09\\\/QUE-PASA-VM-125X125-px-DIA-DE-LA-INDUSTRIA-01.jpg?fit=522%2C521&ssl=1\",\"width\":522,\"height\":521},{\"@type\":\"WebSite\",\"@id\":\"https:\\\/\\\/pilt.com.ar\\\/parque-industrial\\\/#website\",\"url\":\"https:\\\/\\\/pilt.com.ar\\\/parque-industrial\\\/\",\"name\":\"PILT.com.ar\",\"description\":\"Parque Industrial, Log\u00edstico y Tecnol\u00f3gico Villa Mar\u00eda\",\"potentialAction\":[{\"@type\":\"SearchAction\",\"target\":{\"@type\":\"EntryPoint\",\"urlTemplate\":\"https:\\\/\\\/pilt.com.ar\\\/parque-industrial\\\/?s={search_term_string}\"},\"query-input\":{\"@type\":\"PropertyValueSpecification\",\"valueRequired\":true,\"valueName\":\"search_term_string\"}}],\"inLanguage\":\"es\"},{\"@type\":\"Person\",\"@id\":\"https:\\\/\\\/pilt.com.ar\\\/parque-industrial\\\/#\\\/schema\\\/person\\\/2dfb9e2464de1c3deef20c25c30a8306\",\"name\":\"PILT\",\"image\":{\"@type\":\"ImageObject\",\"inLanguage\":\"es\",\"@id\":\"https:\\\/\\\/secure.gravatar.com\\\/avatar\\\/5e3734c8d8c8e0b0d45f923c14a14d7b90521d573d02f0d91360a777095ee42b?s=96&d=mm&r=g\",\"url\":\"https:\\\/\\\/secure.gravatar.com\\\/avatar\\\/5e3734c8d8c8e0b0d45f923c14a14d7b90521d573d02f0d91360a777095ee42b?s=96&d=mm&r=g\",\"contentUrl\":\"https:\\\/\\\/secure.gravatar.com\\\/avatar\\\/5e3734c8d8c8e0b0d45f923c14a14d7b90521d573d02f0d91360a777095ee42b?s=96&d=mm&r=g\",\"caption\":\"PILT\"},\"url\":\"https:\\\/\\\/pilt.com.ar\\\/parque-industrial\\\/author\\\/pilt\\\/\"}]}<\/script>\n<!-- \/ Yoast SEO plugin. -->","yoast_head_json":{"title":"D\u00cdA DE LA INDUSTRIA: EL PILT, INFRAESTRUCTURA Y SERVICIOS PARA EL DESARROLLO REGIONAL - PILT.com.ar","robots":{"index":"index","follow":"follow","max-snippet":"max-snippet:-1","max-image-preview":"max-image-preview:large","max-video-preview":"max-video-preview:-1"},"canonical":"https:\/\/pilt.com.ar\/parque-industrial\/dia-de-la-industria-el-pilt-infraestructura-y-servicios-para-el-desarrollo-regional\/","og_locale":"es_ES","og_type":"article","og_title":"D\u00cdA DE LA INDUSTRIA: EL PILT, INFRAESTRUCTURA Y SERVICIOS PARA EL DESARROLLO REGIONAL - PILT.com.ar","og_description":"M\u00e1s all\u00e1 de la efem\u00e9ride, el Ente ofrece todos los d\u00edas del a\u00f1o un espacio propicio para promover la producci\u00f3n. El 2 de septiembre no es un d\u00eda m\u00e1s para los industriales, sino el momento del a\u00f1o en que festejan el trabajo y esfuerzo que realizan en forma cotidiana. En ese marco, el Parque Industrial, [&hellip;]","og_url":"https:\/\/pilt.com.ar\/parque-industrial\/dia-de-la-industria-el-pilt-infraestructura-y-servicios-para-el-desarrollo-regional\/","og_site_name":"PILT.com.ar","article_published_time":"2023-09-01T15:15:36+00:00","article_modified_time":"2023-09-01T15:15:37+00:00","og_image":[{"width":522,"height":521,"url":"https:\/\/i0.wp.com\/pilt.com.ar\/parque-industrial\/wp-content\/uploads\/2023\/09\/QUE-PASA-VM-125X125-px-DIA-DE-LA-INDUSTRIA-01.jpg?fit=522%2C521&ssl=1","type":"image\/jpeg"}],"author":"PILT","twitter_card":"summary_large_image","twitter_misc":{"Escrito por":"PILT","Tiempo de lectura":"2 minutos"},"schema":{"@context":"https:\/\/schema.org","@graph":[{"@type":"Article","@id":"https:\/\/pilt.com.ar\/parque-industrial\/dia-de-la-industria-el-pilt-infraestructura-y-servicios-para-el-desarrollo-regional\/#article","isPartOf":{"@id":"https:\/\/pilt.com.ar\/parque-industrial\/dia-de-la-industria-el-pilt-infraestructura-y-servicios-para-el-desarrollo-regional\/"},"author":{"name":"PILT","@id":"https:\/\/pilt.com.ar\/parque-industrial\/#\/schema\/person\/2dfb9e2464de1c3deef20c25c30a8306"},"headline":"D\u00cdA DE LA INDUSTRIA: EL PILT, INFRAESTRUCTURA Y SERVICIOS PARA EL DESARROLLO REGIONAL","datePublished":"2023-09-01T15:15:36+00:00","dateModified":"2023-09-01T15:15:37+00:00","mainEntityOfPage":{"@id":"https:\/\/pilt.com.ar\/parque-industrial\/dia-de-la-industria-el-pilt-infraestructura-y-servicios-para-el-desarrollo-regional\/"},"wordCount":418,"commentCount":0,"image":{"@id":"https:\/\/pilt.com.ar\/parque-industrial\/dia-de-la-industria-el-pilt-infraestructura-y-servicios-para-el-desarrollo-regional\/#primaryimage"},"thumbnailUrl":"https:\/\/i0.wp.com\/pilt.com.ar\/parque-industrial\/wp-content\/uploads\/2023\/09\/QUE-PASA-VM-125X125-px-DIA-DE-LA-INDUSTRIA-01.jpg?fit=522%2C521&ssl=1","articleSection":["Noticias"],"inLanguage":"es","potentialAction":[{"@type":"CommentAction","name":"Comment","target":["https:\/\/pilt.com.ar\/parque-industrial\/dia-de-la-industria-el-pilt-infraestructura-y-servicios-para-el-desarrollo-regional\/#respond"]}]},{"@type":"WebPage","@id":"https:\/\/pilt.com.ar\/parque-industrial\/dia-de-la-industria-el-pilt-infraestructura-y-servicios-para-el-desarrollo-regional\/","url":"https:\/\/pilt.com.ar\/parque-industrial\/dia-de-la-industria-el-pilt-infraestructura-y-servicios-para-el-desarrollo-regional\/","name":"D\u00cdA DE LA INDUSTRIA: EL PILT, INFRAESTRUCTURA Y SERVICIOS PARA EL DESARROLLO REGIONAL - PILT.com.ar","isPartOf":{"@id":"https:\/\/pilt.com.ar\/parque-industrial\/#website"},"primaryImageOfPage":{"@id":"https:\/\/pilt.com.ar\/parque-industrial\/dia-de-la-industria-el-pilt-infraestructura-y-servicios-para-el-desarrollo-regional\/#primaryimage"},"image":{"@id":"https:\/\/pilt.com.ar\/parque-industrial\/dia-de-la-industria-el-pilt-infraestructura-y-servicios-para-el-desarrollo-regional\/#primaryimage"},"thumbnailUrl":"https:\/\/i0.wp.com\/pilt.com.ar\/parque-industrial\/wp-content\/uploads\/2023\/09\/QUE-PASA-VM-125X125-px-DIA-DE-LA-INDUSTRIA-01.jpg?fit=522%2C521&ssl=1","datePublished":"2023-09-01T15:15:36+00:00","dateModified":"2023-09-01T15:15:37+00:00","author":{"@id":"https:\/\/pilt.com.ar\/parque-industrial\/#\/schema\/person\/2dfb9e2464de1c3deef20c25c30a8306"},"inLanguage":"es","potentialAction":[{"@type":"ReadAction","target":["https:\/\/pilt.com.ar\/parque-industrial\/dia-de-la-industria-el-pilt-infraestructura-y-servicios-para-el-desarrollo-regional\/"]}]},{"@type":"ImageObject","inLanguage":"es","@id":"https:\/\/pilt.com.ar\/parque-industrial\/dia-de-la-industria-el-pilt-infraestructura-y-servicios-para-el-desarrollo-regional\/#primaryimage","url":"https:\/\/i0.wp.com\/pilt.com.ar\/parque-industrial\/wp-content\/uploads\/2023\/09\/QUE-PASA-VM-125X125-px-DIA-DE-LA-INDUSTRIA-01.jpg?fit=522%2C521&ssl=1","contentUrl":"https:\/\/i0.wp.com\/pilt.com.ar\/parque-industrial\/wp-content\/uploads\/2023\/09\/QUE-PASA-VM-125X125-px-DIA-DE-LA-INDUSTRIA-01.jpg?fit=522%2C521&ssl=1","width":522,"height":521},{"@type":"WebSite","@id":"https:\/\/pilt.com.ar\/parque-industrial\/#website","url":"https:\/\/pilt.com.ar\/parque-industrial\/","name":"PILT.com.ar","description":"Parque Industrial, Log\u00edstico y Tecnol\u00f3gico Villa Mar\u00eda","potentialAction":[{"@type":"SearchAction","target":{"@type":"EntryPoint","urlTemplate":"https:\/\/pilt.com.ar\/parque-industrial\/?s={search_term_string}"},"query-input":{"@type":"PropertyValueSpecification","valueRequired":true,"valueName":"search_term_string"}}],"inLanguage":"es"},{"@type":"Person","@id":"https:\/\/pilt.com.ar\/parque-industrial\/#\/schema\/person\/2dfb9e2464de1c3deef20c25c30a8306","name":"PILT","image":{"@type":"ImageObject","inLanguage":"es","@id":"https:\/\/secure.gravatar.com\/avatar\/5e3734c8d8c8e0b0d45f923c14a14d7b90521d573d02f0d91360a777095ee42b?s=96&d=mm&r=g","url":"https:\/\/secure.gravatar.com\/avatar\/5e3734c8d8c8e0b0d45f923c14a14d7b90521d573d02f0d91360a777095ee42b?s=96&d=mm&r=g","contentUrl":"https:\/\/secure.gravatar.com\/avatar\/5e3734c8d8c8e0b0d45f923c14a14d7b90521d573d02f0d91360a777095ee42b?s=96&d=mm&r=g","caption":"PILT"},"url":"https:\/\/pilt.com.ar\/parque-industrial\/author\/pilt\/"}]}},"jetpack_featured_media_url":"https:\/\/i0.wp.com\/pilt.com.ar\/parque-industrial\/wp-content\/uploads\/2023\/09\/QUE-PASA-VM-125X125-px-DIA-DE-LA-INDUSTRIA-01.jpg?fit=522%2C521&ssl=1","jetpack_sharing_enabled":true,"_links":{"self":[{"href":"https:\/\/pilt.com.ar\/parque-industrial\/wp-json\/wp\/v2\/posts\/2876","targetHints":{"allow":["GET"]}}],"collection":[{"href":"https:\/\/pilt.com.ar\/parque-industrial\/wp-json\/wp\/v2\/posts"}],"about":[{"href":"https:\/\/pilt.com.ar\/parque-industrial\/wp-json\/wp\/v2\/types\/post"}],"author":[{"embeddable":true,"href":"https:\/\/pilt.com.ar\/parque-industrial\/wp-json\/wp\/v2\/users\/3"}],"replies":[{"embeddable":true,"href":"https:\/\/pilt.com.ar\/parque-industrial\/wp-json\/wp\/v2\/comments?post=2876"}],"version-history":[{"count":1,"href":"https:\/\/pilt.com.ar\/parque-industrial\/wp-json\/wp\/v2\/posts\/2876\/revisions"}],"predecessor-version":[{"id":2879,"href":"https:\/\/pilt.com.ar\/parque-industrial\/wp-json\/wp\/v2\/posts\/2876\/revisions\/2879"}],"wp:featuredmedia":[{"embeddable":true,"href":"https:\/\/pilt.com.ar\/parque-industrial\/wp-json\/wp\/v2\/media\/2878"}],"wp:attachment":[{"href":"https:\/\/pilt.com.ar\/parque-industrial\/wp-json\/wp\/v2\/media?parent=2876"}],"wp:term":[{"taxonomy":"category","embeddable":true,"href":"https:\/\/pilt.com.ar\/parque-industrial\/wp-json\/wp\/v2\/categories?post=2876"},{"taxonomy":"post_tag","embeddable":true,"href":"https:\/\/pilt.com.ar\/parque-industrial\/wp-json\/wp\/v2\/tags?post=2876"}],"curies":[{"name":"wp","href":"https:\/\/api.w.org\/{rel}","templated":true}]}}