{"id":2861,"date":"2023-08-04T16:39:10","date_gmt":"2023-08-04T19:39:10","guid":{"rendered":"https:\/\/pilt.com.ar\/parque-industrial\/?p=2861"},"modified":"2023-08-04T16:39:11","modified_gmt":"2023-08-04T19:39:11","slug":"visitas-institucionales-al-parque-industrial","status":"publish","type":"post","link":"https:\/\/pilt.com.ar\/parque-industrial\/visitas-institucionales-al-parque-industrial\/","title":{"rendered":"VISITAS INSTITUCIONALES AL PARQUE INDUSTRIAL"},"content":{"rendered":"\n<p class=\"has-text-align-justify\"><em>El Obispo Diocesano de Villa Mar\u00eda y miembros de un centro vecinal estuvieron en el predio, conociendo las actividades que se llevan a cabo.<\/em><\/p>\n\n\n\n<p class=\"has-text-align-justify\">Autoridades del Parque Industrial, Log\u00edstico y Tecnol\u00f3gico Villa Mar\u00eda (PILT) recibieron durante la semana visitas institucionales. En ese sentido, estuvo en las oficinas del PILT el Obispo Diocesano de Villa Mar\u00eda, Monse\u00f1or Samuel Jofr\u00e9 Giraudo. All\u00ed fue recibido por el presidente, Ing. Carlos Pizzorno, acompa\u00f1ado por el Gerente, Lic. Carlos Montoto Galiano.<\/p>\n\n\n\n<p class=\"has-text-align-justify\">En primer t\u00e9rmino, los directivos mostraron a la autoridad eclesi\u00e1stica los diferentes sectores del Parque y las organizaciones emplazadas en el mismo. Posteriormente mantuvieron una charla sobre los proyectos en marcha y destacaron la importancia del Ente para promover la generaci\u00f3n de empleo de calidad, valor fundamental para el desarrollo de las personas y las familias.&nbsp;<\/p>\n\n\n\n<p class=\"has-text-align-justify\">Tambi\u00e9n estuvieron en el PILT miembros del Centro Vecinal del barrio Florentino Ameghino de la ciudad, quienes participaron de un encuentro con Montoto Galiano y colaboradores.<\/p>\n\n\n\n<p class=\"has-text-align-justify\">En la oportunidad los vecinos recorrieron el predio, interioriz\u00e1ndose sobre las actividades que se realizan. Luego visualizaron un video institucional en el sal\u00f3n de usos m\u00faltiples y dialogaron con el directivo sobre las acciones que est\u00e1 llevando adelante la Administraci\u00f3n y la ventaja competitiva que supone para la ciudad y regi\u00f3n contar con el Parque.<\/p>\n","protected":false},"excerpt":{"rendered":"<p>El Obispo Diocesano de Villa Mar\u00eda y miembros de un centro vecinal estuvieron en el predio, conociendo las actividades que se llevan a cabo. Autoridades del Parque Industrial, Log\u00edstico y Tecnol\u00f3gico Villa Mar\u00eda (PILT) recibieron durante la semana visitas institucionales. En ese sentido, estuvo en las oficinas del PILT el Obispo Diocesano de Villa Mar\u00eda, [&hellip;]<\/p>\n","protected":false},"author":4,"featured_media":2862,"comment_status":"open","ping_status":"open","sticky":false,"template":"","format":"standard","meta":{"_jetpack_memberships_contains_paid_content":false,"footnotes":""},"categories":[2],"tags":[],"class_list":["post-2861","post","type-post","status-publish","format-standard","has-post-thumbnail","hentry","category-noticias"],"yoast_head":"<!-- This site is optimized with the Yoast SEO plugin v27.5 - https:\/\/yoast.com\/product\/yoast-seo-wordpress\/ -->\n<title>VISITAS INSTITUCIONALES AL PARQUE INDUSTRIAL - PILT.com.ar<\/title>\n<meta name=\"robots\" content=\"index, follow, max-snippet:-1, max-image-preview:large, max-video-preview:-1\" \/>\n<link rel=\"canonical\" href=\"https:\/\/pilt.com.ar\/parque-industrial\/visitas-institucionales-al-parque-industrial\/\" \/>\n<meta property=\"og:locale\" content=\"es_ES\" \/>\n<meta property=\"og:type\" content=\"article\" \/>\n<meta property=\"og:title\" content=\"VISITAS INSTITUCIONALES AL PARQUE INDUSTRIAL - PILT.com.ar\" \/>\n<meta property=\"og:description\" content=\"El Obispo Diocesano de Villa Mar\u00eda y miembros de un centro vecinal estuvieron en el predio, conociendo las actividades que se llevan a cabo. Autoridades del Parque Industrial, Log\u00edstico y Tecnol\u00f3gico Villa Mar\u00eda (PILT) recibieron durante la semana visitas institucionales. En ese sentido, estuvo en las oficinas del PILT el Obispo Diocesano de Villa Mar\u00eda, [&hellip;]\" \/>\n<meta property=\"og:url\" content=\"https:\/\/pilt.com.ar\/parque-industrial\/visitas-institucionales-al-parque-industrial\/\" \/>\n<meta property=\"og:site_name\" content=\"PILT.com.ar\" \/>\n<meta property=\"article:published_time\" content=\"2023-08-04T19:39:10+00:00\" \/>\n<meta property=\"article:modified_time\" content=\"2023-08-04T19:39:11+00:00\" \/>\n<meta property=\"og:image\" content=\"https:\/\/i0.wp.com\/pilt.com.ar\/parque-industrial\/wp-content\/uploads\/2023\/08\/Visita-barrio-Ameghino.jpeg?fit=1600%2C900&ssl=1\" \/>\n\t<meta property=\"og:image:width\" content=\"1600\" \/>\n\t<meta property=\"og:image:height\" content=\"900\" \/>\n\t<meta property=\"og:image:type\" content=\"image\/jpeg\" \/>\n<meta name=\"author\" content=\"Parque Industrial Villa Maria\" \/>\n<meta name=\"twitter:card\" content=\"summary_large_image\" \/>\n<meta name=\"twitter:label1\" content=\"Escrito por\" \/>\n\t<meta name=\"twitter:data1\" content=\"Parque Industrial Villa Maria\" \/>\n\t<meta name=\"twitter:label2\" content=\"Tiempo de lectura\" \/>\n\t<meta name=\"twitter:data2\" content=\"1 minuto\" \/>\n<script type=\"application\/ld+json\" class=\"yoast-schema-graph\">{\"@context\":\"https:\\\/\\\/schema.org\",\"@graph\":[{\"@type\":\"Article\",\"@id\":\"https:\\\/\\\/pilt.com.ar\\\/parque-industrial\\\/visitas-institucionales-al-parque-industrial\\\/#article\",\"isPartOf\":{\"@id\":\"https:\\\/\\\/pilt.com.ar\\\/parque-industrial\\\/visitas-institucionales-al-parque-industrial\\\/\"},\"author\":{\"name\":\"Parque Industrial Villa Maria\",\"@id\":\"https:\\\/\\\/pilt.com.ar\\\/parque-industrial\\\/#\\\/schema\\\/person\\\/97af6d67c1a0eb85782ad2e439e29b41\"},\"headline\":\"VISITAS INSTITUCIONALES AL PARQUE INDUSTRIAL\",\"datePublished\":\"2023-08-04T19:39:10+00:00\",\"dateModified\":\"2023-08-04T19:39:11+00:00\",\"mainEntityOfPage\":{\"@id\":\"https:\\\/\\\/pilt.com.ar\\\/parque-industrial\\\/visitas-institucionales-al-parque-industrial\\\/\"},\"wordCount\":235,\"commentCount\":0,\"image\":{\"@id\":\"https:\\\/\\\/pilt.com.ar\\\/parque-industrial\\\/visitas-institucionales-al-parque-industrial\\\/#primaryimage\"},\"thumbnailUrl\":\"https:\\\/\\\/i0.wp.com\\\/pilt.com.ar\\\/parque-industrial\\\/wp-content\\\/uploads\\\/2023\\\/08\\\/Visita-barrio-Ameghino.jpeg?fit=1600%2C900&ssl=1\",\"articleSection\":[\"Noticias\"],\"inLanguage\":\"es\",\"potentialAction\":[{\"@type\":\"CommentAction\",\"name\":\"Comment\",\"target\":[\"https:\\\/\\\/pilt.com.ar\\\/parque-industrial\\\/visitas-institucionales-al-parque-industrial\\\/#respond\"]}]},{\"@type\":\"WebPage\",\"@id\":\"https:\\\/\\\/pilt.com.ar\\\/parque-industrial\\\/visitas-institucionales-al-parque-industrial\\\/\",\"url\":\"https:\\\/\\\/pilt.com.ar\\\/parque-industrial\\\/visitas-institucionales-al-parque-industrial\\\/\",\"name\":\"VISITAS INSTITUCIONALES AL PARQUE INDUSTRIAL - PILT.com.ar\",\"isPartOf\":{\"@id\":\"https:\\\/\\\/pilt.com.ar\\\/parque-industrial\\\/#website\"},\"primaryImageOfPage\":{\"@id\":\"https:\\\/\\\/pilt.com.ar\\\/parque-industrial\\\/visitas-institucionales-al-parque-industrial\\\/#primaryimage\"},\"image\":{\"@id\":\"https:\\\/\\\/pilt.com.ar\\\/parque-industrial\\\/visitas-institucionales-al-parque-industrial\\\/#primaryimage\"},\"thumbnailUrl\":\"https:\\\/\\\/i0.wp.com\\\/pilt.com.ar\\\/parque-industrial\\\/wp-content\\\/uploads\\\/2023\\\/08\\\/Visita-barrio-Ameghino.jpeg?fit=1600%2C900&ssl=1\",\"datePublished\":\"2023-08-04T19:39:10+00:00\",\"dateModified\":\"2023-08-04T19:39:11+00:00\",\"author\":{\"@id\":\"https:\\\/\\\/pilt.com.ar\\\/parque-industrial\\\/#\\\/schema\\\/person\\\/97af6d67c1a0eb85782ad2e439e29b41\"},\"inLanguage\":\"es\",\"potentialAction\":[{\"@type\":\"ReadAction\",\"target\":[\"https:\\\/\\\/pilt.com.ar\\\/parque-industrial\\\/visitas-institucionales-al-parque-industrial\\\/\"]}]},{\"@type\":\"ImageObject\",\"inLanguage\":\"es\",\"@id\":\"https:\\\/\\\/pilt.com.ar\\\/parque-industrial\\\/visitas-institucionales-al-parque-industrial\\\/#primaryimage\",\"url\":\"https:\\\/\\\/i0.wp.com\\\/pilt.com.ar\\\/parque-industrial\\\/wp-content\\\/uploads\\\/2023\\\/08\\\/Visita-barrio-Ameghino.jpeg?fit=1600%2C900&ssl=1\",\"contentUrl\":\"https:\\\/\\\/i0.wp.com\\\/pilt.com.ar\\\/parque-industrial\\\/wp-content\\\/uploads\\\/2023\\\/08\\\/Visita-barrio-Ameghino.jpeg?fit=1600%2C900&ssl=1\",\"width\":1600,\"height\":900},{\"@type\":\"WebSite\",\"@id\":\"https:\\\/\\\/pilt.com.ar\\\/parque-industrial\\\/#website\",\"url\":\"https:\\\/\\\/pilt.com.ar\\\/parque-industrial\\\/\",\"name\":\"PILT.com.ar\",\"description\":\"Parque Industrial, Log\u00edstico y Tecnol\u00f3gico Villa Mar\u00eda\",\"potentialAction\":[{\"@type\":\"SearchAction\",\"target\":{\"@type\":\"EntryPoint\",\"urlTemplate\":\"https:\\\/\\\/pilt.com.ar\\\/parque-industrial\\\/?s={search_term_string}\"},\"query-input\":{\"@type\":\"PropertyValueSpecification\",\"valueRequired\":true,\"valueName\":\"search_term_string\"}}],\"inLanguage\":\"es\"},{\"@type\":\"Person\",\"@id\":\"https:\\\/\\\/pilt.com.ar\\\/parque-industrial\\\/#\\\/schema\\\/person\\\/97af6d67c1a0eb85782ad2e439e29b41\",\"name\":\"Parque Industrial Villa Maria\",\"image\":{\"@type\":\"ImageObject\",\"inLanguage\":\"es\",\"@id\":\"https:\\\/\\\/secure.gravatar.com\\\/avatar\\\/aa6b236a85f5b231f19a07958c0bb61a128df42de269157a53304737730551ce?s=96&d=mm&r=g\",\"url\":\"https:\\\/\\\/secure.gravatar.com\\\/avatar\\\/aa6b236a85f5b231f19a07958c0bb61a128df42de269157a53304737730551ce?s=96&d=mm&r=g\",\"contentUrl\":\"https:\\\/\\\/secure.gravatar.com\\\/avatar\\\/aa6b236a85f5b231f19a07958c0bb61a128df42de269157a53304737730551ce?s=96&d=mm&r=g\",\"caption\":\"Parque Industrial Villa Maria\"},\"sameAs\":[\"https:\\\/\\\/pilt.com.ar\\\/\"],\"url\":\"https:\\\/\\\/pilt.com.ar\\\/parque-industrial\\\/author\\\/pilt2\\\/\"}]}<\/script>\n<!-- \/ Yoast SEO plugin. -->","yoast_head_json":{"title":"VISITAS INSTITUCIONALES AL PARQUE INDUSTRIAL - PILT.com.ar","robots":{"index":"index","follow":"follow","max-snippet":"max-snippet:-1","max-image-preview":"max-image-preview:large","max-video-preview":"max-video-preview:-1"},"canonical":"https:\/\/pilt.com.ar\/parque-industrial\/visitas-institucionales-al-parque-industrial\/","og_locale":"es_ES","og_type":"article","og_title":"VISITAS INSTITUCIONALES AL PARQUE INDUSTRIAL - PILT.com.ar","og_description":"El Obispo Diocesano de Villa Mar\u00eda y miembros de un centro vecinal estuvieron en el predio, conociendo las actividades que se llevan a cabo. Autoridades del Parque Industrial, Log\u00edstico y Tecnol\u00f3gico Villa Mar\u00eda (PILT) recibieron durante la semana visitas institucionales. En ese sentido, estuvo en las oficinas del PILT el Obispo Diocesano de Villa Mar\u00eda, [&hellip;]","og_url":"https:\/\/pilt.com.ar\/parque-industrial\/visitas-institucionales-al-parque-industrial\/","og_site_name":"PILT.com.ar","article_published_time":"2023-08-04T19:39:10+00:00","article_modified_time":"2023-08-04T19:39:11+00:00","og_image":[{"width":1600,"height":900,"url":"https:\/\/i0.wp.com\/pilt.com.ar\/parque-industrial\/wp-content\/uploads\/2023\/08\/Visita-barrio-Ameghino.jpeg?fit=1600%2C900&ssl=1","type":"image\/jpeg"}],"author":"Parque Industrial Villa Maria","twitter_card":"summary_large_image","twitter_misc":{"Escrito por":"Parque Industrial Villa Maria","Tiempo de lectura":"1 minuto"},"schema":{"@context":"https:\/\/schema.org","@graph":[{"@type":"Article","@id":"https:\/\/pilt.com.ar\/parque-industrial\/visitas-institucionales-al-parque-industrial\/#article","isPartOf":{"@id":"https:\/\/pilt.com.ar\/parque-industrial\/visitas-institucionales-al-parque-industrial\/"},"author":{"name":"Parque Industrial Villa Maria","@id":"https:\/\/pilt.com.ar\/parque-industrial\/#\/schema\/person\/97af6d67c1a0eb85782ad2e439e29b41"},"headline":"VISITAS INSTITUCIONALES AL PARQUE INDUSTRIAL","datePublished":"2023-08-04T19:39:10+00:00","dateModified":"2023-08-04T19:39:11+00:00","mainEntityOfPage":{"@id":"https:\/\/pilt.com.ar\/parque-industrial\/visitas-institucionales-al-parque-industrial\/"},"wordCount":235,"commentCount":0,"image":{"@id":"https:\/\/pilt.com.ar\/parque-industrial\/visitas-institucionales-al-parque-industrial\/#primaryimage"},"thumbnailUrl":"https:\/\/i0.wp.com\/pilt.com.ar\/parque-industrial\/wp-content\/uploads\/2023\/08\/Visita-barrio-Ameghino.jpeg?fit=1600%2C900&ssl=1","articleSection":["Noticias"],"inLanguage":"es","potentialAction":[{"@type":"CommentAction","name":"Comment","target":["https:\/\/pilt.com.ar\/parque-industrial\/visitas-institucionales-al-parque-industrial\/#respond"]}]},{"@type":"WebPage","@id":"https:\/\/pilt.com.ar\/parque-industrial\/visitas-institucionales-al-parque-industrial\/","url":"https:\/\/pilt.com.ar\/parque-industrial\/visitas-institucionales-al-parque-industrial\/","name":"VISITAS INSTITUCIONALES AL PARQUE INDUSTRIAL - PILT.com.ar","isPartOf":{"@id":"https:\/\/pilt.com.ar\/parque-industrial\/#website"},"primaryImageOfPage":{"@id":"https:\/\/pilt.com.ar\/parque-industrial\/visitas-institucionales-al-parque-industrial\/#primaryimage"},"image":{"@id":"https:\/\/pilt.com.ar\/parque-industrial\/visitas-institucionales-al-parque-industrial\/#primaryimage"},"thumbnailUrl":"https:\/\/i0.wp.com\/pilt.com.ar\/parque-industrial\/wp-content\/uploads\/2023\/08\/Visita-barrio-Ameghino.jpeg?fit=1600%2C900&ssl=1","datePublished":"2023-08-04T19:39:10+00:00","dateModified":"2023-08-04T19:39:11+00:00","author":{"@id":"https:\/\/pilt.com.ar\/parque-industrial\/#\/schema\/person\/97af6d67c1a0eb85782ad2e439e29b41"},"inLanguage":"es","potentialAction":[{"@type":"ReadAction","target":["https:\/\/pilt.com.ar\/parque-industrial\/visitas-institucionales-al-parque-industrial\/"]}]},{"@type":"ImageObject","inLanguage":"es","@id":"https:\/\/pilt.com.ar\/parque-industrial\/visitas-institucionales-al-parque-industrial\/#primaryimage","url":"https:\/\/i0.wp.com\/pilt.com.ar\/parque-industrial\/wp-content\/uploads\/2023\/08\/Visita-barrio-Ameghino.jpeg?fit=1600%2C900&ssl=1","contentUrl":"https:\/\/i0.wp.com\/pilt.com.ar\/parque-industrial\/wp-content\/uploads\/2023\/08\/Visita-barrio-Ameghino.jpeg?fit=1600%2C900&ssl=1","width":1600,"height":900},{"@type":"WebSite","@id":"https:\/\/pilt.com.ar\/parque-industrial\/#website","url":"https:\/\/pilt.com.ar\/parque-industrial\/","name":"PILT.com.ar","description":"Parque Industrial, Log\u00edstico y Tecnol\u00f3gico Villa Mar\u00eda","potentialAction":[{"@type":"SearchAction","target":{"@type":"EntryPoint","urlTemplate":"https:\/\/pilt.com.ar\/parque-industrial\/?s={search_term_string}"},"query-input":{"@type":"PropertyValueSpecification","valueRequired":true,"valueName":"search_term_string"}}],"inLanguage":"es"},{"@type":"Person","@id":"https:\/\/pilt.com.ar\/parque-industrial\/#\/schema\/person\/97af6d67c1a0eb85782ad2e439e29b41","name":"Parque Industrial Villa Maria","image":{"@type":"ImageObject","inLanguage":"es","@id":"https:\/\/secure.gravatar.com\/avatar\/aa6b236a85f5b231f19a07958c0bb61a128df42de269157a53304737730551ce?s=96&d=mm&r=g","url":"https:\/\/secure.gravatar.com\/avatar\/aa6b236a85f5b231f19a07958c0bb61a128df42de269157a53304737730551ce?s=96&d=mm&r=g","contentUrl":"https:\/\/secure.gravatar.com\/avatar\/aa6b236a85f5b231f19a07958c0bb61a128df42de269157a53304737730551ce?s=96&d=mm&r=g","caption":"Parque Industrial Villa Maria"},"sameAs":["https:\/\/pilt.com.ar\/"],"url":"https:\/\/pilt.com.ar\/parque-industrial\/author\/pilt2\/"}]}},"jetpack_featured_media_url":"https:\/\/i0.wp.com\/pilt.com.ar\/parque-industrial\/wp-content\/uploads\/2023\/08\/Visita-barrio-Ameghino.jpeg?fit=1600%2C900&ssl=1","jetpack_sharing_enabled":true,"_links":{"self":[{"href":"https:\/\/pilt.com.ar\/parque-industrial\/wp-json\/wp\/v2\/posts\/2861","targetHints":{"allow":["GET"]}}],"collection":[{"href":"https:\/\/pilt.com.ar\/parque-industrial\/wp-json\/wp\/v2\/posts"}],"about":[{"href":"https:\/\/pilt.com.ar\/parque-industrial\/wp-json\/wp\/v2\/types\/post"}],"author":[{"embeddable":true,"href":"https:\/\/pilt.com.ar\/parque-industrial\/wp-json\/wp\/v2\/users\/4"}],"replies":[{"embeddable":true,"href":"https:\/\/pilt.com.ar\/parque-industrial\/wp-json\/wp\/v2\/comments?post=2861"}],"version-history":[{"count":1,"href":"https:\/\/pilt.com.ar\/parque-industrial\/wp-json\/wp\/v2\/posts\/2861\/revisions"}],"predecessor-version":[{"id":2863,"href":"https:\/\/pilt.com.ar\/parque-industrial\/wp-json\/wp\/v2\/posts\/2861\/revisions\/2863"}],"wp:featuredmedia":[{"embeddable":true,"href":"https:\/\/pilt.com.ar\/parque-industrial\/wp-json\/wp\/v2\/media\/2862"}],"wp:attachment":[{"href":"https:\/\/pilt.com.ar\/parque-industrial\/wp-json\/wp\/v2\/media?parent=2861"}],"wp:term":[{"taxonomy":"category","embeddable":true,"href":"https:\/\/pilt.com.ar\/parque-industrial\/wp-json\/wp\/v2\/categories?post=2861"},{"taxonomy":"post_tag","embeddable":true,"href":"https:\/\/pilt.com.ar\/parque-industrial\/wp-json\/wp\/v2\/tags?post=2861"}],"curies":[{"name":"wp","href":"https:\/\/api.w.org\/{rel}","templated":true}]}}