{"id":2857,"date":"2023-07-28T10:38:10","date_gmt":"2023-07-28T13:38:10","guid":{"rendered":"https:\/\/pilt.com.ar\/parque-industrial\/?p=2857"},"modified":"2023-07-28T10:38:11","modified_gmt":"2023-07-28T13:38:11","slug":"las-obras-en-el-ingreso-al-parque-estan-en-su-segunda-etapa","status":"publish","type":"post","link":"https:\/\/pilt.com.ar\/parque-industrial\/las-obras-en-el-ingreso-al-parque-estan-en-su-segunda-etapa\/","title":{"rendered":"LAS OBRAS EN EL INGRESO AL PARQUE EST\u00c1N EN SU SEGUNDA ETAPA"},"content":{"rendered":"\n<p><em>Una vez concluidas, brindar\u00e1n mayor seguridad para los veh\u00edculos que entren al predio.<\/em><\/p>\n\n\n\n<p class=\"has-text-align-justify\">Contin\u00faan ejecut\u00e1ndose obras de hormigonado en el ingreso del Parque Industrial, Log\u00edstico y Tecnol\u00f3gico Villa Mar\u00eda (PILT), cuya finalidad es mejorar la seguridad del tr\u00e1nsito vehicular y a la vez jerarquizar a ese sector del predio. En ese sentido, los operarios est\u00e1n llevando a cabo las tareas correspondientes a la segunda etapa, restando solo una para su finalizaci\u00f3n.<\/p>\n\n\n\n<p class=\"has-text-align-justify\">Vale la pena recordar que la obra contempla una superficie de unos 600 metros cuadrados, ubicados entre la cinta asf\u00e1ltica de la Ruta Nacional 9 y la Avenida Brigadier San Martin. Para ello se utilizar\u00e1n 150 metros c\u00fabicos de hormig\u00f3n elaborado H35, de 22 cent\u00edmetros de espesor, apto para alto tr\u00e1nsito.<\/p>\n\n\n\n<p class=\"has-text-align-justify\">El costo de los materiales es solventado en su totalidad por la Administraci\u00f3n del PILT, mientras que la mano de obra est\u00e1 a cargo de la Municipalidad de Villa Mar\u00eda, a partir de un convenio firmado entre ambas entidades.<\/p>\n\n\n\n<p class=\"has-text-align-justify\">Por otra parte, personal de mantenimiento del Ente recientemente procedi\u00f3 al repintado integral de las columnas lum\u00ednicas sobre calle Ricardo Werner, con el objetivo de aportar al mantenimiento general del predio.<\/p>\n","protected":false},"excerpt":{"rendered":"<p>Una vez concluidas, brindar\u00e1n mayor seguridad para los veh\u00edculos que entren al predio. Contin\u00faan ejecut\u00e1ndose obras de hormigonado en el ingreso del Parque Industrial, Log\u00edstico y Tecnol\u00f3gico Villa Mar\u00eda (PILT), cuya finalidad es mejorar la seguridad del tr\u00e1nsito vehicular y a la vez jerarquizar a ese sector del predio. En ese sentido, los operarios est\u00e1n [&hellip;]<\/p>\n","protected":false},"author":4,"featured_media":2858,"comment_status":"open","ping_status":"open","sticky":false,"template":"","format":"standard","meta":{"_jetpack_memberships_contains_paid_content":false,"footnotes":""},"categories":[2],"tags":[],"class_list":["post-2857","post","type-post","status-publish","format-standard","has-post-thumbnail","hentry","category-noticias"],"yoast_head":"<!-- This site is optimized with the Yoast SEO plugin v27.5 - https:\/\/yoast.com\/product\/yoast-seo-wordpress\/ -->\n<title>LAS OBRAS EN EL INGRESO AL PARQUE EST\u00c1N EN SU SEGUNDA ETAPA - PILT.com.ar<\/title>\n<meta name=\"robots\" content=\"index, follow, max-snippet:-1, max-image-preview:large, max-video-preview:-1\" \/>\n<link rel=\"canonical\" href=\"https:\/\/pilt.com.ar\/parque-industrial\/las-obras-en-el-ingreso-al-parque-estan-en-su-segunda-etapa\/\" \/>\n<meta property=\"og:locale\" content=\"es_ES\" \/>\n<meta property=\"og:type\" content=\"article\" \/>\n<meta property=\"og:title\" content=\"LAS OBRAS EN EL INGRESO AL PARQUE EST\u00c1N EN SU SEGUNDA ETAPA - PILT.com.ar\" \/>\n<meta property=\"og:description\" content=\"Una vez concluidas, brindar\u00e1n mayor seguridad para los veh\u00edculos que entren al predio. Contin\u00faan ejecut\u00e1ndose obras de hormigonado en el ingreso del Parque Industrial, Log\u00edstico y Tecnol\u00f3gico Villa Mar\u00eda (PILT), cuya finalidad es mejorar la seguridad del tr\u00e1nsito vehicular y a la vez jerarquizar a ese sector del predio. En ese sentido, los operarios est\u00e1n [&hellip;]\" \/>\n<meta property=\"og:url\" content=\"https:\/\/pilt.com.ar\/parque-industrial\/las-obras-en-el-ingreso-al-parque-estan-en-su-segunda-etapa\/\" \/>\n<meta property=\"og:site_name\" content=\"PILT.com.ar\" \/>\n<meta property=\"article:published_time\" content=\"2023-07-28T13:38:10+00:00\" \/>\n<meta property=\"article:modified_time\" content=\"2023-07-28T13:38:11+00:00\" \/>\n<meta property=\"og:image\" content=\"https:\/\/i0.wp.com\/pilt.com.ar\/parque-industrial\/wp-content\/uploads\/2023\/07\/Ingreso-Pilt.jpeg?fit=1600%2C900&ssl=1\" \/>\n\t<meta property=\"og:image:width\" content=\"1600\" \/>\n\t<meta property=\"og:image:height\" content=\"900\" \/>\n\t<meta property=\"og:image:type\" content=\"image\/jpeg\" \/>\n<meta name=\"author\" content=\"Parque Industrial Villa Maria\" \/>\n<meta name=\"twitter:card\" content=\"summary_large_image\" \/>\n<meta name=\"twitter:label1\" content=\"Escrito por\" \/>\n\t<meta name=\"twitter:data1\" content=\"Parque Industrial Villa Maria\" \/>\n\t<meta name=\"twitter:label2\" content=\"Tiempo de lectura\" \/>\n\t<meta name=\"twitter:data2\" content=\"1 minuto\" \/>\n<script type=\"application\/ld+json\" class=\"yoast-schema-graph\">{\"@context\":\"https:\\\/\\\/schema.org\",\"@graph\":[{\"@type\":\"Article\",\"@id\":\"https:\\\/\\\/pilt.com.ar\\\/parque-industrial\\\/las-obras-en-el-ingreso-al-parque-estan-en-su-segunda-etapa\\\/#article\",\"isPartOf\":{\"@id\":\"https:\\\/\\\/pilt.com.ar\\\/parque-industrial\\\/las-obras-en-el-ingreso-al-parque-estan-en-su-segunda-etapa\\\/\"},\"author\":{\"name\":\"Parque Industrial Villa Maria\",\"@id\":\"https:\\\/\\\/pilt.com.ar\\\/parque-industrial\\\/#\\\/schema\\\/person\\\/97af6d67c1a0eb85782ad2e439e29b41\"},\"headline\":\"LAS OBRAS EN EL INGRESO AL PARQUE EST\u00c1N EN SU SEGUNDA ETAPA\",\"datePublished\":\"2023-07-28T13:38:10+00:00\",\"dateModified\":\"2023-07-28T13:38:11+00:00\",\"mainEntityOfPage\":{\"@id\":\"https:\\\/\\\/pilt.com.ar\\\/parque-industrial\\\/las-obras-en-el-ingreso-al-parque-estan-en-su-segunda-etapa\\\/\"},\"wordCount\":220,\"commentCount\":0,\"image\":{\"@id\":\"https:\\\/\\\/pilt.com.ar\\\/parque-industrial\\\/las-obras-en-el-ingreso-al-parque-estan-en-su-segunda-etapa\\\/#primaryimage\"},\"thumbnailUrl\":\"https:\\\/\\\/i0.wp.com\\\/pilt.com.ar\\\/parque-industrial\\\/wp-content\\\/uploads\\\/2023\\\/07\\\/Ingreso-Pilt.jpeg?fit=1600%2C900&ssl=1\",\"articleSection\":[\"Noticias\"],\"inLanguage\":\"es\",\"potentialAction\":[{\"@type\":\"CommentAction\",\"name\":\"Comment\",\"target\":[\"https:\\\/\\\/pilt.com.ar\\\/parque-industrial\\\/las-obras-en-el-ingreso-al-parque-estan-en-su-segunda-etapa\\\/#respond\"]}]},{\"@type\":\"WebPage\",\"@id\":\"https:\\\/\\\/pilt.com.ar\\\/parque-industrial\\\/las-obras-en-el-ingreso-al-parque-estan-en-su-segunda-etapa\\\/\",\"url\":\"https:\\\/\\\/pilt.com.ar\\\/parque-industrial\\\/las-obras-en-el-ingreso-al-parque-estan-en-su-segunda-etapa\\\/\",\"name\":\"LAS OBRAS EN EL INGRESO AL PARQUE EST\u00c1N EN SU SEGUNDA ETAPA - PILT.com.ar\",\"isPartOf\":{\"@id\":\"https:\\\/\\\/pilt.com.ar\\\/parque-industrial\\\/#website\"},\"primaryImageOfPage\":{\"@id\":\"https:\\\/\\\/pilt.com.ar\\\/parque-industrial\\\/las-obras-en-el-ingreso-al-parque-estan-en-su-segunda-etapa\\\/#primaryimage\"},\"image\":{\"@id\":\"https:\\\/\\\/pilt.com.ar\\\/parque-industrial\\\/las-obras-en-el-ingreso-al-parque-estan-en-su-segunda-etapa\\\/#primaryimage\"},\"thumbnailUrl\":\"https:\\\/\\\/i0.wp.com\\\/pilt.com.ar\\\/parque-industrial\\\/wp-content\\\/uploads\\\/2023\\\/07\\\/Ingreso-Pilt.jpeg?fit=1600%2C900&ssl=1\",\"datePublished\":\"2023-07-28T13:38:10+00:00\",\"dateModified\":\"2023-07-28T13:38:11+00:00\",\"author\":{\"@id\":\"https:\\\/\\\/pilt.com.ar\\\/parque-industrial\\\/#\\\/schema\\\/person\\\/97af6d67c1a0eb85782ad2e439e29b41\"},\"inLanguage\":\"es\",\"potentialAction\":[{\"@type\":\"ReadAction\",\"target\":[\"https:\\\/\\\/pilt.com.ar\\\/parque-industrial\\\/las-obras-en-el-ingreso-al-parque-estan-en-su-segunda-etapa\\\/\"]}]},{\"@type\":\"ImageObject\",\"inLanguage\":\"es\",\"@id\":\"https:\\\/\\\/pilt.com.ar\\\/parque-industrial\\\/las-obras-en-el-ingreso-al-parque-estan-en-su-segunda-etapa\\\/#primaryimage\",\"url\":\"https:\\\/\\\/i0.wp.com\\\/pilt.com.ar\\\/parque-industrial\\\/wp-content\\\/uploads\\\/2023\\\/07\\\/Ingreso-Pilt.jpeg?fit=1600%2C900&ssl=1\",\"contentUrl\":\"https:\\\/\\\/i0.wp.com\\\/pilt.com.ar\\\/parque-industrial\\\/wp-content\\\/uploads\\\/2023\\\/07\\\/Ingreso-Pilt.jpeg?fit=1600%2C900&ssl=1\",\"width\":1600,\"height\":900},{\"@type\":\"WebSite\",\"@id\":\"https:\\\/\\\/pilt.com.ar\\\/parque-industrial\\\/#website\",\"url\":\"https:\\\/\\\/pilt.com.ar\\\/parque-industrial\\\/\",\"name\":\"PILT.com.ar\",\"description\":\"Parque Industrial, Log\u00edstico y Tecnol\u00f3gico Villa Mar\u00eda\",\"potentialAction\":[{\"@type\":\"SearchAction\",\"target\":{\"@type\":\"EntryPoint\",\"urlTemplate\":\"https:\\\/\\\/pilt.com.ar\\\/parque-industrial\\\/?s={search_term_string}\"},\"query-input\":{\"@type\":\"PropertyValueSpecification\",\"valueRequired\":true,\"valueName\":\"search_term_string\"}}],\"inLanguage\":\"es\"},{\"@type\":\"Person\",\"@id\":\"https:\\\/\\\/pilt.com.ar\\\/parque-industrial\\\/#\\\/schema\\\/person\\\/97af6d67c1a0eb85782ad2e439e29b41\",\"name\":\"Parque Industrial Villa Maria\",\"image\":{\"@type\":\"ImageObject\",\"inLanguage\":\"es\",\"@id\":\"https:\\\/\\\/secure.gravatar.com\\\/avatar\\\/aa6b236a85f5b231f19a07958c0bb61a128df42de269157a53304737730551ce?s=96&d=mm&r=g\",\"url\":\"https:\\\/\\\/secure.gravatar.com\\\/avatar\\\/aa6b236a85f5b231f19a07958c0bb61a128df42de269157a53304737730551ce?s=96&d=mm&r=g\",\"contentUrl\":\"https:\\\/\\\/secure.gravatar.com\\\/avatar\\\/aa6b236a85f5b231f19a07958c0bb61a128df42de269157a53304737730551ce?s=96&d=mm&r=g\",\"caption\":\"Parque Industrial Villa Maria\"},\"sameAs\":[\"https:\\\/\\\/pilt.com.ar\\\/\"],\"url\":\"https:\\\/\\\/pilt.com.ar\\\/parque-industrial\\\/author\\\/pilt2\\\/\"}]}<\/script>\n<!-- \/ Yoast SEO plugin. -->","yoast_head_json":{"title":"LAS OBRAS EN EL INGRESO AL PARQUE EST\u00c1N EN SU SEGUNDA ETAPA - PILT.com.ar","robots":{"index":"index","follow":"follow","max-snippet":"max-snippet:-1","max-image-preview":"max-image-preview:large","max-video-preview":"max-video-preview:-1"},"canonical":"https:\/\/pilt.com.ar\/parque-industrial\/las-obras-en-el-ingreso-al-parque-estan-en-su-segunda-etapa\/","og_locale":"es_ES","og_type":"article","og_title":"LAS OBRAS EN EL INGRESO AL PARQUE EST\u00c1N EN SU SEGUNDA ETAPA - PILT.com.ar","og_description":"Una vez concluidas, brindar\u00e1n mayor seguridad para los veh\u00edculos que entren al predio. Contin\u00faan ejecut\u00e1ndose obras de hormigonado en el ingreso del Parque Industrial, Log\u00edstico y Tecnol\u00f3gico Villa Mar\u00eda (PILT), cuya finalidad es mejorar la seguridad del tr\u00e1nsito vehicular y a la vez jerarquizar a ese sector del predio. En ese sentido, los operarios est\u00e1n [&hellip;]","og_url":"https:\/\/pilt.com.ar\/parque-industrial\/las-obras-en-el-ingreso-al-parque-estan-en-su-segunda-etapa\/","og_site_name":"PILT.com.ar","article_published_time":"2023-07-28T13:38:10+00:00","article_modified_time":"2023-07-28T13:38:11+00:00","og_image":[{"width":1600,"height":900,"url":"https:\/\/i0.wp.com\/pilt.com.ar\/parque-industrial\/wp-content\/uploads\/2023\/07\/Ingreso-Pilt.jpeg?fit=1600%2C900&ssl=1","type":"image\/jpeg"}],"author":"Parque Industrial Villa Maria","twitter_card":"summary_large_image","twitter_misc":{"Escrito por":"Parque Industrial Villa Maria","Tiempo de lectura":"1 minuto"},"schema":{"@context":"https:\/\/schema.org","@graph":[{"@type":"Article","@id":"https:\/\/pilt.com.ar\/parque-industrial\/las-obras-en-el-ingreso-al-parque-estan-en-su-segunda-etapa\/#article","isPartOf":{"@id":"https:\/\/pilt.com.ar\/parque-industrial\/las-obras-en-el-ingreso-al-parque-estan-en-su-segunda-etapa\/"},"author":{"name":"Parque Industrial Villa Maria","@id":"https:\/\/pilt.com.ar\/parque-industrial\/#\/schema\/person\/97af6d67c1a0eb85782ad2e439e29b41"},"headline":"LAS OBRAS EN EL INGRESO AL PARQUE EST\u00c1N EN SU SEGUNDA ETAPA","datePublished":"2023-07-28T13:38:10+00:00","dateModified":"2023-07-28T13:38:11+00:00","mainEntityOfPage":{"@id":"https:\/\/pilt.com.ar\/parque-industrial\/las-obras-en-el-ingreso-al-parque-estan-en-su-segunda-etapa\/"},"wordCount":220,"commentCount":0,"image":{"@id":"https:\/\/pilt.com.ar\/parque-industrial\/las-obras-en-el-ingreso-al-parque-estan-en-su-segunda-etapa\/#primaryimage"},"thumbnailUrl":"https:\/\/i0.wp.com\/pilt.com.ar\/parque-industrial\/wp-content\/uploads\/2023\/07\/Ingreso-Pilt.jpeg?fit=1600%2C900&ssl=1","articleSection":["Noticias"],"inLanguage":"es","potentialAction":[{"@type":"CommentAction","name":"Comment","target":["https:\/\/pilt.com.ar\/parque-industrial\/las-obras-en-el-ingreso-al-parque-estan-en-su-segunda-etapa\/#respond"]}]},{"@type":"WebPage","@id":"https:\/\/pilt.com.ar\/parque-industrial\/las-obras-en-el-ingreso-al-parque-estan-en-su-segunda-etapa\/","url":"https:\/\/pilt.com.ar\/parque-industrial\/las-obras-en-el-ingreso-al-parque-estan-en-su-segunda-etapa\/","name":"LAS OBRAS EN EL INGRESO AL PARQUE EST\u00c1N EN SU SEGUNDA ETAPA - PILT.com.ar","isPartOf":{"@id":"https:\/\/pilt.com.ar\/parque-industrial\/#website"},"primaryImageOfPage":{"@id":"https:\/\/pilt.com.ar\/parque-industrial\/las-obras-en-el-ingreso-al-parque-estan-en-su-segunda-etapa\/#primaryimage"},"image":{"@id":"https:\/\/pilt.com.ar\/parque-industrial\/las-obras-en-el-ingreso-al-parque-estan-en-su-segunda-etapa\/#primaryimage"},"thumbnailUrl":"https:\/\/i0.wp.com\/pilt.com.ar\/parque-industrial\/wp-content\/uploads\/2023\/07\/Ingreso-Pilt.jpeg?fit=1600%2C900&ssl=1","datePublished":"2023-07-28T13:38:10+00:00","dateModified":"2023-07-28T13:38:11+00:00","author":{"@id":"https:\/\/pilt.com.ar\/parque-industrial\/#\/schema\/person\/97af6d67c1a0eb85782ad2e439e29b41"},"inLanguage":"es","potentialAction":[{"@type":"ReadAction","target":["https:\/\/pilt.com.ar\/parque-industrial\/las-obras-en-el-ingreso-al-parque-estan-en-su-segunda-etapa\/"]}]},{"@type":"ImageObject","inLanguage":"es","@id":"https:\/\/pilt.com.ar\/parque-industrial\/las-obras-en-el-ingreso-al-parque-estan-en-su-segunda-etapa\/#primaryimage","url":"https:\/\/i0.wp.com\/pilt.com.ar\/parque-industrial\/wp-content\/uploads\/2023\/07\/Ingreso-Pilt.jpeg?fit=1600%2C900&ssl=1","contentUrl":"https:\/\/i0.wp.com\/pilt.com.ar\/parque-industrial\/wp-content\/uploads\/2023\/07\/Ingreso-Pilt.jpeg?fit=1600%2C900&ssl=1","width":1600,"height":900},{"@type":"WebSite","@id":"https:\/\/pilt.com.ar\/parque-industrial\/#website","url":"https:\/\/pilt.com.ar\/parque-industrial\/","name":"PILT.com.ar","description":"Parque Industrial, Log\u00edstico y Tecnol\u00f3gico Villa Mar\u00eda","potentialAction":[{"@type":"SearchAction","target":{"@type":"EntryPoint","urlTemplate":"https:\/\/pilt.com.ar\/parque-industrial\/?s={search_term_string}"},"query-input":{"@type":"PropertyValueSpecification","valueRequired":true,"valueName":"search_term_string"}}],"inLanguage":"es"},{"@type":"Person","@id":"https:\/\/pilt.com.ar\/parque-industrial\/#\/schema\/person\/97af6d67c1a0eb85782ad2e439e29b41","name":"Parque Industrial Villa Maria","image":{"@type":"ImageObject","inLanguage":"es","@id":"https:\/\/secure.gravatar.com\/avatar\/aa6b236a85f5b231f19a07958c0bb61a128df42de269157a53304737730551ce?s=96&d=mm&r=g","url":"https:\/\/secure.gravatar.com\/avatar\/aa6b236a85f5b231f19a07958c0bb61a128df42de269157a53304737730551ce?s=96&d=mm&r=g","contentUrl":"https:\/\/secure.gravatar.com\/avatar\/aa6b236a85f5b231f19a07958c0bb61a128df42de269157a53304737730551ce?s=96&d=mm&r=g","caption":"Parque Industrial Villa Maria"},"sameAs":["https:\/\/pilt.com.ar\/"],"url":"https:\/\/pilt.com.ar\/parque-industrial\/author\/pilt2\/"}]}},"jetpack_featured_media_url":"https:\/\/i0.wp.com\/pilt.com.ar\/parque-industrial\/wp-content\/uploads\/2023\/07\/Ingreso-Pilt.jpeg?fit=1600%2C900&ssl=1","jetpack_sharing_enabled":true,"_links":{"self":[{"href":"https:\/\/pilt.com.ar\/parque-industrial\/wp-json\/wp\/v2\/posts\/2857","targetHints":{"allow":["GET"]}}],"collection":[{"href":"https:\/\/pilt.com.ar\/parque-industrial\/wp-json\/wp\/v2\/posts"}],"about":[{"href":"https:\/\/pilt.com.ar\/parque-industrial\/wp-json\/wp\/v2\/types\/post"}],"author":[{"embeddable":true,"href":"https:\/\/pilt.com.ar\/parque-industrial\/wp-json\/wp\/v2\/users\/4"}],"replies":[{"embeddable":true,"href":"https:\/\/pilt.com.ar\/parque-industrial\/wp-json\/wp\/v2\/comments?post=2857"}],"version-history":[{"count":1,"href":"https:\/\/pilt.com.ar\/parque-industrial\/wp-json\/wp\/v2\/posts\/2857\/revisions"}],"predecessor-version":[{"id":2859,"href":"https:\/\/pilt.com.ar\/parque-industrial\/wp-json\/wp\/v2\/posts\/2857\/revisions\/2859"}],"wp:featuredmedia":[{"embeddable":true,"href":"https:\/\/pilt.com.ar\/parque-industrial\/wp-json\/wp\/v2\/media\/2858"}],"wp:attachment":[{"href":"https:\/\/pilt.com.ar\/parque-industrial\/wp-json\/wp\/v2\/media?parent=2857"}],"wp:term":[{"taxonomy":"category","embeddable":true,"href":"https:\/\/pilt.com.ar\/parque-industrial\/wp-json\/wp\/v2\/categories?post=2857"},{"taxonomy":"post_tag","embeddable":true,"href":"https:\/\/pilt.com.ar\/parque-industrial\/wp-json\/wp\/v2\/tags?post=2857"}],"curies":[{"name":"wp","href":"https:\/\/api.w.org\/{rel}","templated":true}]}}