{"id":2852,"date":"2023-07-21T14:47:24","date_gmt":"2023-07-21T17:47:24","guid":{"rendered":"https:\/\/pilt.com.ar\/parque-industrial\/?p=2852"},"modified":"2023-07-21T14:52:24","modified_gmt":"2023-07-21T17:52:24","slug":"la-nave-para-emprendedores-ii-entra-en-su-ultima-etapa-constructiva","status":"publish","type":"post","link":"https:\/\/pilt.com.ar\/parque-industrial\/la-nave-para-emprendedores-ii-entra-en-su-ultima-etapa-constructiva\/","title":{"rendered":"LA NAVE PARA EMPRENDEDORES II ENTRA EN SU \u00daLTIMA ETAPA CONSTRUCTIVA"},"content":{"rendered":"\n<p><em>El pr\u00f3ximo mes se conformar\u00e1 la Comisi\u00f3n Evaluadora para analizar las propuestas.<\/em><\/p>\n\n\n\n<p class=\"has-text-align-justify\">La Nave para Emprendedores II, que ejecuta el Parque Industrial Log\u00edstico y Tecnol\u00f3gico Villa Mar\u00eda (PILT), est\u00e1 ingresando en la \u00faltima etapa constructiva, concentrando el esfuerzo en la divisi\u00f3n interna de los 8 locales que contendr\u00e1.<\/p>\n\n\n\n<p class=\"has-text-align-justify\">De tal forma, el pr\u00f3ximo mes se conformar\u00e1 la Comisi\u00f3n Evaluadora que ser\u00e1 la encargada de analizar las propuestas que se presentar\u00e1n para ocupar esos espacios, cuyo objetivo es impulsar emprendimientos productivos vinculados al sector de la alimentaci\u00f3n.<\/p>\n\n\n\n<p class=\"has-text-align-justify\">Vale mencionar que la Nave de Emprendedores II costa de 30 metros de frente por 50 de largo, totalizando 1500 metros cuadrados. En su interior alojar\u00e1 8 salones con todas las comodidades y servicios necesarios para llevar adelante las actividades productivas. El proyecto prev\u00e9 adem\u00e1s la ejecuci\u00f3n de una calle perimetral iluminada y se\u00f1alizada, para facilitar el ingreso a los locales.<\/p>\n\n\n\n<p class=\"has-text-align-justify\">En poco tiempo m\u00e1s se realizar\u00e1 la convocatoria para que emprendedores de la ciudad y regi\u00f3n presenten sus propuestas. Entre los beneficios que plantea el programa est\u00e1 el costo de alquiler, sensiblemente menor al de mercado, el que se incrementa progresivamente con el paso del tiempo, a medida que los proyectos se fortalecen.&nbsp;<\/p>\n","protected":false},"excerpt":{"rendered":"<p>El pr\u00f3ximo mes se conformar\u00e1 la Comisi\u00f3n Evaluadora para analizar las propuestas. La Nave para Emprendedores II, que ejecuta el Parque Industrial Log\u00edstico y Tecnol\u00f3gico Villa Mar\u00eda (PILT), est\u00e1 ingresando en la \u00faltima etapa constructiva, concentrando el esfuerzo en la divisi\u00f3n interna de los 8 locales que contendr\u00e1. De tal forma, el pr\u00f3ximo mes se [&hellip;]<\/p>\n","protected":false},"author":4,"featured_media":2853,"comment_status":"open","ping_status":"open","sticky":false,"template":"","format":"standard","meta":{"_jetpack_memberships_contains_paid_content":false,"footnotes":""},"categories":[2],"tags":[17],"class_list":["post-2852","post","type-post","status-publish","format-standard","has-post-thumbnail","hentry","category-noticias","tag-emprendedores"],"yoast_head":"<!-- This site is optimized with the Yoast SEO plugin v27.5 - https:\/\/yoast.com\/product\/yoast-seo-wordpress\/ -->\n<title>LA NAVE PARA EMPRENDEDORES II ENTRA EN SU \u00daLTIMA ETAPA CONSTRUCTIVA - PILT.com.ar<\/title>\n<meta name=\"robots\" content=\"index, follow, max-snippet:-1, max-image-preview:large, max-video-preview:-1\" \/>\n<link rel=\"canonical\" href=\"https:\/\/pilt.com.ar\/parque-industrial\/la-nave-para-emprendedores-ii-entra-en-su-ultima-etapa-constructiva\/\" \/>\n<meta property=\"og:locale\" content=\"es_ES\" \/>\n<meta property=\"og:type\" content=\"article\" \/>\n<meta property=\"og:title\" content=\"LA NAVE PARA EMPRENDEDORES II ENTRA EN SU \u00daLTIMA ETAPA CONSTRUCTIVA - PILT.com.ar\" \/>\n<meta property=\"og:description\" content=\"El pr\u00f3ximo mes se conformar\u00e1 la Comisi\u00f3n Evaluadora para analizar las propuestas. La Nave para Emprendedores II, que ejecuta el Parque Industrial Log\u00edstico y Tecnol\u00f3gico Villa Mar\u00eda (PILT), est\u00e1 ingresando en la \u00faltima etapa constructiva, concentrando el esfuerzo en la divisi\u00f3n interna de los 8 locales que contendr\u00e1. De tal forma, el pr\u00f3ximo mes se [&hellip;]\" \/>\n<meta property=\"og:url\" content=\"https:\/\/pilt.com.ar\/parque-industrial\/la-nave-para-emprendedores-ii-entra-en-su-ultima-etapa-constructiva\/\" \/>\n<meta property=\"og:site_name\" content=\"PILT.com.ar\" \/>\n<meta property=\"article:published_time\" content=\"2023-07-21T17:47:24+00:00\" \/>\n<meta property=\"article:modified_time\" content=\"2023-07-21T17:52:24+00:00\" \/>\n<meta property=\"og:image\" content=\"https:\/\/i0.wp.com\/pilt.com.ar\/parque-industrial\/wp-content\/uploads\/2023\/07\/Nave-II-interior.jpeg?fit=1599%2C899&ssl=1\" \/>\n\t<meta property=\"og:image:width\" content=\"1599\" \/>\n\t<meta property=\"og:image:height\" content=\"899\" \/>\n\t<meta property=\"og:image:type\" content=\"image\/jpeg\" \/>\n<meta name=\"author\" content=\"Parque Industrial Villa Maria\" \/>\n<meta name=\"twitter:card\" content=\"summary_large_image\" \/>\n<meta name=\"twitter:label1\" content=\"Escrito por\" \/>\n\t<meta name=\"twitter:data1\" content=\"Parque Industrial Villa Maria\" \/>\n\t<meta name=\"twitter:label2\" content=\"Tiempo de lectura\" \/>\n\t<meta name=\"twitter:data2\" content=\"1 minuto\" \/>\n<script type=\"application\/ld+json\" class=\"yoast-schema-graph\">{\"@context\":\"https:\\\/\\\/schema.org\",\"@graph\":[{\"@type\":\"Article\",\"@id\":\"https:\\\/\\\/pilt.com.ar\\\/parque-industrial\\\/la-nave-para-emprendedores-ii-entra-en-su-ultima-etapa-constructiva\\\/#article\",\"isPartOf\":{\"@id\":\"https:\\\/\\\/pilt.com.ar\\\/parque-industrial\\\/la-nave-para-emprendedores-ii-entra-en-su-ultima-etapa-constructiva\\\/\"},\"author\":{\"name\":\"Parque Industrial Villa Maria\",\"@id\":\"https:\\\/\\\/pilt.com.ar\\\/parque-industrial\\\/#\\\/schema\\\/person\\\/97af6d67c1a0eb85782ad2e439e29b41\"},\"headline\":\"LA NAVE PARA EMPRENDEDORES II ENTRA EN SU \u00daLTIMA ETAPA CONSTRUCTIVA\",\"datePublished\":\"2023-07-21T17:47:24+00:00\",\"dateModified\":\"2023-07-21T17:52:24+00:00\",\"mainEntityOfPage\":{\"@id\":\"https:\\\/\\\/pilt.com.ar\\\/parque-industrial\\\/la-nave-para-emprendedores-ii-entra-en-su-ultima-etapa-constructiva\\\/\"},\"wordCount\":222,\"commentCount\":0,\"image\":{\"@id\":\"https:\\\/\\\/pilt.com.ar\\\/parque-industrial\\\/la-nave-para-emprendedores-ii-entra-en-su-ultima-etapa-constructiva\\\/#primaryimage\"},\"thumbnailUrl\":\"https:\\\/\\\/i0.wp.com\\\/pilt.com.ar\\\/parque-industrial\\\/wp-content\\\/uploads\\\/2023\\\/07\\\/Nave-II-interior.jpeg?fit=1599%2C899&ssl=1\",\"keywords\":[\"emprendedores\"],\"articleSection\":[\"Noticias\"],\"inLanguage\":\"es\",\"potentialAction\":[{\"@type\":\"CommentAction\",\"name\":\"Comment\",\"target\":[\"https:\\\/\\\/pilt.com.ar\\\/parque-industrial\\\/la-nave-para-emprendedores-ii-entra-en-su-ultima-etapa-constructiva\\\/#respond\"]}]},{\"@type\":\"WebPage\",\"@id\":\"https:\\\/\\\/pilt.com.ar\\\/parque-industrial\\\/la-nave-para-emprendedores-ii-entra-en-su-ultima-etapa-constructiva\\\/\",\"url\":\"https:\\\/\\\/pilt.com.ar\\\/parque-industrial\\\/la-nave-para-emprendedores-ii-entra-en-su-ultima-etapa-constructiva\\\/\",\"name\":\"LA NAVE PARA EMPRENDEDORES II ENTRA EN SU \u00daLTIMA ETAPA CONSTRUCTIVA - PILT.com.ar\",\"isPartOf\":{\"@id\":\"https:\\\/\\\/pilt.com.ar\\\/parque-industrial\\\/#website\"},\"primaryImageOfPage\":{\"@id\":\"https:\\\/\\\/pilt.com.ar\\\/parque-industrial\\\/la-nave-para-emprendedores-ii-entra-en-su-ultima-etapa-constructiva\\\/#primaryimage\"},\"image\":{\"@id\":\"https:\\\/\\\/pilt.com.ar\\\/parque-industrial\\\/la-nave-para-emprendedores-ii-entra-en-su-ultima-etapa-constructiva\\\/#primaryimage\"},\"thumbnailUrl\":\"https:\\\/\\\/i0.wp.com\\\/pilt.com.ar\\\/parque-industrial\\\/wp-content\\\/uploads\\\/2023\\\/07\\\/Nave-II-interior.jpeg?fit=1599%2C899&ssl=1\",\"datePublished\":\"2023-07-21T17:47:24+00:00\",\"dateModified\":\"2023-07-21T17:52:24+00:00\",\"author\":{\"@id\":\"https:\\\/\\\/pilt.com.ar\\\/parque-industrial\\\/#\\\/schema\\\/person\\\/97af6d67c1a0eb85782ad2e439e29b41\"},\"inLanguage\":\"es\",\"potentialAction\":[{\"@type\":\"ReadAction\",\"target\":[\"https:\\\/\\\/pilt.com.ar\\\/parque-industrial\\\/la-nave-para-emprendedores-ii-entra-en-su-ultima-etapa-constructiva\\\/\"]}]},{\"@type\":\"ImageObject\",\"inLanguage\":\"es\",\"@id\":\"https:\\\/\\\/pilt.com.ar\\\/parque-industrial\\\/la-nave-para-emprendedores-ii-entra-en-su-ultima-etapa-constructiva\\\/#primaryimage\",\"url\":\"https:\\\/\\\/i0.wp.com\\\/pilt.com.ar\\\/parque-industrial\\\/wp-content\\\/uploads\\\/2023\\\/07\\\/Nave-II-interior.jpeg?fit=1599%2C899&ssl=1\",\"contentUrl\":\"https:\\\/\\\/i0.wp.com\\\/pilt.com.ar\\\/parque-industrial\\\/wp-content\\\/uploads\\\/2023\\\/07\\\/Nave-II-interior.jpeg?fit=1599%2C899&ssl=1\",\"width\":1599,\"height\":899},{\"@type\":\"WebSite\",\"@id\":\"https:\\\/\\\/pilt.com.ar\\\/parque-industrial\\\/#website\",\"url\":\"https:\\\/\\\/pilt.com.ar\\\/parque-industrial\\\/\",\"name\":\"PILT.com.ar\",\"description\":\"Parque Industrial, Log\u00edstico y Tecnol\u00f3gico Villa Mar\u00eda\",\"potentialAction\":[{\"@type\":\"SearchAction\",\"target\":{\"@type\":\"EntryPoint\",\"urlTemplate\":\"https:\\\/\\\/pilt.com.ar\\\/parque-industrial\\\/?s={search_term_string}\"},\"query-input\":{\"@type\":\"PropertyValueSpecification\",\"valueRequired\":true,\"valueName\":\"search_term_string\"}}],\"inLanguage\":\"es\"},{\"@type\":\"Person\",\"@id\":\"https:\\\/\\\/pilt.com.ar\\\/parque-industrial\\\/#\\\/schema\\\/person\\\/97af6d67c1a0eb85782ad2e439e29b41\",\"name\":\"Parque Industrial Villa Maria\",\"image\":{\"@type\":\"ImageObject\",\"inLanguage\":\"es\",\"@id\":\"https:\\\/\\\/secure.gravatar.com\\\/avatar\\\/aa6b236a85f5b231f19a07958c0bb61a128df42de269157a53304737730551ce?s=96&d=mm&r=g\",\"url\":\"https:\\\/\\\/secure.gravatar.com\\\/avatar\\\/aa6b236a85f5b231f19a07958c0bb61a128df42de269157a53304737730551ce?s=96&d=mm&r=g\",\"contentUrl\":\"https:\\\/\\\/secure.gravatar.com\\\/avatar\\\/aa6b236a85f5b231f19a07958c0bb61a128df42de269157a53304737730551ce?s=96&d=mm&r=g\",\"caption\":\"Parque Industrial Villa Maria\"},\"sameAs\":[\"https:\\\/\\\/pilt.com.ar\\\/\"],\"url\":\"https:\\\/\\\/pilt.com.ar\\\/parque-industrial\\\/author\\\/pilt2\\\/\"}]}<\/script>\n<!-- \/ Yoast SEO plugin. -->","yoast_head_json":{"title":"LA NAVE PARA EMPRENDEDORES II ENTRA EN SU \u00daLTIMA ETAPA CONSTRUCTIVA - PILT.com.ar","robots":{"index":"index","follow":"follow","max-snippet":"max-snippet:-1","max-image-preview":"max-image-preview:large","max-video-preview":"max-video-preview:-1"},"canonical":"https:\/\/pilt.com.ar\/parque-industrial\/la-nave-para-emprendedores-ii-entra-en-su-ultima-etapa-constructiva\/","og_locale":"es_ES","og_type":"article","og_title":"LA NAVE PARA EMPRENDEDORES II ENTRA EN SU \u00daLTIMA ETAPA CONSTRUCTIVA - PILT.com.ar","og_description":"El pr\u00f3ximo mes se conformar\u00e1 la Comisi\u00f3n Evaluadora para analizar las propuestas. La Nave para Emprendedores II, que ejecuta el Parque Industrial Log\u00edstico y Tecnol\u00f3gico Villa Mar\u00eda (PILT), est\u00e1 ingresando en la \u00faltima etapa constructiva, concentrando el esfuerzo en la divisi\u00f3n interna de los 8 locales que contendr\u00e1. De tal forma, el pr\u00f3ximo mes se [&hellip;]","og_url":"https:\/\/pilt.com.ar\/parque-industrial\/la-nave-para-emprendedores-ii-entra-en-su-ultima-etapa-constructiva\/","og_site_name":"PILT.com.ar","article_published_time":"2023-07-21T17:47:24+00:00","article_modified_time":"2023-07-21T17:52:24+00:00","og_image":[{"width":1599,"height":899,"url":"https:\/\/i0.wp.com\/pilt.com.ar\/parque-industrial\/wp-content\/uploads\/2023\/07\/Nave-II-interior.jpeg?fit=1599%2C899&ssl=1","type":"image\/jpeg"}],"author":"Parque Industrial Villa Maria","twitter_card":"summary_large_image","twitter_misc":{"Escrito por":"Parque Industrial Villa Maria","Tiempo de lectura":"1 minuto"},"schema":{"@context":"https:\/\/schema.org","@graph":[{"@type":"Article","@id":"https:\/\/pilt.com.ar\/parque-industrial\/la-nave-para-emprendedores-ii-entra-en-su-ultima-etapa-constructiva\/#article","isPartOf":{"@id":"https:\/\/pilt.com.ar\/parque-industrial\/la-nave-para-emprendedores-ii-entra-en-su-ultima-etapa-constructiva\/"},"author":{"name":"Parque Industrial Villa Maria","@id":"https:\/\/pilt.com.ar\/parque-industrial\/#\/schema\/person\/97af6d67c1a0eb85782ad2e439e29b41"},"headline":"LA NAVE PARA EMPRENDEDORES II ENTRA EN SU \u00daLTIMA ETAPA CONSTRUCTIVA","datePublished":"2023-07-21T17:47:24+00:00","dateModified":"2023-07-21T17:52:24+00:00","mainEntityOfPage":{"@id":"https:\/\/pilt.com.ar\/parque-industrial\/la-nave-para-emprendedores-ii-entra-en-su-ultima-etapa-constructiva\/"},"wordCount":222,"commentCount":0,"image":{"@id":"https:\/\/pilt.com.ar\/parque-industrial\/la-nave-para-emprendedores-ii-entra-en-su-ultima-etapa-constructiva\/#primaryimage"},"thumbnailUrl":"https:\/\/i0.wp.com\/pilt.com.ar\/parque-industrial\/wp-content\/uploads\/2023\/07\/Nave-II-interior.jpeg?fit=1599%2C899&ssl=1","keywords":["emprendedores"],"articleSection":["Noticias"],"inLanguage":"es","potentialAction":[{"@type":"CommentAction","name":"Comment","target":["https:\/\/pilt.com.ar\/parque-industrial\/la-nave-para-emprendedores-ii-entra-en-su-ultima-etapa-constructiva\/#respond"]}]},{"@type":"WebPage","@id":"https:\/\/pilt.com.ar\/parque-industrial\/la-nave-para-emprendedores-ii-entra-en-su-ultima-etapa-constructiva\/","url":"https:\/\/pilt.com.ar\/parque-industrial\/la-nave-para-emprendedores-ii-entra-en-su-ultima-etapa-constructiva\/","name":"LA NAVE PARA EMPRENDEDORES II ENTRA EN SU \u00daLTIMA ETAPA CONSTRUCTIVA - PILT.com.ar","isPartOf":{"@id":"https:\/\/pilt.com.ar\/parque-industrial\/#website"},"primaryImageOfPage":{"@id":"https:\/\/pilt.com.ar\/parque-industrial\/la-nave-para-emprendedores-ii-entra-en-su-ultima-etapa-constructiva\/#primaryimage"},"image":{"@id":"https:\/\/pilt.com.ar\/parque-industrial\/la-nave-para-emprendedores-ii-entra-en-su-ultima-etapa-constructiva\/#primaryimage"},"thumbnailUrl":"https:\/\/i0.wp.com\/pilt.com.ar\/parque-industrial\/wp-content\/uploads\/2023\/07\/Nave-II-interior.jpeg?fit=1599%2C899&ssl=1","datePublished":"2023-07-21T17:47:24+00:00","dateModified":"2023-07-21T17:52:24+00:00","author":{"@id":"https:\/\/pilt.com.ar\/parque-industrial\/#\/schema\/person\/97af6d67c1a0eb85782ad2e439e29b41"},"inLanguage":"es","potentialAction":[{"@type":"ReadAction","target":["https:\/\/pilt.com.ar\/parque-industrial\/la-nave-para-emprendedores-ii-entra-en-su-ultima-etapa-constructiva\/"]}]},{"@type":"ImageObject","inLanguage":"es","@id":"https:\/\/pilt.com.ar\/parque-industrial\/la-nave-para-emprendedores-ii-entra-en-su-ultima-etapa-constructiva\/#primaryimage","url":"https:\/\/i0.wp.com\/pilt.com.ar\/parque-industrial\/wp-content\/uploads\/2023\/07\/Nave-II-interior.jpeg?fit=1599%2C899&ssl=1","contentUrl":"https:\/\/i0.wp.com\/pilt.com.ar\/parque-industrial\/wp-content\/uploads\/2023\/07\/Nave-II-interior.jpeg?fit=1599%2C899&ssl=1","width":1599,"height":899},{"@type":"WebSite","@id":"https:\/\/pilt.com.ar\/parque-industrial\/#website","url":"https:\/\/pilt.com.ar\/parque-industrial\/","name":"PILT.com.ar","description":"Parque Industrial, Log\u00edstico y Tecnol\u00f3gico Villa Mar\u00eda","potentialAction":[{"@type":"SearchAction","target":{"@type":"EntryPoint","urlTemplate":"https:\/\/pilt.com.ar\/parque-industrial\/?s={search_term_string}"},"query-input":{"@type":"PropertyValueSpecification","valueRequired":true,"valueName":"search_term_string"}}],"inLanguage":"es"},{"@type":"Person","@id":"https:\/\/pilt.com.ar\/parque-industrial\/#\/schema\/person\/97af6d67c1a0eb85782ad2e439e29b41","name":"Parque Industrial Villa Maria","image":{"@type":"ImageObject","inLanguage":"es","@id":"https:\/\/secure.gravatar.com\/avatar\/aa6b236a85f5b231f19a07958c0bb61a128df42de269157a53304737730551ce?s=96&d=mm&r=g","url":"https:\/\/secure.gravatar.com\/avatar\/aa6b236a85f5b231f19a07958c0bb61a128df42de269157a53304737730551ce?s=96&d=mm&r=g","contentUrl":"https:\/\/secure.gravatar.com\/avatar\/aa6b236a85f5b231f19a07958c0bb61a128df42de269157a53304737730551ce?s=96&d=mm&r=g","caption":"Parque Industrial Villa Maria"},"sameAs":["https:\/\/pilt.com.ar\/"],"url":"https:\/\/pilt.com.ar\/parque-industrial\/author\/pilt2\/"}]}},"jetpack_featured_media_url":"https:\/\/i0.wp.com\/pilt.com.ar\/parque-industrial\/wp-content\/uploads\/2023\/07\/Nave-II-interior.jpeg?fit=1599%2C899&ssl=1","jetpack_sharing_enabled":true,"_links":{"self":[{"href":"https:\/\/pilt.com.ar\/parque-industrial\/wp-json\/wp\/v2\/posts\/2852","targetHints":{"allow":["GET"]}}],"collection":[{"href":"https:\/\/pilt.com.ar\/parque-industrial\/wp-json\/wp\/v2\/posts"}],"about":[{"href":"https:\/\/pilt.com.ar\/parque-industrial\/wp-json\/wp\/v2\/types\/post"}],"author":[{"embeddable":true,"href":"https:\/\/pilt.com.ar\/parque-industrial\/wp-json\/wp\/v2\/users\/4"}],"replies":[{"embeddable":true,"href":"https:\/\/pilt.com.ar\/parque-industrial\/wp-json\/wp\/v2\/comments?post=2852"}],"version-history":[{"count":2,"href":"https:\/\/pilt.com.ar\/parque-industrial\/wp-json\/wp\/v2\/posts\/2852\/revisions"}],"predecessor-version":[{"id":2856,"href":"https:\/\/pilt.com.ar\/parque-industrial\/wp-json\/wp\/v2\/posts\/2852\/revisions\/2856"}],"wp:featuredmedia":[{"embeddable":true,"href":"https:\/\/pilt.com.ar\/parque-industrial\/wp-json\/wp\/v2\/media\/2853"}],"wp:attachment":[{"href":"https:\/\/pilt.com.ar\/parque-industrial\/wp-json\/wp\/v2\/media?parent=2852"}],"wp:term":[{"taxonomy":"category","embeddable":true,"href":"https:\/\/pilt.com.ar\/parque-industrial\/wp-json\/wp\/v2\/categories?post=2852"},{"taxonomy":"post_tag","embeddable":true,"href":"https:\/\/pilt.com.ar\/parque-industrial\/wp-json\/wp\/v2\/tags?post=2852"}],"curies":[{"name":"wp","href":"https:\/\/api.w.org\/{rel}","templated":true}]}}