{"id":2839,"date":"2023-06-30T19:10:54","date_gmt":"2023-06-30T22:10:54","guid":{"rendered":"https:\/\/pilt.com.ar\/parque-industrial\/?p=2839"},"modified":"2023-07-08T00:13:48","modified_gmt":"2023-07-08T03:13:48","slug":"dos-empresas-adquirieron-lotes-en-el-parque","status":"publish","type":"post","link":"https:\/\/pilt.com.ar\/parque-industrial\/dos-empresas-adquirieron-lotes-en-el-parque\/","title":{"rendered":"DOS EMPRESAS ADQUIRIERON LOTES EN EL PARQUE"},"content":{"rendered":"\n<p><em>El PILT sum\u00f3 dos nuevas empresas de la ciudad y regi\u00f3n al predio, donde planean desarrollar importantes proyectos.<\/em><\/p>\n\n\n\n<p>Con la r\u00fabrica de los boletos de compra \u2013 venta, concretada recientemente, dos empresas comenzaron a formar parte del Parque Industrial, Log\u00edstico y Tecnol\u00f3gico Villa Mar\u00eda (PILT).<\/p>\n\n\n\n<p>Se trata de las firmas Expreso Bollatti, oriunda de la localidad de Pozo del Molle y con casi 50 a\u00f1os en el mercado, y Mauri Computaci\u00f3n, empresa de Villa Mar\u00eda especializada en la comercializaci\u00f3n y distribuci\u00f3n de productos tecnol\u00f3gicos.<\/p>\n\n\n\n<p>Vale decir que la primera de ellas adquiri\u00f3 dos lotes de grandes dimensiones en la zona metalmec\u00e1nica, con una superficie total de 5.600 metros. All\u00ed montar\u00e1n un lugar de guarda para los camiones propios, \u00e1rea de mantenimiento para veh\u00edculos y sector de dep\u00f3sito de mercader\u00edas.<\/p>\n\n\n\n<p>Por su parte, Mauri Computaci\u00f3n compr\u00f3 un lote de 1.200 metros en el \u00c1rea Tecnol\u00f3gica del PILT. All\u00ed la empresa prev\u00e9 construir una nave destinada al desarrollo de software y tambi\u00e9n un espacio para dar soporte a las operaciones de comercio electr\u00f3nico.<\/p>\n\n\n\n<p>Cabe mencionar que, con la operaci\u00f3n concretada, el Ente comercializ\u00f3 el \u00faltimo lote disponible en la zona destinada a las empresas de tecnolog\u00eda.<\/p>\n\n\n\n<p><strong>Memoria y Balance<\/strong><\/p>\n\n\n\n<p>Por otra parte, el pasado lunes se realiz\u00f3 la Asamblea Ordinaria del PILT, en donde se hizo lectura de la Memoria y Balance de 2022 frente a los socios del Ente, Municipalidad de Villa Mar\u00eda y Asociaci\u00f3n de Empresarios de la Regi\u00f3n Centro Argentino (AERCA).&nbsp;<\/p>\n\n\n\n<p>En la oportunidad, los socios se interiorizaron sobre algunos aspectos citados en la Memoria y tambi\u00e9n se convers\u00f3 acerca de las acciones a desarrollar en lo que resta de 2023. Posteriormente se procedi\u00f3 a la firma de la documentaci\u00f3n, dando conformidad a lo presentado. Por el municipio local lo hizo el director de Asuntos Legales, Franco Valzacchi, mientras que AERCA estuvo su presidente, Juan Carlos Jacobo.<\/p>\n\n\n\n<p>Formaron parte del encuentro funcionarios municipales, directivos de AERCA y miembros del Directorio del PILT.<\/p>\n\n\n","protected":false},"excerpt":{"rendered":"<p>El PILT sum\u00f3 dos nuevas empresas de la ciudad y regi\u00f3n al predio, donde planean desarrollar importantes proyectos. Con la r\u00fabrica de los boletos de compra \u2013 venta, concretada recientemente, dos empresas comenzaron a formar parte del Parque Industrial, Log\u00edstico y Tecnol\u00f3gico Villa Mar\u00eda (PILT). Se trata de las firmas Expreso Bollatti, oriunda de la [&hellip;]<\/p>\n","protected":false},"author":4,"featured_media":2846,"comment_status":"open","ping_status":"open","sticky":false,"template":"","format":"standard","meta":{"_jetpack_memberships_contains_paid_content":false,"footnotes":""},"categories":[2],"tags":[],"class_list":["post-2839","post","type-post","status-publish","format-standard","has-post-thumbnail","hentry","category-noticias"],"yoast_head":"<!-- This site is optimized with the Yoast SEO plugin v27.5 - https:\/\/yoast.com\/product\/yoast-seo-wordpress\/ -->\n<title>DOS EMPRESAS ADQUIRIERON LOTES EN EL PARQUE - PILT.com.ar<\/title>\n<meta name=\"robots\" content=\"index, follow, max-snippet:-1, max-image-preview:large, max-video-preview:-1\" \/>\n<link rel=\"canonical\" href=\"https:\/\/pilt.com.ar\/parque-industrial\/dos-empresas-adquirieron-lotes-en-el-parque\/\" \/>\n<meta property=\"og:locale\" content=\"es_ES\" \/>\n<meta property=\"og:type\" content=\"article\" \/>\n<meta property=\"og:title\" content=\"DOS EMPRESAS ADQUIRIERON LOTES EN EL PARQUE - PILT.com.ar\" \/>\n<meta property=\"og:description\" content=\"El PILT sum\u00f3 dos nuevas empresas de la ciudad y regi\u00f3n al predio, donde planean desarrollar importantes proyectos. Con la r\u00fabrica de los boletos de compra \u2013 venta, concretada recientemente, dos empresas comenzaron a formar parte del Parque Industrial, Log\u00edstico y Tecnol\u00f3gico Villa Mar\u00eda (PILT). Se trata de las firmas Expreso Bollatti, oriunda de la [&hellip;]\" \/>\n<meta property=\"og:url\" content=\"https:\/\/pilt.com.ar\/parque-industrial\/dos-empresas-adquirieron-lotes-en-el-parque\/\" \/>\n<meta property=\"og:site_name\" content=\"PILT.com.ar\" \/>\n<meta property=\"article:published_time\" content=\"2023-06-30T22:10:54+00:00\" \/>\n<meta property=\"article:modified_time\" content=\"2023-07-08T03:13:48+00:00\" \/>\n<meta property=\"og:image\" content=\"https:\/\/i0.wp.com\/pilt.com.ar\/parque-industrial\/wp-content\/uploads\/2023\/06\/administracion-pilt-1.jpeg?fit=1024%2C808&ssl=1\" \/>\n\t<meta property=\"og:image:width\" content=\"1024\" \/>\n\t<meta property=\"og:image:height\" content=\"808\" \/>\n\t<meta property=\"og:image:type\" content=\"image\/jpeg\" \/>\n<meta name=\"author\" content=\"Parque Industrial Villa Maria\" \/>\n<meta name=\"twitter:card\" content=\"summary_large_image\" \/>\n<meta name=\"twitter:label1\" content=\"Escrito por\" \/>\n\t<meta name=\"twitter:data1\" content=\"Parque Industrial Villa Maria\" \/>\n\t<meta name=\"twitter:label2\" content=\"Tiempo de lectura\" \/>\n\t<meta name=\"twitter:data2\" content=\"2 minutos\" \/>\n<script type=\"application\/ld+json\" class=\"yoast-schema-graph\">{\"@context\":\"https:\\\/\\\/schema.org\",\"@graph\":[{\"@type\":\"Article\",\"@id\":\"https:\\\/\\\/pilt.com.ar\\\/parque-industrial\\\/dos-empresas-adquirieron-lotes-en-el-parque\\\/#article\",\"isPartOf\":{\"@id\":\"https:\\\/\\\/pilt.com.ar\\\/parque-industrial\\\/dos-empresas-adquirieron-lotes-en-el-parque\\\/\"},\"author\":{\"name\":\"Parque Industrial Villa Maria\",\"@id\":\"https:\\\/\\\/pilt.com.ar\\\/parque-industrial\\\/#\\\/schema\\\/person\\\/97af6d67c1a0eb85782ad2e439e29b41\"},\"headline\":\"DOS EMPRESAS ADQUIRIERON LOTES EN EL PARQUE\",\"datePublished\":\"2023-06-30T22:10:54+00:00\",\"dateModified\":\"2023-07-08T03:13:48+00:00\",\"mainEntityOfPage\":{\"@id\":\"https:\\\/\\\/pilt.com.ar\\\/parque-industrial\\\/dos-empresas-adquirieron-lotes-en-el-parque\\\/\"},\"wordCount\":352,\"commentCount\":0,\"image\":{\"@id\":\"https:\\\/\\\/pilt.com.ar\\\/parque-industrial\\\/dos-empresas-adquirieron-lotes-en-el-parque\\\/#primaryimage\"},\"thumbnailUrl\":\"https:\\\/\\\/i0.wp.com\\\/pilt.com.ar\\\/parque-industrial\\\/wp-content\\\/uploads\\\/2023\\\/06\\\/administracion-pilt-1.jpeg?fit=1024%2C808&ssl=1\",\"articleSection\":[\"Noticias\"],\"inLanguage\":\"es\",\"potentialAction\":[{\"@type\":\"CommentAction\",\"name\":\"Comment\",\"target\":[\"https:\\\/\\\/pilt.com.ar\\\/parque-industrial\\\/dos-empresas-adquirieron-lotes-en-el-parque\\\/#respond\"]}]},{\"@type\":\"WebPage\",\"@id\":\"https:\\\/\\\/pilt.com.ar\\\/parque-industrial\\\/dos-empresas-adquirieron-lotes-en-el-parque\\\/\",\"url\":\"https:\\\/\\\/pilt.com.ar\\\/parque-industrial\\\/dos-empresas-adquirieron-lotes-en-el-parque\\\/\",\"name\":\"DOS EMPRESAS ADQUIRIERON LOTES EN EL PARQUE - PILT.com.ar\",\"isPartOf\":{\"@id\":\"https:\\\/\\\/pilt.com.ar\\\/parque-industrial\\\/#website\"},\"primaryImageOfPage\":{\"@id\":\"https:\\\/\\\/pilt.com.ar\\\/parque-industrial\\\/dos-empresas-adquirieron-lotes-en-el-parque\\\/#primaryimage\"},\"image\":{\"@id\":\"https:\\\/\\\/pilt.com.ar\\\/parque-industrial\\\/dos-empresas-adquirieron-lotes-en-el-parque\\\/#primaryimage\"},\"thumbnailUrl\":\"https:\\\/\\\/i0.wp.com\\\/pilt.com.ar\\\/parque-industrial\\\/wp-content\\\/uploads\\\/2023\\\/06\\\/administracion-pilt-1.jpeg?fit=1024%2C808&ssl=1\",\"datePublished\":\"2023-06-30T22:10:54+00:00\",\"dateModified\":\"2023-07-08T03:13:48+00:00\",\"author\":{\"@id\":\"https:\\\/\\\/pilt.com.ar\\\/parque-industrial\\\/#\\\/schema\\\/person\\\/97af6d67c1a0eb85782ad2e439e29b41\"},\"inLanguage\":\"es\",\"potentialAction\":[{\"@type\":\"ReadAction\",\"target\":[\"https:\\\/\\\/pilt.com.ar\\\/parque-industrial\\\/dos-empresas-adquirieron-lotes-en-el-parque\\\/\"]}]},{\"@type\":\"ImageObject\",\"inLanguage\":\"es\",\"@id\":\"https:\\\/\\\/pilt.com.ar\\\/parque-industrial\\\/dos-empresas-adquirieron-lotes-en-el-parque\\\/#primaryimage\",\"url\":\"https:\\\/\\\/i0.wp.com\\\/pilt.com.ar\\\/parque-industrial\\\/wp-content\\\/uploads\\\/2023\\\/06\\\/administracion-pilt-1.jpeg?fit=1024%2C808&ssl=1\",\"contentUrl\":\"https:\\\/\\\/i0.wp.com\\\/pilt.com.ar\\\/parque-industrial\\\/wp-content\\\/uploads\\\/2023\\\/06\\\/administracion-pilt-1.jpeg?fit=1024%2C808&ssl=1\",\"width\":1024,\"height\":808},{\"@type\":\"WebSite\",\"@id\":\"https:\\\/\\\/pilt.com.ar\\\/parque-industrial\\\/#website\",\"url\":\"https:\\\/\\\/pilt.com.ar\\\/parque-industrial\\\/\",\"name\":\"PILT.com.ar\",\"description\":\"Parque Industrial, Log\u00edstico y Tecnol\u00f3gico Villa Mar\u00eda\",\"potentialAction\":[{\"@type\":\"SearchAction\",\"target\":{\"@type\":\"EntryPoint\",\"urlTemplate\":\"https:\\\/\\\/pilt.com.ar\\\/parque-industrial\\\/?s={search_term_string}\"},\"query-input\":{\"@type\":\"PropertyValueSpecification\",\"valueRequired\":true,\"valueName\":\"search_term_string\"}}],\"inLanguage\":\"es\"},{\"@type\":\"Person\",\"@id\":\"https:\\\/\\\/pilt.com.ar\\\/parque-industrial\\\/#\\\/schema\\\/person\\\/97af6d67c1a0eb85782ad2e439e29b41\",\"name\":\"Parque Industrial Villa Maria\",\"image\":{\"@type\":\"ImageObject\",\"inLanguage\":\"es\",\"@id\":\"https:\\\/\\\/secure.gravatar.com\\\/avatar\\\/aa6b236a85f5b231f19a07958c0bb61a128df42de269157a53304737730551ce?s=96&d=mm&r=g\",\"url\":\"https:\\\/\\\/secure.gravatar.com\\\/avatar\\\/aa6b236a85f5b231f19a07958c0bb61a128df42de269157a53304737730551ce?s=96&d=mm&r=g\",\"contentUrl\":\"https:\\\/\\\/secure.gravatar.com\\\/avatar\\\/aa6b236a85f5b231f19a07958c0bb61a128df42de269157a53304737730551ce?s=96&d=mm&r=g\",\"caption\":\"Parque Industrial Villa Maria\"},\"sameAs\":[\"https:\\\/\\\/pilt.com.ar\\\/\"],\"url\":\"https:\\\/\\\/pilt.com.ar\\\/parque-industrial\\\/author\\\/pilt2\\\/\"}]}<\/script>\n<!-- \/ Yoast SEO plugin. -->","yoast_head_json":{"title":"DOS EMPRESAS ADQUIRIERON LOTES EN EL PARQUE - PILT.com.ar","robots":{"index":"index","follow":"follow","max-snippet":"max-snippet:-1","max-image-preview":"max-image-preview:large","max-video-preview":"max-video-preview:-1"},"canonical":"https:\/\/pilt.com.ar\/parque-industrial\/dos-empresas-adquirieron-lotes-en-el-parque\/","og_locale":"es_ES","og_type":"article","og_title":"DOS EMPRESAS ADQUIRIERON LOTES EN EL PARQUE - PILT.com.ar","og_description":"El PILT sum\u00f3 dos nuevas empresas de la ciudad y regi\u00f3n al predio, donde planean desarrollar importantes proyectos. Con la r\u00fabrica de los boletos de compra \u2013 venta, concretada recientemente, dos empresas comenzaron a formar parte del Parque Industrial, Log\u00edstico y Tecnol\u00f3gico Villa Mar\u00eda (PILT). Se trata de las firmas Expreso Bollatti, oriunda de la [&hellip;]","og_url":"https:\/\/pilt.com.ar\/parque-industrial\/dos-empresas-adquirieron-lotes-en-el-parque\/","og_site_name":"PILT.com.ar","article_published_time":"2023-06-30T22:10:54+00:00","article_modified_time":"2023-07-08T03:13:48+00:00","og_image":[{"width":1024,"height":808,"url":"https:\/\/i0.wp.com\/pilt.com.ar\/parque-industrial\/wp-content\/uploads\/2023\/06\/administracion-pilt-1.jpeg?fit=1024%2C808&ssl=1","type":"image\/jpeg"}],"author":"Parque Industrial Villa Maria","twitter_card":"summary_large_image","twitter_misc":{"Escrito por":"Parque Industrial Villa Maria","Tiempo de lectura":"2 minutos"},"schema":{"@context":"https:\/\/schema.org","@graph":[{"@type":"Article","@id":"https:\/\/pilt.com.ar\/parque-industrial\/dos-empresas-adquirieron-lotes-en-el-parque\/#article","isPartOf":{"@id":"https:\/\/pilt.com.ar\/parque-industrial\/dos-empresas-adquirieron-lotes-en-el-parque\/"},"author":{"name":"Parque Industrial Villa Maria","@id":"https:\/\/pilt.com.ar\/parque-industrial\/#\/schema\/person\/97af6d67c1a0eb85782ad2e439e29b41"},"headline":"DOS EMPRESAS ADQUIRIERON LOTES EN EL PARQUE","datePublished":"2023-06-30T22:10:54+00:00","dateModified":"2023-07-08T03:13:48+00:00","mainEntityOfPage":{"@id":"https:\/\/pilt.com.ar\/parque-industrial\/dos-empresas-adquirieron-lotes-en-el-parque\/"},"wordCount":352,"commentCount":0,"image":{"@id":"https:\/\/pilt.com.ar\/parque-industrial\/dos-empresas-adquirieron-lotes-en-el-parque\/#primaryimage"},"thumbnailUrl":"https:\/\/i0.wp.com\/pilt.com.ar\/parque-industrial\/wp-content\/uploads\/2023\/06\/administracion-pilt-1.jpeg?fit=1024%2C808&ssl=1","articleSection":["Noticias"],"inLanguage":"es","potentialAction":[{"@type":"CommentAction","name":"Comment","target":["https:\/\/pilt.com.ar\/parque-industrial\/dos-empresas-adquirieron-lotes-en-el-parque\/#respond"]}]},{"@type":"WebPage","@id":"https:\/\/pilt.com.ar\/parque-industrial\/dos-empresas-adquirieron-lotes-en-el-parque\/","url":"https:\/\/pilt.com.ar\/parque-industrial\/dos-empresas-adquirieron-lotes-en-el-parque\/","name":"DOS EMPRESAS ADQUIRIERON LOTES EN EL PARQUE - PILT.com.ar","isPartOf":{"@id":"https:\/\/pilt.com.ar\/parque-industrial\/#website"},"primaryImageOfPage":{"@id":"https:\/\/pilt.com.ar\/parque-industrial\/dos-empresas-adquirieron-lotes-en-el-parque\/#primaryimage"},"image":{"@id":"https:\/\/pilt.com.ar\/parque-industrial\/dos-empresas-adquirieron-lotes-en-el-parque\/#primaryimage"},"thumbnailUrl":"https:\/\/i0.wp.com\/pilt.com.ar\/parque-industrial\/wp-content\/uploads\/2023\/06\/administracion-pilt-1.jpeg?fit=1024%2C808&ssl=1","datePublished":"2023-06-30T22:10:54+00:00","dateModified":"2023-07-08T03:13:48+00:00","author":{"@id":"https:\/\/pilt.com.ar\/parque-industrial\/#\/schema\/person\/97af6d67c1a0eb85782ad2e439e29b41"},"inLanguage":"es","potentialAction":[{"@type":"ReadAction","target":["https:\/\/pilt.com.ar\/parque-industrial\/dos-empresas-adquirieron-lotes-en-el-parque\/"]}]},{"@type":"ImageObject","inLanguage":"es","@id":"https:\/\/pilt.com.ar\/parque-industrial\/dos-empresas-adquirieron-lotes-en-el-parque\/#primaryimage","url":"https:\/\/i0.wp.com\/pilt.com.ar\/parque-industrial\/wp-content\/uploads\/2023\/06\/administracion-pilt-1.jpeg?fit=1024%2C808&ssl=1","contentUrl":"https:\/\/i0.wp.com\/pilt.com.ar\/parque-industrial\/wp-content\/uploads\/2023\/06\/administracion-pilt-1.jpeg?fit=1024%2C808&ssl=1","width":1024,"height":808},{"@type":"WebSite","@id":"https:\/\/pilt.com.ar\/parque-industrial\/#website","url":"https:\/\/pilt.com.ar\/parque-industrial\/","name":"PILT.com.ar","description":"Parque Industrial, Log\u00edstico y Tecnol\u00f3gico Villa Mar\u00eda","potentialAction":[{"@type":"SearchAction","target":{"@type":"EntryPoint","urlTemplate":"https:\/\/pilt.com.ar\/parque-industrial\/?s={search_term_string}"},"query-input":{"@type":"PropertyValueSpecification","valueRequired":true,"valueName":"search_term_string"}}],"inLanguage":"es"},{"@type":"Person","@id":"https:\/\/pilt.com.ar\/parque-industrial\/#\/schema\/person\/97af6d67c1a0eb85782ad2e439e29b41","name":"Parque Industrial Villa Maria","image":{"@type":"ImageObject","inLanguage":"es","@id":"https:\/\/secure.gravatar.com\/avatar\/aa6b236a85f5b231f19a07958c0bb61a128df42de269157a53304737730551ce?s=96&d=mm&r=g","url":"https:\/\/secure.gravatar.com\/avatar\/aa6b236a85f5b231f19a07958c0bb61a128df42de269157a53304737730551ce?s=96&d=mm&r=g","contentUrl":"https:\/\/secure.gravatar.com\/avatar\/aa6b236a85f5b231f19a07958c0bb61a128df42de269157a53304737730551ce?s=96&d=mm&r=g","caption":"Parque Industrial Villa Maria"},"sameAs":["https:\/\/pilt.com.ar\/"],"url":"https:\/\/pilt.com.ar\/parque-industrial\/author\/pilt2\/"}]}},"jetpack_featured_media_url":"https:\/\/i0.wp.com\/pilt.com.ar\/parque-industrial\/wp-content\/uploads\/2023\/06\/administracion-pilt-1.jpeg?fit=1024%2C808&ssl=1","jetpack_sharing_enabled":true,"_links":{"self":[{"href":"https:\/\/pilt.com.ar\/parque-industrial\/wp-json\/wp\/v2\/posts\/2839","targetHints":{"allow":["GET"]}}],"collection":[{"href":"https:\/\/pilt.com.ar\/parque-industrial\/wp-json\/wp\/v2\/posts"}],"about":[{"href":"https:\/\/pilt.com.ar\/parque-industrial\/wp-json\/wp\/v2\/types\/post"}],"author":[{"embeddable":true,"href":"https:\/\/pilt.com.ar\/parque-industrial\/wp-json\/wp\/v2\/users\/4"}],"replies":[{"embeddable":true,"href":"https:\/\/pilt.com.ar\/parque-industrial\/wp-json\/wp\/v2\/comments?post=2839"}],"version-history":[{"count":3,"href":"https:\/\/pilt.com.ar\/parque-industrial\/wp-json\/wp\/v2\/posts\/2839\/revisions"}],"predecessor-version":[{"id":2848,"href":"https:\/\/pilt.com.ar\/parque-industrial\/wp-json\/wp\/v2\/posts\/2839\/revisions\/2848"}],"wp:featuredmedia":[{"embeddable":true,"href":"https:\/\/pilt.com.ar\/parque-industrial\/wp-json\/wp\/v2\/media\/2846"}],"wp:attachment":[{"href":"https:\/\/pilt.com.ar\/parque-industrial\/wp-json\/wp\/v2\/media?parent=2839"}],"wp:term":[{"taxonomy":"category","embeddable":true,"href":"https:\/\/pilt.com.ar\/parque-industrial\/wp-json\/wp\/v2\/categories?post=2839"},{"taxonomy":"post_tag","embeddable":true,"href":"https:\/\/pilt.com.ar\/parque-industrial\/wp-json\/wp\/v2\/tags?post=2839"}],"curies":[{"name":"wp","href":"https:\/\/api.w.org\/{rel}","templated":true}]}}