{"id":2834,"date":"2023-06-16T16:14:56","date_gmt":"2023-06-16T19:14:56","guid":{"rendered":"https:\/\/pilt.com.ar\/parque-industrial\/?p=2834"},"modified":"2023-06-16T16:14:56","modified_gmt":"2023-06-16T19:14:56","slug":"el-pilt-celebro-un-convenio-con-empresa-de-medicina-prepaga","status":"publish","type":"post","link":"https:\/\/pilt.com.ar\/parque-industrial\/el-pilt-celebro-un-convenio-con-empresa-de-medicina-prepaga\/","title":{"rendered":"EL PILT CELEBR\u00d3 UN CONVENIO CON EMPRESA DE MEDICINA PREPAGA"},"content":{"rendered":"\n<p class=\"has-text-align-center\"><em>El acuerdo se realiz\u00f3 con OSDE, a los fines de incorporar beneficios para empresarios y colaboradores de las organizaciones.<\/em><\/p>\n\n\n\n<p class=\"has-text-align-justify\">La Administraci\u00f3n del Parque Industrial, Log\u00edstico y Tecnol\u00f3gico Villa Mar\u00eda (PILT) contin\u00faa desarrollando acciones para lograr beneficios para las empresas asociadas, a trav\u00e9s de convenios de colaboraci\u00f3n con diferentes entidades.<\/p>\n\n\n\n<p class=\"has-text-align-justify\">En ese sentido, el gerente Carlos Montoto Galiano represent\u00f3 al Ente en el acuerdo rubricado con OSDE, que prev\u00e9 beneficios que superan las condiciones de los diferentes planes de salud que ofrece la reconocida firma de medicina prepaga. Seg\u00fan indica el convenio, ser\u00e1n objeto de los servicios preferenciales empresarios y empleados de las industrias emplazadas en el predio, quienes recibir\u00e1n una credencial virtual, personal e intransferible, con la que tendr\u00e1n acceso a los servicios de salud contratados, cuyo alcance de cobertura estar\u00e1 establecido por el plan elegido.<\/p>\n\n\n\n<p class=\"has-text-align-justify\">Cabe mencionar que el convenio tendr\u00e1 una duraci\u00f3n de 12 meses y se considerar\u00e1 autom\u00e1ticamente renovado por igual per\u00edodo si dos meses antes del vencimiento ninguna de las partes declara su voluntad en contrario.<\/p>\n\n\n\n<p class=\"has-text-align-justify\"><strong>Visitas<\/strong> Siguiendo con la pol\u00edtica de vinculaci\u00f3n con distintas instituciones del medio, d\u00edas atr\u00e1s visitaron el PILT estudiantes de 6\u00b0 a\u00f1o del IPEM 147 Manuel Anselmo Ocampo y estudiantes de 5\u00b0 a\u00f1o del Colegio Rivadavia. Como es habitual, los alumnos fueron recibidos en la Administraci\u00f3n de la entidad, en donde se les explic\u00f3 el funcionamiento y las tareas que se realizan, y posteriormente se trasladaron a las instalaciones de la empresa Caf\u00e9 Ruiz y PYL Neum\u00e1ticos. All\u00ed conocieron los procesos industriales que llevan adelante en ambas firmas y las caracter\u00edsticas de sus productos<\/p>\n","protected":false},"excerpt":{"rendered":"<p>El acuerdo se realiz\u00f3 con OSDE, a los fines de incorporar beneficios para empresarios y colaboradores de las organizaciones. La Administraci\u00f3n del Parque Industrial, Log\u00edstico y Tecnol\u00f3gico Villa Mar\u00eda (PILT) contin\u00faa desarrollando acciones para lograr beneficios para las empresas asociadas, a trav\u00e9s de convenios de colaboraci\u00f3n con diferentes entidades. En ese sentido, el gerente Carlos [&hellip;]<\/p>\n","protected":false},"author":3,"featured_media":2835,"comment_status":"open","ping_status":"open","sticky":false,"template":"","format":"standard","meta":{"_jetpack_memberships_contains_paid_content":false,"footnotes":""},"categories":[2],"tags":[],"class_list":["post-2834","post","type-post","status-publish","format-standard","has-post-thumbnail","hentry","category-noticias"],"yoast_head":"<!-- This site is optimized with the Yoast SEO plugin v27.5 - https:\/\/yoast.com\/product\/yoast-seo-wordpress\/ -->\n<title>EL PILT CELEBR\u00d3 UN CONVENIO CON EMPRESA DE MEDICINA PREPAGA - PILT.com.ar<\/title>\n<meta name=\"robots\" content=\"index, follow, max-snippet:-1, max-image-preview:large, max-video-preview:-1\" \/>\n<link rel=\"canonical\" href=\"https:\/\/pilt.com.ar\/parque-industrial\/el-pilt-celebro-un-convenio-con-empresa-de-medicina-prepaga\/\" \/>\n<meta property=\"og:locale\" content=\"es_ES\" \/>\n<meta property=\"og:type\" content=\"article\" \/>\n<meta property=\"og:title\" content=\"EL PILT CELEBR\u00d3 UN CONVENIO CON EMPRESA DE MEDICINA PREPAGA - PILT.com.ar\" \/>\n<meta property=\"og:description\" content=\"El acuerdo se realiz\u00f3 con OSDE, a los fines de incorporar beneficios para empresarios y colaboradores de las organizaciones. La Administraci\u00f3n del Parque Industrial, Log\u00edstico y Tecnol\u00f3gico Villa Mar\u00eda (PILT) contin\u00faa desarrollando acciones para lograr beneficios para las empresas asociadas, a trav\u00e9s de convenios de colaboraci\u00f3n con diferentes entidades. En ese sentido, el gerente Carlos [&hellip;]\" \/>\n<meta property=\"og:url\" content=\"https:\/\/pilt.com.ar\/parque-industrial\/el-pilt-celebro-un-convenio-con-empresa-de-medicina-prepaga\/\" \/>\n<meta property=\"og:site_name\" content=\"PILT.com.ar\" \/>\n<meta property=\"article:published_time\" content=\"2023-06-16T19:14:56+00:00\" \/>\n<meta property=\"og:image\" content=\"https:\/\/i0.wp.com\/pilt.com.ar\/parque-industrial\/wp-content\/uploads\/2023\/06\/WhatsApp-Image-2023-06-15-at-09.31.34-1.jpeg?fit=1600%2C1200&ssl=1\" \/>\n\t<meta property=\"og:image:width\" content=\"1600\" \/>\n\t<meta property=\"og:image:height\" content=\"1200\" \/>\n\t<meta property=\"og:image:type\" content=\"image\/jpeg\" \/>\n<meta name=\"author\" content=\"PILT\" \/>\n<meta name=\"twitter:card\" content=\"summary_large_image\" \/>\n<meta name=\"twitter:label1\" content=\"Escrito por\" \/>\n\t<meta name=\"twitter:data1\" content=\"PILT\" \/>\n\t<meta name=\"twitter:label2\" content=\"Tiempo de lectura\" \/>\n\t<meta name=\"twitter:data2\" content=\"2 minutos\" \/>\n<script type=\"application\/ld+json\" class=\"yoast-schema-graph\">{\"@context\":\"https:\\\/\\\/schema.org\",\"@graph\":[{\"@type\":\"Article\",\"@id\":\"https:\\\/\\\/pilt.com.ar\\\/parque-industrial\\\/el-pilt-celebro-un-convenio-con-empresa-de-medicina-prepaga\\\/#article\",\"isPartOf\":{\"@id\":\"https:\\\/\\\/pilt.com.ar\\\/parque-industrial\\\/el-pilt-celebro-un-convenio-con-empresa-de-medicina-prepaga\\\/\"},\"author\":{\"name\":\"PILT\",\"@id\":\"https:\\\/\\\/pilt.com.ar\\\/parque-industrial\\\/#\\\/schema\\\/person\\\/2dfb9e2464de1c3deef20c25c30a8306\"},\"headline\":\"EL PILT CELEBR\u00d3 UN CONVENIO CON EMPRESA DE MEDICINA PREPAGA\",\"datePublished\":\"2023-06-16T19:14:56+00:00\",\"mainEntityOfPage\":{\"@id\":\"https:\\\/\\\/pilt.com.ar\\\/parque-industrial\\\/el-pilt-celebro-un-convenio-con-empresa-de-medicina-prepaga\\\/\"},\"wordCount\":292,\"commentCount\":0,\"image\":{\"@id\":\"https:\\\/\\\/pilt.com.ar\\\/parque-industrial\\\/el-pilt-celebro-un-convenio-con-empresa-de-medicina-prepaga\\\/#primaryimage\"},\"thumbnailUrl\":\"https:\\\/\\\/i0.wp.com\\\/pilt.com.ar\\\/parque-industrial\\\/wp-content\\\/uploads\\\/2023\\\/06\\\/WhatsApp-Image-2023-06-15-at-09.31.34-1.jpeg?fit=1600%2C1200&ssl=1\",\"articleSection\":[\"Noticias\"],\"inLanguage\":\"es\",\"potentialAction\":[{\"@type\":\"CommentAction\",\"name\":\"Comment\",\"target\":[\"https:\\\/\\\/pilt.com.ar\\\/parque-industrial\\\/el-pilt-celebro-un-convenio-con-empresa-de-medicina-prepaga\\\/#respond\"]}]},{\"@type\":\"WebPage\",\"@id\":\"https:\\\/\\\/pilt.com.ar\\\/parque-industrial\\\/el-pilt-celebro-un-convenio-con-empresa-de-medicina-prepaga\\\/\",\"url\":\"https:\\\/\\\/pilt.com.ar\\\/parque-industrial\\\/el-pilt-celebro-un-convenio-con-empresa-de-medicina-prepaga\\\/\",\"name\":\"EL PILT CELEBR\u00d3 UN CONVENIO CON EMPRESA DE MEDICINA PREPAGA - PILT.com.ar\",\"isPartOf\":{\"@id\":\"https:\\\/\\\/pilt.com.ar\\\/parque-industrial\\\/#website\"},\"primaryImageOfPage\":{\"@id\":\"https:\\\/\\\/pilt.com.ar\\\/parque-industrial\\\/el-pilt-celebro-un-convenio-con-empresa-de-medicina-prepaga\\\/#primaryimage\"},\"image\":{\"@id\":\"https:\\\/\\\/pilt.com.ar\\\/parque-industrial\\\/el-pilt-celebro-un-convenio-con-empresa-de-medicina-prepaga\\\/#primaryimage\"},\"thumbnailUrl\":\"https:\\\/\\\/i0.wp.com\\\/pilt.com.ar\\\/parque-industrial\\\/wp-content\\\/uploads\\\/2023\\\/06\\\/WhatsApp-Image-2023-06-15-at-09.31.34-1.jpeg?fit=1600%2C1200&ssl=1\",\"datePublished\":\"2023-06-16T19:14:56+00:00\",\"author\":{\"@id\":\"https:\\\/\\\/pilt.com.ar\\\/parque-industrial\\\/#\\\/schema\\\/person\\\/2dfb9e2464de1c3deef20c25c30a8306\"},\"inLanguage\":\"es\",\"potentialAction\":[{\"@type\":\"ReadAction\",\"target\":[\"https:\\\/\\\/pilt.com.ar\\\/parque-industrial\\\/el-pilt-celebro-un-convenio-con-empresa-de-medicina-prepaga\\\/\"]}]},{\"@type\":\"ImageObject\",\"inLanguage\":\"es\",\"@id\":\"https:\\\/\\\/pilt.com.ar\\\/parque-industrial\\\/el-pilt-celebro-un-convenio-con-empresa-de-medicina-prepaga\\\/#primaryimage\",\"url\":\"https:\\\/\\\/i0.wp.com\\\/pilt.com.ar\\\/parque-industrial\\\/wp-content\\\/uploads\\\/2023\\\/06\\\/WhatsApp-Image-2023-06-15-at-09.31.34-1.jpeg?fit=1600%2C1200&ssl=1\",\"contentUrl\":\"https:\\\/\\\/i0.wp.com\\\/pilt.com.ar\\\/parque-industrial\\\/wp-content\\\/uploads\\\/2023\\\/06\\\/WhatsApp-Image-2023-06-15-at-09.31.34-1.jpeg?fit=1600%2C1200&ssl=1\",\"width\":1600,\"height\":1200},{\"@type\":\"WebSite\",\"@id\":\"https:\\\/\\\/pilt.com.ar\\\/parque-industrial\\\/#website\",\"url\":\"https:\\\/\\\/pilt.com.ar\\\/parque-industrial\\\/\",\"name\":\"PILT.com.ar\",\"description\":\"Parque Industrial, Log\u00edstico y Tecnol\u00f3gico Villa Mar\u00eda\",\"potentialAction\":[{\"@type\":\"SearchAction\",\"target\":{\"@type\":\"EntryPoint\",\"urlTemplate\":\"https:\\\/\\\/pilt.com.ar\\\/parque-industrial\\\/?s={search_term_string}\"},\"query-input\":{\"@type\":\"PropertyValueSpecification\",\"valueRequired\":true,\"valueName\":\"search_term_string\"}}],\"inLanguage\":\"es\"},{\"@type\":\"Person\",\"@id\":\"https:\\\/\\\/pilt.com.ar\\\/parque-industrial\\\/#\\\/schema\\\/person\\\/2dfb9e2464de1c3deef20c25c30a8306\",\"name\":\"PILT\",\"image\":{\"@type\":\"ImageObject\",\"inLanguage\":\"es\",\"@id\":\"https:\\\/\\\/secure.gravatar.com\\\/avatar\\\/5e3734c8d8c8e0b0d45f923c14a14d7b90521d573d02f0d91360a777095ee42b?s=96&d=mm&r=g\",\"url\":\"https:\\\/\\\/secure.gravatar.com\\\/avatar\\\/5e3734c8d8c8e0b0d45f923c14a14d7b90521d573d02f0d91360a777095ee42b?s=96&d=mm&r=g\",\"contentUrl\":\"https:\\\/\\\/secure.gravatar.com\\\/avatar\\\/5e3734c8d8c8e0b0d45f923c14a14d7b90521d573d02f0d91360a777095ee42b?s=96&d=mm&r=g\",\"caption\":\"PILT\"},\"url\":\"https:\\\/\\\/pilt.com.ar\\\/parque-industrial\\\/author\\\/pilt\\\/\"}]}<\/script>\n<!-- \/ Yoast SEO plugin. -->","yoast_head_json":{"title":"EL PILT CELEBR\u00d3 UN CONVENIO CON EMPRESA DE MEDICINA PREPAGA - PILT.com.ar","robots":{"index":"index","follow":"follow","max-snippet":"max-snippet:-1","max-image-preview":"max-image-preview:large","max-video-preview":"max-video-preview:-1"},"canonical":"https:\/\/pilt.com.ar\/parque-industrial\/el-pilt-celebro-un-convenio-con-empresa-de-medicina-prepaga\/","og_locale":"es_ES","og_type":"article","og_title":"EL PILT CELEBR\u00d3 UN CONVENIO CON EMPRESA DE MEDICINA PREPAGA - PILT.com.ar","og_description":"El acuerdo se realiz\u00f3 con OSDE, a los fines de incorporar beneficios para empresarios y colaboradores de las organizaciones. La Administraci\u00f3n del Parque Industrial, Log\u00edstico y Tecnol\u00f3gico Villa Mar\u00eda (PILT) contin\u00faa desarrollando acciones para lograr beneficios para las empresas asociadas, a trav\u00e9s de convenios de colaboraci\u00f3n con diferentes entidades. En ese sentido, el gerente Carlos [&hellip;]","og_url":"https:\/\/pilt.com.ar\/parque-industrial\/el-pilt-celebro-un-convenio-con-empresa-de-medicina-prepaga\/","og_site_name":"PILT.com.ar","article_published_time":"2023-06-16T19:14:56+00:00","og_image":[{"width":1600,"height":1200,"url":"https:\/\/i0.wp.com\/pilt.com.ar\/parque-industrial\/wp-content\/uploads\/2023\/06\/WhatsApp-Image-2023-06-15-at-09.31.34-1.jpeg?fit=1600%2C1200&ssl=1","type":"image\/jpeg"}],"author":"PILT","twitter_card":"summary_large_image","twitter_misc":{"Escrito por":"PILT","Tiempo de lectura":"2 minutos"},"schema":{"@context":"https:\/\/schema.org","@graph":[{"@type":"Article","@id":"https:\/\/pilt.com.ar\/parque-industrial\/el-pilt-celebro-un-convenio-con-empresa-de-medicina-prepaga\/#article","isPartOf":{"@id":"https:\/\/pilt.com.ar\/parque-industrial\/el-pilt-celebro-un-convenio-con-empresa-de-medicina-prepaga\/"},"author":{"name":"PILT","@id":"https:\/\/pilt.com.ar\/parque-industrial\/#\/schema\/person\/2dfb9e2464de1c3deef20c25c30a8306"},"headline":"EL PILT CELEBR\u00d3 UN CONVENIO CON EMPRESA DE MEDICINA PREPAGA","datePublished":"2023-06-16T19:14:56+00:00","mainEntityOfPage":{"@id":"https:\/\/pilt.com.ar\/parque-industrial\/el-pilt-celebro-un-convenio-con-empresa-de-medicina-prepaga\/"},"wordCount":292,"commentCount":0,"image":{"@id":"https:\/\/pilt.com.ar\/parque-industrial\/el-pilt-celebro-un-convenio-con-empresa-de-medicina-prepaga\/#primaryimage"},"thumbnailUrl":"https:\/\/i0.wp.com\/pilt.com.ar\/parque-industrial\/wp-content\/uploads\/2023\/06\/WhatsApp-Image-2023-06-15-at-09.31.34-1.jpeg?fit=1600%2C1200&ssl=1","articleSection":["Noticias"],"inLanguage":"es","potentialAction":[{"@type":"CommentAction","name":"Comment","target":["https:\/\/pilt.com.ar\/parque-industrial\/el-pilt-celebro-un-convenio-con-empresa-de-medicina-prepaga\/#respond"]}]},{"@type":"WebPage","@id":"https:\/\/pilt.com.ar\/parque-industrial\/el-pilt-celebro-un-convenio-con-empresa-de-medicina-prepaga\/","url":"https:\/\/pilt.com.ar\/parque-industrial\/el-pilt-celebro-un-convenio-con-empresa-de-medicina-prepaga\/","name":"EL PILT CELEBR\u00d3 UN CONVENIO CON EMPRESA DE MEDICINA PREPAGA - PILT.com.ar","isPartOf":{"@id":"https:\/\/pilt.com.ar\/parque-industrial\/#website"},"primaryImageOfPage":{"@id":"https:\/\/pilt.com.ar\/parque-industrial\/el-pilt-celebro-un-convenio-con-empresa-de-medicina-prepaga\/#primaryimage"},"image":{"@id":"https:\/\/pilt.com.ar\/parque-industrial\/el-pilt-celebro-un-convenio-con-empresa-de-medicina-prepaga\/#primaryimage"},"thumbnailUrl":"https:\/\/i0.wp.com\/pilt.com.ar\/parque-industrial\/wp-content\/uploads\/2023\/06\/WhatsApp-Image-2023-06-15-at-09.31.34-1.jpeg?fit=1600%2C1200&ssl=1","datePublished":"2023-06-16T19:14:56+00:00","author":{"@id":"https:\/\/pilt.com.ar\/parque-industrial\/#\/schema\/person\/2dfb9e2464de1c3deef20c25c30a8306"},"inLanguage":"es","potentialAction":[{"@type":"ReadAction","target":["https:\/\/pilt.com.ar\/parque-industrial\/el-pilt-celebro-un-convenio-con-empresa-de-medicina-prepaga\/"]}]},{"@type":"ImageObject","inLanguage":"es","@id":"https:\/\/pilt.com.ar\/parque-industrial\/el-pilt-celebro-un-convenio-con-empresa-de-medicina-prepaga\/#primaryimage","url":"https:\/\/i0.wp.com\/pilt.com.ar\/parque-industrial\/wp-content\/uploads\/2023\/06\/WhatsApp-Image-2023-06-15-at-09.31.34-1.jpeg?fit=1600%2C1200&ssl=1","contentUrl":"https:\/\/i0.wp.com\/pilt.com.ar\/parque-industrial\/wp-content\/uploads\/2023\/06\/WhatsApp-Image-2023-06-15-at-09.31.34-1.jpeg?fit=1600%2C1200&ssl=1","width":1600,"height":1200},{"@type":"WebSite","@id":"https:\/\/pilt.com.ar\/parque-industrial\/#website","url":"https:\/\/pilt.com.ar\/parque-industrial\/","name":"PILT.com.ar","description":"Parque Industrial, Log\u00edstico y Tecnol\u00f3gico Villa Mar\u00eda","potentialAction":[{"@type":"SearchAction","target":{"@type":"EntryPoint","urlTemplate":"https:\/\/pilt.com.ar\/parque-industrial\/?s={search_term_string}"},"query-input":{"@type":"PropertyValueSpecification","valueRequired":true,"valueName":"search_term_string"}}],"inLanguage":"es"},{"@type":"Person","@id":"https:\/\/pilt.com.ar\/parque-industrial\/#\/schema\/person\/2dfb9e2464de1c3deef20c25c30a8306","name":"PILT","image":{"@type":"ImageObject","inLanguage":"es","@id":"https:\/\/secure.gravatar.com\/avatar\/5e3734c8d8c8e0b0d45f923c14a14d7b90521d573d02f0d91360a777095ee42b?s=96&d=mm&r=g","url":"https:\/\/secure.gravatar.com\/avatar\/5e3734c8d8c8e0b0d45f923c14a14d7b90521d573d02f0d91360a777095ee42b?s=96&d=mm&r=g","contentUrl":"https:\/\/secure.gravatar.com\/avatar\/5e3734c8d8c8e0b0d45f923c14a14d7b90521d573d02f0d91360a777095ee42b?s=96&d=mm&r=g","caption":"PILT"},"url":"https:\/\/pilt.com.ar\/parque-industrial\/author\/pilt\/"}]}},"jetpack_featured_media_url":"https:\/\/i0.wp.com\/pilt.com.ar\/parque-industrial\/wp-content\/uploads\/2023\/06\/WhatsApp-Image-2023-06-15-at-09.31.34-1.jpeg?fit=1600%2C1200&ssl=1","jetpack_sharing_enabled":true,"_links":{"self":[{"href":"https:\/\/pilt.com.ar\/parque-industrial\/wp-json\/wp\/v2\/posts\/2834","targetHints":{"allow":["GET"]}}],"collection":[{"href":"https:\/\/pilt.com.ar\/parque-industrial\/wp-json\/wp\/v2\/posts"}],"about":[{"href":"https:\/\/pilt.com.ar\/parque-industrial\/wp-json\/wp\/v2\/types\/post"}],"author":[{"embeddable":true,"href":"https:\/\/pilt.com.ar\/parque-industrial\/wp-json\/wp\/v2\/users\/3"}],"replies":[{"embeddable":true,"href":"https:\/\/pilt.com.ar\/parque-industrial\/wp-json\/wp\/v2\/comments?post=2834"}],"version-history":[{"count":1,"href":"https:\/\/pilt.com.ar\/parque-industrial\/wp-json\/wp\/v2\/posts\/2834\/revisions"}],"predecessor-version":[{"id":2836,"href":"https:\/\/pilt.com.ar\/parque-industrial\/wp-json\/wp\/v2\/posts\/2834\/revisions\/2836"}],"wp:featuredmedia":[{"embeddable":true,"href":"https:\/\/pilt.com.ar\/parque-industrial\/wp-json\/wp\/v2\/media\/2835"}],"wp:attachment":[{"href":"https:\/\/pilt.com.ar\/parque-industrial\/wp-json\/wp\/v2\/media?parent=2834"}],"wp:term":[{"taxonomy":"category","embeddable":true,"href":"https:\/\/pilt.com.ar\/parque-industrial\/wp-json\/wp\/v2\/categories?post=2834"},{"taxonomy":"post_tag","embeddable":true,"href":"https:\/\/pilt.com.ar\/parque-industrial\/wp-json\/wp\/v2\/tags?post=2834"}],"curies":[{"name":"wp","href":"https:\/\/api.w.org\/{rel}","templated":true}]}}