{"id":2814,"date":"2023-06-09T15:51:39","date_gmt":"2023-06-09T18:51:39","guid":{"rendered":"https:\/\/pilt.com.ar\/parque-industrial\/?p=2814"},"modified":"2023-06-09T15:51:40","modified_gmt":"2023-06-09T18:51:40","slug":"importante-avance-de-obra-registra-la-nave-para-emprendedores-ii","status":"publish","type":"post","link":"https:\/\/pilt.com.ar\/parque-industrial\/importante-avance-de-obra-registra-la-nave-para-emprendedores-ii\/","title":{"rendered":"IMPORTANTE AVANCE DE OBRA REGISTRA LA NAVE PARA EMPRENDEDORES II"},"content":{"rendered":"\n<p class=\"has-text-align-center\"><em>El espacio creado para brindar un espacio \u00f3ptimo para emprendedores est\u00e1 ingresando en la \u00faltima fase constructiva.<\/em><em><\/em><\/p>\n\n\n\n<p class=\"has-text-align-justify\">Un gran avance de obra viene registrando en los \u00faltimos meses la Nave para Emprendedores II, entrando pr\u00e1cticamente en la \u00faltima etapa constructiva. Justamente d\u00edas pasados finaliz\u00f3 la ejecuci\u00f3n de los 8 ba\u00f1os con todas las instalaciones sanitarias, es decir, las redes de agua, gas y cloacas. Adem\u00e1s, se montaron las conexiones el\u00e9ctricas de los mismos.<\/p>\n\n\n\n<p class=\"has-text-align-justify\">Otra cuesti\u00f3n significativa es la habilitaci\u00f3n para el suministro de gas por parte del organismo correspondiente, tr\u00e1mite que generalmente ocupa un tiempo considerable en las obras por las especificidades t\u00e9cnicas que requiere.<\/p>\n\n\n\n<p class=\"has-text-align-justify\">En los pr\u00f3ximos d\u00edas Cortech Industria, empresa que lleva a cabo el montaje llave en mano de la obra, comenzar\u00e1 con la divisi\u00f3n interna de los salones que contendr\u00e1 la nave, que se har\u00e1 con el sistema Steel Frame, con armadura de perfiler\u00eda y placas t\u00e9rmicas de poliuretano.<\/p>\n\n\n\n<p class=\"has-text-align-justify\">Seg\u00fan destacaron en la empresa encargada de la obra, se trata de una innovaci\u00f3n para ese tipo de naves industriales.<\/p>\n\n\n\n<p><strong>Nave<\/strong><strong><\/strong><\/p>\n\n\n\n<p class=\"has-text-align-justify\">Cabe se\u00f1alar que el proyecto contempla la construcci\u00f3n de una nave industrial de 30 metros de frente por 50 de largo, completando una superficie \u00fatil de 1.500 metros cuadrados. All\u00ed se alojar\u00e1n ocho locales de iguales dimensiones, contando cada uno de ellos con todos los servicios necesarios para poder realizar las actividades productivas. El desarrollo se completa con una calle perimetral iluminada y se\u00f1alizada, que facilitar\u00e1 el ingreso a los locales.&nbsp;<\/p>\n\n\n\n<p class=\"has-text-align-justify\">Una vez terminada la obra se receptar\u00e1n las solicitudes de los interesados, las que ser\u00e1n analizadas por una comisi\u00f3n evaluadora constituida por representantes de distintas instituciones vinculadas al ecosistema emprendedor.<\/p>\n\n\n\n<p class=\"has-text-align-justify\">El Programa Nave para Emprendedores posibilita a n\u00f3veles empresas el acceso a un espacio para trabajar con un alquiler sensiblemente menor al de mercado, el que se va incrementando progresivamente a medida que los proyectos se fortalecen.&nbsp;<\/p>\n","protected":false},"excerpt":{"rendered":"<p>El espacio creado para brindar un espacio \u00f3ptimo para emprendedores est\u00e1 ingresando en la \u00faltima fase constructiva. Un gran avance de obra viene registrando en los \u00faltimos meses la Nave para Emprendedores II, entrando pr\u00e1cticamente en la \u00faltima etapa constructiva. Justamente d\u00edas pasados finaliz\u00f3 la ejecuci\u00f3n de los 8 ba\u00f1os con todas las instalaciones sanitarias, [&hellip;]<\/p>\n","protected":false},"author":3,"featured_media":2815,"comment_status":"open","ping_status":"open","sticky":false,"template":"","format":"standard","meta":{"_jetpack_memberships_contains_paid_content":false,"footnotes":""},"categories":[2],"tags":[],"class_list":["post-2814","post","type-post","status-publish","format-standard","has-post-thumbnail","hentry","category-noticias"],"yoast_head":"<!-- This site is optimized with the Yoast SEO plugin v27.5 - https:\/\/yoast.com\/product\/yoast-seo-wordpress\/ -->\n<title>IMPORTANTE AVANCE DE OBRA REGISTRA LA NAVE PARA EMPRENDEDORES II - PILT.com.ar<\/title>\n<meta name=\"robots\" content=\"index, follow, max-snippet:-1, max-image-preview:large, max-video-preview:-1\" \/>\n<link rel=\"canonical\" href=\"https:\/\/pilt.com.ar\/parque-industrial\/importante-avance-de-obra-registra-la-nave-para-emprendedores-ii\/\" \/>\n<meta property=\"og:locale\" content=\"es_ES\" \/>\n<meta property=\"og:type\" content=\"article\" \/>\n<meta property=\"og:title\" content=\"IMPORTANTE AVANCE DE OBRA REGISTRA LA NAVE PARA EMPRENDEDORES II - PILT.com.ar\" \/>\n<meta property=\"og:description\" content=\"El espacio creado para brindar un espacio \u00f3ptimo para emprendedores est\u00e1 ingresando en la \u00faltima fase constructiva. Un gran avance de obra viene registrando en los \u00faltimos meses la Nave para Emprendedores II, entrando pr\u00e1cticamente en la \u00faltima etapa constructiva. Justamente d\u00edas pasados finaliz\u00f3 la ejecuci\u00f3n de los 8 ba\u00f1os con todas las instalaciones sanitarias, [&hellip;]\" \/>\n<meta property=\"og:url\" content=\"https:\/\/pilt.com.ar\/parque-industrial\/importante-avance-de-obra-registra-la-nave-para-emprendedores-ii\/\" \/>\n<meta property=\"og:site_name\" content=\"PILT.com.ar\" \/>\n<meta property=\"article:published_time\" content=\"2023-06-09T18:51:39+00:00\" \/>\n<meta property=\"article:modified_time\" content=\"2023-06-09T18:51:40+00:00\" \/>\n<meta property=\"og:image\" content=\"https:\/\/i0.wp.com\/pilt.com.ar\/parque-industrial\/wp-content\/uploads\/2023\/06\/WhatsApp-Image-2023-06-07-at-20.54.08.jpeg?fit=1600%2C1200&ssl=1\" \/>\n\t<meta property=\"og:image:width\" content=\"1600\" \/>\n\t<meta property=\"og:image:height\" content=\"1200\" \/>\n\t<meta property=\"og:image:type\" content=\"image\/jpeg\" \/>\n<meta name=\"author\" content=\"PILT\" \/>\n<meta name=\"twitter:card\" content=\"summary_large_image\" \/>\n<meta name=\"twitter:label1\" content=\"Escrito por\" \/>\n\t<meta name=\"twitter:data1\" content=\"PILT\" \/>\n\t<meta name=\"twitter:label2\" content=\"Tiempo de lectura\" \/>\n\t<meta name=\"twitter:data2\" content=\"2 minutos\" \/>\n<script type=\"application\/ld+json\" class=\"yoast-schema-graph\">{\"@context\":\"https:\\\/\\\/schema.org\",\"@graph\":[{\"@type\":\"Article\",\"@id\":\"https:\\\/\\\/pilt.com.ar\\\/parque-industrial\\\/importante-avance-de-obra-registra-la-nave-para-emprendedores-ii\\\/#article\",\"isPartOf\":{\"@id\":\"https:\\\/\\\/pilt.com.ar\\\/parque-industrial\\\/importante-avance-de-obra-registra-la-nave-para-emprendedores-ii\\\/\"},\"author\":{\"name\":\"PILT\",\"@id\":\"https:\\\/\\\/pilt.com.ar\\\/parque-industrial\\\/#\\\/schema\\\/person\\\/2dfb9e2464de1c3deef20c25c30a8306\"},\"headline\":\"IMPORTANTE AVANCE DE OBRA REGISTRA LA NAVE PARA EMPRENDEDORES II\",\"datePublished\":\"2023-06-09T18:51:39+00:00\",\"dateModified\":\"2023-06-09T18:51:40+00:00\",\"mainEntityOfPage\":{\"@id\":\"https:\\\/\\\/pilt.com.ar\\\/parque-industrial\\\/importante-avance-de-obra-registra-la-nave-para-emprendedores-ii\\\/\"},\"wordCount\":345,\"commentCount\":0,\"image\":{\"@id\":\"https:\\\/\\\/pilt.com.ar\\\/parque-industrial\\\/importante-avance-de-obra-registra-la-nave-para-emprendedores-ii\\\/#primaryimage\"},\"thumbnailUrl\":\"https:\\\/\\\/i0.wp.com\\\/pilt.com.ar\\\/parque-industrial\\\/wp-content\\\/uploads\\\/2023\\\/06\\\/WhatsApp-Image-2023-06-07-at-20.54.08.jpeg?fit=1600%2C1200&ssl=1\",\"articleSection\":[\"Noticias\"],\"inLanguage\":\"es\",\"potentialAction\":[{\"@type\":\"CommentAction\",\"name\":\"Comment\",\"target\":[\"https:\\\/\\\/pilt.com.ar\\\/parque-industrial\\\/importante-avance-de-obra-registra-la-nave-para-emprendedores-ii\\\/#respond\"]}]},{\"@type\":\"WebPage\",\"@id\":\"https:\\\/\\\/pilt.com.ar\\\/parque-industrial\\\/importante-avance-de-obra-registra-la-nave-para-emprendedores-ii\\\/\",\"url\":\"https:\\\/\\\/pilt.com.ar\\\/parque-industrial\\\/importante-avance-de-obra-registra-la-nave-para-emprendedores-ii\\\/\",\"name\":\"IMPORTANTE AVANCE DE OBRA REGISTRA LA NAVE PARA EMPRENDEDORES II - PILT.com.ar\",\"isPartOf\":{\"@id\":\"https:\\\/\\\/pilt.com.ar\\\/parque-industrial\\\/#website\"},\"primaryImageOfPage\":{\"@id\":\"https:\\\/\\\/pilt.com.ar\\\/parque-industrial\\\/importante-avance-de-obra-registra-la-nave-para-emprendedores-ii\\\/#primaryimage\"},\"image\":{\"@id\":\"https:\\\/\\\/pilt.com.ar\\\/parque-industrial\\\/importante-avance-de-obra-registra-la-nave-para-emprendedores-ii\\\/#primaryimage\"},\"thumbnailUrl\":\"https:\\\/\\\/i0.wp.com\\\/pilt.com.ar\\\/parque-industrial\\\/wp-content\\\/uploads\\\/2023\\\/06\\\/WhatsApp-Image-2023-06-07-at-20.54.08.jpeg?fit=1600%2C1200&ssl=1\",\"datePublished\":\"2023-06-09T18:51:39+00:00\",\"dateModified\":\"2023-06-09T18:51:40+00:00\",\"author\":{\"@id\":\"https:\\\/\\\/pilt.com.ar\\\/parque-industrial\\\/#\\\/schema\\\/person\\\/2dfb9e2464de1c3deef20c25c30a8306\"},\"inLanguage\":\"es\",\"potentialAction\":[{\"@type\":\"ReadAction\",\"target\":[\"https:\\\/\\\/pilt.com.ar\\\/parque-industrial\\\/importante-avance-de-obra-registra-la-nave-para-emprendedores-ii\\\/\"]}]},{\"@type\":\"ImageObject\",\"inLanguage\":\"es\",\"@id\":\"https:\\\/\\\/pilt.com.ar\\\/parque-industrial\\\/importante-avance-de-obra-registra-la-nave-para-emprendedores-ii\\\/#primaryimage\",\"url\":\"https:\\\/\\\/i0.wp.com\\\/pilt.com.ar\\\/parque-industrial\\\/wp-content\\\/uploads\\\/2023\\\/06\\\/WhatsApp-Image-2023-06-07-at-20.54.08.jpeg?fit=1600%2C1200&ssl=1\",\"contentUrl\":\"https:\\\/\\\/i0.wp.com\\\/pilt.com.ar\\\/parque-industrial\\\/wp-content\\\/uploads\\\/2023\\\/06\\\/WhatsApp-Image-2023-06-07-at-20.54.08.jpeg?fit=1600%2C1200&ssl=1\",\"width\":1600,\"height\":1200},{\"@type\":\"WebSite\",\"@id\":\"https:\\\/\\\/pilt.com.ar\\\/parque-industrial\\\/#website\",\"url\":\"https:\\\/\\\/pilt.com.ar\\\/parque-industrial\\\/\",\"name\":\"PILT.com.ar\",\"description\":\"Parque Industrial, Log\u00edstico y Tecnol\u00f3gico Villa Mar\u00eda\",\"potentialAction\":[{\"@type\":\"SearchAction\",\"target\":{\"@type\":\"EntryPoint\",\"urlTemplate\":\"https:\\\/\\\/pilt.com.ar\\\/parque-industrial\\\/?s={search_term_string}\"},\"query-input\":{\"@type\":\"PropertyValueSpecification\",\"valueRequired\":true,\"valueName\":\"search_term_string\"}}],\"inLanguage\":\"es\"},{\"@type\":\"Person\",\"@id\":\"https:\\\/\\\/pilt.com.ar\\\/parque-industrial\\\/#\\\/schema\\\/person\\\/2dfb9e2464de1c3deef20c25c30a8306\",\"name\":\"PILT\",\"image\":{\"@type\":\"ImageObject\",\"inLanguage\":\"es\",\"@id\":\"https:\\\/\\\/secure.gravatar.com\\\/avatar\\\/5e3734c8d8c8e0b0d45f923c14a14d7b90521d573d02f0d91360a777095ee42b?s=96&d=mm&r=g\",\"url\":\"https:\\\/\\\/secure.gravatar.com\\\/avatar\\\/5e3734c8d8c8e0b0d45f923c14a14d7b90521d573d02f0d91360a777095ee42b?s=96&d=mm&r=g\",\"contentUrl\":\"https:\\\/\\\/secure.gravatar.com\\\/avatar\\\/5e3734c8d8c8e0b0d45f923c14a14d7b90521d573d02f0d91360a777095ee42b?s=96&d=mm&r=g\",\"caption\":\"PILT\"},\"url\":\"https:\\\/\\\/pilt.com.ar\\\/parque-industrial\\\/author\\\/pilt\\\/\"}]}<\/script>\n<!-- \/ Yoast SEO plugin. -->","yoast_head_json":{"title":"IMPORTANTE AVANCE DE OBRA REGISTRA LA NAVE PARA EMPRENDEDORES II - PILT.com.ar","robots":{"index":"index","follow":"follow","max-snippet":"max-snippet:-1","max-image-preview":"max-image-preview:large","max-video-preview":"max-video-preview:-1"},"canonical":"https:\/\/pilt.com.ar\/parque-industrial\/importante-avance-de-obra-registra-la-nave-para-emprendedores-ii\/","og_locale":"es_ES","og_type":"article","og_title":"IMPORTANTE AVANCE DE OBRA REGISTRA LA NAVE PARA EMPRENDEDORES II - PILT.com.ar","og_description":"El espacio creado para brindar un espacio \u00f3ptimo para emprendedores est\u00e1 ingresando en la \u00faltima fase constructiva. Un gran avance de obra viene registrando en los \u00faltimos meses la Nave para Emprendedores II, entrando pr\u00e1cticamente en la \u00faltima etapa constructiva. Justamente d\u00edas pasados finaliz\u00f3 la ejecuci\u00f3n de los 8 ba\u00f1os con todas las instalaciones sanitarias, [&hellip;]","og_url":"https:\/\/pilt.com.ar\/parque-industrial\/importante-avance-de-obra-registra-la-nave-para-emprendedores-ii\/","og_site_name":"PILT.com.ar","article_published_time":"2023-06-09T18:51:39+00:00","article_modified_time":"2023-06-09T18:51:40+00:00","og_image":[{"width":1600,"height":1200,"url":"https:\/\/i0.wp.com\/pilt.com.ar\/parque-industrial\/wp-content\/uploads\/2023\/06\/WhatsApp-Image-2023-06-07-at-20.54.08.jpeg?fit=1600%2C1200&ssl=1","type":"image\/jpeg"}],"author":"PILT","twitter_card":"summary_large_image","twitter_misc":{"Escrito por":"PILT","Tiempo de lectura":"2 minutos"},"schema":{"@context":"https:\/\/schema.org","@graph":[{"@type":"Article","@id":"https:\/\/pilt.com.ar\/parque-industrial\/importante-avance-de-obra-registra-la-nave-para-emprendedores-ii\/#article","isPartOf":{"@id":"https:\/\/pilt.com.ar\/parque-industrial\/importante-avance-de-obra-registra-la-nave-para-emprendedores-ii\/"},"author":{"name":"PILT","@id":"https:\/\/pilt.com.ar\/parque-industrial\/#\/schema\/person\/2dfb9e2464de1c3deef20c25c30a8306"},"headline":"IMPORTANTE AVANCE DE OBRA REGISTRA LA NAVE PARA EMPRENDEDORES II","datePublished":"2023-06-09T18:51:39+00:00","dateModified":"2023-06-09T18:51:40+00:00","mainEntityOfPage":{"@id":"https:\/\/pilt.com.ar\/parque-industrial\/importante-avance-de-obra-registra-la-nave-para-emprendedores-ii\/"},"wordCount":345,"commentCount":0,"image":{"@id":"https:\/\/pilt.com.ar\/parque-industrial\/importante-avance-de-obra-registra-la-nave-para-emprendedores-ii\/#primaryimage"},"thumbnailUrl":"https:\/\/i0.wp.com\/pilt.com.ar\/parque-industrial\/wp-content\/uploads\/2023\/06\/WhatsApp-Image-2023-06-07-at-20.54.08.jpeg?fit=1600%2C1200&ssl=1","articleSection":["Noticias"],"inLanguage":"es","potentialAction":[{"@type":"CommentAction","name":"Comment","target":["https:\/\/pilt.com.ar\/parque-industrial\/importante-avance-de-obra-registra-la-nave-para-emprendedores-ii\/#respond"]}]},{"@type":"WebPage","@id":"https:\/\/pilt.com.ar\/parque-industrial\/importante-avance-de-obra-registra-la-nave-para-emprendedores-ii\/","url":"https:\/\/pilt.com.ar\/parque-industrial\/importante-avance-de-obra-registra-la-nave-para-emprendedores-ii\/","name":"IMPORTANTE AVANCE DE OBRA REGISTRA LA NAVE PARA EMPRENDEDORES II - PILT.com.ar","isPartOf":{"@id":"https:\/\/pilt.com.ar\/parque-industrial\/#website"},"primaryImageOfPage":{"@id":"https:\/\/pilt.com.ar\/parque-industrial\/importante-avance-de-obra-registra-la-nave-para-emprendedores-ii\/#primaryimage"},"image":{"@id":"https:\/\/pilt.com.ar\/parque-industrial\/importante-avance-de-obra-registra-la-nave-para-emprendedores-ii\/#primaryimage"},"thumbnailUrl":"https:\/\/i0.wp.com\/pilt.com.ar\/parque-industrial\/wp-content\/uploads\/2023\/06\/WhatsApp-Image-2023-06-07-at-20.54.08.jpeg?fit=1600%2C1200&ssl=1","datePublished":"2023-06-09T18:51:39+00:00","dateModified":"2023-06-09T18:51:40+00:00","author":{"@id":"https:\/\/pilt.com.ar\/parque-industrial\/#\/schema\/person\/2dfb9e2464de1c3deef20c25c30a8306"},"inLanguage":"es","potentialAction":[{"@type":"ReadAction","target":["https:\/\/pilt.com.ar\/parque-industrial\/importante-avance-de-obra-registra-la-nave-para-emprendedores-ii\/"]}]},{"@type":"ImageObject","inLanguage":"es","@id":"https:\/\/pilt.com.ar\/parque-industrial\/importante-avance-de-obra-registra-la-nave-para-emprendedores-ii\/#primaryimage","url":"https:\/\/i0.wp.com\/pilt.com.ar\/parque-industrial\/wp-content\/uploads\/2023\/06\/WhatsApp-Image-2023-06-07-at-20.54.08.jpeg?fit=1600%2C1200&ssl=1","contentUrl":"https:\/\/i0.wp.com\/pilt.com.ar\/parque-industrial\/wp-content\/uploads\/2023\/06\/WhatsApp-Image-2023-06-07-at-20.54.08.jpeg?fit=1600%2C1200&ssl=1","width":1600,"height":1200},{"@type":"WebSite","@id":"https:\/\/pilt.com.ar\/parque-industrial\/#website","url":"https:\/\/pilt.com.ar\/parque-industrial\/","name":"PILT.com.ar","description":"Parque Industrial, Log\u00edstico y Tecnol\u00f3gico Villa Mar\u00eda","potentialAction":[{"@type":"SearchAction","target":{"@type":"EntryPoint","urlTemplate":"https:\/\/pilt.com.ar\/parque-industrial\/?s={search_term_string}"},"query-input":{"@type":"PropertyValueSpecification","valueRequired":true,"valueName":"search_term_string"}}],"inLanguage":"es"},{"@type":"Person","@id":"https:\/\/pilt.com.ar\/parque-industrial\/#\/schema\/person\/2dfb9e2464de1c3deef20c25c30a8306","name":"PILT","image":{"@type":"ImageObject","inLanguage":"es","@id":"https:\/\/secure.gravatar.com\/avatar\/5e3734c8d8c8e0b0d45f923c14a14d7b90521d573d02f0d91360a777095ee42b?s=96&d=mm&r=g","url":"https:\/\/secure.gravatar.com\/avatar\/5e3734c8d8c8e0b0d45f923c14a14d7b90521d573d02f0d91360a777095ee42b?s=96&d=mm&r=g","contentUrl":"https:\/\/secure.gravatar.com\/avatar\/5e3734c8d8c8e0b0d45f923c14a14d7b90521d573d02f0d91360a777095ee42b?s=96&d=mm&r=g","caption":"PILT"},"url":"https:\/\/pilt.com.ar\/parque-industrial\/author\/pilt\/"}]}},"jetpack_featured_media_url":"https:\/\/i0.wp.com\/pilt.com.ar\/parque-industrial\/wp-content\/uploads\/2023\/06\/WhatsApp-Image-2023-06-07-at-20.54.08.jpeg?fit=1600%2C1200&ssl=1","jetpack_sharing_enabled":true,"_links":{"self":[{"href":"https:\/\/pilt.com.ar\/parque-industrial\/wp-json\/wp\/v2\/posts\/2814","targetHints":{"allow":["GET"]}}],"collection":[{"href":"https:\/\/pilt.com.ar\/parque-industrial\/wp-json\/wp\/v2\/posts"}],"about":[{"href":"https:\/\/pilt.com.ar\/parque-industrial\/wp-json\/wp\/v2\/types\/post"}],"author":[{"embeddable":true,"href":"https:\/\/pilt.com.ar\/parque-industrial\/wp-json\/wp\/v2\/users\/3"}],"replies":[{"embeddable":true,"href":"https:\/\/pilt.com.ar\/parque-industrial\/wp-json\/wp\/v2\/comments?post=2814"}],"version-history":[{"count":1,"href":"https:\/\/pilt.com.ar\/parque-industrial\/wp-json\/wp\/v2\/posts\/2814\/revisions"}],"predecessor-version":[{"id":2816,"href":"https:\/\/pilt.com.ar\/parque-industrial\/wp-json\/wp\/v2\/posts\/2814\/revisions\/2816"}],"wp:featuredmedia":[{"embeddable":true,"href":"https:\/\/pilt.com.ar\/parque-industrial\/wp-json\/wp\/v2\/media\/2815"}],"wp:attachment":[{"href":"https:\/\/pilt.com.ar\/parque-industrial\/wp-json\/wp\/v2\/media?parent=2814"}],"wp:term":[{"taxonomy":"category","embeddable":true,"href":"https:\/\/pilt.com.ar\/parque-industrial\/wp-json\/wp\/v2\/categories?post=2814"},{"taxonomy":"post_tag","embeddable":true,"href":"https:\/\/pilt.com.ar\/parque-industrial\/wp-json\/wp\/v2\/tags?post=2814"}],"curies":[{"name":"wp","href":"https:\/\/api.w.org\/{rel}","templated":true}]}}