{"id":2803,"date":"2023-06-02T10:02:16","date_gmt":"2023-06-02T13:02:16","guid":{"rendered":"https:\/\/pilt.com.ar\/parque-industrial\/?p=2803"},"modified":"2023-06-02T10:02:17","modified_gmt":"2023-06-02T13:02:17","slug":"visitas-de-instituciones-educativas-al-pilt","status":"publish","type":"post","link":"https:\/\/pilt.com.ar\/parque-industrial\/visitas-de-instituciones-educativas-al-pilt\/","title":{"rendered":"VISITAS DE INSTITUCIONES EDUCATIVAS AL PILT"},"content":{"rendered":"\n<p class=\"has-text-align-center\"><em>Autoridades del Ente recibieron a estudiantes, quienes adem\u00e1s visitaron firmas emplazadas en el predio.<\/em><\/p>\n\n\n\n<p class=\"has-text-align-justify\">Estudiantes de distintas divisiones de instituciones educativas de nivel medio visitaron recientemente el Parque Industrial, Log\u00edstico y Tecnol\u00f3gico Villa Mar\u00eda (PILT). Los alumnos pudieron conocer las actividades que se llevan a cabo en la Administraci\u00f3n del Ente, como as\u00ed tambi\u00e9n concurrir a empresas para tener un acercamiento a los procesos y productos que ellas realizan.<\/p>\n\n\n\n<p class=\"has-text-align-justify\">De tal modo, estudiantes de 6\u00b0 a\u00f1o Econom\u00eda y Administraci\u00f3n del IPEM 275 Colegio Nacional estuvieron en la planta de la empresa P&amp;L Neum\u00e1ticos, en donde conocieron las tareas que ejecutan para la reconstrucci\u00f3n de neum\u00e1ticos de camiones y tractores; a la vez, tomaron contacto con las acciones emprendidas por la firma para avanzar en sustentabilidad ambiental.<\/p>\n\n\n\n<p class=\"has-text-align-justify\">Asimismo, un grupo de 5\u00b0 a\u00f1o de la misma entidad educativa fue recibido en la empresa Bello Export, distribuidora mayorista de regalos empresariales y de dise\u00f1o, mientras que alumnos de 4\u00b0a\u00f1o visitaron la industria Alimentos y Servicios. En la oportunidad, el titular de la misma explic\u00f3 todo el proceso de producci\u00f3n, distribuci\u00f3n y comercializaci\u00f3n de los productos l\u00e1cteos que elaboran, como flanes, postres y yogures.<\/p>\n\n\n\n<p class=\"has-text-align-justify\">Por otra parte, estudiantes de 5\u00b0 a\u00f1o de Econom\u00eda y Administraci\u00f3n del Instituto Secundario Bernardino Rivadavia estuvieron en la empresa FISA Todo Ingredientes SA, proveedora de insumos para la fabricaci\u00f3n de productos alimenticios.<\/p>\n","protected":false},"excerpt":{"rendered":"<p>Autoridades del Ente recibieron a estudiantes, quienes adem\u00e1s visitaron firmas emplazadas en el predio. Estudiantes de distintas divisiones de instituciones educativas de nivel medio visitaron recientemente el Parque Industrial, Log\u00edstico y Tecnol\u00f3gico Villa Mar\u00eda (PILT). Los alumnos pudieron conocer las actividades que se llevan a cabo en la Administraci\u00f3n del Ente, como as\u00ed tambi\u00e9n concurrir [&hellip;]<\/p>\n","protected":false},"author":3,"featured_media":2804,"comment_status":"open","ping_status":"open","sticky":false,"template":"","format":"standard","meta":{"_jetpack_memberships_contains_paid_content":false,"footnotes":""},"categories":[2],"tags":[],"class_list":["post-2803","post","type-post","status-publish","format-standard","has-post-thumbnail","hentry","category-noticias"],"yoast_head":"<!-- This site is optimized with the Yoast SEO plugin v27.5 - https:\/\/yoast.com\/product\/yoast-seo-wordpress\/ -->\n<title>VISITAS DE INSTITUCIONES EDUCATIVAS AL PILT - PILT.com.ar<\/title>\n<meta name=\"robots\" content=\"index, follow, max-snippet:-1, max-image-preview:large, max-video-preview:-1\" \/>\n<link rel=\"canonical\" href=\"https:\/\/pilt.com.ar\/parque-industrial\/visitas-de-instituciones-educativas-al-pilt\/\" \/>\n<meta property=\"og:locale\" content=\"es_ES\" \/>\n<meta property=\"og:type\" content=\"article\" \/>\n<meta property=\"og:title\" content=\"VISITAS DE INSTITUCIONES EDUCATIVAS AL PILT - PILT.com.ar\" \/>\n<meta property=\"og:description\" content=\"Autoridades del Ente recibieron a estudiantes, quienes adem\u00e1s visitaron firmas emplazadas en el predio. Estudiantes de distintas divisiones de instituciones educativas de nivel medio visitaron recientemente el Parque Industrial, Log\u00edstico y Tecnol\u00f3gico Villa Mar\u00eda (PILT). Los alumnos pudieron conocer las actividades que se llevan a cabo en la Administraci\u00f3n del Ente, como as\u00ed tambi\u00e9n concurrir [&hellip;]\" \/>\n<meta property=\"og:url\" content=\"https:\/\/pilt.com.ar\/parque-industrial\/visitas-de-instituciones-educativas-al-pilt\/\" \/>\n<meta property=\"og:site_name\" content=\"PILT.com.ar\" \/>\n<meta property=\"article:published_time\" content=\"2023-06-02T13:02:16+00:00\" \/>\n<meta property=\"article:modified_time\" content=\"2023-06-02T13:02:17+00:00\" \/>\n<meta property=\"og:image\" content=\"https:\/\/i0.wp.com\/pilt.com.ar\/parque-industrial\/wp-content\/uploads\/2023\/06\/WhatsApp-Image-2023-06-01-at-15.12.28.jpeg?fit=1600%2C1200&ssl=1\" \/>\n\t<meta property=\"og:image:width\" content=\"1600\" \/>\n\t<meta property=\"og:image:height\" content=\"1200\" \/>\n\t<meta property=\"og:image:type\" content=\"image\/jpeg\" \/>\n<meta name=\"author\" content=\"PILT\" \/>\n<meta name=\"twitter:card\" content=\"summary_large_image\" \/>\n<meta name=\"twitter:label1\" content=\"Escrito por\" \/>\n\t<meta name=\"twitter:data1\" content=\"PILT\" \/>\n\t<meta name=\"twitter:label2\" content=\"Tiempo de lectura\" \/>\n\t<meta name=\"twitter:data2\" content=\"2 minutos\" \/>\n<script type=\"application\/ld+json\" class=\"yoast-schema-graph\">{\"@context\":\"https:\\\/\\\/schema.org\",\"@graph\":[{\"@type\":\"Article\",\"@id\":\"https:\\\/\\\/pilt.com.ar\\\/parque-industrial\\\/visitas-de-instituciones-educativas-al-pilt\\\/#article\",\"isPartOf\":{\"@id\":\"https:\\\/\\\/pilt.com.ar\\\/parque-industrial\\\/visitas-de-instituciones-educativas-al-pilt\\\/\"},\"author\":{\"name\":\"PILT\",\"@id\":\"https:\\\/\\\/pilt.com.ar\\\/parque-industrial\\\/#\\\/schema\\\/person\\\/2dfb9e2464de1c3deef20c25c30a8306\"},\"headline\":\"VISITAS DE INSTITUCIONES EDUCATIVAS AL PILT\",\"datePublished\":\"2023-06-02T13:02:16+00:00\",\"dateModified\":\"2023-06-02T13:02:17+00:00\",\"mainEntityOfPage\":{\"@id\":\"https:\\\/\\\/pilt.com.ar\\\/parque-industrial\\\/visitas-de-instituciones-educativas-al-pilt\\\/\"},\"wordCount\":251,\"commentCount\":0,\"image\":{\"@id\":\"https:\\\/\\\/pilt.com.ar\\\/parque-industrial\\\/visitas-de-instituciones-educativas-al-pilt\\\/#primaryimage\"},\"thumbnailUrl\":\"https:\\\/\\\/i0.wp.com\\\/pilt.com.ar\\\/parque-industrial\\\/wp-content\\\/uploads\\\/2023\\\/06\\\/WhatsApp-Image-2023-06-01-at-15.12.28.jpeg?fit=1600%2C1200&ssl=1\",\"articleSection\":[\"Noticias\"],\"inLanguage\":\"es\",\"potentialAction\":[{\"@type\":\"CommentAction\",\"name\":\"Comment\",\"target\":[\"https:\\\/\\\/pilt.com.ar\\\/parque-industrial\\\/visitas-de-instituciones-educativas-al-pilt\\\/#respond\"]}]},{\"@type\":\"WebPage\",\"@id\":\"https:\\\/\\\/pilt.com.ar\\\/parque-industrial\\\/visitas-de-instituciones-educativas-al-pilt\\\/\",\"url\":\"https:\\\/\\\/pilt.com.ar\\\/parque-industrial\\\/visitas-de-instituciones-educativas-al-pilt\\\/\",\"name\":\"VISITAS DE INSTITUCIONES EDUCATIVAS AL PILT - PILT.com.ar\",\"isPartOf\":{\"@id\":\"https:\\\/\\\/pilt.com.ar\\\/parque-industrial\\\/#website\"},\"primaryImageOfPage\":{\"@id\":\"https:\\\/\\\/pilt.com.ar\\\/parque-industrial\\\/visitas-de-instituciones-educativas-al-pilt\\\/#primaryimage\"},\"image\":{\"@id\":\"https:\\\/\\\/pilt.com.ar\\\/parque-industrial\\\/visitas-de-instituciones-educativas-al-pilt\\\/#primaryimage\"},\"thumbnailUrl\":\"https:\\\/\\\/i0.wp.com\\\/pilt.com.ar\\\/parque-industrial\\\/wp-content\\\/uploads\\\/2023\\\/06\\\/WhatsApp-Image-2023-06-01-at-15.12.28.jpeg?fit=1600%2C1200&ssl=1\",\"datePublished\":\"2023-06-02T13:02:16+00:00\",\"dateModified\":\"2023-06-02T13:02:17+00:00\",\"author\":{\"@id\":\"https:\\\/\\\/pilt.com.ar\\\/parque-industrial\\\/#\\\/schema\\\/person\\\/2dfb9e2464de1c3deef20c25c30a8306\"},\"inLanguage\":\"es\",\"potentialAction\":[{\"@type\":\"ReadAction\",\"target\":[\"https:\\\/\\\/pilt.com.ar\\\/parque-industrial\\\/visitas-de-instituciones-educativas-al-pilt\\\/\"]}]},{\"@type\":\"ImageObject\",\"inLanguage\":\"es\",\"@id\":\"https:\\\/\\\/pilt.com.ar\\\/parque-industrial\\\/visitas-de-instituciones-educativas-al-pilt\\\/#primaryimage\",\"url\":\"https:\\\/\\\/i0.wp.com\\\/pilt.com.ar\\\/parque-industrial\\\/wp-content\\\/uploads\\\/2023\\\/06\\\/WhatsApp-Image-2023-06-01-at-15.12.28.jpeg?fit=1600%2C1200&ssl=1\",\"contentUrl\":\"https:\\\/\\\/i0.wp.com\\\/pilt.com.ar\\\/parque-industrial\\\/wp-content\\\/uploads\\\/2023\\\/06\\\/WhatsApp-Image-2023-06-01-at-15.12.28.jpeg?fit=1600%2C1200&ssl=1\",\"width\":1600,\"height\":1200},{\"@type\":\"WebSite\",\"@id\":\"https:\\\/\\\/pilt.com.ar\\\/parque-industrial\\\/#website\",\"url\":\"https:\\\/\\\/pilt.com.ar\\\/parque-industrial\\\/\",\"name\":\"PILT.com.ar\",\"description\":\"Parque Industrial, Log\u00edstico y Tecnol\u00f3gico Villa Mar\u00eda\",\"potentialAction\":[{\"@type\":\"SearchAction\",\"target\":{\"@type\":\"EntryPoint\",\"urlTemplate\":\"https:\\\/\\\/pilt.com.ar\\\/parque-industrial\\\/?s={search_term_string}\"},\"query-input\":{\"@type\":\"PropertyValueSpecification\",\"valueRequired\":true,\"valueName\":\"search_term_string\"}}],\"inLanguage\":\"es\"},{\"@type\":\"Person\",\"@id\":\"https:\\\/\\\/pilt.com.ar\\\/parque-industrial\\\/#\\\/schema\\\/person\\\/2dfb9e2464de1c3deef20c25c30a8306\",\"name\":\"PILT\",\"image\":{\"@type\":\"ImageObject\",\"inLanguage\":\"es\",\"@id\":\"https:\\\/\\\/secure.gravatar.com\\\/avatar\\\/5e3734c8d8c8e0b0d45f923c14a14d7b90521d573d02f0d91360a777095ee42b?s=96&d=mm&r=g\",\"url\":\"https:\\\/\\\/secure.gravatar.com\\\/avatar\\\/5e3734c8d8c8e0b0d45f923c14a14d7b90521d573d02f0d91360a777095ee42b?s=96&d=mm&r=g\",\"contentUrl\":\"https:\\\/\\\/secure.gravatar.com\\\/avatar\\\/5e3734c8d8c8e0b0d45f923c14a14d7b90521d573d02f0d91360a777095ee42b?s=96&d=mm&r=g\",\"caption\":\"PILT\"},\"url\":\"https:\\\/\\\/pilt.com.ar\\\/parque-industrial\\\/author\\\/pilt\\\/\"}]}<\/script>\n<!-- \/ Yoast SEO plugin. -->","yoast_head_json":{"title":"VISITAS DE INSTITUCIONES EDUCATIVAS AL PILT - PILT.com.ar","robots":{"index":"index","follow":"follow","max-snippet":"max-snippet:-1","max-image-preview":"max-image-preview:large","max-video-preview":"max-video-preview:-1"},"canonical":"https:\/\/pilt.com.ar\/parque-industrial\/visitas-de-instituciones-educativas-al-pilt\/","og_locale":"es_ES","og_type":"article","og_title":"VISITAS DE INSTITUCIONES EDUCATIVAS AL PILT - PILT.com.ar","og_description":"Autoridades del Ente recibieron a estudiantes, quienes adem\u00e1s visitaron firmas emplazadas en el predio. Estudiantes de distintas divisiones de instituciones educativas de nivel medio visitaron recientemente el Parque Industrial, Log\u00edstico y Tecnol\u00f3gico Villa Mar\u00eda (PILT). Los alumnos pudieron conocer las actividades que se llevan a cabo en la Administraci\u00f3n del Ente, como as\u00ed tambi\u00e9n concurrir [&hellip;]","og_url":"https:\/\/pilt.com.ar\/parque-industrial\/visitas-de-instituciones-educativas-al-pilt\/","og_site_name":"PILT.com.ar","article_published_time":"2023-06-02T13:02:16+00:00","article_modified_time":"2023-06-02T13:02:17+00:00","og_image":[{"width":1600,"height":1200,"url":"https:\/\/i0.wp.com\/pilt.com.ar\/parque-industrial\/wp-content\/uploads\/2023\/06\/WhatsApp-Image-2023-06-01-at-15.12.28.jpeg?fit=1600%2C1200&ssl=1","type":"image\/jpeg"}],"author":"PILT","twitter_card":"summary_large_image","twitter_misc":{"Escrito por":"PILT","Tiempo de lectura":"2 minutos"},"schema":{"@context":"https:\/\/schema.org","@graph":[{"@type":"Article","@id":"https:\/\/pilt.com.ar\/parque-industrial\/visitas-de-instituciones-educativas-al-pilt\/#article","isPartOf":{"@id":"https:\/\/pilt.com.ar\/parque-industrial\/visitas-de-instituciones-educativas-al-pilt\/"},"author":{"name":"PILT","@id":"https:\/\/pilt.com.ar\/parque-industrial\/#\/schema\/person\/2dfb9e2464de1c3deef20c25c30a8306"},"headline":"VISITAS DE INSTITUCIONES EDUCATIVAS AL PILT","datePublished":"2023-06-02T13:02:16+00:00","dateModified":"2023-06-02T13:02:17+00:00","mainEntityOfPage":{"@id":"https:\/\/pilt.com.ar\/parque-industrial\/visitas-de-instituciones-educativas-al-pilt\/"},"wordCount":251,"commentCount":0,"image":{"@id":"https:\/\/pilt.com.ar\/parque-industrial\/visitas-de-instituciones-educativas-al-pilt\/#primaryimage"},"thumbnailUrl":"https:\/\/i0.wp.com\/pilt.com.ar\/parque-industrial\/wp-content\/uploads\/2023\/06\/WhatsApp-Image-2023-06-01-at-15.12.28.jpeg?fit=1600%2C1200&ssl=1","articleSection":["Noticias"],"inLanguage":"es","potentialAction":[{"@type":"CommentAction","name":"Comment","target":["https:\/\/pilt.com.ar\/parque-industrial\/visitas-de-instituciones-educativas-al-pilt\/#respond"]}]},{"@type":"WebPage","@id":"https:\/\/pilt.com.ar\/parque-industrial\/visitas-de-instituciones-educativas-al-pilt\/","url":"https:\/\/pilt.com.ar\/parque-industrial\/visitas-de-instituciones-educativas-al-pilt\/","name":"VISITAS DE INSTITUCIONES EDUCATIVAS AL PILT - PILT.com.ar","isPartOf":{"@id":"https:\/\/pilt.com.ar\/parque-industrial\/#website"},"primaryImageOfPage":{"@id":"https:\/\/pilt.com.ar\/parque-industrial\/visitas-de-instituciones-educativas-al-pilt\/#primaryimage"},"image":{"@id":"https:\/\/pilt.com.ar\/parque-industrial\/visitas-de-instituciones-educativas-al-pilt\/#primaryimage"},"thumbnailUrl":"https:\/\/i0.wp.com\/pilt.com.ar\/parque-industrial\/wp-content\/uploads\/2023\/06\/WhatsApp-Image-2023-06-01-at-15.12.28.jpeg?fit=1600%2C1200&ssl=1","datePublished":"2023-06-02T13:02:16+00:00","dateModified":"2023-06-02T13:02:17+00:00","author":{"@id":"https:\/\/pilt.com.ar\/parque-industrial\/#\/schema\/person\/2dfb9e2464de1c3deef20c25c30a8306"},"inLanguage":"es","potentialAction":[{"@type":"ReadAction","target":["https:\/\/pilt.com.ar\/parque-industrial\/visitas-de-instituciones-educativas-al-pilt\/"]}]},{"@type":"ImageObject","inLanguage":"es","@id":"https:\/\/pilt.com.ar\/parque-industrial\/visitas-de-instituciones-educativas-al-pilt\/#primaryimage","url":"https:\/\/i0.wp.com\/pilt.com.ar\/parque-industrial\/wp-content\/uploads\/2023\/06\/WhatsApp-Image-2023-06-01-at-15.12.28.jpeg?fit=1600%2C1200&ssl=1","contentUrl":"https:\/\/i0.wp.com\/pilt.com.ar\/parque-industrial\/wp-content\/uploads\/2023\/06\/WhatsApp-Image-2023-06-01-at-15.12.28.jpeg?fit=1600%2C1200&ssl=1","width":1600,"height":1200},{"@type":"WebSite","@id":"https:\/\/pilt.com.ar\/parque-industrial\/#website","url":"https:\/\/pilt.com.ar\/parque-industrial\/","name":"PILT.com.ar","description":"Parque Industrial, Log\u00edstico y Tecnol\u00f3gico Villa Mar\u00eda","potentialAction":[{"@type":"SearchAction","target":{"@type":"EntryPoint","urlTemplate":"https:\/\/pilt.com.ar\/parque-industrial\/?s={search_term_string}"},"query-input":{"@type":"PropertyValueSpecification","valueRequired":true,"valueName":"search_term_string"}}],"inLanguage":"es"},{"@type":"Person","@id":"https:\/\/pilt.com.ar\/parque-industrial\/#\/schema\/person\/2dfb9e2464de1c3deef20c25c30a8306","name":"PILT","image":{"@type":"ImageObject","inLanguage":"es","@id":"https:\/\/secure.gravatar.com\/avatar\/5e3734c8d8c8e0b0d45f923c14a14d7b90521d573d02f0d91360a777095ee42b?s=96&d=mm&r=g","url":"https:\/\/secure.gravatar.com\/avatar\/5e3734c8d8c8e0b0d45f923c14a14d7b90521d573d02f0d91360a777095ee42b?s=96&d=mm&r=g","contentUrl":"https:\/\/secure.gravatar.com\/avatar\/5e3734c8d8c8e0b0d45f923c14a14d7b90521d573d02f0d91360a777095ee42b?s=96&d=mm&r=g","caption":"PILT"},"url":"https:\/\/pilt.com.ar\/parque-industrial\/author\/pilt\/"}]}},"jetpack_featured_media_url":"https:\/\/i0.wp.com\/pilt.com.ar\/parque-industrial\/wp-content\/uploads\/2023\/06\/WhatsApp-Image-2023-06-01-at-15.12.28.jpeg?fit=1600%2C1200&ssl=1","jetpack_sharing_enabled":true,"_links":{"self":[{"href":"https:\/\/pilt.com.ar\/parque-industrial\/wp-json\/wp\/v2\/posts\/2803","targetHints":{"allow":["GET"]}}],"collection":[{"href":"https:\/\/pilt.com.ar\/parque-industrial\/wp-json\/wp\/v2\/posts"}],"about":[{"href":"https:\/\/pilt.com.ar\/parque-industrial\/wp-json\/wp\/v2\/types\/post"}],"author":[{"embeddable":true,"href":"https:\/\/pilt.com.ar\/parque-industrial\/wp-json\/wp\/v2\/users\/3"}],"replies":[{"embeddable":true,"href":"https:\/\/pilt.com.ar\/parque-industrial\/wp-json\/wp\/v2\/comments?post=2803"}],"version-history":[{"count":1,"href":"https:\/\/pilt.com.ar\/parque-industrial\/wp-json\/wp\/v2\/posts\/2803\/revisions"}],"predecessor-version":[{"id":2805,"href":"https:\/\/pilt.com.ar\/parque-industrial\/wp-json\/wp\/v2\/posts\/2803\/revisions\/2805"}],"wp:featuredmedia":[{"embeddable":true,"href":"https:\/\/pilt.com.ar\/parque-industrial\/wp-json\/wp\/v2\/media\/2804"}],"wp:attachment":[{"href":"https:\/\/pilt.com.ar\/parque-industrial\/wp-json\/wp\/v2\/media?parent=2803"}],"wp:term":[{"taxonomy":"category","embeddable":true,"href":"https:\/\/pilt.com.ar\/parque-industrial\/wp-json\/wp\/v2\/categories?post=2803"},{"taxonomy":"post_tag","embeddable":true,"href":"https:\/\/pilt.com.ar\/parque-industrial\/wp-json\/wp\/v2\/tags?post=2803"}],"curies":[{"name":"wp","href":"https:\/\/api.w.org\/{rel}","templated":true}]}}