{"id":2795,"date":"2023-05-24T11:52:36","date_gmt":"2023-05-24T14:52:36","guid":{"rendered":"https:\/\/pilt.com.ar\/parque-industrial\/?p=2795"},"modified":"2023-05-24T11:52:36","modified_gmt":"2023-05-24T14:52:36","slug":"ya-esta-operando-la-empresa-insumos-ya-en-el-predio","status":"publish","type":"post","link":"https:\/\/pilt.com.ar\/parque-industrial\/ya-esta-operando-la-empresa-insumos-ya-en-el-predio\/","title":{"rendered":"YA EST\u00c1 OPERANDO LA EMPRESA INSUMOS YA EN EL PREDIO"},"content":{"rendered":"\n<p class=\"has-text-align-center\"><em>La planta cuenta con 1200 metros cuadrados cubiertos, disponiendo de diversos espacios para realizar actividades.<\/em><\/p>\n\n\n\n<p class=\"has-text-align-justify\">La empresa Insumos Ya, dedicada a la venta y distribuci\u00f3n de productos de panificaci\u00f3n, reposter\u00eda y gastronom\u00eda en general, recientemente termin\u00f3 de ejecutar la obra en el Parque Industrial, Log\u00edstico y Tecnol\u00f3gico Villa Mar\u00eda (PILT), por lo que se encuentra operando desde el nuevo espacio.<\/p>\n\n\n\n<p class=\"has-text-align-justify\">Cabe mencionar que se trata de una nave de 1200 metros cuadrados cubiertos, que cuenta con galp\u00f3n de almacenamiento de grandes dimensiones, importante c\u00e1mara de fr\u00edo, oficinas de administraci\u00f3n y una sala para que los proveedores realicen demostraciones de productos ante los clientes.<\/p>\n\n\n\n<p class=\"has-text-align-justify\">\u201cCuando resolvimos venir al Parque nos proyectamos como empresa; ahora nos estamos acomodando para poder seguir creciendo. El PILT es sumamente c\u00f3modo para la log\u00edstica y tambi\u00e9n muy seguro, lo que permite trabajar ordenado\u201d, sostuvo C\u00e9sar Piccinini, socio de la firma.<\/p>\n\n\n\n<p class=\"has-text-align-justify\">Seg\u00fan expres\u00f3 el empresario, Insumos Ya se encuentra en una etapa de crecimiento en la distribuci\u00f3n de productos, sumando clientes y ampliando su zona de cobertura. La nueva planta le permitir\u00e1 potenciar sus actividades.<\/p>\n","protected":false},"excerpt":{"rendered":"<p>La planta cuenta con 1200 metros cuadrados cubiertos, disponiendo de diversos espacios para realizar actividades. La empresa Insumos Ya, dedicada a la venta y distribuci\u00f3n de productos de panificaci\u00f3n, reposter\u00eda y gastronom\u00eda en general, recientemente termin\u00f3 de ejecutar la obra en el Parque Industrial, Log\u00edstico y Tecnol\u00f3gico Villa Mar\u00eda (PILT), por lo que se encuentra [&hellip;]<\/p>\n","protected":false},"author":3,"featured_media":2796,"comment_status":"open","ping_status":"open","sticky":false,"template":"","format":"standard","meta":{"_jetpack_memberships_contains_paid_content":false,"footnotes":""},"categories":[2],"tags":[],"class_list":["post-2795","post","type-post","status-publish","format-standard","has-post-thumbnail","hentry","category-noticias"],"yoast_head":"<!-- This site is optimized with the Yoast SEO plugin v27.5 - https:\/\/yoast.com\/product\/yoast-seo-wordpress\/ -->\n<title>YA EST\u00c1 OPERANDO LA EMPRESA INSUMOS YA EN EL PREDIO - PILT.com.ar<\/title>\n<meta name=\"robots\" content=\"index, follow, max-snippet:-1, max-image-preview:large, max-video-preview:-1\" \/>\n<link rel=\"canonical\" href=\"https:\/\/pilt.com.ar\/parque-industrial\/ya-esta-operando-la-empresa-insumos-ya-en-el-predio\/\" \/>\n<meta property=\"og:locale\" content=\"es_ES\" \/>\n<meta property=\"og:type\" content=\"article\" \/>\n<meta property=\"og:title\" content=\"YA EST\u00c1 OPERANDO LA EMPRESA INSUMOS YA EN EL PREDIO - PILT.com.ar\" \/>\n<meta property=\"og:description\" content=\"La planta cuenta con 1200 metros cuadrados cubiertos, disponiendo de diversos espacios para realizar actividades. La empresa Insumos Ya, dedicada a la venta y distribuci\u00f3n de productos de panificaci\u00f3n, reposter\u00eda y gastronom\u00eda en general, recientemente termin\u00f3 de ejecutar la obra en el Parque Industrial, Log\u00edstico y Tecnol\u00f3gico Villa Mar\u00eda (PILT), por lo que se encuentra [&hellip;]\" \/>\n<meta property=\"og:url\" content=\"https:\/\/pilt.com.ar\/parque-industrial\/ya-esta-operando-la-empresa-insumos-ya-en-el-predio\/\" \/>\n<meta property=\"og:site_name\" content=\"PILT.com.ar\" \/>\n<meta property=\"article:published_time\" content=\"2023-05-24T14:52:36+00:00\" \/>\n<meta property=\"og:image\" content=\"https:\/\/i0.wp.com\/pilt.com.ar\/parque-industrial\/wp-content\/uploads\/2023\/05\/WhatsApp-Image-2023-05-23-at-11.59.02.jpeg?fit=1054%2C589&ssl=1\" \/>\n\t<meta property=\"og:image:width\" content=\"1054\" \/>\n\t<meta property=\"og:image:height\" content=\"589\" \/>\n\t<meta property=\"og:image:type\" content=\"image\/jpeg\" \/>\n<meta name=\"author\" content=\"PILT\" \/>\n<meta name=\"twitter:card\" content=\"summary_large_image\" \/>\n<meta name=\"twitter:label1\" content=\"Escrito por\" \/>\n\t<meta name=\"twitter:data1\" content=\"PILT\" \/>\n\t<meta name=\"twitter:label2\" content=\"Tiempo de lectura\" \/>\n\t<meta name=\"twitter:data2\" content=\"1 minuto\" \/>\n<script type=\"application\/ld+json\" class=\"yoast-schema-graph\">{\"@context\":\"https:\\\/\\\/schema.org\",\"@graph\":[{\"@type\":\"Article\",\"@id\":\"https:\\\/\\\/pilt.com.ar\\\/parque-industrial\\\/ya-esta-operando-la-empresa-insumos-ya-en-el-predio\\\/#article\",\"isPartOf\":{\"@id\":\"https:\\\/\\\/pilt.com.ar\\\/parque-industrial\\\/ya-esta-operando-la-empresa-insumos-ya-en-el-predio\\\/\"},\"author\":{\"name\":\"PILT\",\"@id\":\"https:\\\/\\\/pilt.com.ar\\\/parque-industrial\\\/#\\\/schema\\\/person\\\/2dfb9e2464de1c3deef20c25c30a8306\"},\"headline\":\"YA EST\u00c1 OPERANDO LA EMPRESA INSUMOS YA EN EL PREDIO\",\"datePublished\":\"2023-05-24T14:52:36+00:00\",\"mainEntityOfPage\":{\"@id\":\"https:\\\/\\\/pilt.com.ar\\\/parque-industrial\\\/ya-esta-operando-la-empresa-insumos-ya-en-el-predio\\\/\"},\"wordCount\":203,\"commentCount\":0,\"image\":{\"@id\":\"https:\\\/\\\/pilt.com.ar\\\/parque-industrial\\\/ya-esta-operando-la-empresa-insumos-ya-en-el-predio\\\/#primaryimage\"},\"thumbnailUrl\":\"https:\\\/\\\/i0.wp.com\\\/pilt.com.ar\\\/parque-industrial\\\/wp-content\\\/uploads\\\/2023\\\/05\\\/WhatsApp-Image-2023-05-23-at-11.59.02.jpeg?fit=1054%2C589&ssl=1\",\"articleSection\":[\"Noticias\"],\"inLanguage\":\"es\",\"potentialAction\":[{\"@type\":\"CommentAction\",\"name\":\"Comment\",\"target\":[\"https:\\\/\\\/pilt.com.ar\\\/parque-industrial\\\/ya-esta-operando-la-empresa-insumos-ya-en-el-predio\\\/#respond\"]}]},{\"@type\":\"WebPage\",\"@id\":\"https:\\\/\\\/pilt.com.ar\\\/parque-industrial\\\/ya-esta-operando-la-empresa-insumos-ya-en-el-predio\\\/\",\"url\":\"https:\\\/\\\/pilt.com.ar\\\/parque-industrial\\\/ya-esta-operando-la-empresa-insumos-ya-en-el-predio\\\/\",\"name\":\"YA EST\u00c1 OPERANDO LA EMPRESA INSUMOS YA EN EL PREDIO - PILT.com.ar\",\"isPartOf\":{\"@id\":\"https:\\\/\\\/pilt.com.ar\\\/parque-industrial\\\/#website\"},\"primaryImageOfPage\":{\"@id\":\"https:\\\/\\\/pilt.com.ar\\\/parque-industrial\\\/ya-esta-operando-la-empresa-insumos-ya-en-el-predio\\\/#primaryimage\"},\"image\":{\"@id\":\"https:\\\/\\\/pilt.com.ar\\\/parque-industrial\\\/ya-esta-operando-la-empresa-insumos-ya-en-el-predio\\\/#primaryimage\"},\"thumbnailUrl\":\"https:\\\/\\\/i0.wp.com\\\/pilt.com.ar\\\/parque-industrial\\\/wp-content\\\/uploads\\\/2023\\\/05\\\/WhatsApp-Image-2023-05-23-at-11.59.02.jpeg?fit=1054%2C589&ssl=1\",\"datePublished\":\"2023-05-24T14:52:36+00:00\",\"author\":{\"@id\":\"https:\\\/\\\/pilt.com.ar\\\/parque-industrial\\\/#\\\/schema\\\/person\\\/2dfb9e2464de1c3deef20c25c30a8306\"},\"inLanguage\":\"es\",\"potentialAction\":[{\"@type\":\"ReadAction\",\"target\":[\"https:\\\/\\\/pilt.com.ar\\\/parque-industrial\\\/ya-esta-operando-la-empresa-insumos-ya-en-el-predio\\\/\"]}]},{\"@type\":\"ImageObject\",\"inLanguage\":\"es\",\"@id\":\"https:\\\/\\\/pilt.com.ar\\\/parque-industrial\\\/ya-esta-operando-la-empresa-insumos-ya-en-el-predio\\\/#primaryimage\",\"url\":\"https:\\\/\\\/i0.wp.com\\\/pilt.com.ar\\\/parque-industrial\\\/wp-content\\\/uploads\\\/2023\\\/05\\\/WhatsApp-Image-2023-05-23-at-11.59.02.jpeg?fit=1054%2C589&ssl=1\",\"contentUrl\":\"https:\\\/\\\/i0.wp.com\\\/pilt.com.ar\\\/parque-industrial\\\/wp-content\\\/uploads\\\/2023\\\/05\\\/WhatsApp-Image-2023-05-23-at-11.59.02.jpeg?fit=1054%2C589&ssl=1\",\"width\":1054,\"height\":589},{\"@type\":\"WebSite\",\"@id\":\"https:\\\/\\\/pilt.com.ar\\\/parque-industrial\\\/#website\",\"url\":\"https:\\\/\\\/pilt.com.ar\\\/parque-industrial\\\/\",\"name\":\"PILT.com.ar\",\"description\":\"Parque Industrial, Log\u00edstico y Tecnol\u00f3gico Villa Mar\u00eda\",\"potentialAction\":[{\"@type\":\"SearchAction\",\"target\":{\"@type\":\"EntryPoint\",\"urlTemplate\":\"https:\\\/\\\/pilt.com.ar\\\/parque-industrial\\\/?s={search_term_string}\"},\"query-input\":{\"@type\":\"PropertyValueSpecification\",\"valueRequired\":true,\"valueName\":\"search_term_string\"}}],\"inLanguage\":\"es\"},{\"@type\":\"Person\",\"@id\":\"https:\\\/\\\/pilt.com.ar\\\/parque-industrial\\\/#\\\/schema\\\/person\\\/2dfb9e2464de1c3deef20c25c30a8306\",\"name\":\"PILT\",\"image\":{\"@type\":\"ImageObject\",\"inLanguage\":\"es\",\"@id\":\"https:\\\/\\\/secure.gravatar.com\\\/avatar\\\/5e3734c8d8c8e0b0d45f923c14a14d7b90521d573d02f0d91360a777095ee42b?s=96&d=mm&r=g\",\"url\":\"https:\\\/\\\/secure.gravatar.com\\\/avatar\\\/5e3734c8d8c8e0b0d45f923c14a14d7b90521d573d02f0d91360a777095ee42b?s=96&d=mm&r=g\",\"contentUrl\":\"https:\\\/\\\/secure.gravatar.com\\\/avatar\\\/5e3734c8d8c8e0b0d45f923c14a14d7b90521d573d02f0d91360a777095ee42b?s=96&d=mm&r=g\",\"caption\":\"PILT\"},\"url\":\"https:\\\/\\\/pilt.com.ar\\\/parque-industrial\\\/author\\\/pilt\\\/\"}]}<\/script>\n<!-- \/ Yoast SEO plugin. -->","yoast_head_json":{"title":"YA EST\u00c1 OPERANDO LA EMPRESA INSUMOS YA EN EL PREDIO - PILT.com.ar","robots":{"index":"index","follow":"follow","max-snippet":"max-snippet:-1","max-image-preview":"max-image-preview:large","max-video-preview":"max-video-preview:-1"},"canonical":"https:\/\/pilt.com.ar\/parque-industrial\/ya-esta-operando-la-empresa-insumos-ya-en-el-predio\/","og_locale":"es_ES","og_type":"article","og_title":"YA EST\u00c1 OPERANDO LA EMPRESA INSUMOS YA EN EL PREDIO - PILT.com.ar","og_description":"La planta cuenta con 1200 metros cuadrados cubiertos, disponiendo de diversos espacios para realizar actividades. La empresa Insumos Ya, dedicada a la venta y distribuci\u00f3n de productos de panificaci\u00f3n, reposter\u00eda y gastronom\u00eda en general, recientemente termin\u00f3 de ejecutar la obra en el Parque Industrial, Log\u00edstico y Tecnol\u00f3gico Villa Mar\u00eda (PILT), por lo que se encuentra [&hellip;]","og_url":"https:\/\/pilt.com.ar\/parque-industrial\/ya-esta-operando-la-empresa-insumos-ya-en-el-predio\/","og_site_name":"PILT.com.ar","article_published_time":"2023-05-24T14:52:36+00:00","og_image":[{"width":1054,"height":589,"url":"https:\/\/i0.wp.com\/pilt.com.ar\/parque-industrial\/wp-content\/uploads\/2023\/05\/WhatsApp-Image-2023-05-23-at-11.59.02.jpeg?fit=1054%2C589&ssl=1","type":"image\/jpeg"}],"author":"PILT","twitter_card":"summary_large_image","twitter_misc":{"Escrito por":"PILT","Tiempo de lectura":"1 minuto"},"schema":{"@context":"https:\/\/schema.org","@graph":[{"@type":"Article","@id":"https:\/\/pilt.com.ar\/parque-industrial\/ya-esta-operando-la-empresa-insumos-ya-en-el-predio\/#article","isPartOf":{"@id":"https:\/\/pilt.com.ar\/parque-industrial\/ya-esta-operando-la-empresa-insumos-ya-en-el-predio\/"},"author":{"name":"PILT","@id":"https:\/\/pilt.com.ar\/parque-industrial\/#\/schema\/person\/2dfb9e2464de1c3deef20c25c30a8306"},"headline":"YA EST\u00c1 OPERANDO LA EMPRESA INSUMOS YA EN EL PREDIO","datePublished":"2023-05-24T14:52:36+00:00","mainEntityOfPage":{"@id":"https:\/\/pilt.com.ar\/parque-industrial\/ya-esta-operando-la-empresa-insumos-ya-en-el-predio\/"},"wordCount":203,"commentCount":0,"image":{"@id":"https:\/\/pilt.com.ar\/parque-industrial\/ya-esta-operando-la-empresa-insumos-ya-en-el-predio\/#primaryimage"},"thumbnailUrl":"https:\/\/i0.wp.com\/pilt.com.ar\/parque-industrial\/wp-content\/uploads\/2023\/05\/WhatsApp-Image-2023-05-23-at-11.59.02.jpeg?fit=1054%2C589&ssl=1","articleSection":["Noticias"],"inLanguage":"es","potentialAction":[{"@type":"CommentAction","name":"Comment","target":["https:\/\/pilt.com.ar\/parque-industrial\/ya-esta-operando-la-empresa-insumos-ya-en-el-predio\/#respond"]}]},{"@type":"WebPage","@id":"https:\/\/pilt.com.ar\/parque-industrial\/ya-esta-operando-la-empresa-insumos-ya-en-el-predio\/","url":"https:\/\/pilt.com.ar\/parque-industrial\/ya-esta-operando-la-empresa-insumos-ya-en-el-predio\/","name":"YA EST\u00c1 OPERANDO LA EMPRESA INSUMOS YA EN EL PREDIO - PILT.com.ar","isPartOf":{"@id":"https:\/\/pilt.com.ar\/parque-industrial\/#website"},"primaryImageOfPage":{"@id":"https:\/\/pilt.com.ar\/parque-industrial\/ya-esta-operando-la-empresa-insumos-ya-en-el-predio\/#primaryimage"},"image":{"@id":"https:\/\/pilt.com.ar\/parque-industrial\/ya-esta-operando-la-empresa-insumos-ya-en-el-predio\/#primaryimage"},"thumbnailUrl":"https:\/\/i0.wp.com\/pilt.com.ar\/parque-industrial\/wp-content\/uploads\/2023\/05\/WhatsApp-Image-2023-05-23-at-11.59.02.jpeg?fit=1054%2C589&ssl=1","datePublished":"2023-05-24T14:52:36+00:00","author":{"@id":"https:\/\/pilt.com.ar\/parque-industrial\/#\/schema\/person\/2dfb9e2464de1c3deef20c25c30a8306"},"inLanguage":"es","potentialAction":[{"@type":"ReadAction","target":["https:\/\/pilt.com.ar\/parque-industrial\/ya-esta-operando-la-empresa-insumos-ya-en-el-predio\/"]}]},{"@type":"ImageObject","inLanguage":"es","@id":"https:\/\/pilt.com.ar\/parque-industrial\/ya-esta-operando-la-empresa-insumos-ya-en-el-predio\/#primaryimage","url":"https:\/\/i0.wp.com\/pilt.com.ar\/parque-industrial\/wp-content\/uploads\/2023\/05\/WhatsApp-Image-2023-05-23-at-11.59.02.jpeg?fit=1054%2C589&ssl=1","contentUrl":"https:\/\/i0.wp.com\/pilt.com.ar\/parque-industrial\/wp-content\/uploads\/2023\/05\/WhatsApp-Image-2023-05-23-at-11.59.02.jpeg?fit=1054%2C589&ssl=1","width":1054,"height":589},{"@type":"WebSite","@id":"https:\/\/pilt.com.ar\/parque-industrial\/#website","url":"https:\/\/pilt.com.ar\/parque-industrial\/","name":"PILT.com.ar","description":"Parque Industrial, Log\u00edstico y Tecnol\u00f3gico Villa Mar\u00eda","potentialAction":[{"@type":"SearchAction","target":{"@type":"EntryPoint","urlTemplate":"https:\/\/pilt.com.ar\/parque-industrial\/?s={search_term_string}"},"query-input":{"@type":"PropertyValueSpecification","valueRequired":true,"valueName":"search_term_string"}}],"inLanguage":"es"},{"@type":"Person","@id":"https:\/\/pilt.com.ar\/parque-industrial\/#\/schema\/person\/2dfb9e2464de1c3deef20c25c30a8306","name":"PILT","image":{"@type":"ImageObject","inLanguage":"es","@id":"https:\/\/secure.gravatar.com\/avatar\/5e3734c8d8c8e0b0d45f923c14a14d7b90521d573d02f0d91360a777095ee42b?s=96&d=mm&r=g","url":"https:\/\/secure.gravatar.com\/avatar\/5e3734c8d8c8e0b0d45f923c14a14d7b90521d573d02f0d91360a777095ee42b?s=96&d=mm&r=g","contentUrl":"https:\/\/secure.gravatar.com\/avatar\/5e3734c8d8c8e0b0d45f923c14a14d7b90521d573d02f0d91360a777095ee42b?s=96&d=mm&r=g","caption":"PILT"},"url":"https:\/\/pilt.com.ar\/parque-industrial\/author\/pilt\/"}]}},"jetpack_featured_media_url":"https:\/\/i0.wp.com\/pilt.com.ar\/parque-industrial\/wp-content\/uploads\/2023\/05\/WhatsApp-Image-2023-05-23-at-11.59.02.jpeg?fit=1054%2C589&ssl=1","jetpack_sharing_enabled":true,"_links":{"self":[{"href":"https:\/\/pilt.com.ar\/parque-industrial\/wp-json\/wp\/v2\/posts\/2795","targetHints":{"allow":["GET"]}}],"collection":[{"href":"https:\/\/pilt.com.ar\/parque-industrial\/wp-json\/wp\/v2\/posts"}],"about":[{"href":"https:\/\/pilt.com.ar\/parque-industrial\/wp-json\/wp\/v2\/types\/post"}],"author":[{"embeddable":true,"href":"https:\/\/pilt.com.ar\/parque-industrial\/wp-json\/wp\/v2\/users\/3"}],"replies":[{"embeddable":true,"href":"https:\/\/pilt.com.ar\/parque-industrial\/wp-json\/wp\/v2\/comments?post=2795"}],"version-history":[{"count":1,"href":"https:\/\/pilt.com.ar\/parque-industrial\/wp-json\/wp\/v2\/posts\/2795\/revisions"}],"predecessor-version":[{"id":2797,"href":"https:\/\/pilt.com.ar\/parque-industrial\/wp-json\/wp\/v2\/posts\/2795\/revisions\/2797"}],"wp:featuredmedia":[{"embeddable":true,"href":"https:\/\/pilt.com.ar\/parque-industrial\/wp-json\/wp\/v2\/media\/2796"}],"wp:attachment":[{"href":"https:\/\/pilt.com.ar\/parque-industrial\/wp-json\/wp\/v2\/media?parent=2795"}],"wp:term":[{"taxonomy":"category","embeddable":true,"href":"https:\/\/pilt.com.ar\/parque-industrial\/wp-json\/wp\/v2\/categories?post=2795"},{"taxonomy":"post_tag","embeddable":true,"href":"https:\/\/pilt.com.ar\/parque-industrial\/wp-json\/wp\/v2\/tags?post=2795"}],"curies":[{"name":"wp","href":"https:\/\/api.w.org\/{rel}","templated":true}]}}