{"id":2792,"date":"2023-05-22T09:41:24","date_gmt":"2023-05-22T12:41:24","guid":{"rendered":"https:\/\/pilt.com.ar\/parque-industrial\/?p=2792"},"modified":"2023-05-22T09:41:25","modified_gmt":"2023-05-22T12:41:25","slug":"mas-empresas-se-suman-al-pilt","status":"publish","type":"post","link":"https:\/\/pilt.com.ar\/parque-industrial\/mas-empresas-se-suman-al-pilt\/","title":{"rendered":"M\u00c1S EMPRESAS SE SUMAN AL PILT"},"content":{"rendered":"\n<p class=\"has-text-align-center\"><em><strong>D\u00edas pasados la firma local Lubeal adquiri\u00f3 un lote en el predio, situado en el sector de industrias varias.<\/strong><\/em><\/p>\n\n\n\n<p class=\"has-text-align-justify\">Con la r\u00fabrica del boleto de compra \u2013 venta se formaliz\u00f3 la operaci\u00f3n mediante la cual la empresa Lubeal se incorpor\u00f3 al Parque Industrial Log\u00edstico y Tecnol\u00f3gico Villa Mar\u00eda (PILT).<\/p>\n\n\n\n<p class=\"has-text-align-justify\">Vale mencionar que se trata de una firma dedicada a la venta y distribuci\u00f3n de materiales el\u00e9ctricos que lleva varios a\u00f1os de actividad en Villa Mar\u00eda, contando con un local de atenci\u00f3n al p\u00fablico en el centro de la ciudad.<\/p>\n\n\n\n<p class=\"has-text-align-justify\">Seg\u00fan indicaron sus responsables, en una primera instancia la intenci\u00f3n en el PILT es construir un espacio destinado a almacenamiento y distribuci\u00f3n de materiales, pero a la vez tienen en carpeta un proyecto productivo para ensamblar termotanques el\u00e9ctricos. La firma ya cuenta con antecedentes en ese tipo de tareas, la que esperan volver a realizar cuando las condiciones lo permitan.<\/p>\n\n\n\n<p class=\"has-text-align-justify\">Lubeal adquiri\u00f3 un terreno de 1.000 metros en esquina, ubicado en el sector de industrias varias.<\/p>\n","protected":false},"excerpt":{"rendered":"<p>D\u00edas pasados la firma local Lubeal adquiri\u00f3 un lote en el predio, situado en el sector de industrias varias. Con la r\u00fabrica del boleto de compra \u2013 venta se formaliz\u00f3 la operaci\u00f3n mediante la cual la empresa Lubeal se incorpor\u00f3 al Parque Industrial Log\u00edstico y Tecnol\u00f3gico Villa Mar\u00eda (PILT). Vale mencionar que se trata de [&hellip;]<\/p>\n","protected":false},"author":3,"featured_media":2793,"comment_status":"open","ping_status":"open","sticky":false,"template":"","format":"standard","meta":{"_jetpack_memberships_contains_paid_content":false,"footnotes":""},"categories":[2],"tags":[],"class_list":["post-2792","post","type-post","status-publish","format-standard","has-post-thumbnail","hentry","category-noticias"],"yoast_head":"<!-- This site is optimized with the Yoast SEO plugin v27.5 - https:\/\/yoast.com\/product\/yoast-seo-wordpress\/ -->\n<title>M\u00c1S EMPRESAS SE SUMAN AL PILT - PILT.com.ar<\/title>\n<meta name=\"robots\" content=\"index, follow, max-snippet:-1, max-image-preview:large, max-video-preview:-1\" \/>\n<link rel=\"canonical\" href=\"https:\/\/pilt.com.ar\/parque-industrial\/mas-empresas-se-suman-al-pilt\/\" \/>\n<meta property=\"og:locale\" content=\"es_ES\" \/>\n<meta property=\"og:type\" content=\"article\" \/>\n<meta property=\"og:title\" content=\"M\u00c1S EMPRESAS SE SUMAN AL PILT - PILT.com.ar\" \/>\n<meta property=\"og:description\" content=\"D\u00edas pasados la firma local Lubeal adquiri\u00f3 un lote en el predio, situado en el sector de industrias varias. Con la r\u00fabrica del boleto de compra \u2013 venta se formaliz\u00f3 la operaci\u00f3n mediante la cual la empresa Lubeal se incorpor\u00f3 al Parque Industrial Log\u00edstico y Tecnol\u00f3gico Villa Mar\u00eda (PILT). Vale mencionar que se trata de [&hellip;]\" \/>\n<meta property=\"og:url\" content=\"https:\/\/pilt.com.ar\/parque-industrial\/mas-empresas-se-suman-al-pilt\/\" \/>\n<meta property=\"og:site_name\" content=\"PILT.com.ar\" \/>\n<meta property=\"article:published_time\" content=\"2023-05-22T12:41:24+00:00\" \/>\n<meta property=\"article:modified_time\" content=\"2023-05-22T12:41:25+00:00\" \/>\n<meta property=\"og:image\" content=\"https:\/\/i0.wp.com\/pilt.com.ar\/parque-industrial\/wp-content\/uploads\/2023\/05\/WhatsApp-Image-2023-05-19-at-10.51.46.jpeg?fit=1600%2C1200&ssl=1\" \/>\n\t<meta property=\"og:image:width\" content=\"1600\" \/>\n\t<meta property=\"og:image:height\" content=\"1200\" \/>\n\t<meta property=\"og:image:type\" content=\"image\/jpeg\" \/>\n<meta name=\"author\" content=\"PILT\" \/>\n<meta name=\"twitter:card\" content=\"summary_large_image\" \/>\n<meta name=\"twitter:label1\" content=\"Escrito por\" \/>\n\t<meta name=\"twitter:data1\" content=\"PILT\" \/>\n\t<meta name=\"twitter:label2\" content=\"Tiempo de lectura\" \/>\n\t<meta name=\"twitter:data2\" content=\"1 minuto\" \/>\n<script type=\"application\/ld+json\" class=\"yoast-schema-graph\">{\"@context\":\"https:\\\/\\\/schema.org\",\"@graph\":[{\"@type\":\"Article\",\"@id\":\"https:\\\/\\\/pilt.com.ar\\\/parque-industrial\\\/mas-empresas-se-suman-al-pilt\\\/#article\",\"isPartOf\":{\"@id\":\"https:\\\/\\\/pilt.com.ar\\\/parque-industrial\\\/mas-empresas-se-suman-al-pilt\\\/\"},\"author\":{\"name\":\"PILT\",\"@id\":\"https:\\\/\\\/pilt.com.ar\\\/parque-industrial\\\/#\\\/schema\\\/person\\\/2dfb9e2464de1c3deef20c25c30a8306\"},\"headline\":\"M\u00c1S EMPRESAS SE SUMAN AL PILT\",\"datePublished\":\"2023-05-22T12:41:24+00:00\",\"dateModified\":\"2023-05-22T12:41:25+00:00\",\"mainEntityOfPage\":{\"@id\":\"https:\\\/\\\/pilt.com.ar\\\/parque-industrial\\\/mas-empresas-se-suman-al-pilt\\\/\"},\"wordCount\":186,\"commentCount\":0,\"image\":{\"@id\":\"https:\\\/\\\/pilt.com.ar\\\/parque-industrial\\\/mas-empresas-se-suman-al-pilt\\\/#primaryimage\"},\"thumbnailUrl\":\"https:\\\/\\\/i0.wp.com\\\/pilt.com.ar\\\/parque-industrial\\\/wp-content\\\/uploads\\\/2023\\\/05\\\/WhatsApp-Image-2023-05-19-at-10.51.46.jpeg?fit=1600%2C1200&ssl=1\",\"articleSection\":[\"Noticias\"],\"inLanguage\":\"es\",\"potentialAction\":[{\"@type\":\"CommentAction\",\"name\":\"Comment\",\"target\":[\"https:\\\/\\\/pilt.com.ar\\\/parque-industrial\\\/mas-empresas-se-suman-al-pilt\\\/#respond\"]}]},{\"@type\":\"WebPage\",\"@id\":\"https:\\\/\\\/pilt.com.ar\\\/parque-industrial\\\/mas-empresas-se-suman-al-pilt\\\/\",\"url\":\"https:\\\/\\\/pilt.com.ar\\\/parque-industrial\\\/mas-empresas-se-suman-al-pilt\\\/\",\"name\":\"M\u00c1S EMPRESAS SE SUMAN AL PILT - PILT.com.ar\",\"isPartOf\":{\"@id\":\"https:\\\/\\\/pilt.com.ar\\\/parque-industrial\\\/#website\"},\"primaryImageOfPage\":{\"@id\":\"https:\\\/\\\/pilt.com.ar\\\/parque-industrial\\\/mas-empresas-se-suman-al-pilt\\\/#primaryimage\"},\"image\":{\"@id\":\"https:\\\/\\\/pilt.com.ar\\\/parque-industrial\\\/mas-empresas-se-suman-al-pilt\\\/#primaryimage\"},\"thumbnailUrl\":\"https:\\\/\\\/i0.wp.com\\\/pilt.com.ar\\\/parque-industrial\\\/wp-content\\\/uploads\\\/2023\\\/05\\\/WhatsApp-Image-2023-05-19-at-10.51.46.jpeg?fit=1600%2C1200&ssl=1\",\"datePublished\":\"2023-05-22T12:41:24+00:00\",\"dateModified\":\"2023-05-22T12:41:25+00:00\",\"author\":{\"@id\":\"https:\\\/\\\/pilt.com.ar\\\/parque-industrial\\\/#\\\/schema\\\/person\\\/2dfb9e2464de1c3deef20c25c30a8306\"},\"inLanguage\":\"es\",\"potentialAction\":[{\"@type\":\"ReadAction\",\"target\":[\"https:\\\/\\\/pilt.com.ar\\\/parque-industrial\\\/mas-empresas-se-suman-al-pilt\\\/\"]}]},{\"@type\":\"ImageObject\",\"inLanguage\":\"es\",\"@id\":\"https:\\\/\\\/pilt.com.ar\\\/parque-industrial\\\/mas-empresas-se-suman-al-pilt\\\/#primaryimage\",\"url\":\"https:\\\/\\\/i0.wp.com\\\/pilt.com.ar\\\/parque-industrial\\\/wp-content\\\/uploads\\\/2023\\\/05\\\/WhatsApp-Image-2023-05-19-at-10.51.46.jpeg?fit=1600%2C1200&ssl=1\",\"contentUrl\":\"https:\\\/\\\/i0.wp.com\\\/pilt.com.ar\\\/parque-industrial\\\/wp-content\\\/uploads\\\/2023\\\/05\\\/WhatsApp-Image-2023-05-19-at-10.51.46.jpeg?fit=1600%2C1200&ssl=1\",\"width\":1600,\"height\":1200},{\"@type\":\"WebSite\",\"@id\":\"https:\\\/\\\/pilt.com.ar\\\/parque-industrial\\\/#website\",\"url\":\"https:\\\/\\\/pilt.com.ar\\\/parque-industrial\\\/\",\"name\":\"PILT.com.ar\",\"description\":\"Parque Industrial, Log\u00edstico y Tecnol\u00f3gico Villa Mar\u00eda\",\"potentialAction\":[{\"@type\":\"SearchAction\",\"target\":{\"@type\":\"EntryPoint\",\"urlTemplate\":\"https:\\\/\\\/pilt.com.ar\\\/parque-industrial\\\/?s={search_term_string}\"},\"query-input\":{\"@type\":\"PropertyValueSpecification\",\"valueRequired\":true,\"valueName\":\"search_term_string\"}}],\"inLanguage\":\"es\"},{\"@type\":\"Person\",\"@id\":\"https:\\\/\\\/pilt.com.ar\\\/parque-industrial\\\/#\\\/schema\\\/person\\\/2dfb9e2464de1c3deef20c25c30a8306\",\"name\":\"PILT\",\"image\":{\"@type\":\"ImageObject\",\"inLanguage\":\"es\",\"@id\":\"https:\\\/\\\/secure.gravatar.com\\\/avatar\\\/5e3734c8d8c8e0b0d45f923c14a14d7b90521d573d02f0d91360a777095ee42b?s=96&d=mm&r=g\",\"url\":\"https:\\\/\\\/secure.gravatar.com\\\/avatar\\\/5e3734c8d8c8e0b0d45f923c14a14d7b90521d573d02f0d91360a777095ee42b?s=96&d=mm&r=g\",\"contentUrl\":\"https:\\\/\\\/secure.gravatar.com\\\/avatar\\\/5e3734c8d8c8e0b0d45f923c14a14d7b90521d573d02f0d91360a777095ee42b?s=96&d=mm&r=g\",\"caption\":\"PILT\"},\"url\":\"https:\\\/\\\/pilt.com.ar\\\/parque-industrial\\\/author\\\/pilt\\\/\"}]}<\/script>\n<!-- \/ Yoast SEO plugin. -->","yoast_head_json":{"title":"M\u00c1S EMPRESAS SE SUMAN AL PILT - PILT.com.ar","robots":{"index":"index","follow":"follow","max-snippet":"max-snippet:-1","max-image-preview":"max-image-preview:large","max-video-preview":"max-video-preview:-1"},"canonical":"https:\/\/pilt.com.ar\/parque-industrial\/mas-empresas-se-suman-al-pilt\/","og_locale":"es_ES","og_type":"article","og_title":"M\u00c1S EMPRESAS SE SUMAN AL PILT - PILT.com.ar","og_description":"D\u00edas pasados la firma local Lubeal adquiri\u00f3 un lote en el predio, situado en el sector de industrias varias. Con la r\u00fabrica del boleto de compra \u2013 venta se formaliz\u00f3 la operaci\u00f3n mediante la cual la empresa Lubeal se incorpor\u00f3 al Parque Industrial Log\u00edstico y Tecnol\u00f3gico Villa Mar\u00eda (PILT). Vale mencionar que se trata de [&hellip;]","og_url":"https:\/\/pilt.com.ar\/parque-industrial\/mas-empresas-se-suman-al-pilt\/","og_site_name":"PILT.com.ar","article_published_time":"2023-05-22T12:41:24+00:00","article_modified_time":"2023-05-22T12:41:25+00:00","og_image":[{"width":1600,"height":1200,"url":"https:\/\/i0.wp.com\/pilt.com.ar\/parque-industrial\/wp-content\/uploads\/2023\/05\/WhatsApp-Image-2023-05-19-at-10.51.46.jpeg?fit=1600%2C1200&ssl=1","type":"image\/jpeg"}],"author":"PILT","twitter_card":"summary_large_image","twitter_misc":{"Escrito por":"PILT","Tiempo de lectura":"1 minuto"},"schema":{"@context":"https:\/\/schema.org","@graph":[{"@type":"Article","@id":"https:\/\/pilt.com.ar\/parque-industrial\/mas-empresas-se-suman-al-pilt\/#article","isPartOf":{"@id":"https:\/\/pilt.com.ar\/parque-industrial\/mas-empresas-se-suman-al-pilt\/"},"author":{"name":"PILT","@id":"https:\/\/pilt.com.ar\/parque-industrial\/#\/schema\/person\/2dfb9e2464de1c3deef20c25c30a8306"},"headline":"M\u00c1S EMPRESAS SE SUMAN AL PILT","datePublished":"2023-05-22T12:41:24+00:00","dateModified":"2023-05-22T12:41:25+00:00","mainEntityOfPage":{"@id":"https:\/\/pilt.com.ar\/parque-industrial\/mas-empresas-se-suman-al-pilt\/"},"wordCount":186,"commentCount":0,"image":{"@id":"https:\/\/pilt.com.ar\/parque-industrial\/mas-empresas-se-suman-al-pilt\/#primaryimage"},"thumbnailUrl":"https:\/\/i0.wp.com\/pilt.com.ar\/parque-industrial\/wp-content\/uploads\/2023\/05\/WhatsApp-Image-2023-05-19-at-10.51.46.jpeg?fit=1600%2C1200&ssl=1","articleSection":["Noticias"],"inLanguage":"es","potentialAction":[{"@type":"CommentAction","name":"Comment","target":["https:\/\/pilt.com.ar\/parque-industrial\/mas-empresas-se-suman-al-pilt\/#respond"]}]},{"@type":"WebPage","@id":"https:\/\/pilt.com.ar\/parque-industrial\/mas-empresas-se-suman-al-pilt\/","url":"https:\/\/pilt.com.ar\/parque-industrial\/mas-empresas-se-suman-al-pilt\/","name":"M\u00c1S EMPRESAS SE SUMAN AL PILT - PILT.com.ar","isPartOf":{"@id":"https:\/\/pilt.com.ar\/parque-industrial\/#website"},"primaryImageOfPage":{"@id":"https:\/\/pilt.com.ar\/parque-industrial\/mas-empresas-se-suman-al-pilt\/#primaryimage"},"image":{"@id":"https:\/\/pilt.com.ar\/parque-industrial\/mas-empresas-se-suman-al-pilt\/#primaryimage"},"thumbnailUrl":"https:\/\/i0.wp.com\/pilt.com.ar\/parque-industrial\/wp-content\/uploads\/2023\/05\/WhatsApp-Image-2023-05-19-at-10.51.46.jpeg?fit=1600%2C1200&ssl=1","datePublished":"2023-05-22T12:41:24+00:00","dateModified":"2023-05-22T12:41:25+00:00","author":{"@id":"https:\/\/pilt.com.ar\/parque-industrial\/#\/schema\/person\/2dfb9e2464de1c3deef20c25c30a8306"},"inLanguage":"es","potentialAction":[{"@type":"ReadAction","target":["https:\/\/pilt.com.ar\/parque-industrial\/mas-empresas-se-suman-al-pilt\/"]}]},{"@type":"ImageObject","inLanguage":"es","@id":"https:\/\/pilt.com.ar\/parque-industrial\/mas-empresas-se-suman-al-pilt\/#primaryimage","url":"https:\/\/i0.wp.com\/pilt.com.ar\/parque-industrial\/wp-content\/uploads\/2023\/05\/WhatsApp-Image-2023-05-19-at-10.51.46.jpeg?fit=1600%2C1200&ssl=1","contentUrl":"https:\/\/i0.wp.com\/pilt.com.ar\/parque-industrial\/wp-content\/uploads\/2023\/05\/WhatsApp-Image-2023-05-19-at-10.51.46.jpeg?fit=1600%2C1200&ssl=1","width":1600,"height":1200},{"@type":"WebSite","@id":"https:\/\/pilt.com.ar\/parque-industrial\/#website","url":"https:\/\/pilt.com.ar\/parque-industrial\/","name":"PILT.com.ar","description":"Parque Industrial, Log\u00edstico y Tecnol\u00f3gico Villa Mar\u00eda","potentialAction":[{"@type":"SearchAction","target":{"@type":"EntryPoint","urlTemplate":"https:\/\/pilt.com.ar\/parque-industrial\/?s={search_term_string}"},"query-input":{"@type":"PropertyValueSpecification","valueRequired":true,"valueName":"search_term_string"}}],"inLanguage":"es"},{"@type":"Person","@id":"https:\/\/pilt.com.ar\/parque-industrial\/#\/schema\/person\/2dfb9e2464de1c3deef20c25c30a8306","name":"PILT","image":{"@type":"ImageObject","inLanguage":"es","@id":"https:\/\/secure.gravatar.com\/avatar\/5e3734c8d8c8e0b0d45f923c14a14d7b90521d573d02f0d91360a777095ee42b?s=96&d=mm&r=g","url":"https:\/\/secure.gravatar.com\/avatar\/5e3734c8d8c8e0b0d45f923c14a14d7b90521d573d02f0d91360a777095ee42b?s=96&d=mm&r=g","contentUrl":"https:\/\/secure.gravatar.com\/avatar\/5e3734c8d8c8e0b0d45f923c14a14d7b90521d573d02f0d91360a777095ee42b?s=96&d=mm&r=g","caption":"PILT"},"url":"https:\/\/pilt.com.ar\/parque-industrial\/author\/pilt\/"}]}},"jetpack_featured_media_url":"https:\/\/i0.wp.com\/pilt.com.ar\/parque-industrial\/wp-content\/uploads\/2023\/05\/WhatsApp-Image-2023-05-19-at-10.51.46.jpeg?fit=1600%2C1200&ssl=1","jetpack_sharing_enabled":true,"_links":{"self":[{"href":"https:\/\/pilt.com.ar\/parque-industrial\/wp-json\/wp\/v2\/posts\/2792","targetHints":{"allow":["GET"]}}],"collection":[{"href":"https:\/\/pilt.com.ar\/parque-industrial\/wp-json\/wp\/v2\/posts"}],"about":[{"href":"https:\/\/pilt.com.ar\/parque-industrial\/wp-json\/wp\/v2\/types\/post"}],"author":[{"embeddable":true,"href":"https:\/\/pilt.com.ar\/parque-industrial\/wp-json\/wp\/v2\/users\/3"}],"replies":[{"embeddable":true,"href":"https:\/\/pilt.com.ar\/parque-industrial\/wp-json\/wp\/v2\/comments?post=2792"}],"version-history":[{"count":1,"href":"https:\/\/pilt.com.ar\/parque-industrial\/wp-json\/wp\/v2\/posts\/2792\/revisions"}],"predecessor-version":[{"id":2794,"href":"https:\/\/pilt.com.ar\/parque-industrial\/wp-json\/wp\/v2\/posts\/2792\/revisions\/2794"}],"wp:featuredmedia":[{"embeddable":true,"href":"https:\/\/pilt.com.ar\/parque-industrial\/wp-json\/wp\/v2\/media\/2793"}],"wp:attachment":[{"href":"https:\/\/pilt.com.ar\/parque-industrial\/wp-json\/wp\/v2\/media?parent=2792"}],"wp:term":[{"taxonomy":"category","embeddable":true,"href":"https:\/\/pilt.com.ar\/parque-industrial\/wp-json\/wp\/v2\/categories?post=2792"},{"taxonomy":"post_tag","embeddable":true,"href":"https:\/\/pilt.com.ar\/parque-industrial\/wp-json\/wp\/v2\/tags?post=2792"}],"curies":[{"name":"wp","href":"https:\/\/api.w.org\/{rel}","templated":true}]}}