{"id":2783,"date":"2023-05-08T08:34:11","date_gmt":"2023-05-08T11:34:11","guid":{"rendered":"https:\/\/pilt.com.ar\/parque-industrial\/?p=2783"},"modified":"2023-05-11T12:46:05","modified_gmt":"2023-05-11T15:46:05","slug":"avanza-el-proyecto-de-ampliacion-del-pilt","status":"publish","type":"post","link":"https:\/\/pilt.com.ar\/parque-industrial\/avanza-el-proyecto-de-ampliacion-del-pilt\/","title":{"rendered":"AVANZA EL PROYECTO DE AMPLIACI\u00d3N DEL PILT"},"content":{"rendered":"\n<p class=\"has-text-align-center\"><strong><em>Se incorporar\u00e1n 48 hect\u00e1reas al predio, para emplazar m\u00e1s empresas que contribuyan al desarrollo regional.<\/em><\/strong><\/p>\n\n\n\n<p><\/p>\n\n\n\n<p class=\"has-text-align-justify\">El Parque Industrial, Log\u00edstico y Tecnol\u00f3gico Villa Mar\u00eda (PILT) avanza en un importante proyecto de ampliaci\u00f3n. El mismo prev\u00e9 incorporar a su actual estructura una superficie de 48 hect\u00e1reas, que contendr\u00e1 93 lotes distribuidos en 12 manzanas y un dispositivo de retardo hidrol\u00f3gico para la disposici\u00f3n provisoria de agua de lluvia.<\/p>\n\n\n\n<p class=\"has-text-align-justify\">Asimismo, la intenci\u00f3n es que el espacio de contenci\u00f3n pluvial tambi\u00e9n pueda ser utilizado para el emplazamiento de una planta fotovoltaica, que contribuir\u00e1 a la reducci\u00f3n de la demanda el\u00e9ctrica. De prospectar el proyecto, el PILT podr\u00e1 dar otro paso m\u00e1s en torno a la sustentabilidad del predio.<\/p>\n\n\n\n<p class=\"has-text-align-justify\">Cabe destacar que los tr\u00e1mites correspondientes al loteo han superado la etapa municipal, continuando con el trayecto administrativo correspondiente seg\u00fan establece la legislaci\u00f3n vigente.<\/p>\n\n\n\n<p class=\"has-text-align-justify\"><\/p>\n","protected":false},"excerpt":{"rendered":"<p>Se incorporar\u00e1n 48 hect\u00e1reas al predio, para emplazar m\u00e1s empresas que contribuyan al desarrollo regional. El Parque Industrial, Log\u00edstico y Tecnol\u00f3gico Villa Mar\u00eda (PILT) avanza en un importante proyecto de ampliaci\u00f3n. El mismo prev\u00e9 incorporar a su actual estructura una superficie de 48 hect\u00e1reas, que contendr\u00e1 93 lotes distribuidos en 12 manzanas y un dispositivo [&hellip;]<\/p>\n","protected":false},"author":3,"featured_media":2784,"comment_status":"open","ping_status":"open","sticky":false,"template":"","format":"standard","meta":{"_jetpack_memberships_contains_paid_content":false,"footnotes":""},"categories":[2],"tags":[],"class_list":["post-2783","post","type-post","status-publish","format-standard","has-post-thumbnail","hentry","category-noticias"],"yoast_head":"<!-- This site is optimized with the Yoast SEO plugin v27.5 - https:\/\/yoast.com\/product\/yoast-seo-wordpress\/ -->\n<title>AVANZA EL PROYECTO DE AMPLIACI\u00d3N DEL PILT - PILT.com.ar<\/title>\n<meta name=\"robots\" content=\"index, follow, max-snippet:-1, max-image-preview:large, max-video-preview:-1\" \/>\n<link rel=\"canonical\" href=\"https:\/\/pilt.com.ar\/parque-industrial\/avanza-el-proyecto-de-ampliacion-del-pilt\/\" \/>\n<meta property=\"og:locale\" content=\"es_ES\" \/>\n<meta property=\"og:type\" content=\"article\" \/>\n<meta property=\"og:title\" content=\"AVANZA EL PROYECTO DE AMPLIACI\u00d3N DEL PILT - PILT.com.ar\" \/>\n<meta property=\"og:description\" content=\"Se incorporar\u00e1n 48 hect\u00e1reas al predio, para emplazar m\u00e1s empresas que contribuyan al desarrollo regional. El Parque Industrial, Log\u00edstico y Tecnol\u00f3gico Villa Mar\u00eda (PILT) avanza en un importante proyecto de ampliaci\u00f3n. El mismo prev\u00e9 incorporar a su actual estructura una superficie de 48 hect\u00e1reas, que contendr\u00e1 93 lotes distribuidos en 12 manzanas y un dispositivo [&hellip;]\" \/>\n<meta property=\"og:url\" content=\"https:\/\/pilt.com.ar\/parque-industrial\/avanza-el-proyecto-de-ampliacion-del-pilt\/\" \/>\n<meta property=\"og:site_name\" content=\"PILT.com.ar\" \/>\n<meta property=\"article:published_time\" content=\"2023-05-08T11:34:11+00:00\" \/>\n<meta property=\"article:modified_time\" content=\"2023-05-11T15:46:05+00:00\" \/>\n<meta property=\"og:image\" content=\"https:\/\/i0.wp.com\/pilt.com.ar\/parque-industrial\/wp-content\/uploads\/2023\/05\/WhatsApp-Image-2023-05-05-at-09.19.53-1.jpeg?fit=735%2C659&ssl=1\" \/>\n\t<meta property=\"og:image:width\" content=\"735\" \/>\n\t<meta property=\"og:image:height\" content=\"659\" \/>\n\t<meta property=\"og:image:type\" content=\"image\/jpeg\" \/>\n<meta name=\"author\" content=\"PILT\" \/>\n<meta name=\"twitter:card\" content=\"summary_large_image\" \/>\n<meta name=\"twitter:label1\" content=\"Escrito por\" \/>\n\t<meta name=\"twitter:data1\" content=\"PILT\" \/>\n\t<meta name=\"twitter:label2\" content=\"Tiempo de lectura\" \/>\n\t<meta name=\"twitter:data2\" content=\"1 minuto\" \/>\n<script type=\"application\/ld+json\" class=\"yoast-schema-graph\">{\"@context\":\"https:\\\/\\\/schema.org\",\"@graph\":[{\"@type\":\"Article\",\"@id\":\"https:\\\/\\\/pilt.com.ar\\\/parque-industrial\\\/avanza-el-proyecto-de-ampliacion-del-pilt\\\/#article\",\"isPartOf\":{\"@id\":\"https:\\\/\\\/pilt.com.ar\\\/parque-industrial\\\/avanza-el-proyecto-de-ampliacion-del-pilt\\\/\"},\"author\":{\"name\":\"PILT\",\"@id\":\"https:\\\/\\\/pilt.com.ar\\\/parque-industrial\\\/#\\\/schema\\\/person\\\/2dfb9e2464de1c3deef20c25c30a8306\"},\"headline\":\"AVANZA EL PROYECTO DE AMPLIACI\u00d3N DEL PILT\",\"datePublished\":\"2023-05-08T11:34:11+00:00\",\"dateModified\":\"2023-05-11T15:46:05+00:00\",\"mainEntityOfPage\":{\"@id\":\"https:\\\/\\\/pilt.com.ar\\\/parque-industrial\\\/avanza-el-proyecto-de-ampliacion-del-pilt\\\/\"},\"wordCount\":161,\"commentCount\":0,\"image\":{\"@id\":\"https:\\\/\\\/pilt.com.ar\\\/parque-industrial\\\/avanza-el-proyecto-de-ampliacion-del-pilt\\\/#primaryimage\"},\"thumbnailUrl\":\"https:\\\/\\\/i0.wp.com\\\/pilt.com.ar\\\/parque-industrial\\\/wp-content\\\/uploads\\\/2023\\\/05\\\/WhatsApp-Image-2023-05-05-at-09.19.53-1.jpeg?fit=735%2C659&ssl=1\",\"articleSection\":[\"Noticias\"],\"inLanguage\":\"es\",\"potentialAction\":[{\"@type\":\"CommentAction\",\"name\":\"Comment\",\"target\":[\"https:\\\/\\\/pilt.com.ar\\\/parque-industrial\\\/avanza-el-proyecto-de-ampliacion-del-pilt\\\/#respond\"]}]},{\"@type\":\"WebPage\",\"@id\":\"https:\\\/\\\/pilt.com.ar\\\/parque-industrial\\\/avanza-el-proyecto-de-ampliacion-del-pilt\\\/\",\"url\":\"https:\\\/\\\/pilt.com.ar\\\/parque-industrial\\\/avanza-el-proyecto-de-ampliacion-del-pilt\\\/\",\"name\":\"AVANZA EL PROYECTO DE AMPLIACI\u00d3N DEL PILT - PILT.com.ar\",\"isPartOf\":{\"@id\":\"https:\\\/\\\/pilt.com.ar\\\/parque-industrial\\\/#website\"},\"primaryImageOfPage\":{\"@id\":\"https:\\\/\\\/pilt.com.ar\\\/parque-industrial\\\/avanza-el-proyecto-de-ampliacion-del-pilt\\\/#primaryimage\"},\"image\":{\"@id\":\"https:\\\/\\\/pilt.com.ar\\\/parque-industrial\\\/avanza-el-proyecto-de-ampliacion-del-pilt\\\/#primaryimage\"},\"thumbnailUrl\":\"https:\\\/\\\/i0.wp.com\\\/pilt.com.ar\\\/parque-industrial\\\/wp-content\\\/uploads\\\/2023\\\/05\\\/WhatsApp-Image-2023-05-05-at-09.19.53-1.jpeg?fit=735%2C659&ssl=1\",\"datePublished\":\"2023-05-08T11:34:11+00:00\",\"dateModified\":\"2023-05-11T15:46:05+00:00\",\"author\":{\"@id\":\"https:\\\/\\\/pilt.com.ar\\\/parque-industrial\\\/#\\\/schema\\\/person\\\/2dfb9e2464de1c3deef20c25c30a8306\"},\"inLanguage\":\"es\",\"potentialAction\":[{\"@type\":\"ReadAction\",\"target\":[\"https:\\\/\\\/pilt.com.ar\\\/parque-industrial\\\/avanza-el-proyecto-de-ampliacion-del-pilt\\\/\"]}]},{\"@type\":\"ImageObject\",\"inLanguage\":\"es\",\"@id\":\"https:\\\/\\\/pilt.com.ar\\\/parque-industrial\\\/avanza-el-proyecto-de-ampliacion-del-pilt\\\/#primaryimage\",\"url\":\"https:\\\/\\\/i0.wp.com\\\/pilt.com.ar\\\/parque-industrial\\\/wp-content\\\/uploads\\\/2023\\\/05\\\/WhatsApp-Image-2023-05-05-at-09.19.53-1.jpeg?fit=735%2C659&ssl=1\",\"contentUrl\":\"https:\\\/\\\/i0.wp.com\\\/pilt.com.ar\\\/parque-industrial\\\/wp-content\\\/uploads\\\/2023\\\/05\\\/WhatsApp-Image-2023-05-05-at-09.19.53-1.jpeg?fit=735%2C659&ssl=1\",\"width\":735,\"height\":659},{\"@type\":\"WebSite\",\"@id\":\"https:\\\/\\\/pilt.com.ar\\\/parque-industrial\\\/#website\",\"url\":\"https:\\\/\\\/pilt.com.ar\\\/parque-industrial\\\/\",\"name\":\"PILT.com.ar\",\"description\":\"Parque Industrial, Log\u00edstico y Tecnol\u00f3gico Villa Mar\u00eda\",\"potentialAction\":[{\"@type\":\"SearchAction\",\"target\":{\"@type\":\"EntryPoint\",\"urlTemplate\":\"https:\\\/\\\/pilt.com.ar\\\/parque-industrial\\\/?s={search_term_string}\"},\"query-input\":{\"@type\":\"PropertyValueSpecification\",\"valueRequired\":true,\"valueName\":\"search_term_string\"}}],\"inLanguage\":\"es\"},{\"@type\":\"Person\",\"@id\":\"https:\\\/\\\/pilt.com.ar\\\/parque-industrial\\\/#\\\/schema\\\/person\\\/2dfb9e2464de1c3deef20c25c30a8306\",\"name\":\"PILT\",\"image\":{\"@type\":\"ImageObject\",\"inLanguage\":\"es\",\"@id\":\"https:\\\/\\\/secure.gravatar.com\\\/avatar\\\/5e3734c8d8c8e0b0d45f923c14a14d7b90521d573d02f0d91360a777095ee42b?s=96&d=mm&r=g\",\"url\":\"https:\\\/\\\/secure.gravatar.com\\\/avatar\\\/5e3734c8d8c8e0b0d45f923c14a14d7b90521d573d02f0d91360a777095ee42b?s=96&d=mm&r=g\",\"contentUrl\":\"https:\\\/\\\/secure.gravatar.com\\\/avatar\\\/5e3734c8d8c8e0b0d45f923c14a14d7b90521d573d02f0d91360a777095ee42b?s=96&d=mm&r=g\",\"caption\":\"PILT\"},\"url\":\"https:\\\/\\\/pilt.com.ar\\\/parque-industrial\\\/author\\\/pilt\\\/\"}]}<\/script>\n<!-- \/ Yoast SEO plugin. -->","yoast_head_json":{"title":"AVANZA EL PROYECTO DE AMPLIACI\u00d3N DEL PILT - PILT.com.ar","robots":{"index":"index","follow":"follow","max-snippet":"max-snippet:-1","max-image-preview":"max-image-preview:large","max-video-preview":"max-video-preview:-1"},"canonical":"https:\/\/pilt.com.ar\/parque-industrial\/avanza-el-proyecto-de-ampliacion-del-pilt\/","og_locale":"es_ES","og_type":"article","og_title":"AVANZA EL PROYECTO DE AMPLIACI\u00d3N DEL PILT - PILT.com.ar","og_description":"Se incorporar\u00e1n 48 hect\u00e1reas al predio, para emplazar m\u00e1s empresas que contribuyan al desarrollo regional. El Parque Industrial, Log\u00edstico y Tecnol\u00f3gico Villa Mar\u00eda (PILT) avanza en un importante proyecto de ampliaci\u00f3n. El mismo prev\u00e9 incorporar a su actual estructura una superficie de 48 hect\u00e1reas, que contendr\u00e1 93 lotes distribuidos en 12 manzanas y un dispositivo [&hellip;]","og_url":"https:\/\/pilt.com.ar\/parque-industrial\/avanza-el-proyecto-de-ampliacion-del-pilt\/","og_site_name":"PILT.com.ar","article_published_time":"2023-05-08T11:34:11+00:00","article_modified_time":"2023-05-11T15:46:05+00:00","og_image":[{"width":735,"height":659,"url":"https:\/\/i0.wp.com\/pilt.com.ar\/parque-industrial\/wp-content\/uploads\/2023\/05\/WhatsApp-Image-2023-05-05-at-09.19.53-1.jpeg?fit=735%2C659&ssl=1","type":"image\/jpeg"}],"author":"PILT","twitter_card":"summary_large_image","twitter_misc":{"Escrito por":"PILT","Tiempo de lectura":"1 minuto"},"schema":{"@context":"https:\/\/schema.org","@graph":[{"@type":"Article","@id":"https:\/\/pilt.com.ar\/parque-industrial\/avanza-el-proyecto-de-ampliacion-del-pilt\/#article","isPartOf":{"@id":"https:\/\/pilt.com.ar\/parque-industrial\/avanza-el-proyecto-de-ampliacion-del-pilt\/"},"author":{"name":"PILT","@id":"https:\/\/pilt.com.ar\/parque-industrial\/#\/schema\/person\/2dfb9e2464de1c3deef20c25c30a8306"},"headline":"AVANZA EL PROYECTO DE AMPLIACI\u00d3N DEL PILT","datePublished":"2023-05-08T11:34:11+00:00","dateModified":"2023-05-11T15:46:05+00:00","mainEntityOfPage":{"@id":"https:\/\/pilt.com.ar\/parque-industrial\/avanza-el-proyecto-de-ampliacion-del-pilt\/"},"wordCount":161,"commentCount":0,"image":{"@id":"https:\/\/pilt.com.ar\/parque-industrial\/avanza-el-proyecto-de-ampliacion-del-pilt\/#primaryimage"},"thumbnailUrl":"https:\/\/i0.wp.com\/pilt.com.ar\/parque-industrial\/wp-content\/uploads\/2023\/05\/WhatsApp-Image-2023-05-05-at-09.19.53-1.jpeg?fit=735%2C659&ssl=1","articleSection":["Noticias"],"inLanguage":"es","potentialAction":[{"@type":"CommentAction","name":"Comment","target":["https:\/\/pilt.com.ar\/parque-industrial\/avanza-el-proyecto-de-ampliacion-del-pilt\/#respond"]}]},{"@type":"WebPage","@id":"https:\/\/pilt.com.ar\/parque-industrial\/avanza-el-proyecto-de-ampliacion-del-pilt\/","url":"https:\/\/pilt.com.ar\/parque-industrial\/avanza-el-proyecto-de-ampliacion-del-pilt\/","name":"AVANZA EL PROYECTO DE AMPLIACI\u00d3N DEL PILT - PILT.com.ar","isPartOf":{"@id":"https:\/\/pilt.com.ar\/parque-industrial\/#website"},"primaryImageOfPage":{"@id":"https:\/\/pilt.com.ar\/parque-industrial\/avanza-el-proyecto-de-ampliacion-del-pilt\/#primaryimage"},"image":{"@id":"https:\/\/pilt.com.ar\/parque-industrial\/avanza-el-proyecto-de-ampliacion-del-pilt\/#primaryimage"},"thumbnailUrl":"https:\/\/i0.wp.com\/pilt.com.ar\/parque-industrial\/wp-content\/uploads\/2023\/05\/WhatsApp-Image-2023-05-05-at-09.19.53-1.jpeg?fit=735%2C659&ssl=1","datePublished":"2023-05-08T11:34:11+00:00","dateModified":"2023-05-11T15:46:05+00:00","author":{"@id":"https:\/\/pilt.com.ar\/parque-industrial\/#\/schema\/person\/2dfb9e2464de1c3deef20c25c30a8306"},"inLanguage":"es","potentialAction":[{"@type":"ReadAction","target":["https:\/\/pilt.com.ar\/parque-industrial\/avanza-el-proyecto-de-ampliacion-del-pilt\/"]}]},{"@type":"ImageObject","inLanguage":"es","@id":"https:\/\/pilt.com.ar\/parque-industrial\/avanza-el-proyecto-de-ampliacion-del-pilt\/#primaryimage","url":"https:\/\/i0.wp.com\/pilt.com.ar\/parque-industrial\/wp-content\/uploads\/2023\/05\/WhatsApp-Image-2023-05-05-at-09.19.53-1.jpeg?fit=735%2C659&ssl=1","contentUrl":"https:\/\/i0.wp.com\/pilt.com.ar\/parque-industrial\/wp-content\/uploads\/2023\/05\/WhatsApp-Image-2023-05-05-at-09.19.53-1.jpeg?fit=735%2C659&ssl=1","width":735,"height":659},{"@type":"WebSite","@id":"https:\/\/pilt.com.ar\/parque-industrial\/#website","url":"https:\/\/pilt.com.ar\/parque-industrial\/","name":"PILT.com.ar","description":"Parque Industrial, Log\u00edstico y Tecnol\u00f3gico Villa Mar\u00eda","potentialAction":[{"@type":"SearchAction","target":{"@type":"EntryPoint","urlTemplate":"https:\/\/pilt.com.ar\/parque-industrial\/?s={search_term_string}"},"query-input":{"@type":"PropertyValueSpecification","valueRequired":true,"valueName":"search_term_string"}}],"inLanguage":"es"},{"@type":"Person","@id":"https:\/\/pilt.com.ar\/parque-industrial\/#\/schema\/person\/2dfb9e2464de1c3deef20c25c30a8306","name":"PILT","image":{"@type":"ImageObject","inLanguage":"es","@id":"https:\/\/secure.gravatar.com\/avatar\/5e3734c8d8c8e0b0d45f923c14a14d7b90521d573d02f0d91360a777095ee42b?s=96&d=mm&r=g","url":"https:\/\/secure.gravatar.com\/avatar\/5e3734c8d8c8e0b0d45f923c14a14d7b90521d573d02f0d91360a777095ee42b?s=96&d=mm&r=g","contentUrl":"https:\/\/secure.gravatar.com\/avatar\/5e3734c8d8c8e0b0d45f923c14a14d7b90521d573d02f0d91360a777095ee42b?s=96&d=mm&r=g","caption":"PILT"},"url":"https:\/\/pilt.com.ar\/parque-industrial\/author\/pilt\/"}]}},"jetpack_featured_media_url":"https:\/\/i0.wp.com\/pilt.com.ar\/parque-industrial\/wp-content\/uploads\/2023\/05\/WhatsApp-Image-2023-05-05-at-09.19.53-1.jpeg?fit=735%2C659&ssl=1","jetpack_sharing_enabled":true,"_links":{"self":[{"href":"https:\/\/pilt.com.ar\/parque-industrial\/wp-json\/wp\/v2\/posts\/2783","targetHints":{"allow":["GET"]}}],"collection":[{"href":"https:\/\/pilt.com.ar\/parque-industrial\/wp-json\/wp\/v2\/posts"}],"about":[{"href":"https:\/\/pilt.com.ar\/parque-industrial\/wp-json\/wp\/v2\/types\/post"}],"author":[{"embeddable":true,"href":"https:\/\/pilt.com.ar\/parque-industrial\/wp-json\/wp\/v2\/users\/3"}],"replies":[{"embeddable":true,"href":"https:\/\/pilt.com.ar\/parque-industrial\/wp-json\/wp\/v2\/comments?post=2783"}],"version-history":[{"count":2,"href":"https:\/\/pilt.com.ar\/parque-industrial\/wp-json\/wp\/v2\/posts\/2783\/revisions"}],"predecessor-version":[{"id":2788,"href":"https:\/\/pilt.com.ar\/parque-industrial\/wp-json\/wp\/v2\/posts\/2783\/revisions\/2788"}],"wp:featuredmedia":[{"embeddable":true,"href":"https:\/\/pilt.com.ar\/parque-industrial\/wp-json\/wp\/v2\/media\/2784"}],"wp:attachment":[{"href":"https:\/\/pilt.com.ar\/parque-industrial\/wp-json\/wp\/v2\/media?parent=2783"}],"wp:term":[{"taxonomy":"category","embeddable":true,"href":"https:\/\/pilt.com.ar\/parque-industrial\/wp-json\/wp\/v2\/categories?post=2783"},{"taxonomy":"post_tag","embeddable":true,"href":"https:\/\/pilt.com.ar\/parque-industrial\/wp-json\/wp\/v2\/tags?post=2783"}],"curies":[{"name":"wp","href":"https:\/\/api.w.org\/{rel}","templated":true}]}}