{"id":2780,"date":"2023-04-28T09:02:56","date_gmt":"2023-04-28T12:02:56","guid":{"rendered":"https:\/\/pilt.com.ar\/parque-industrial\/?p=2780"},"modified":"2023-04-28T09:02:57","modified_gmt":"2023-04-28T12:02:57","slug":"delegacion-internacional-visito-el-pilt","status":"publish","type":"post","link":"https:\/\/pilt.com.ar\/parque-industrial\/delegacion-internacional-visito-el-pilt\/","title":{"rendered":"DELEGACI\u00d3N INTERNACIONAL VISIT\u00d3 EL PILT"},"content":{"rendered":"\n<p class=\"has-text-align-center\"><em><strong>Se trata de funcionarios de Braga y Asunci\u00f3n, que visitan la ciudad en el marco del Programa de Desarrollo Integrado, del que forman parte junto a la Municipalidad de Villa Mar\u00eda.<\/strong><\/em><\/p>\n\n\n\n<p class=\"has-text-align-justify\">El gerente del Parque Industrial, Log\u00edstico y Tecnol\u00f3gico Villa Mar\u00eda (PILT), Lic. Carlos Montoto Galiano, recibi\u00f3 a autoridades de las localidades de Braga (Portugal) y Asunci\u00f3n (Paraguay), quienes arribaron acompa\u00f1ados por los responsables locales del Programa de Desarrollo Integrado, que cuenta con financiamiento de la Uni\u00f3n Europea.<\/p>\n\n\n\n<p class=\"has-text-align-justify\">En ese sentido, participaron del encuentro Jo\u00e3o Rodrigues (vicealcalde); Nuno Gouveia (asesor de Relaciones Internacionales); Helder Costa (secretario Ejecutivo para la Sostenibilidad) y Jo\u00e3o Correia (asesor para Deporte, Juventud, Salud y Bienestar, Ciudadan\u00eda y Participaci\u00f3n, Interculturalidad e Integraci\u00f3n) y Carlos Da Fonte Videira (presidente de BragaHabit), en representaci\u00f3n de la ciudad de Braga. Por parte de Asunci\u00f3n estuvieron el jefe de la Unidad Reciclaje de la capital paraguaya, Walter Lescano, y Norma Gim\u00e9nez, t\u00e9cnica de la Direcci\u00f3n General de Gesti\u00f3n Ambiental. Tambi\u00e9n fueron de la partida el secretario de Planeamiento, Relaciones Institucionales y Vinculaci\u00f3n Comunitaria de la Municipalidad, Otto Wester; el coordinador del citado programa, Dami\u00e1n Truccone, y miembros del proyecto.<\/p>\n\n\n\n<p class=\"has-text-align-justify\">Los visitantes recorrieron la Nave para Emprendedores I, interioriz\u00e1ndose sobre los proyectos que llevan a cabo los emprendedores que all\u00ed est\u00e1n alojados, a la vez de conocer el sistema implementado por el PILT para potenciar a desarrollos con alto potencial.<\/p>\n\n\n\n<p class=\"has-text-align-justify\">Con posterioridad, en el sal\u00f3n de usos m\u00faltiples del Ente, Montoto Galiano realiz\u00f3 una presentaci\u00f3n en donde explic\u00f3 las caracter\u00edsticas del Parque, su evoluci\u00f3n, deteni\u00e9ndose particularmente en los proyectos sustentables. En ese sentido, destac\u00f3 la inclusi\u00f3n de paneles solares para utilizar energ\u00eda limpia en la Administraci\u00f3n; la iluminaci\u00f3n leed con sistema de autogesti\u00f3n que cuenta el predio y que permite eficientizar el consumo, como as\u00ed tambi\u00e9n mencion\u00f3 las actividades que llevan adelante algunas empresas del Parque vinculadas al reciclado de cartones y pl\u00e1sticos.<\/p>\n\n\n\n<p class=\"has-text-align-justify\">Seguidamente, la comitiva se traslad\u00f3 a la empresa P&amp;L, dedicada a la reconstrucci\u00f3n de neum\u00e1ticos de camiones y tractores, que tiene como foco en todo el proceso productivo la econom\u00eda circular y sustentabilidad. Luego conocieron la planta del Cl\u00faster Quesero Villa Mar\u00eda, operado por la empresa Pedrolga.<\/p>\n\n\n\n<p class=\"has-text-align-justify\">Vale la pena mencionar que a trav\u00e9s del programa \u201cFomento del desarrollo urbano, integrado, inclusivo, resiliente y ecol\u00f3gico de la ciudad de Villa Mar\u00eda y la regi\u00f3n\u201d, la Municipalidad de Villa Mar\u00eda promueve acciones de vinculaci\u00f3n internacional relacionadas al ambiente, emprendedurismo, gobernanza, inclusi\u00f3n, cultura, educaci\u00f3n y ODS. De ese proyecto de gobernanza multinivel y multisectorial tambi\u00e9n participan las localidades de Braga y Asunci\u00f3n.<\/p>\n","protected":false},"excerpt":{"rendered":"<p>Se trata de funcionarios de Braga y Asunci\u00f3n, que visitan la ciudad en el marco del Programa de Desarrollo Integrado, del que forman parte junto a la Municipalidad de Villa Mar\u00eda. El gerente del Parque Industrial, Log\u00edstico y Tecnol\u00f3gico Villa Mar\u00eda (PILT), Lic. Carlos Montoto Galiano, recibi\u00f3 a autoridades de las localidades de Braga (Portugal) [&hellip;]<\/p>\n","protected":false},"author":3,"featured_media":2781,"comment_status":"open","ping_status":"open","sticky":false,"template":"","format":"standard","meta":{"_jetpack_memberships_contains_paid_content":false,"footnotes":""},"categories":[2],"tags":[],"class_list":["post-2780","post","type-post","status-publish","format-standard","has-post-thumbnail","hentry","category-noticias"],"yoast_head":"<!-- This site is optimized with the Yoast SEO plugin v27.5 - https:\/\/yoast.com\/product\/yoast-seo-wordpress\/ -->\n<title>DELEGACI\u00d3N INTERNACIONAL VISIT\u00d3 EL PILT - PILT.com.ar<\/title>\n<meta name=\"robots\" content=\"index, follow, max-snippet:-1, max-image-preview:large, max-video-preview:-1\" \/>\n<link rel=\"canonical\" href=\"https:\/\/pilt.com.ar\/parque-industrial\/delegacion-internacional-visito-el-pilt\/\" \/>\n<meta property=\"og:locale\" content=\"es_ES\" \/>\n<meta property=\"og:type\" content=\"article\" \/>\n<meta property=\"og:title\" content=\"DELEGACI\u00d3N INTERNACIONAL VISIT\u00d3 EL PILT - PILT.com.ar\" \/>\n<meta property=\"og:description\" content=\"Se trata de funcionarios de Braga y Asunci\u00f3n, que visitan la ciudad en el marco del Programa de Desarrollo Integrado, del que forman parte junto a la Municipalidad de Villa Mar\u00eda. El gerente del Parque Industrial, Log\u00edstico y Tecnol\u00f3gico Villa Mar\u00eda (PILT), Lic. Carlos Montoto Galiano, recibi\u00f3 a autoridades de las localidades de Braga (Portugal) [&hellip;]\" \/>\n<meta property=\"og:url\" content=\"https:\/\/pilt.com.ar\/parque-industrial\/delegacion-internacional-visito-el-pilt\/\" \/>\n<meta property=\"og:site_name\" content=\"PILT.com.ar\" \/>\n<meta property=\"article:published_time\" content=\"2023-04-28T12:02:56+00:00\" \/>\n<meta property=\"article:modified_time\" content=\"2023-04-28T12:02:57+00:00\" \/>\n<meta property=\"og:image\" content=\"https:\/\/i0.wp.com\/pilt.com.ar\/parque-industrial\/wp-content\/uploads\/2023\/04\/WhatsApp-Image-2023-04-28-at-08.45.07.jpeg?fit=1600%2C1200&ssl=1\" \/>\n\t<meta property=\"og:image:width\" content=\"1600\" \/>\n\t<meta property=\"og:image:height\" content=\"1200\" \/>\n\t<meta property=\"og:image:type\" content=\"image\/jpeg\" \/>\n<meta name=\"author\" content=\"PILT\" \/>\n<meta name=\"twitter:card\" content=\"summary_large_image\" \/>\n<meta name=\"twitter:label1\" content=\"Escrito por\" \/>\n\t<meta name=\"twitter:data1\" content=\"PILT\" \/>\n\t<meta name=\"twitter:label2\" content=\"Tiempo de lectura\" \/>\n\t<meta name=\"twitter:data2\" content=\"2 minutos\" \/>\n<script type=\"application\/ld+json\" class=\"yoast-schema-graph\">{\"@context\":\"https:\\\/\\\/schema.org\",\"@graph\":[{\"@type\":\"Article\",\"@id\":\"https:\\\/\\\/pilt.com.ar\\\/parque-industrial\\\/delegacion-internacional-visito-el-pilt\\\/#article\",\"isPartOf\":{\"@id\":\"https:\\\/\\\/pilt.com.ar\\\/parque-industrial\\\/delegacion-internacional-visito-el-pilt\\\/\"},\"author\":{\"name\":\"PILT\",\"@id\":\"https:\\\/\\\/pilt.com.ar\\\/parque-industrial\\\/#\\\/schema\\\/person\\\/2dfb9e2464de1c3deef20c25c30a8306\"},\"headline\":\"DELEGACI\u00d3N INTERNACIONAL VISIT\u00d3 EL PILT\",\"datePublished\":\"2023-04-28T12:02:56+00:00\",\"dateModified\":\"2023-04-28T12:02:57+00:00\",\"mainEntityOfPage\":{\"@id\":\"https:\\\/\\\/pilt.com.ar\\\/parque-industrial\\\/delegacion-internacional-visito-el-pilt\\\/\"},\"wordCount\":482,\"commentCount\":0,\"image\":{\"@id\":\"https:\\\/\\\/pilt.com.ar\\\/parque-industrial\\\/delegacion-internacional-visito-el-pilt\\\/#primaryimage\"},\"thumbnailUrl\":\"https:\\\/\\\/i0.wp.com\\\/pilt.com.ar\\\/parque-industrial\\\/wp-content\\\/uploads\\\/2023\\\/04\\\/WhatsApp-Image-2023-04-28-at-08.45.07.jpeg?fit=1600%2C1200&ssl=1\",\"articleSection\":[\"Noticias\"],\"inLanguage\":\"es\",\"potentialAction\":[{\"@type\":\"CommentAction\",\"name\":\"Comment\",\"target\":[\"https:\\\/\\\/pilt.com.ar\\\/parque-industrial\\\/delegacion-internacional-visito-el-pilt\\\/#respond\"]}]},{\"@type\":\"WebPage\",\"@id\":\"https:\\\/\\\/pilt.com.ar\\\/parque-industrial\\\/delegacion-internacional-visito-el-pilt\\\/\",\"url\":\"https:\\\/\\\/pilt.com.ar\\\/parque-industrial\\\/delegacion-internacional-visito-el-pilt\\\/\",\"name\":\"DELEGACI\u00d3N INTERNACIONAL VISIT\u00d3 EL PILT - PILT.com.ar\",\"isPartOf\":{\"@id\":\"https:\\\/\\\/pilt.com.ar\\\/parque-industrial\\\/#website\"},\"primaryImageOfPage\":{\"@id\":\"https:\\\/\\\/pilt.com.ar\\\/parque-industrial\\\/delegacion-internacional-visito-el-pilt\\\/#primaryimage\"},\"image\":{\"@id\":\"https:\\\/\\\/pilt.com.ar\\\/parque-industrial\\\/delegacion-internacional-visito-el-pilt\\\/#primaryimage\"},\"thumbnailUrl\":\"https:\\\/\\\/i0.wp.com\\\/pilt.com.ar\\\/parque-industrial\\\/wp-content\\\/uploads\\\/2023\\\/04\\\/WhatsApp-Image-2023-04-28-at-08.45.07.jpeg?fit=1600%2C1200&ssl=1\",\"datePublished\":\"2023-04-28T12:02:56+00:00\",\"dateModified\":\"2023-04-28T12:02:57+00:00\",\"author\":{\"@id\":\"https:\\\/\\\/pilt.com.ar\\\/parque-industrial\\\/#\\\/schema\\\/person\\\/2dfb9e2464de1c3deef20c25c30a8306\"},\"inLanguage\":\"es\",\"potentialAction\":[{\"@type\":\"ReadAction\",\"target\":[\"https:\\\/\\\/pilt.com.ar\\\/parque-industrial\\\/delegacion-internacional-visito-el-pilt\\\/\"]}]},{\"@type\":\"ImageObject\",\"inLanguage\":\"es\",\"@id\":\"https:\\\/\\\/pilt.com.ar\\\/parque-industrial\\\/delegacion-internacional-visito-el-pilt\\\/#primaryimage\",\"url\":\"https:\\\/\\\/i0.wp.com\\\/pilt.com.ar\\\/parque-industrial\\\/wp-content\\\/uploads\\\/2023\\\/04\\\/WhatsApp-Image-2023-04-28-at-08.45.07.jpeg?fit=1600%2C1200&ssl=1\",\"contentUrl\":\"https:\\\/\\\/i0.wp.com\\\/pilt.com.ar\\\/parque-industrial\\\/wp-content\\\/uploads\\\/2023\\\/04\\\/WhatsApp-Image-2023-04-28-at-08.45.07.jpeg?fit=1600%2C1200&ssl=1\",\"width\":1600,\"height\":1200},{\"@type\":\"WebSite\",\"@id\":\"https:\\\/\\\/pilt.com.ar\\\/parque-industrial\\\/#website\",\"url\":\"https:\\\/\\\/pilt.com.ar\\\/parque-industrial\\\/\",\"name\":\"PILT.com.ar\",\"description\":\"Parque Industrial, Log\u00edstico y Tecnol\u00f3gico Villa Mar\u00eda\",\"potentialAction\":[{\"@type\":\"SearchAction\",\"target\":{\"@type\":\"EntryPoint\",\"urlTemplate\":\"https:\\\/\\\/pilt.com.ar\\\/parque-industrial\\\/?s={search_term_string}\"},\"query-input\":{\"@type\":\"PropertyValueSpecification\",\"valueRequired\":true,\"valueName\":\"search_term_string\"}}],\"inLanguage\":\"es\"},{\"@type\":\"Person\",\"@id\":\"https:\\\/\\\/pilt.com.ar\\\/parque-industrial\\\/#\\\/schema\\\/person\\\/2dfb9e2464de1c3deef20c25c30a8306\",\"name\":\"PILT\",\"image\":{\"@type\":\"ImageObject\",\"inLanguage\":\"es\",\"@id\":\"https:\\\/\\\/secure.gravatar.com\\\/avatar\\\/5e3734c8d8c8e0b0d45f923c14a14d7b90521d573d02f0d91360a777095ee42b?s=96&d=mm&r=g\",\"url\":\"https:\\\/\\\/secure.gravatar.com\\\/avatar\\\/5e3734c8d8c8e0b0d45f923c14a14d7b90521d573d02f0d91360a777095ee42b?s=96&d=mm&r=g\",\"contentUrl\":\"https:\\\/\\\/secure.gravatar.com\\\/avatar\\\/5e3734c8d8c8e0b0d45f923c14a14d7b90521d573d02f0d91360a777095ee42b?s=96&d=mm&r=g\",\"caption\":\"PILT\"},\"url\":\"https:\\\/\\\/pilt.com.ar\\\/parque-industrial\\\/author\\\/pilt\\\/\"}]}<\/script>\n<!-- \/ Yoast SEO plugin. -->","yoast_head_json":{"title":"DELEGACI\u00d3N INTERNACIONAL VISIT\u00d3 EL PILT - PILT.com.ar","robots":{"index":"index","follow":"follow","max-snippet":"max-snippet:-1","max-image-preview":"max-image-preview:large","max-video-preview":"max-video-preview:-1"},"canonical":"https:\/\/pilt.com.ar\/parque-industrial\/delegacion-internacional-visito-el-pilt\/","og_locale":"es_ES","og_type":"article","og_title":"DELEGACI\u00d3N INTERNACIONAL VISIT\u00d3 EL PILT - PILT.com.ar","og_description":"Se trata de funcionarios de Braga y Asunci\u00f3n, que visitan la ciudad en el marco del Programa de Desarrollo Integrado, del que forman parte junto a la Municipalidad de Villa Mar\u00eda. El gerente del Parque Industrial, Log\u00edstico y Tecnol\u00f3gico Villa Mar\u00eda (PILT), Lic. Carlos Montoto Galiano, recibi\u00f3 a autoridades de las localidades de Braga (Portugal) [&hellip;]","og_url":"https:\/\/pilt.com.ar\/parque-industrial\/delegacion-internacional-visito-el-pilt\/","og_site_name":"PILT.com.ar","article_published_time":"2023-04-28T12:02:56+00:00","article_modified_time":"2023-04-28T12:02:57+00:00","og_image":[{"width":1600,"height":1200,"url":"https:\/\/i0.wp.com\/pilt.com.ar\/parque-industrial\/wp-content\/uploads\/2023\/04\/WhatsApp-Image-2023-04-28-at-08.45.07.jpeg?fit=1600%2C1200&ssl=1","type":"image\/jpeg"}],"author":"PILT","twitter_card":"summary_large_image","twitter_misc":{"Escrito por":"PILT","Tiempo de lectura":"2 minutos"},"schema":{"@context":"https:\/\/schema.org","@graph":[{"@type":"Article","@id":"https:\/\/pilt.com.ar\/parque-industrial\/delegacion-internacional-visito-el-pilt\/#article","isPartOf":{"@id":"https:\/\/pilt.com.ar\/parque-industrial\/delegacion-internacional-visito-el-pilt\/"},"author":{"name":"PILT","@id":"https:\/\/pilt.com.ar\/parque-industrial\/#\/schema\/person\/2dfb9e2464de1c3deef20c25c30a8306"},"headline":"DELEGACI\u00d3N INTERNACIONAL VISIT\u00d3 EL PILT","datePublished":"2023-04-28T12:02:56+00:00","dateModified":"2023-04-28T12:02:57+00:00","mainEntityOfPage":{"@id":"https:\/\/pilt.com.ar\/parque-industrial\/delegacion-internacional-visito-el-pilt\/"},"wordCount":482,"commentCount":0,"image":{"@id":"https:\/\/pilt.com.ar\/parque-industrial\/delegacion-internacional-visito-el-pilt\/#primaryimage"},"thumbnailUrl":"https:\/\/i0.wp.com\/pilt.com.ar\/parque-industrial\/wp-content\/uploads\/2023\/04\/WhatsApp-Image-2023-04-28-at-08.45.07.jpeg?fit=1600%2C1200&ssl=1","articleSection":["Noticias"],"inLanguage":"es","potentialAction":[{"@type":"CommentAction","name":"Comment","target":["https:\/\/pilt.com.ar\/parque-industrial\/delegacion-internacional-visito-el-pilt\/#respond"]}]},{"@type":"WebPage","@id":"https:\/\/pilt.com.ar\/parque-industrial\/delegacion-internacional-visito-el-pilt\/","url":"https:\/\/pilt.com.ar\/parque-industrial\/delegacion-internacional-visito-el-pilt\/","name":"DELEGACI\u00d3N INTERNACIONAL VISIT\u00d3 EL PILT - PILT.com.ar","isPartOf":{"@id":"https:\/\/pilt.com.ar\/parque-industrial\/#website"},"primaryImageOfPage":{"@id":"https:\/\/pilt.com.ar\/parque-industrial\/delegacion-internacional-visito-el-pilt\/#primaryimage"},"image":{"@id":"https:\/\/pilt.com.ar\/parque-industrial\/delegacion-internacional-visito-el-pilt\/#primaryimage"},"thumbnailUrl":"https:\/\/i0.wp.com\/pilt.com.ar\/parque-industrial\/wp-content\/uploads\/2023\/04\/WhatsApp-Image-2023-04-28-at-08.45.07.jpeg?fit=1600%2C1200&ssl=1","datePublished":"2023-04-28T12:02:56+00:00","dateModified":"2023-04-28T12:02:57+00:00","author":{"@id":"https:\/\/pilt.com.ar\/parque-industrial\/#\/schema\/person\/2dfb9e2464de1c3deef20c25c30a8306"},"inLanguage":"es","potentialAction":[{"@type":"ReadAction","target":["https:\/\/pilt.com.ar\/parque-industrial\/delegacion-internacional-visito-el-pilt\/"]}]},{"@type":"ImageObject","inLanguage":"es","@id":"https:\/\/pilt.com.ar\/parque-industrial\/delegacion-internacional-visito-el-pilt\/#primaryimage","url":"https:\/\/i0.wp.com\/pilt.com.ar\/parque-industrial\/wp-content\/uploads\/2023\/04\/WhatsApp-Image-2023-04-28-at-08.45.07.jpeg?fit=1600%2C1200&ssl=1","contentUrl":"https:\/\/i0.wp.com\/pilt.com.ar\/parque-industrial\/wp-content\/uploads\/2023\/04\/WhatsApp-Image-2023-04-28-at-08.45.07.jpeg?fit=1600%2C1200&ssl=1","width":1600,"height":1200},{"@type":"WebSite","@id":"https:\/\/pilt.com.ar\/parque-industrial\/#website","url":"https:\/\/pilt.com.ar\/parque-industrial\/","name":"PILT.com.ar","description":"Parque Industrial, Log\u00edstico y Tecnol\u00f3gico Villa Mar\u00eda","potentialAction":[{"@type":"SearchAction","target":{"@type":"EntryPoint","urlTemplate":"https:\/\/pilt.com.ar\/parque-industrial\/?s={search_term_string}"},"query-input":{"@type":"PropertyValueSpecification","valueRequired":true,"valueName":"search_term_string"}}],"inLanguage":"es"},{"@type":"Person","@id":"https:\/\/pilt.com.ar\/parque-industrial\/#\/schema\/person\/2dfb9e2464de1c3deef20c25c30a8306","name":"PILT","image":{"@type":"ImageObject","inLanguage":"es","@id":"https:\/\/secure.gravatar.com\/avatar\/5e3734c8d8c8e0b0d45f923c14a14d7b90521d573d02f0d91360a777095ee42b?s=96&d=mm&r=g","url":"https:\/\/secure.gravatar.com\/avatar\/5e3734c8d8c8e0b0d45f923c14a14d7b90521d573d02f0d91360a777095ee42b?s=96&d=mm&r=g","contentUrl":"https:\/\/secure.gravatar.com\/avatar\/5e3734c8d8c8e0b0d45f923c14a14d7b90521d573d02f0d91360a777095ee42b?s=96&d=mm&r=g","caption":"PILT"},"url":"https:\/\/pilt.com.ar\/parque-industrial\/author\/pilt\/"}]}},"jetpack_featured_media_url":"https:\/\/i0.wp.com\/pilt.com.ar\/parque-industrial\/wp-content\/uploads\/2023\/04\/WhatsApp-Image-2023-04-28-at-08.45.07.jpeg?fit=1600%2C1200&ssl=1","jetpack_sharing_enabled":true,"_links":{"self":[{"href":"https:\/\/pilt.com.ar\/parque-industrial\/wp-json\/wp\/v2\/posts\/2780","targetHints":{"allow":["GET"]}}],"collection":[{"href":"https:\/\/pilt.com.ar\/parque-industrial\/wp-json\/wp\/v2\/posts"}],"about":[{"href":"https:\/\/pilt.com.ar\/parque-industrial\/wp-json\/wp\/v2\/types\/post"}],"author":[{"embeddable":true,"href":"https:\/\/pilt.com.ar\/parque-industrial\/wp-json\/wp\/v2\/users\/3"}],"replies":[{"embeddable":true,"href":"https:\/\/pilt.com.ar\/parque-industrial\/wp-json\/wp\/v2\/comments?post=2780"}],"version-history":[{"count":1,"href":"https:\/\/pilt.com.ar\/parque-industrial\/wp-json\/wp\/v2\/posts\/2780\/revisions"}],"predecessor-version":[{"id":2782,"href":"https:\/\/pilt.com.ar\/parque-industrial\/wp-json\/wp\/v2\/posts\/2780\/revisions\/2782"}],"wp:featuredmedia":[{"embeddable":true,"href":"https:\/\/pilt.com.ar\/parque-industrial\/wp-json\/wp\/v2\/media\/2781"}],"wp:attachment":[{"href":"https:\/\/pilt.com.ar\/parque-industrial\/wp-json\/wp\/v2\/media?parent=2780"}],"wp:term":[{"taxonomy":"category","embeddable":true,"href":"https:\/\/pilt.com.ar\/parque-industrial\/wp-json\/wp\/v2\/categories?post=2780"},{"taxonomy":"post_tag","embeddable":true,"href":"https:\/\/pilt.com.ar\/parque-industrial\/wp-json\/wp\/v2\/tags?post=2780"}],"curies":[{"name":"wp","href":"https:\/\/api.w.org\/{rel}","templated":true}]}}