{"id":2777,"date":"2023-04-21T08:38:37","date_gmt":"2023-04-21T11:38:37","guid":{"rendered":"https:\/\/pilt.com.ar\/parque-industrial\/?p=2777"},"modified":"2023-04-21T08:38:38","modified_gmt":"2023-04-21T11:38:38","slug":"empresa-de-economia-circular-se-suma-al-parque-industrial","status":"publish","type":"post","link":"https:\/\/pilt.com.ar\/parque-industrial\/empresa-de-economia-circular-se-suma-al-parque-industrial\/","title":{"rendered":"EMPRESA DE ECONOM\u00cdA CIRCULAR SE SUMA AL PARQUE INDUSTRIAL"},"content":{"rendered":"\n<p class=\"has-text-align-center\"><em>La empresa Greenpack VM adquiri\u00f3 recientemente un lote para construir su planta en el predio.<\/em><\/p>\n\n\n\n<p class=\"has-text-align-justify\">Hace pocos d\u00edas Greenpack VM firm\u00f3 el boleto de compra \u2013 venta mediante el cual compr\u00f3 un lote el Parque Industrial, Log\u00edstico y Tecnol\u00f3gico Vila Mar\u00eda (PILT), en donde llevar\u00e1 adelante un interesante proyecto de econom\u00eda circular.<\/p>\n\n\n\n<p class=\"has-text-align-justify\">La firma se dedica a reciclar pl\u00e1sticos mediante un proceso que comienza con el retiro de desechos de nylon de empresas locales.&nbsp; A partir de all\u00ed se inicia un recorrido productivo en el que el material va transitando por diferentes etapas, clasificaci\u00f3n, limpieza, triturado y compactaci\u00f3n, hasta que se genera un producto denominado pastilla de pl\u00e1stico recuperado, que es lo que la firma comercializa.&nbsp; Esas pastillas son usadas como insumos por otras industrias para elaborar bolsas, ca\u00f1os, mangueras y dem\u00e1s productos.<\/p>\n\n\n\n<p class=\"has-text-align-justify\">Seg\u00fan indicaron los propietarios, la decisi\u00f3n de trasladarse al PILT tiene que ver con las limitaciones en la disponibilidad de energ\u00eda el\u00e9ctrica existentes en su actual localizaci\u00f3n. Esa situaci\u00f3n impide trabajar con equipos encendidos en forma paralela, lo que traba el crecimiento de la producci\u00f3n. &nbsp;<\/p>\n\n\n\n<p class=\"has-text-align-justify\">La obra prevista contempla la construcci\u00f3n de una planta operativa de 600 metros cuadrados, aunque en una primera etapa comenzar\u00edan con una superficie menor, que permitir\u00e1 la colocaci\u00f3n de maquinaria. En una segunda etapa de completar\u00e1 la cantidad de metros y se sumar\u00e1n adem\u00e1s espacios para oficinas y vestuarios.<\/p>\n\n\n\n<p class=\"has-text-align-justify\">El dise\u00f1o del proyecto ya est\u00e1 terminado y la empresa se encuentra buscando posibilidades de financiamiento para ejecutar la obra.<\/p>\n","protected":false},"excerpt":{"rendered":"<p>La empresa Greenpack VM adquiri\u00f3 recientemente un lote para construir su planta en el predio. Hace pocos d\u00edas Greenpack VM firm\u00f3 el boleto de compra \u2013 venta mediante el cual compr\u00f3 un lote el Parque Industrial, Log\u00edstico y Tecnol\u00f3gico Vila Mar\u00eda (PILT), en donde llevar\u00e1 adelante un interesante proyecto de econom\u00eda circular. La firma se [&hellip;]<\/p>\n","protected":false},"author":3,"featured_media":2778,"comment_status":"open","ping_status":"open","sticky":false,"template":"","format":"standard","meta":{"_jetpack_memberships_contains_paid_content":false,"footnotes":""},"categories":[2],"tags":[],"class_list":["post-2777","post","type-post","status-publish","format-standard","has-post-thumbnail","hentry","category-noticias"],"yoast_head":"<!-- This site is optimized with the Yoast SEO plugin v27.5 - https:\/\/yoast.com\/product\/yoast-seo-wordpress\/ -->\n<title>EMPRESA DE ECONOM\u00cdA CIRCULAR SE SUMA AL PARQUE INDUSTRIAL - PILT.com.ar<\/title>\n<meta name=\"robots\" content=\"index, follow, max-snippet:-1, max-image-preview:large, max-video-preview:-1\" \/>\n<link rel=\"canonical\" href=\"https:\/\/pilt.com.ar\/parque-industrial\/empresa-de-economia-circular-se-suma-al-parque-industrial\/\" \/>\n<meta property=\"og:locale\" content=\"es_ES\" \/>\n<meta property=\"og:type\" content=\"article\" \/>\n<meta property=\"og:title\" content=\"EMPRESA DE ECONOM\u00cdA CIRCULAR SE SUMA AL PARQUE INDUSTRIAL - PILT.com.ar\" \/>\n<meta property=\"og:description\" content=\"La empresa Greenpack VM adquiri\u00f3 recientemente un lote para construir su planta en el predio. Hace pocos d\u00edas Greenpack VM firm\u00f3 el boleto de compra \u2013 venta mediante el cual compr\u00f3 un lote el Parque Industrial, Log\u00edstico y Tecnol\u00f3gico Vila Mar\u00eda (PILT), en donde llevar\u00e1 adelante un interesante proyecto de econom\u00eda circular. La firma se [&hellip;]\" \/>\n<meta property=\"og:url\" content=\"https:\/\/pilt.com.ar\/parque-industrial\/empresa-de-economia-circular-se-suma-al-parque-industrial\/\" \/>\n<meta property=\"og:site_name\" content=\"PILT.com.ar\" \/>\n<meta property=\"article:published_time\" content=\"2023-04-21T11:38:37+00:00\" \/>\n<meta property=\"article:modified_time\" content=\"2023-04-21T11:38:38+00:00\" \/>\n<meta property=\"og:image\" content=\"https:\/\/i0.wp.com\/pilt.com.ar\/parque-industrial\/wp-content\/uploads\/2023\/04\/greenpack-4.jpg?fit=1079%2C969&ssl=1\" \/>\n\t<meta property=\"og:image:width\" content=\"1079\" \/>\n\t<meta property=\"og:image:height\" content=\"969\" \/>\n\t<meta property=\"og:image:type\" content=\"image\/jpeg\" \/>\n<meta name=\"author\" content=\"PILT\" \/>\n<meta name=\"twitter:card\" content=\"summary_large_image\" \/>\n<meta name=\"twitter:label1\" content=\"Escrito por\" \/>\n\t<meta name=\"twitter:data1\" content=\"PILT\" \/>\n\t<meta name=\"twitter:label2\" content=\"Tiempo de lectura\" \/>\n\t<meta name=\"twitter:data2\" content=\"2 minutos\" \/>\n<script type=\"application\/ld+json\" class=\"yoast-schema-graph\">{\"@context\":\"https:\\\/\\\/schema.org\",\"@graph\":[{\"@type\":\"Article\",\"@id\":\"https:\\\/\\\/pilt.com.ar\\\/parque-industrial\\\/empresa-de-economia-circular-se-suma-al-parque-industrial\\\/#article\",\"isPartOf\":{\"@id\":\"https:\\\/\\\/pilt.com.ar\\\/parque-industrial\\\/empresa-de-economia-circular-se-suma-al-parque-industrial\\\/\"},\"author\":{\"name\":\"PILT\",\"@id\":\"https:\\\/\\\/pilt.com.ar\\\/parque-industrial\\\/#\\\/schema\\\/person\\\/2dfb9e2464de1c3deef20c25c30a8306\"},\"headline\":\"EMPRESA DE ECONOM\u00cdA CIRCULAR SE SUMA AL PARQUE INDUSTRIAL\",\"datePublished\":\"2023-04-21T11:38:37+00:00\",\"dateModified\":\"2023-04-21T11:38:38+00:00\",\"mainEntityOfPage\":{\"@id\":\"https:\\\/\\\/pilt.com.ar\\\/parque-industrial\\\/empresa-de-economia-circular-se-suma-al-parque-industrial\\\/\"},\"wordCount\":282,\"commentCount\":0,\"image\":{\"@id\":\"https:\\\/\\\/pilt.com.ar\\\/parque-industrial\\\/empresa-de-economia-circular-se-suma-al-parque-industrial\\\/#primaryimage\"},\"thumbnailUrl\":\"https:\\\/\\\/i0.wp.com\\\/pilt.com.ar\\\/parque-industrial\\\/wp-content\\\/uploads\\\/2023\\\/04\\\/greenpack-4.jpg?fit=1079%2C969&ssl=1\",\"articleSection\":[\"Noticias\"],\"inLanguage\":\"es\",\"potentialAction\":[{\"@type\":\"CommentAction\",\"name\":\"Comment\",\"target\":[\"https:\\\/\\\/pilt.com.ar\\\/parque-industrial\\\/empresa-de-economia-circular-se-suma-al-parque-industrial\\\/#respond\"]}]},{\"@type\":\"WebPage\",\"@id\":\"https:\\\/\\\/pilt.com.ar\\\/parque-industrial\\\/empresa-de-economia-circular-se-suma-al-parque-industrial\\\/\",\"url\":\"https:\\\/\\\/pilt.com.ar\\\/parque-industrial\\\/empresa-de-economia-circular-se-suma-al-parque-industrial\\\/\",\"name\":\"EMPRESA DE ECONOM\u00cdA CIRCULAR SE SUMA AL PARQUE INDUSTRIAL - PILT.com.ar\",\"isPartOf\":{\"@id\":\"https:\\\/\\\/pilt.com.ar\\\/parque-industrial\\\/#website\"},\"primaryImageOfPage\":{\"@id\":\"https:\\\/\\\/pilt.com.ar\\\/parque-industrial\\\/empresa-de-economia-circular-se-suma-al-parque-industrial\\\/#primaryimage\"},\"image\":{\"@id\":\"https:\\\/\\\/pilt.com.ar\\\/parque-industrial\\\/empresa-de-economia-circular-se-suma-al-parque-industrial\\\/#primaryimage\"},\"thumbnailUrl\":\"https:\\\/\\\/i0.wp.com\\\/pilt.com.ar\\\/parque-industrial\\\/wp-content\\\/uploads\\\/2023\\\/04\\\/greenpack-4.jpg?fit=1079%2C969&ssl=1\",\"datePublished\":\"2023-04-21T11:38:37+00:00\",\"dateModified\":\"2023-04-21T11:38:38+00:00\",\"author\":{\"@id\":\"https:\\\/\\\/pilt.com.ar\\\/parque-industrial\\\/#\\\/schema\\\/person\\\/2dfb9e2464de1c3deef20c25c30a8306\"},\"inLanguage\":\"es\",\"potentialAction\":[{\"@type\":\"ReadAction\",\"target\":[\"https:\\\/\\\/pilt.com.ar\\\/parque-industrial\\\/empresa-de-economia-circular-se-suma-al-parque-industrial\\\/\"]}]},{\"@type\":\"ImageObject\",\"inLanguage\":\"es\",\"@id\":\"https:\\\/\\\/pilt.com.ar\\\/parque-industrial\\\/empresa-de-economia-circular-se-suma-al-parque-industrial\\\/#primaryimage\",\"url\":\"https:\\\/\\\/i0.wp.com\\\/pilt.com.ar\\\/parque-industrial\\\/wp-content\\\/uploads\\\/2023\\\/04\\\/greenpack-4.jpg?fit=1079%2C969&ssl=1\",\"contentUrl\":\"https:\\\/\\\/i0.wp.com\\\/pilt.com.ar\\\/parque-industrial\\\/wp-content\\\/uploads\\\/2023\\\/04\\\/greenpack-4.jpg?fit=1079%2C969&ssl=1\",\"width\":1079,\"height\":969},{\"@type\":\"WebSite\",\"@id\":\"https:\\\/\\\/pilt.com.ar\\\/parque-industrial\\\/#website\",\"url\":\"https:\\\/\\\/pilt.com.ar\\\/parque-industrial\\\/\",\"name\":\"PILT.com.ar\",\"description\":\"Parque Industrial, Log\u00edstico y Tecnol\u00f3gico Villa Mar\u00eda\",\"potentialAction\":[{\"@type\":\"SearchAction\",\"target\":{\"@type\":\"EntryPoint\",\"urlTemplate\":\"https:\\\/\\\/pilt.com.ar\\\/parque-industrial\\\/?s={search_term_string}\"},\"query-input\":{\"@type\":\"PropertyValueSpecification\",\"valueRequired\":true,\"valueName\":\"search_term_string\"}}],\"inLanguage\":\"es\"},{\"@type\":\"Person\",\"@id\":\"https:\\\/\\\/pilt.com.ar\\\/parque-industrial\\\/#\\\/schema\\\/person\\\/2dfb9e2464de1c3deef20c25c30a8306\",\"name\":\"PILT\",\"image\":{\"@type\":\"ImageObject\",\"inLanguage\":\"es\",\"@id\":\"https:\\\/\\\/secure.gravatar.com\\\/avatar\\\/5e3734c8d8c8e0b0d45f923c14a14d7b90521d573d02f0d91360a777095ee42b?s=96&d=mm&r=g\",\"url\":\"https:\\\/\\\/secure.gravatar.com\\\/avatar\\\/5e3734c8d8c8e0b0d45f923c14a14d7b90521d573d02f0d91360a777095ee42b?s=96&d=mm&r=g\",\"contentUrl\":\"https:\\\/\\\/secure.gravatar.com\\\/avatar\\\/5e3734c8d8c8e0b0d45f923c14a14d7b90521d573d02f0d91360a777095ee42b?s=96&d=mm&r=g\",\"caption\":\"PILT\"},\"url\":\"https:\\\/\\\/pilt.com.ar\\\/parque-industrial\\\/author\\\/pilt\\\/\"}]}<\/script>\n<!-- \/ Yoast SEO plugin. -->","yoast_head_json":{"title":"EMPRESA DE ECONOM\u00cdA CIRCULAR SE SUMA AL PARQUE INDUSTRIAL - PILT.com.ar","robots":{"index":"index","follow":"follow","max-snippet":"max-snippet:-1","max-image-preview":"max-image-preview:large","max-video-preview":"max-video-preview:-1"},"canonical":"https:\/\/pilt.com.ar\/parque-industrial\/empresa-de-economia-circular-se-suma-al-parque-industrial\/","og_locale":"es_ES","og_type":"article","og_title":"EMPRESA DE ECONOM\u00cdA CIRCULAR SE SUMA AL PARQUE INDUSTRIAL - PILT.com.ar","og_description":"La empresa Greenpack VM adquiri\u00f3 recientemente un lote para construir su planta en el predio. Hace pocos d\u00edas Greenpack VM firm\u00f3 el boleto de compra \u2013 venta mediante el cual compr\u00f3 un lote el Parque Industrial, Log\u00edstico y Tecnol\u00f3gico Vila Mar\u00eda (PILT), en donde llevar\u00e1 adelante un interesante proyecto de econom\u00eda circular. La firma se [&hellip;]","og_url":"https:\/\/pilt.com.ar\/parque-industrial\/empresa-de-economia-circular-se-suma-al-parque-industrial\/","og_site_name":"PILT.com.ar","article_published_time":"2023-04-21T11:38:37+00:00","article_modified_time":"2023-04-21T11:38:38+00:00","og_image":[{"width":1079,"height":969,"url":"https:\/\/i0.wp.com\/pilt.com.ar\/parque-industrial\/wp-content\/uploads\/2023\/04\/greenpack-4.jpg?fit=1079%2C969&ssl=1","type":"image\/jpeg"}],"author":"PILT","twitter_card":"summary_large_image","twitter_misc":{"Escrito por":"PILT","Tiempo de lectura":"2 minutos"},"schema":{"@context":"https:\/\/schema.org","@graph":[{"@type":"Article","@id":"https:\/\/pilt.com.ar\/parque-industrial\/empresa-de-economia-circular-se-suma-al-parque-industrial\/#article","isPartOf":{"@id":"https:\/\/pilt.com.ar\/parque-industrial\/empresa-de-economia-circular-se-suma-al-parque-industrial\/"},"author":{"name":"PILT","@id":"https:\/\/pilt.com.ar\/parque-industrial\/#\/schema\/person\/2dfb9e2464de1c3deef20c25c30a8306"},"headline":"EMPRESA DE ECONOM\u00cdA CIRCULAR SE SUMA AL PARQUE INDUSTRIAL","datePublished":"2023-04-21T11:38:37+00:00","dateModified":"2023-04-21T11:38:38+00:00","mainEntityOfPage":{"@id":"https:\/\/pilt.com.ar\/parque-industrial\/empresa-de-economia-circular-se-suma-al-parque-industrial\/"},"wordCount":282,"commentCount":0,"image":{"@id":"https:\/\/pilt.com.ar\/parque-industrial\/empresa-de-economia-circular-se-suma-al-parque-industrial\/#primaryimage"},"thumbnailUrl":"https:\/\/i0.wp.com\/pilt.com.ar\/parque-industrial\/wp-content\/uploads\/2023\/04\/greenpack-4.jpg?fit=1079%2C969&ssl=1","articleSection":["Noticias"],"inLanguage":"es","potentialAction":[{"@type":"CommentAction","name":"Comment","target":["https:\/\/pilt.com.ar\/parque-industrial\/empresa-de-economia-circular-se-suma-al-parque-industrial\/#respond"]}]},{"@type":"WebPage","@id":"https:\/\/pilt.com.ar\/parque-industrial\/empresa-de-economia-circular-se-suma-al-parque-industrial\/","url":"https:\/\/pilt.com.ar\/parque-industrial\/empresa-de-economia-circular-se-suma-al-parque-industrial\/","name":"EMPRESA DE ECONOM\u00cdA CIRCULAR SE SUMA AL PARQUE INDUSTRIAL - PILT.com.ar","isPartOf":{"@id":"https:\/\/pilt.com.ar\/parque-industrial\/#website"},"primaryImageOfPage":{"@id":"https:\/\/pilt.com.ar\/parque-industrial\/empresa-de-economia-circular-se-suma-al-parque-industrial\/#primaryimage"},"image":{"@id":"https:\/\/pilt.com.ar\/parque-industrial\/empresa-de-economia-circular-se-suma-al-parque-industrial\/#primaryimage"},"thumbnailUrl":"https:\/\/i0.wp.com\/pilt.com.ar\/parque-industrial\/wp-content\/uploads\/2023\/04\/greenpack-4.jpg?fit=1079%2C969&ssl=1","datePublished":"2023-04-21T11:38:37+00:00","dateModified":"2023-04-21T11:38:38+00:00","author":{"@id":"https:\/\/pilt.com.ar\/parque-industrial\/#\/schema\/person\/2dfb9e2464de1c3deef20c25c30a8306"},"inLanguage":"es","potentialAction":[{"@type":"ReadAction","target":["https:\/\/pilt.com.ar\/parque-industrial\/empresa-de-economia-circular-se-suma-al-parque-industrial\/"]}]},{"@type":"ImageObject","inLanguage":"es","@id":"https:\/\/pilt.com.ar\/parque-industrial\/empresa-de-economia-circular-se-suma-al-parque-industrial\/#primaryimage","url":"https:\/\/i0.wp.com\/pilt.com.ar\/parque-industrial\/wp-content\/uploads\/2023\/04\/greenpack-4.jpg?fit=1079%2C969&ssl=1","contentUrl":"https:\/\/i0.wp.com\/pilt.com.ar\/parque-industrial\/wp-content\/uploads\/2023\/04\/greenpack-4.jpg?fit=1079%2C969&ssl=1","width":1079,"height":969},{"@type":"WebSite","@id":"https:\/\/pilt.com.ar\/parque-industrial\/#website","url":"https:\/\/pilt.com.ar\/parque-industrial\/","name":"PILT.com.ar","description":"Parque Industrial, Log\u00edstico y Tecnol\u00f3gico Villa Mar\u00eda","potentialAction":[{"@type":"SearchAction","target":{"@type":"EntryPoint","urlTemplate":"https:\/\/pilt.com.ar\/parque-industrial\/?s={search_term_string}"},"query-input":{"@type":"PropertyValueSpecification","valueRequired":true,"valueName":"search_term_string"}}],"inLanguage":"es"},{"@type":"Person","@id":"https:\/\/pilt.com.ar\/parque-industrial\/#\/schema\/person\/2dfb9e2464de1c3deef20c25c30a8306","name":"PILT","image":{"@type":"ImageObject","inLanguage":"es","@id":"https:\/\/secure.gravatar.com\/avatar\/5e3734c8d8c8e0b0d45f923c14a14d7b90521d573d02f0d91360a777095ee42b?s=96&d=mm&r=g","url":"https:\/\/secure.gravatar.com\/avatar\/5e3734c8d8c8e0b0d45f923c14a14d7b90521d573d02f0d91360a777095ee42b?s=96&d=mm&r=g","contentUrl":"https:\/\/secure.gravatar.com\/avatar\/5e3734c8d8c8e0b0d45f923c14a14d7b90521d573d02f0d91360a777095ee42b?s=96&d=mm&r=g","caption":"PILT"},"url":"https:\/\/pilt.com.ar\/parque-industrial\/author\/pilt\/"}]}},"jetpack_featured_media_url":"https:\/\/i0.wp.com\/pilt.com.ar\/parque-industrial\/wp-content\/uploads\/2023\/04\/greenpack-4.jpg?fit=1079%2C969&ssl=1","jetpack_sharing_enabled":true,"_links":{"self":[{"href":"https:\/\/pilt.com.ar\/parque-industrial\/wp-json\/wp\/v2\/posts\/2777","targetHints":{"allow":["GET"]}}],"collection":[{"href":"https:\/\/pilt.com.ar\/parque-industrial\/wp-json\/wp\/v2\/posts"}],"about":[{"href":"https:\/\/pilt.com.ar\/parque-industrial\/wp-json\/wp\/v2\/types\/post"}],"author":[{"embeddable":true,"href":"https:\/\/pilt.com.ar\/parque-industrial\/wp-json\/wp\/v2\/users\/3"}],"replies":[{"embeddable":true,"href":"https:\/\/pilt.com.ar\/parque-industrial\/wp-json\/wp\/v2\/comments?post=2777"}],"version-history":[{"count":1,"href":"https:\/\/pilt.com.ar\/parque-industrial\/wp-json\/wp\/v2\/posts\/2777\/revisions"}],"predecessor-version":[{"id":2779,"href":"https:\/\/pilt.com.ar\/parque-industrial\/wp-json\/wp\/v2\/posts\/2777\/revisions\/2779"}],"wp:featuredmedia":[{"embeddable":true,"href":"https:\/\/pilt.com.ar\/parque-industrial\/wp-json\/wp\/v2\/media\/2778"}],"wp:attachment":[{"href":"https:\/\/pilt.com.ar\/parque-industrial\/wp-json\/wp\/v2\/media?parent=2777"}],"wp:term":[{"taxonomy":"category","embeddable":true,"href":"https:\/\/pilt.com.ar\/parque-industrial\/wp-json\/wp\/v2\/categories?post=2777"},{"taxonomy":"post_tag","embeddable":true,"href":"https:\/\/pilt.com.ar\/parque-industrial\/wp-json\/wp\/v2\/tags?post=2777"}],"curies":[{"name":"wp","href":"https:\/\/api.w.org\/{rel}","templated":true}]}}