{"id":2771,"date":"2023-04-10T08:42:35","date_gmt":"2023-04-10T11:42:35","guid":{"rendered":"https:\/\/pilt.com.ar\/parque-industrial\/?p=2771"},"modified":"2023-04-10T08:42:35","modified_gmt":"2023-04-10T11:42:35","slug":"presentaran-herramientas-de-cobertura-financiera","status":"publish","type":"post","link":"https:\/\/pilt.com.ar\/parque-industrial\/presentaran-herramientas-de-cobertura-financiera\/","title":{"rendered":"PRESENTAR\u00c1N HERRAMIENTAS DE COBERTURA FINANCIERA"},"content":{"rendered":"\n<p class=\"has-text-align-center\"><em><strong>Estar\u00e1 a cargo de profesionales de la empresa Dracma. El encuentro se concretar\u00e1 el 13 de abril a las 9:00 hs. en el sal\u00f3n de usos m\u00faltiples de la entidad.<\/strong><\/em><\/p>\n\n\n\n<p class=\"has-text-align-justify\">La empresa de servicios financieros Dracma realizar\u00e1 un desayuno con empresarios en el sal\u00f3n de usos m\u00faltiples del Parque Industrial, Log\u00edstico y Tecnol\u00f3gico Villa Mar\u00eda (PILT). El mismo se llevar\u00e1 a cabo el pr\u00f3ximo jueves 13 de abril, a partir de las 9:00 hs.<\/p>\n\n\n\n<p class=\"has-text-align-justify\">Bajo la consigna \u201cC\u00f3mo cubrirse cuando no hay d\u00f3nde cubrirse\u201d, los profesionales de la firma examinar\u00e1n en primer t\u00e9rmino el complejo escenario econ\u00f3mico a nivel global y nacional, para luego pasar revista a las opciones financieras disponibles para protegerse ante la incertidumbre actual. &nbsp;<\/p>\n\n\n\n<p class=\"has-text-align-justify\">Estar\u00e1n presentes Agust\u00edn Arreguy, gerente Trading de Dracma, y Luis Turletti, asesor externo. La reuni\u00f3n cuenta con la organizaci\u00f3n de la citada empresa cordobesa, AERCA y el PILT. Los interesados en participar deben inscribirse en el mail info@pilt.com.ar<\/p>\n\n\n\n<p class=\"has-text-align-justify\">Por otra parte, la Administraci\u00f3n del Ente tiene abierta la posibilidad para que hasta dos j\u00f3venes realicen pr\u00e1cticas laborales en el PILT a trav\u00e9s del programa provincial Primer Paso Aprendiz.<\/p>\n\n\n\n<p class=\"has-text-align-justify\">Vale decir que el mencionado programa est\u00e1 abierto para j\u00f3venes de 16 a 24 a\u00f1os inclusive, desempleados, sin experiencia laboral relevante y con domicilio en la provincia. Los mismos deben estar cursando sus estudios o realizando capacitaciones laborales acreditadas.<\/p>\n\n\n\n<p class=\"has-text-align-justify\">Los interesados deben presentarse personalmente en el PILT con su CV y la planilla del PPP. La pr\u00e1ctica laboral est\u00e1 vinculada a tareas de contabilidad, ingenier\u00eda civil, arquitectura o carreras afines. La fecha de cierre es el 28 del corriente.<\/p>\n","protected":false},"excerpt":{"rendered":"<p>Estar\u00e1 a cargo de profesionales de la empresa Dracma. El encuentro se concretar\u00e1 el 13 de abril a las 9:00 hs. en el sal\u00f3n de usos m\u00faltiples de la entidad. La empresa de servicios financieros Dracma realizar\u00e1 un desayuno con empresarios en el sal\u00f3n de usos m\u00faltiples del Parque Industrial, Log\u00edstico y Tecnol\u00f3gico Villa Mar\u00eda [&hellip;]<\/p>\n","protected":false},"author":3,"featured_media":2772,"comment_status":"open","ping_status":"open","sticky":false,"template":"","format":"standard","meta":{"_jetpack_memberships_contains_paid_content":false,"footnotes":""},"categories":[2],"tags":[],"class_list":["post-2771","post","type-post","status-publish","format-standard","has-post-thumbnail","hentry","category-noticias"],"yoast_head":"<!-- This site is optimized with the Yoast SEO plugin v27.5 - https:\/\/yoast.com\/product\/yoast-seo-wordpress\/ -->\n<title>PRESENTAR\u00c1N HERRAMIENTAS DE COBERTURA FINANCIERA - PILT.com.ar<\/title>\n<meta name=\"robots\" content=\"index, follow, max-snippet:-1, max-image-preview:large, max-video-preview:-1\" \/>\n<link rel=\"canonical\" href=\"https:\/\/pilt.com.ar\/parque-industrial\/presentaran-herramientas-de-cobertura-financiera\/\" \/>\n<meta property=\"og:locale\" content=\"es_ES\" \/>\n<meta property=\"og:type\" content=\"article\" \/>\n<meta property=\"og:title\" content=\"PRESENTAR\u00c1N HERRAMIENTAS DE COBERTURA FINANCIERA - PILT.com.ar\" \/>\n<meta property=\"og:description\" content=\"Estar\u00e1 a cargo de profesionales de la empresa Dracma. El encuentro se concretar\u00e1 el 13 de abril a las 9:00 hs. en el sal\u00f3n de usos m\u00faltiples de la entidad. La empresa de servicios financieros Dracma realizar\u00e1 un desayuno con empresarios en el sal\u00f3n de usos m\u00faltiples del Parque Industrial, Log\u00edstico y Tecnol\u00f3gico Villa Mar\u00eda [&hellip;]\" \/>\n<meta property=\"og:url\" content=\"https:\/\/pilt.com.ar\/parque-industrial\/presentaran-herramientas-de-cobertura-financiera\/\" \/>\n<meta property=\"og:site_name\" content=\"PILT.com.ar\" \/>\n<meta property=\"article:published_time\" content=\"2023-04-10T11:42:35+00:00\" \/>\n<meta property=\"og:image\" content=\"https:\/\/i0.wp.com\/pilt.com.ar\/parque-industrial\/wp-content\/uploads\/2023\/04\/WhatsApp-Image-2023-04-04-at-17.54.41.jpeg?fit=1280%2C1280&ssl=1\" \/>\n\t<meta property=\"og:image:width\" content=\"1280\" \/>\n\t<meta property=\"og:image:height\" content=\"1280\" \/>\n\t<meta property=\"og:image:type\" content=\"image\/jpeg\" \/>\n<meta name=\"author\" content=\"PILT\" \/>\n<meta name=\"twitter:card\" content=\"summary_large_image\" \/>\n<meta name=\"twitter:label1\" content=\"Escrito por\" \/>\n\t<meta name=\"twitter:data1\" content=\"PILT\" \/>\n\t<meta name=\"twitter:label2\" content=\"Tiempo de lectura\" \/>\n\t<meta name=\"twitter:data2\" content=\"2 minutos\" \/>\n<script type=\"application\/ld+json\" class=\"yoast-schema-graph\">{\"@context\":\"https:\\\/\\\/schema.org\",\"@graph\":[{\"@type\":\"Article\",\"@id\":\"https:\\\/\\\/pilt.com.ar\\\/parque-industrial\\\/presentaran-herramientas-de-cobertura-financiera\\\/#article\",\"isPartOf\":{\"@id\":\"https:\\\/\\\/pilt.com.ar\\\/parque-industrial\\\/presentaran-herramientas-de-cobertura-financiera\\\/\"},\"author\":{\"name\":\"PILT\",\"@id\":\"https:\\\/\\\/pilt.com.ar\\\/parque-industrial\\\/#\\\/schema\\\/person\\\/2dfb9e2464de1c3deef20c25c30a8306\"},\"headline\":\"PRESENTAR\u00c1N HERRAMIENTAS DE COBERTURA FINANCIERA\",\"datePublished\":\"2023-04-10T11:42:35+00:00\",\"mainEntityOfPage\":{\"@id\":\"https:\\\/\\\/pilt.com.ar\\\/parque-industrial\\\/presentaran-herramientas-de-cobertura-financiera\\\/\"},\"wordCount\":292,\"commentCount\":0,\"image\":{\"@id\":\"https:\\\/\\\/pilt.com.ar\\\/parque-industrial\\\/presentaran-herramientas-de-cobertura-financiera\\\/#primaryimage\"},\"thumbnailUrl\":\"https:\\\/\\\/i0.wp.com\\\/pilt.com.ar\\\/parque-industrial\\\/wp-content\\\/uploads\\\/2023\\\/04\\\/WhatsApp-Image-2023-04-04-at-17.54.41.jpeg?fit=1280%2C1280&ssl=1\",\"articleSection\":[\"Noticias\"],\"inLanguage\":\"es\",\"potentialAction\":[{\"@type\":\"CommentAction\",\"name\":\"Comment\",\"target\":[\"https:\\\/\\\/pilt.com.ar\\\/parque-industrial\\\/presentaran-herramientas-de-cobertura-financiera\\\/#respond\"]}]},{\"@type\":\"WebPage\",\"@id\":\"https:\\\/\\\/pilt.com.ar\\\/parque-industrial\\\/presentaran-herramientas-de-cobertura-financiera\\\/\",\"url\":\"https:\\\/\\\/pilt.com.ar\\\/parque-industrial\\\/presentaran-herramientas-de-cobertura-financiera\\\/\",\"name\":\"PRESENTAR\u00c1N HERRAMIENTAS DE COBERTURA FINANCIERA - PILT.com.ar\",\"isPartOf\":{\"@id\":\"https:\\\/\\\/pilt.com.ar\\\/parque-industrial\\\/#website\"},\"primaryImageOfPage\":{\"@id\":\"https:\\\/\\\/pilt.com.ar\\\/parque-industrial\\\/presentaran-herramientas-de-cobertura-financiera\\\/#primaryimage\"},\"image\":{\"@id\":\"https:\\\/\\\/pilt.com.ar\\\/parque-industrial\\\/presentaran-herramientas-de-cobertura-financiera\\\/#primaryimage\"},\"thumbnailUrl\":\"https:\\\/\\\/i0.wp.com\\\/pilt.com.ar\\\/parque-industrial\\\/wp-content\\\/uploads\\\/2023\\\/04\\\/WhatsApp-Image-2023-04-04-at-17.54.41.jpeg?fit=1280%2C1280&ssl=1\",\"datePublished\":\"2023-04-10T11:42:35+00:00\",\"author\":{\"@id\":\"https:\\\/\\\/pilt.com.ar\\\/parque-industrial\\\/#\\\/schema\\\/person\\\/2dfb9e2464de1c3deef20c25c30a8306\"},\"inLanguage\":\"es\",\"potentialAction\":[{\"@type\":\"ReadAction\",\"target\":[\"https:\\\/\\\/pilt.com.ar\\\/parque-industrial\\\/presentaran-herramientas-de-cobertura-financiera\\\/\"]}]},{\"@type\":\"ImageObject\",\"inLanguage\":\"es\",\"@id\":\"https:\\\/\\\/pilt.com.ar\\\/parque-industrial\\\/presentaran-herramientas-de-cobertura-financiera\\\/#primaryimage\",\"url\":\"https:\\\/\\\/i0.wp.com\\\/pilt.com.ar\\\/parque-industrial\\\/wp-content\\\/uploads\\\/2023\\\/04\\\/WhatsApp-Image-2023-04-04-at-17.54.41.jpeg?fit=1280%2C1280&ssl=1\",\"contentUrl\":\"https:\\\/\\\/i0.wp.com\\\/pilt.com.ar\\\/parque-industrial\\\/wp-content\\\/uploads\\\/2023\\\/04\\\/WhatsApp-Image-2023-04-04-at-17.54.41.jpeg?fit=1280%2C1280&ssl=1\",\"width\":1280,\"height\":1280},{\"@type\":\"WebSite\",\"@id\":\"https:\\\/\\\/pilt.com.ar\\\/parque-industrial\\\/#website\",\"url\":\"https:\\\/\\\/pilt.com.ar\\\/parque-industrial\\\/\",\"name\":\"PILT.com.ar\",\"description\":\"Parque Industrial, Log\u00edstico y Tecnol\u00f3gico Villa Mar\u00eda\",\"potentialAction\":[{\"@type\":\"SearchAction\",\"target\":{\"@type\":\"EntryPoint\",\"urlTemplate\":\"https:\\\/\\\/pilt.com.ar\\\/parque-industrial\\\/?s={search_term_string}\"},\"query-input\":{\"@type\":\"PropertyValueSpecification\",\"valueRequired\":true,\"valueName\":\"search_term_string\"}}],\"inLanguage\":\"es\"},{\"@type\":\"Person\",\"@id\":\"https:\\\/\\\/pilt.com.ar\\\/parque-industrial\\\/#\\\/schema\\\/person\\\/2dfb9e2464de1c3deef20c25c30a8306\",\"name\":\"PILT\",\"image\":{\"@type\":\"ImageObject\",\"inLanguage\":\"es\",\"@id\":\"https:\\\/\\\/secure.gravatar.com\\\/avatar\\\/5e3734c8d8c8e0b0d45f923c14a14d7b90521d573d02f0d91360a777095ee42b?s=96&d=mm&r=g\",\"url\":\"https:\\\/\\\/secure.gravatar.com\\\/avatar\\\/5e3734c8d8c8e0b0d45f923c14a14d7b90521d573d02f0d91360a777095ee42b?s=96&d=mm&r=g\",\"contentUrl\":\"https:\\\/\\\/secure.gravatar.com\\\/avatar\\\/5e3734c8d8c8e0b0d45f923c14a14d7b90521d573d02f0d91360a777095ee42b?s=96&d=mm&r=g\",\"caption\":\"PILT\"},\"url\":\"https:\\\/\\\/pilt.com.ar\\\/parque-industrial\\\/author\\\/pilt\\\/\"}]}<\/script>\n<!-- \/ Yoast SEO plugin. -->","yoast_head_json":{"title":"PRESENTAR\u00c1N HERRAMIENTAS DE COBERTURA FINANCIERA - PILT.com.ar","robots":{"index":"index","follow":"follow","max-snippet":"max-snippet:-1","max-image-preview":"max-image-preview:large","max-video-preview":"max-video-preview:-1"},"canonical":"https:\/\/pilt.com.ar\/parque-industrial\/presentaran-herramientas-de-cobertura-financiera\/","og_locale":"es_ES","og_type":"article","og_title":"PRESENTAR\u00c1N HERRAMIENTAS DE COBERTURA FINANCIERA - PILT.com.ar","og_description":"Estar\u00e1 a cargo de profesionales de la empresa Dracma. El encuentro se concretar\u00e1 el 13 de abril a las 9:00 hs. en el sal\u00f3n de usos m\u00faltiples de la entidad. La empresa de servicios financieros Dracma realizar\u00e1 un desayuno con empresarios en el sal\u00f3n de usos m\u00faltiples del Parque Industrial, Log\u00edstico y Tecnol\u00f3gico Villa Mar\u00eda [&hellip;]","og_url":"https:\/\/pilt.com.ar\/parque-industrial\/presentaran-herramientas-de-cobertura-financiera\/","og_site_name":"PILT.com.ar","article_published_time":"2023-04-10T11:42:35+00:00","og_image":[{"width":1280,"height":1280,"url":"https:\/\/i0.wp.com\/pilt.com.ar\/parque-industrial\/wp-content\/uploads\/2023\/04\/WhatsApp-Image-2023-04-04-at-17.54.41.jpeg?fit=1280%2C1280&ssl=1","type":"image\/jpeg"}],"author":"PILT","twitter_card":"summary_large_image","twitter_misc":{"Escrito por":"PILT","Tiempo de lectura":"2 minutos"},"schema":{"@context":"https:\/\/schema.org","@graph":[{"@type":"Article","@id":"https:\/\/pilt.com.ar\/parque-industrial\/presentaran-herramientas-de-cobertura-financiera\/#article","isPartOf":{"@id":"https:\/\/pilt.com.ar\/parque-industrial\/presentaran-herramientas-de-cobertura-financiera\/"},"author":{"name":"PILT","@id":"https:\/\/pilt.com.ar\/parque-industrial\/#\/schema\/person\/2dfb9e2464de1c3deef20c25c30a8306"},"headline":"PRESENTAR\u00c1N HERRAMIENTAS DE COBERTURA FINANCIERA","datePublished":"2023-04-10T11:42:35+00:00","mainEntityOfPage":{"@id":"https:\/\/pilt.com.ar\/parque-industrial\/presentaran-herramientas-de-cobertura-financiera\/"},"wordCount":292,"commentCount":0,"image":{"@id":"https:\/\/pilt.com.ar\/parque-industrial\/presentaran-herramientas-de-cobertura-financiera\/#primaryimage"},"thumbnailUrl":"https:\/\/i0.wp.com\/pilt.com.ar\/parque-industrial\/wp-content\/uploads\/2023\/04\/WhatsApp-Image-2023-04-04-at-17.54.41.jpeg?fit=1280%2C1280&ssl=1","articleSection":["Noticias"],"inLanguage":"es","potentialAction":[{"@type":"CommentAction","name":"Comment","target":["https:\/\/pilt.com.ar\/parque-industrial\/presentaran-herramientas-de-cobertura-financiera\/#respond"]}]},{"@type":"WebPage","@id":"https:\/\/pilt.com.ar\/parque-industrial\/presentaran-herramientas-de-cobertura-financiera\/","url":"https:\/\/pilt.com.ar\/parque-industrial\/presentaran-herramientas-de-cobertura-financiera\/","name":"PRESENTAR\u00c1N HERRAMIENTAS DE COBERTURA FINANCIERA - PILT.com.ar","isPartOf":{"@id":"https:\/\/pilt.com.ar\/parque-industrial\/#website"},"primaryImageOfPage":{"@id":"https:\/\/pilt.com.ar\/parque-industrial\/presentaran-herramientas-de-cobertura-financiera\/#primaryimage"},"image":{"@id":"https:\/\/pilt.com.ar\/parque-industrial\/presentaran-herramientas-de-cobertura-financiera\/#primaryimage"},"thumbnailUrl":"https:\/\/i0.wp.com\/pilt.com.ar\/parque-industrial\/wp-content\/uploads\/2023\/04\/WhatsApp-Image-2023-04-04-at-17.54.41.jpeg?fit=1280%2C1280&ssl=1","datePublished":"2023-04-10T11:42:35+00:00","author":{"@id":"https:\/\/pilt.com.ar\/parque-industrial\/#\/schema\/person\/2dfb9e2464de1c3deef20c25c30a8306"},"inLanguage":"es","potentialAction":[{"@type":"ReadAction","target":["https:\/\/pilt.com.ar\/parque-industrial\/presentaran-herramientas-de-cobertura-financiera\/"]}]},{"@type":"ImageObject","inLanguage":"es","@id":"https:\/\/pilt.com.ar\/parque-industrial\/presentaran-herramientas-de-cobertura-financiera\/#primaryimage","url":"https:\/\/i0.wp.com\/pilt.com.ar\/parque-industrial\/wp-content\/uploads\/2023\/04\/WhatsApp-Image-2023-04-04-at-17.54.41.jpeg?fit=1280%2C1280&ssl=1","contentUrl":"https:\/\/i0.wp.com\/pilt.com.ar\/parque-industrial\/wp-content\/uploads\/2023\/04\/WhatsApp-Image-2023-04-04-at-17.54.41.jpeg?fit=1280%2C1280&ssl=1","width":1280,"height":1280},{"@type":"WebSite","@id":"https:\/\/pilt.com.ar\/parque-industrial\/#website","url":"https:\/\/pilt.com.ar\/parque-industrial\/","name":"PILT.com.ar","description":"Parque Industrial, Log\u00edstico y Tecnol\u00f3gico Villa Mar\u00eda","potentialAction":[{"@type":"SearchAction","target":{"@type":"EntryPoint","urlTemplate":"https:\/\/pilt.com.ar\/parque-industrial\/?s={search_term_string}"},"query-input":{"@type":"PropertyValueSpecification","valueRequired":true,"valueName":"search_term_string"}}],"inLanguage":"es"},{"@type":"Person","@id":"https:\/\/pilt.com.ar\/parque-industrial\/#\/schema\/person\/2dfb9e2464de1c3deef20c25c30a8306","name":"PILT","image":{"@type":"ImageObject","inLanguage":"es","@id":"https:\/\/secure.gravatar.com\/avatar\/5e3734c8d8c8e0b0d45f923c14a14d7b90521d573d02f0d91360a777095ee42b?s=96&d=mm&r=g","url":"https:\/\/secure.gravatar.com\/avatar\/5e3734c8d8c8e0b0d45f923c14a14d7b90521d573d02f0d91360a777095ee42b?s=96&d=mm&r=g","contentUrl":"https:\/\/secure.gravatar.com\/avatar\/5e3734c8d8c8e0b0d45f923c14a14d7b90521d573d02f0d91360a777095ee42b?s=96&d=mm&r=g","caption":"PILT"},"url":"https:\/\/pilt.com.ar\/parque-industrial\/author\/pilt\/"}]}},"jetpack_featured_media_url":"https:\/\/i0.wp.com\/pilt.com.ar\/parque-industrial\/wp-content\/uploads\/2023\/04\/WhatsApp-Image-2023-04-04-at-17.54.41.jpeg?fit=1280%2C1280&ssl=1","jetpack_sharing_enabled":true,"_links":{"self":[{"href":"https:\/\/pilt.com.ar\/parque-industrial\/wp-json\/wp\/v2\/posts\/2771","targetHints":{"allow":["GET"]}}],"collection":[{"href":"https:\/\/pilt.com.ar\/parque-industrial\/wp-json\/wp\/v2\/posts"}],"about":[{"href":"https:\/\/pilt.com.ar\/parque-industrial\/wp-json\/wp\/v2\/types\/post"}],"author":[{"embeddable":true,"href":"https:\/\/pilt.com.ar\/parque-industrial\/wp-json\/wp\/v2\/users\/3"}],"replies":[{"embeddable":true,"href":"https:\/\/pilt.com.ar\/parque-industrial\/wp-json\/wp\/v2\/comments?post=2771"}],"version-history":[{"count":1,"href":"https:\/\/pilt.com.ar\/parque-industrial\/wp-json\/wp\/v2\/posts\/2771\/revisions"}],"predecessor-version":[{"id":2773,"href":"https:\/\/pilt.com.ar\/parque-industrial\/wp-json\/wp\/v2\/posts\/2771\/revisions\/2773"}],"wp:featuredmedia":[{"embeddable":true,"href":"https:\/\/pilt.com.ar\/parque-industrial\/wp-json\/wp\/v2\/media\/2772"}],"wp:attachment":[{"href":"https:\/\/pilt.com.ar\/parque-industrial\/wp-json\/wp\/v2\/media?parent=2771"}],"wp:term":[{"taxonomy":"category","embeddable":true,"href":"https:\/\/pilt.com.ar\/parque-industrial\/wp-json\/wp\/v2\/categories?post=2771"},{"taxonomy":"post_tag","embeddable":true,"href":"https:\/\/pilt.com.ar\/parque-industrial\/wp-json\/wp\/v2\/tags?post=2771"}],"curies":[{"name":"wp","href":"https:\/\/api.w.org\/{rel}","templated":true}]}}