{"id":2766,"date":"2023-03-31T11:16:56","date_gmt":"2023-03-31T14:16:56","guid":{"rendered":"https:\/\/pilt.com.ar\/parque-industrial\/?p=2766"},"modified":"2023-03-31T11:18:05","modified_gmt":"2023-03-31T14:18:05","slug":"municipios-que-forman-parte-de-enred-estuvieron-en-el-pilt","status":"publish","type":"post","link":"https:\/\/pilt.com.ar\/parque-industrial\/municipios-que-forman-parte-de-enred-estuvieron-en-el-pilt\/","title":{"rendered":"MUNICIPIOS QUE FORMAN PARTE DEL ENRED ESTUVIERON EN EL PILT"},"content":{"rendered":"\n<p class=\"has-text-align-center\"><strong><em>La comitiva estuvo encabezada por el Presidente de la entidad, Mauro Daniele, Intendente de Las Varillas. Fueron recibidos por el titular del Parque, Ing. Carlos Pizzorno<\/em>.<\/strong><\/p>\n\n\n\n<p class=\"has-text-align-justify\">Organizado por el Ente Regional de Desarrollo (EnRed) un grupo de intendentes y representantes de localidades de la regi\u00f3n &#8211; que integran el mencionado organismo &#8211; visitaron el Parque Industrial, Log\u00edstico y Tecnol\u00f3gico Villa Mar\u00eda (PILT), en donde se interiorizaron sobre distintos aspectos que hacen a su administraci\u00f3n, como as\u00ed tambi\u00e9n acerca de los proyectos que est\u00e1 llevando adelante.<\/p>\n\n\n\n<p class=\"has-text-align-justify\">La comitiva estuvo encabezada por el presidente del EnRed, quien a su vez es el intendente de Las Varillas, Mauro Daniele, y el director Ejecutivo de la entidad, Jos\u00e9 Carignano. Los dirigentes fueron acompa\u00f1ados por jefes comunales y autoridades de Ucacha, Las Perdices, General Roca, Alto Alegre, Morrison, Los Surgentes y Ballesteros. &nbsp;En el predio recibieron a los visitantes el titular del PILT, Ing. Carlos Pizzorno, y gerente de la entidad, Lic. Carlos Montoto Galiano.<\/p>\n\n\n\n<p class=\"has-text-align-justify\">En la oportunidad, el presidente del PILT realiz\u00f3 una breve presentaci\u00f3n institucional del Parque y sus actividades, mientras que las autoridades hicieron consultas sobre distintos aspectos de su inter\u00e9s.<\/p>\n\n\n\n<p class=\"has-text-align-justify\">Vale mencionar que algunos municipios est\u00e1n en proceso o han radicado parques industriales, por lo tanto la experiencia local puede servir para visualizar aquellos aspectos a los que prestar m\u00e1s atenci\u00f3n para consolidar los proyectos. Igualmente, los presentes quedaron en continuar el contacto, a los fines de compartir las tareas que van realizando para impulsar la industrializaci\u00f3n y el trabajo en cada comunidad.<\/p>\n","protected":false},"excerpt":{"rendered":"<p>La comitiva estuvo encabezada por el Presidente de la entidad, Mauro Daniele, Intendente de Las Varillas. Fueron recibidos por el titular del Parque, Ing. Carlos Pizzorno. Organizado por el Ente Regional de Desarrollo (EnRed) un grupo de intendentes y representantes de localidades de la regi\u00f3n &#8211; que integran el mencionado organismo &#8211; visitaron el Parque [&hellip;]<\/p>\n","protected":false},"author":3,"featured_media":2767,"comment_status":"open","ping_status":"open","sticky":false,"template":"","format":"standard","meta":{"_jetpack_memberships_contains_paid_content":false,"footnotes":""},"categories":[2],"tags":[],"class_list":["post-2766","post","type-post","status-publish","format-standard","has-post-thumbnail","hentry","category-noticias"],"yoast_head":"<!-- This site is optimized with the Yoast SEO plugin v27.5 - https:\/\/yoast.com\/product\/yoast-seo-wordpress\/ -->\n<title>MUNICIPIOS QUE FORMAN PARTE DEL ENRED ESTUVIERON EN EL PILT - PILT.com.ar<\/title>\n<meta name=\"robots\" content=\"index, follow, max-snippet:-1, max-image-preview:large, max-video-preview:-1\" \/>\n<link rel=\"canonical\" href=\"https:\/\/pilt.com.ar\/parque-industrial\/municipios-que-forman-parte-de-enred-estuvieron-en-el-pilt\/\" \/>\n<meta property=\"og:locale\" content=\"es_ES\" \/>\n<meta property=\"og:type\" content=\"article\" \/>\n<meta property=\"og:title\" content=\"MUNICIPIOS QUE FORMAN PARTE DEL ENRED ESTUVIERON EN EL PILT - PILT.com.ar\" \/>\n<meta property=\"og:description\" content=\"La comitiva estuvo encabezada por el Presidente de la entidad, Mauro Daniele, Intendente de Las Varillas. Fueron recibidos por el titular del Parque, Ing. Carlos Pizzorno. Organizado por el Ente Regional de Desarrollo (EnRed) un grupo de intendentes y representantes de localidades de la regi\u00f3n &#8211; que integran el mencionado organismo &#8211; visitaron el Parque [&hellip;]\" \/>\n<meta property=\"og:url\" content=\"https:\/\/pilt.com.ar\/parque-industrial\/municipios-que-forman-parte-de-enred-estuvieron-en-el-pilt\/\" \/>\n<meta property=\"og:site_name\" content=\"PILT.com.ar\" \/>\n<meta property=\"article:published_time\" content=\"2023-03-31T14:16:56+00:00\" \/>\n<meta property=\"article:modified_time\" content=\"2023-03-31T14:18:05+00:00\" \/>\n<meta property=\"og:image\" content=\"https:\/\/i0.wp.com\/pilt.com.ar\/parque-industrial\/wp-content\/uploads\/2023\/03\/WhatsApp-Image-2023-03-30-at-10.29.03.jpeg?fit=987%2C586&ssl=1\" \/>\n\t<meta property=\"og:image:width\" content=\"987\" \/>\n\t<meta property=\"og:image:height\" content=\"586\" \/>\n\t<meta property=\"og:image:type\" content=\"image\/jpeg\" \/>\n<meta name=\"author\" content=\"PILT\" \/>\n<meta name=\"twitter:card\" content=\"summary_large_image\" \/>\n<meta name=\"twitter:label1\" content=\"Escrito por\" \/>\n\t<meta name=\"twitter:data1\" content=\"PILT\" \/>\n\t<meta name=\"twitter:label2\" content=\"Tiempo de lectura\" \/>\n\t<meta name=\"twitter:data2\" content=\"2 minutos\" \/>\n<script type=\"application\/ld+json\" class=\"yoast-schema-graph\">{\"@context\":\"https:\\\/\\\/schema.org\",\"@graph\":[{\"@type\":\"Article\",\"@id\":\"https:\\\/\\\/pilt.com.ar\\\/parque-industrial\\\/municipios-que-forman-parte-de-enred-estuvieron-en-el-pilt\\\/#article\",\"isPartOf\":{\"@id\":\"https:\\\/\\\/pilt.com.ar\\\/parque-industrial\\\/municipios-que-forman-parte-de-enred-estuvieron-en-el-pilt\\\/\"},\"author\":{\"name\":\"PILT\",\"@id\":\"https:\\\/\\\/pilt.com.ar\\\/parque-industrial\\\/#\\\/schema\\\/person\\\/2dfb9e2464de1c3deef20c25c30a8306\"},\"headline\":\"MUNICIPIOS QUE FORMAN PARTE DEL ENRED ESTUVIERON EN EL PILT\",\"datePublished\":\"2023-03-31T14:16:56+00:00\",\"dateModified\":\"2023-03-31T14:18:05+00:00\",\"mainEntityOfPage\":{\"@id\":\"https:\\\/\\\/pilt.com.ar\\\/parque-industrial\\\/municipios-que-forman-parte-de-enred-estuvieron-en-el-pilt\\\/\"},\"wordCount\":276,\"commentCount\":0,\"image\":{\"@id\":\"https:\\\/\\\/pilt.com.ar\\\/parque-industrial\\\/municipios-que-forman-parte-de-enred-estuvieron-en-el-pilt\\\/#primaryimage\"},\"thumbnailUrl\":\"https:\\\/\\\/i0.wp.com\\\/pilt.com.ar\\\/parque-industrial\\\/wp-content\\\/uploads\\\/2023\\\/03\\\/WhatsApp-Image-2023-03-30-at-10.29.03.jpeg?fit=987%2C586&ssl=1\",\"articleSection\":[\"Noticias\"],\"inLanguage\":\"es\",\"potentialAction\":[{\"@type\":\"CommentAction\",\"name\":\"Comment\",\"target\":[\"https:\\\/\\\/pilt.com.ar\\\/parque-industrial\\\/municipios-que-forman-parte-de-enred-estuvieron-en-el-pilt\\\/#respond\"]}]},{\"@type\":\"WebPage\",\"@id\":\"https:\\\/\\\/pilt.com.ar\\\/parque-industrial\\\/municipios-que-forman-parte-de-enred-estuvieron-en-el-pilt\\\/\",\"url\":\"https:\\\/\\\/pilt.com.ar\\\/parque-industrial\\\/municipios-que-forman-parte-de-enred-estuvieron-en-el-pilt\\\/\",\"name\":\"MUNICIPIOS QUE FORMAN PARTE DEL ENRED ESTUVIERON EN EL PILT - PILT.com.ar\",\"isPartOf\":{\"@id\":\"https:\\\/\\\/pilt.com.ar\\\/parque-industrial\\\/#website\"},\"primaryImageOfPage\":{\"@id\":\"https:\\\/\\\/pilt.com.ar\\\/parque-industrial\\\/municipios-que-forman-parte-de-enred-estuvieron-en-el-pilt\\\/#primaryimage\"},\"image\":{\"@id\":\"https:\\\/\\\/pilt.com.ar\\\/parque-industrial\\\/municipios-que-forman-parte-de-enred-estuvieron-en-el-pilt\\\/#primaryimage\"},\"thumbnailUrl\":\"https:\\\/\\\/i0.wp.com\\\/pilt.com.ar\\\/parque-industrial\\\/wp-content\\\/uploads\\\/2023\\\/03\\\/WhatsApp-Image-2023-03-30-at-10.29.03.jpeg?fit=987%2C586&ssl=1\",\"datePublished\":\"2023-03-31T14:16:56+00:00\",\"dateModified\":\"2023-03-31T14:18:05+00:00\",\"author\":{\"@id\":\"https:\\\/\\\/pilt.com.ar\\\/parque-industrial\\\/#\\\/schema\\\/person\\\/2dfb9e2464de1c3deef20c25c30a8306\"},\"inLanguage\":\"es\",\"potentialAction\":[{\"@type\":\"ReadAction\",\"target\":[\"https:\\\/\\\/pilt.com.ar\\\/parque-industrial\\\/municipios-que-forman-parte-de-enred-estuvieron-en-el-pilt\\\/\"]}]},{\"@type\":\"ImageObject\",\"inLanguage\":\"es\",\"@id\":\"https:\\\/\\\/pilt.com.ar\\\/parque-industrial\\\/municipios-que-forman-parte-de-enred-estuvieron-en-el-pilt\\\/#primaryimage\",\"url\":\"https:\\\/\\\/i0.wp.com\\\/pilt.com.ar\\\/parque-industrial\\\/wp-content\\\/uploads\\\/2023\\\/03\\\/WhatsApp-Image-2023-03-30-at-10.29.03.jpeg?fit=987%2C586&ssl=1\",\"contentUrl\":\"https:\\\/\\\/i0.wp.com\\\/pilt.com.ar\\\/parque-industrial\\\/wp-content\\\/uploads\\\/2023\\\/03\\\/WhatsApp-Image-2023-03-30-at-10.29.03.jpeg?fit=987%2C586&ssl=1\",\"width\":987,\"height\":586},{\"@type\":\"WebSite\",\"@id\":\"https:\\\/\\\/pilt.com.ar\\\/parque-industrial\\\/#website\",\"url\":\"https:\\\/\\\/pilt.com.ar\\\/parque-industrial\\\/\",\"name\":\"PILT.com.ar\",\"description\":\"Parque Industrial, Log\u00edstico y Tecnol\u00f3gico Villa Mar\u00eda\",\"potentialAction\":[{\"@type\":\"SearchAction\",\"target\":{\"@type\":\"EntryPoint\",\"urlTemplate\":\"https:\\\/\\\/pilt.com.ar\\\/parque-industrial\\\/?s={search_term_string}\"},\"query-input\":{\"@type\":\"PropertyValueSpecification\",\"valueRequired\":true,\"valueName\":\"search_term_string\"}}],\"inLanguage\":\"es\"},{\"@type\":\"Person\",\"@id\":\"https:\\\/\\\/pilt.com.ar\\\/parque-industrial\\\/#\\\/schema\\\/person\\\/2dfb9e2464de1c3deef20c25c30a8306\",\"name\":\"PILT\",\"image\":{\"@type\":\"ImageObject\",\"inLanguage\":\"es\",\"@id\":\"https:\\\/\\\/secure.gravatar.com\\\/avatar\\\/5e3734c8d8c8e0b0d45f923c14a14d7b90521d573d02f0d91360a777095ee42b?s=96&d=mm&r=g\",\"url\":\"https:\\\/\\\/secure.gravatar.com\\\/avatar\\\/5e3734c8d8c8e0b0d45f923c14a14d7b90521d573d02f0d91360a777095ee42b?s=96&d=mm&r=g\",\"contentUrl\":\"https:\\\/\\\/secure.gravatar.com\\\/avatar\\\/5e3734c8d8c8e0b0d45f923c14a14d7b90521d573d02f0d91360a777095ee42b?s=96&d=mm&r=g\",\"caption\":\"PILT\"},\"url\":\"https:\\\/\\\/pilt.com.ar\\\/parque-industrial\\\/author\\\/pilt\\\/\"}]}<\/script>\n<!-- \/ Yoast SEO plugin. -->","yoast_head_json":{"title":"MUNICIPIOS QUE FORMAN PARTE DEL ENRED ESTUVIERON EN EL PILT - PILT.com.ar","robots":{"index":"index","follow":"follow","max-snippet":"max-snippet:-1","max-image-preview":"max-image-preview:large","max-video-preview":"max-video-preview:-1"},"canonical":"https:\/\/pilt.com.ar\/parque-industrial\/municipios-que-forman-parte-de-enred-estuvieron-en-el-pilt\/","og_locale":"es_ES","og_type":"article","og_title":"MUNICIPIOS QUE FORMAN PARTE DEL ENRED ESTUVIERON EN EL PILT - PILT.com.ar","og_description":"La comitiva estuvo encabezada por el Presidente de la entidad, Mauro Daniele, Intendente de Las Varillas. Fueron recibidos por el titular del Parque, Ing. Carlos Pizzorno. Organizado por el Ente Regional de Desarrollo (EnRed) un grupo de intendentes y representantes de localidades de la regi\u00f3n &#8211; que integran el mencionado organismo &#8211; visitaron el Parque [&hellip;]","og_url":"https:\/\/pilt.com.ar\/parque-industrial\/municipios-que-forman-parte-de-enred-estuvieron-en-el-pilt\/","og_site_name":"PILT.com.ar","article_published_time":"2023-03-31T14:16:56+00:00","article_modified_time":"2023-03-31T14:18:05+00:00","og_image":[{"width":987,"height":586,"url":"https:\/\/i0.wp.com\/pilt.com.ar\/parque-industrial\/wp-content\/uploads\/2023\/03\/WhatsApp-Image-2023-03-30-at-10.29.03.jpeg?fit=987%2C586&ssl=1","type":"image\/jpeg"}],"author":"PILT","twitter_card":"summary_large_image","twitter_misc":{"Escrito por":"PILT","Tiempo de lectura":"2 minutos"},"schema":{"@context":"https:\/\/schema.org","@graph":[{"@type":"Article","@id":"https:\/\/pilt.com.ar\/parque-industrial\/municipios-que-forman-parte-de-enred-estuvieron-en-el-pilt\/#article","isPartOf":{"@id":"https:\/\/pilt.com.ar\/parque-industrial\/municipios-que-forman-parte-de-enred-estuvieron-en-el-pilt\/"},"author":{"name":"PILT","@id":"https:\/\/pilt.com.ar\/parque-industrial\/#\/schema\/person\/2dfb9e2464de1c3deef20c25c30a8306"},"headline":"MUNICIPIOS QUE FORMAN PARTE DEL ENRED ESTUVIERON EN EL PILT","datePublished":"2023-03-31T14:16:56+00:00","dateModified":"2023-03-31T14:18:05+00:00","mainEntityOfPage":{"@id":"https:\/\/pilt.com.ar\/parque-industrial\/municipios-que-forman-parte-de-enred-estuvieron-en-el-pilt\/"},"wordCount":276,"commentCount":0,"image":{"@id":"https:\/\/pilt.com.ar\/parque-industrial\/municipios-que-forman-parte-de-enred-estuvieron-en-el-pilt\/#primaryimage"},"thumbnailUrl":"https:\/\/i0.wp.com\/pilt.com.ar\/parque-industrial\/wp-content\/uploads\/2023\/03\/WhatsApp-Image-2023-03-30-at-10.29.03.jpeg?fit=987%2C586&ssl=1","articleSection":["Noticias"],"inLanguage":"es","potentialAction":[{"@type":"CommentAction","name":"Comment","target":["https:\/\/pilt.com.ar\/parque-industrial\/municipios-que-forman-parte-de-enred-estuvieron-en-el-pilt\/#respond"]}]},{"@type":"WebPage","@id":"https:\/\/pilt.com.ar\/parque-industrial\/municipios-que-forman-parte-de-enred-estuvieron-en-el-pilt\/","url":"https:\/\/pilt.com.ar\/parque-industrial\/municipios-que-forman-parte-de-enred-estuvieron-en-el-pilt\/","name":"MUNICIPIOS QUE FORMAN PARTE DEL ENRED ESTUVIERON EN EL PILT - PILT.com.ar","isPartOf":{"@id":"https:\/\/pilt.com.ar\/parque-industrial\/#website"},"primaryImageOfPage":{"@id":"https:\/\/pilt.com.ar\/parque-industrial\/municipios-que-forman-parte-de-enred-estuvieron-en-el-pilt\/#primaryimage"},"image":{"@id":"https:\/\/pilt.com.ar\/parque-industrial\/municipios-que-forman-parte-de-enred-estuvieron-en-el-pilt\/#primaryimage"},"thumbnailUrl":"https:\/\/i0.wp.com\/pilt.com.ar\/parque-industrial\/wp-content\/uploads\/2023\/03\/WhatsApp-Image-2023-03-30-at-10.29.03.jpeg?fit=987%2C586&ssl=1","datePublished":"2023-03-31T14:16:56+00:00","dateModified":"2023-03-31T14:18:05+00:00","author":{"@id":"https:\/\/pilt.com.ar\/parque-industrial\/#\/schema\/person\/2dfb9e2464de1c3deef20c25c30a8306"},"inLanguage":"es","potentialAction":[{"@type":"ReadAction","target":["https:\/\/pilt.com.ar\/parque-industrial\/municipios-que-forman-parte-de-enred-estuvieron-en-el-pilt\/"]}]},{"@type":"ImageObject","inLanguage":"es","@id":"https:\/\/pilt.com.ar\/parque-industrial\/municipios-que-forman-parte-de-enred-estuvieron-en-el-pilt\/#primaryimage","url":"https:\/\/i0.wp.com\/pilt.com.ar\/parque-industrial\/wp-content\/uploads\/2023\/03\/WhatsApp-Image-2023-03-30-at-10.29.03.jpeg?fit=987%2C586&ssl=1","contentUrl":"https:\/\/i0.wp.com\/pilt.com.ar\/parque-industrial\/wp-content\/uploads\/2023\/03\/WhatsApp-Image-2023-03-30-at-10.29.03.jpeg?fit=987%2C586&ssl=1","width":987,"height":586},{"@type":"WebSite","@id":"https:\/\/pilt.com.ar\/parque-industrial\/#website","url":"https:\/\/pilt.com.ar\/parque-industrial\/","name":"PILT.com.ar","description":"Parque Industrial, Log\u00edstico y Tecnol\u00f3gico Villa Mar\u00eda","potentialAction":[{"@type":"SearchAction","target":{"@type":"EntryPoint","urlTemplate":"https:\/\/pilt.com.ar\/parque-industrial\/?s={search_term_string}"},"query-input":{"@type":"PropertyValueSpecification","valueRequired":true,"valueName":"search_term_string"}}],"inLanguage":"es"},{"@type":"Person","@id":"https:\/\/pilt.com.ar\/parque-industrial\/#\/schema\/person\/2dfb9e2464de1c3deef20c25c30a8306","name":"PILT","image":{"@type":"ImageObject","inLanguage":"es","@id":"https:\/\/secure.gravatar.com\/avatar\/5e3734c8d8c8e0b0d45f923c14a14d7b90521d573d02f0d91360a777095ee42b?s=96&d=mm&r=g","url":"https:\/\/secure.gravatar.com\/avatar\/5e3734c8d8c8e0b0d45f923c14a14d7b90521d573d02f0d91360a777095ee42b?s=96&d=mm&r=g","contentUrl":"https:\/\/secure.gravatar.com\/avatar\/5e3734c8d8c8e0b0d45f923c14a14d7b90521d573d02f0d91360a777095ee42b?s=96&d=mm&r=g","caption":"PILT"},"url":"https:\/\/pilt.com.ar\/parque-industrial\/author\/pilt\/"}]}},"jetpack_featured_media_url":"https:\/\/i0.wp.com\/pilt.com.ar\/parque-industrial\/wp-content\/uploads\/2023\/03\/WhatsApp-Image-2023-03-30-at-10.29.03.jpeg?fit=987%2C586&ssl=1","jetpack_sharing_enabled":true,"_links":{"self":[{"href":"https:\/\/pilt.com.ar\/parque-industrial\/wp-json\/wp\/v2\/posts\/2766","targetHints":{"allow":["GET"]}}],"collection":[{"href":"https:\/\/pilt.com.ar\/parque-industrial\/wp-json\/wp\/v2\/posts"}],"about":[{"href":"https:\/\/pilt.com.ar\/parque-industrial\/wp-json\/wp\/v2\/types\/post"}],"author":[{"embeddable":true,"href":"https:\/\/pilt.com.ar\/parque-industrial\/wp-json\/wp\/v2\/users\/3"}],"replies":[{"embeddable":true,"href":"https:\/\/pilt.com.ar\/parque-industrial\/wp-json\/wp\/v2\/comments?post=2766"}],"version-history":[{"count":2,"href":"https:\/\/pilt.com.ar\/parque-industrial\/wp-json\/wp\/v2\/posts\/2766\/revisions"}],"predecessor-version":[{"id":2769,"href":"https:\/\/pilt.com.ar\/parque-industrial\/wp-json\/wp\/v2\/posts\/2766\/revisions\/2769"}],"wp:featuredmedia":[{"embeddable":true,"href":"https:\/\/pilt.com.ar\/parque-industrial\/wp-json\/wp\/v2\/media\/2767"}],"wp:attachment":[{"href":"https:\/\/pilt.com.ar\/parque-industrial\/wp-json\/wp\/v2\/media?parent=2766"}],"wp:term":[{"taxonomy":"category","embeddable":true,"href":"https:\/\/pilt.com.ar\/parque-industrial\/wp-json\/wp\/v2\/categories?post=2766"},{"taxonomy":"post_tag","embeddable":true,"href":"https:\/\/pilt.com.ar\/parque-industrial\/wp-json\/wp\/v2\/tags?post=2766"}],"curies":[{"name":"wp","href":"https:\/\/api.w.org\/{rel}","templated":true}]}}