{"id":2760,"date":"2023-03-30T08:59:54","date_gmt":"2023-03-30T11:59:54","guid":{"rendered":"https:\/\/pilt.com.ar\/parque-industrial\/?p=2760"},"modified":"2023-03-30T08:59:55","modified_gmt":"2023-03-30T11:59:55","slug":"el-pilt-certifico-reducciones-en-la-emision-de-gases-de-efecto-invernadero","status":"publish","type":"post","link":"https:\/\/pilt.com.ar\/parque-industrial\/el-pilt-certifico-reducciones-en-la-emision-de-gases-de-efecto-invernadero\/","title":{"rendered":"<strong>El PILT CERTIFIC\u00d3 REDUCCIONES EN LA EMISI\u00d3N DE GASES DE EFECTO INVERNADERO<\/strong>"},"content":{"rendered":"\n<p class=\"has-text-align-center\"><strong><em>El Ente se present\u00f3 a una propuesta elaborada por el Ministerio de Servicios P\u00fablicos de C\u00f3rdoba, en la que se analiz\u00f3 la mitigaci\u00f3n a partir del uso de energ\u00eda renovable<\/em>.<\/strong><\/p>\n\n\n\n<p class=\"has-text-align-justify\">En el marco de una experiencia piloto de Mercado Voluntario de Unidades de Carbono Verificado llevada a cabo por el Ministerio de Servicios P\u00fablicos de la provincia, el Parque Industrial, Log\u00edstico y Tecnol\u00f3gico Villa Mar\u00eda (PILT) present\u00f3 una propuesta que fue convalidada por el organismo. Se trata del proyecto fotovoltaico instalado en el predio, cuya finalidad es generar energ\u00eda para el uso de la administraci\u00f3n (reemplazando la utilizaci\u00f3n de energ\u00eda convencional) aportando el excedente a la red p\u00fablica a partir del sistema de generaci\u00f3n distribuida.<\/p>\n\n\n\n<p class=\"has-text-align-justify\">La presentaci\u00f3n del PILT fue analizada y aprobada por el Comit\u00e9 de Certificaci\u00f3n de Carbono Desplazado, conformado por la citada repartici\u00f3n p\u00fablica, que estim\u00f3 la reducci\u00f3n de emisiones en 2 toneladas de carbono (CO2).<\/p>\n\n\n\n<p class=\"has-text-align-justify\">La entidad recibir\u00e1 entonces lo que se denomina Unidad de Carbono Verificado (UCV), equivalente a las toneladas reducidas, que ser\u00e1 transaccionada en el marco de la subasta que se realizar\u00e1 a tal fin. Las empresas u organizaciones que paguen por la cancelaci\u00f3n y retiro de circulaci\u00f3n de los UCVs obtendr\u00e1n un Certificado de Carbono Desplazado (CCD) en formato PDF con firma digital y respaldado en un registro criptogr\u00e1fico en redes de blockchain p\u00fablicas.<\/p>\n\n\n\n<p class=\"has-text-align-justify\">Vale decir que los mercados de carbono se encuentran entre los medios m\u00e1s innovadores y rentables para promover la mitigaci\u00f3n del cambio clim\u00e1tico. Los mismos apuntan a crear una atracci\u00f3n de mercado para nuevas tecnolog\u00edas de energ\u00eda limpia y, al mismo tiempo, poner un precio a la contaminaci\u00f3n; proporcionando de esta manera incentivos para reducir las emisiones de gases de efecto invernadero (GEI).<\/p>\n\n\n\n<p class=\"has-text-align-justify\">Hay que se\u00f1alar que la participaci\u00f3n del PILT en la presentaci\u00f3n del proyecto y posterior subasta no obedece a una finalidad econ\u00f3mica, sino que procura visibilizar las acciones que realiza en torno a la sustentabilidad ambiental, con el objetivo de lograr un parque realmente verde.<\/p>\n","protected":false},"excerpt":{"rendered":"<p>El Ente se present\u00f3 a una propuesta elaborada por el Ministerio de Servicios P\u00fablicos de C\u00f3rdoba, en la que se analiz\u00f3 la mitigaci\u00f3n a partir del uso de energ\u00eda renovable. En el marco de una experiencia piloto de Mercado Voluntario de Unidades de Carbono Verificado llevada a cabo por el Ministerio de Servicios P\u00fablicos de [&hellip;]<\/p>\n","protected":false},"author":3,"featured_media":2761,"comment_status":"open","ping_status":"open","sticky":false,"template":"","format":"standard","meta":{"_jetpack_memberships_contains_paid_content":false,"footnotes":""},"categories":[2],"tags":[],"class_list":["post-2760","post","type-post","status-publish","format-standard","has-post-thumbnail","hentry","category-noticias"],"yoast_head":"<!-- This site is optimized with the Yoast SEO plugin v27.5 - https:\/\/yoast.com\/product\/yoast-seo-wordpress\/ -->\n<title>El PILT CERTIFIC\u00d3 REDUCCIONES EN LA EMISI\u00d3N DE GASES DE EFECTO INVERNADERO - PILT.com.ar<\/title>\n<meta name=\"robots\" content=\"index, follow, max-snippet:-1, max-image-preview:large, max-video-preview:-1\" \/>\n<link rel=\"canonical\" href=\"https:\/\/pilt.com.ar\/parque-industrial\/el-pilt-certifico-reducciones-en-la-emision-de-gases-de-efecto-invernadero\/\" \/>\n<meta property=\"og:locale\" content=\"es_ES\" \/>\n<meta property=\"og:type\" content=\"article\" \/>\n<meta property=\"og:title\" content=\"El PILT CERTIFIC\u00d3 REDUCCIONES EN LA EMISI\u00d3N DE GASES DE EFECTO INVERNADERO - PILT.com.ar\" \/>\n<meta property=\"og:description\" content=\"El Ente se present\u00f3 a una propuesta elaborada por el Ministerio de Servicios P\u00fablicos de C\u00f3rdoba, en la que se analiz\u00f3 la mitigaci\u00f3n a partir del uso de energ\u00eda renovable. En el marco de una experiencia piloto de Mercado Voluntario de Unidades de Carbono Verificado llevada a cabo por el Ministerio de Servicios P\u00fablicos de [&hellip;]\" \/>\n<meta property=\"og:url\" content=\"https:\/\/pilt.com.ar\/parque-industrial\/el-pilt-certifico-reducciones-en-la-emision-de-gases-de-efecto-invernadero\/\" \/>\n<meta property=\"og:site_name\" content=\"PILT.com.ar\" \/>\n<meta property=\"article:published_time\" content=\"2023-03-30T11:59:54+00:00\" \/>\n<meta property=\"article:modified_time\" content=\"2023-03-30T11:59:55+00:00\" \/>\n<meta property=\"og:image\" content=\"https:\/\/i0.wp.com\/pilt.com.ar\/parque-industrial\/wp-content\/uploads\/2023\/03\/WhatsApp-Image-2023-03-29-at-13.04.38.jpeg?fit=563%2C463&ssl=1\" \/>\n\t<meta property=\"og:image:width\" content=\"563\" \/>\n\t<meta property=\"og:image:height\" content=\"463\" \/>\n\t<meta property=\"og:image:type\" content=\"image\/jpeg\" \/>\n<meta name=\"author\" content=\"PILT\" \/>\n<meta name=\"twitter:card\" content=\"summary_large_image\" \/>\n<meta name=\"twitter:label1\" content=\"Escrito por\" \/>\n\t<meta name=\"twitter:data1\" content=\"PILT\" \/>\n\t<meta name=\"twitter:label2\" content=\"Tiempo de lectura\" \/>\n\t<meta name=\"twitter:data2\" content=\"2 minutos\" \/>\n<script type=\"application\/ld+json\" class=\"yoast-schema-graph\">{\"@context\":\"https:\\\/\\\/schema.org\",\"@graph\":[{\"@type\":\"Article\",\"@id\":\"https:\\\/\\\/pilt.com.ar\\\/parque-industrial\\\/el-pilt-certifico-reducciones-en-la-emision-de-gases-de-efecto-invernadero\\\/#article\",\"isPartOf\":{\"@id\":\"https:\\\/\\\/pilt.com.ar\\\/parque-industrial\\\/el-pilt-certifico-reducciones-en-la-emision-de-gases-de-efecto-invernadero\\\/\"},\"author\":{\"name\":\"PILT\",\"@id\":\"https:\\\/\\\/pilt.com.ar\\\/parque-industrial\\\/#\\\/schema\\\/person\\\/2dfb9e2464de1c3deef20c25c30a8306\"},\"headline\":\"El PILT CERTIFIC\u00d3 REDUCCIONES EN LA EMISI\u00d3N DE GASES DE EFECTO INVERNADERO\",\"datePublished\":\"2023-03-30T11:59:54+00:00\",\"dateModified\":\"2023-03-30T11:59:55+00:00\",\"mainEntityOfPage\":{\"@id\":\"https:\\\/\\\/pilt.com.ar\\\/parque-industrial\\\/el-pilt-certifico-reducciones-en-la-emision-de-gases-de-efecto-invernadero\\\/\"},\"wordCount\":377,\"commentCount\":0,\"image\":{\"@id\":\"https:\\\/\\\/pilt.com.ar\\\/parque-industrial\\\/el-pilt-certifico-reducciones-en-la-emision-de-gases-de-efecto-invernadero\\\/#primaryimage\"},\"thumbnailUrl\":\"https:\\\/\\\/i0.wp.com\\\/pilt.com.ar\\\/parque-industrial\\\/wp-content\\\/uploads\\\/2023\\\/03\\\/WhatsApp-Image-2023-03-29-at-13.04.38.jpeg?fit=563%2C463&ssl=1\",\"articleSection\":[\"Noticias\"],\"inLanguage\":\"es\",\"potentialAction\":[{\"@type\":\"CommentAction\",\"name\":\"Comment\",\"target\":[\"https:\\\/\\\/pilt.com.ar\\\/parque-industrial\\\/el-pilt-certifico-reducciones-en-la-emision-de-gases-de-efecto-invernadero\\\/#respond\"]}]},{\"@type\":\"WebPage\",\"@id\":\"https:\\\/\\\/pilt.com.ar\\\/parque-industrial\\\/el-pilt-certifico-reducciones-en-la-emision-de-gases-de-efecto-invernadero\\\/\",\"url\":\"https:\\\/\\\/pilt.com.ar\\\/parque-industrial\\\/el-pilt-certifico-reducciones-en-la-emision-de-gases-de-efecto-invernadero\\\/\",\"name\":\"El PILT CERTIFIC\u00d3 REDUCCIONES EN LA EMISI\u00d3N DE GASES DE EFECTO INVERNADERO - PILT.com.ar\",\"isPartOf\":{\"@id\":\"https:\\\/\\\/pilt.com.ar\\\/parque-industrial\\\/#website\"},\"primaryImageOfPage\":{\"@id\":\"https:\\\/\\\/pilt.com.ar\\\/parque-industrial\\\/el-pilt-certifico-reducciones-en-la-emision-de-gases-de-efecto-invernadero\\\/#primaryimage\"},\"image\":{\"@id\":\"https:\\\/\\\/pilt.com.ar\\\/parque-industrial\\\/el-pilt-certifico-reducciones-en-la-emision-de-gases-de-efecto-invernadero\\\/#primaryimage\"},\"thumbnailUrl\":\"https:\\\/\\\/i0.wp.com\\\/pilt.com.ar\\\/parque-industrial\\\/wp-content\\\/uploads\\\/2023\\\/03\\\/WhatsApp-Image-2023-03-29-at-13.04.38.jpeg?fit=563%2C463&ssl=1\",\"datePublished\":\"2023-03-30T11:59:54+00:00\",\"dateModified\":\"2023-03-30T11:59:55+00:00\",\"author\":{\"@id\":\"https:\\\/\\\/pilt.com.ar\\\/parque-industrial\\\/#\\\/schema\\\/person\\\/2dfb9e2464de1c3deef20c25c30a8306\"},\"inLanguage\":\"es\",\"potentialAction\":[{\"@type\":\"ReadAction\",\"target\":[\"https:\\\/\\\/pilt.com.ar\\\/parque-industrial\\\/el-pilt-certifico-reducciones-en-la-emision-de-gases-de-efecto-invernadero\\\/\"]}]},{\"@type\":\"ImageObject\",\"inLanguage\":\"es\",\"@id\":\"https:\\\/\\\/pilt.com.ar\\\/parque-industrial\\\/el-pilt-certifico-reducciones-en-la-emision-de-gases-de-efecto-invernadero\\\/#primaryimage\",\"url\":\"https:\\\/\\\/i0.wp.com\\\/pilt.com.ar\\\/parque-industrial\\\/wp-content\\\/uploads\\\/2023\\\/03\\\/WhatsApp-Image-2023-03-29-at-13.04.38.jpeg?fit=563%2C463&ssl=1\",\"contentUrl\":\"https:\\\/\\\/i0.wp.com\\\/pilt.com.ar\\\/parque-industrial\\\/wp-content\\\/uploads\\\/2023\\\/03\\\/WhatsApp-Image-2023-03-29-at-13.04.38.jpeg?fit=563%2C463&ssl=1\",\"width\":563,\"height\":463},{\"@type\":\"WebSite\",\"@id\":\"https:\\\/\\\/pilt.com.ar\\\/parque-industrial\\\/#website\",\"url\":\"https:\\\/\\\/pilt.com.ar\\\/parque-industrial\\\/\",\"name\":\"PILT.com.ar\",\"description\":\"Parque Industrial, Log\u00edstico y Tecnol\u00f3gico Villa Mar\u00eda\",\"potentialAction\":[{\"@type\":\"SearchAction\",\"target\":{\"@type\":\"EntryPoint\",\"urlTemplate\":\"https:\\\/\\\/pilt.com.ar\\\/parque-industrial\\\/?s={search_term_string}\"},\"query-input\":{\"@type\":\"PropertyValueSpecification\",\"valueRequired\":true,\"valueName\":\"search_term_string\"}}],\"inLanguage\":\"es\"},{\"@type\":\"Person\",\"@id\":\"https:\\\/\\\/pilt.com.ar\\\/parque-industrial\\\/#\\\/schema\\\/person\\\/2dfb9e2464de1c3deef20c25c30a8306\",\"name\":\"PILT\",\"image\":{\"@type\":\"ImageObject\",\"inLanguage\":\"es\",\"@id\":\"https:\\\/\\\/secure.gravatar.com\\\/avatar\\\/5e3734c8d8c8e0b0d45f923c14a14d7b90521d573d02f0d91360a777095ee42b?s=96&d=mm&r=g\",\"url\":\"https:\\\/\\\/secure.gravatar.com\\\/avatar\\\/5e3734c8d8c8e0b0d45f923c14a14d7b90521d573d02f0d91360a777095ee42b?s=96&d=mm&r=g\",\"contentUrl\":\"https:\\\/\\\/secure.gravatar.com\\\/avatar\\\/5e3734c8d8c8e0b0d45f923c14a14d7b90521d573d02f0d91360a777095ee42b?s=96&d=mm&r=g\",\"caption\":\"PILT\"},\"url\":\"https:\\\/\\\/pilt.com.ar\\\/parque-industrial\\\/author\\\/pilt\\\/\"}]}<\/script>\n<!-- \/ Yoast SEO plugin. -->","yoast_head_json":{"title":"El PILT CERTIFIC\u00d3 REDUCCIONES EN LA EMISI\u00d3N DE GASES DE EFECTO INVERNADERO - PILT.com.ar","robots":{"index":"index","follow":"follow","max-snippet":"max-snippet:-1","max-image-preview":"max-image-preview:large","max-video-preview":"max-video-preview:-1"},"canonical":"https:\/\/pilt.com.ar\/parque-industrial\/el-pilt-certifico-reducciones-en-la-emision-de-gases-de-efecto-invernadero\/","og_locale":"es_ES","og_type":"article","og_title":"El PILT CERTIFIC\u00d3 REDUCCIONES EN LA EMISI\u00d3N DE GASES DE EFECTO INVERNADERO - PILT.com.ar","og_description":"El Ente se present\u00f3 a una propuesta elaborada por el Ministerio de Servicios P\u00fablicos de C\u00f3rdoba, en la que se analiz\u00f3 la mitigaci\u00f3n a partir del uso de energ\u00eda renovable. En el marco de una experiencia piloto de Mercado Voluntario de Unidades de Carbono Verificado llevada a cabo por el Ministerio de Servicios P\u00fablicos de [&hellip;]","og_url":"https:\/\/pilt.com.ar\/parque-industrial\/el-pilt-certifico-reducciones-en-la-emision-de-gases-de-efecto-invernadero\/","og_site_name":"PILT.com.ar","article_published_time":"2023-03-30T11:59:54+00:00","article_modified_time":"2023-03-30T11:59:55+00:00","og_image":[{"width":563,"height":463,"url":"https:\/\/i0.wp.com\/pilt.com.ar\/parque-industrial\/wp-content\/uploads\/2023\/03\/WhatsApp-Image-2023-03-29-at-13.04.38.jpeg?fit=563%2C463&ssl=1","type":"image\/jpeg"}],"author":"PILT","twitter_card":"summary_large_image","twitter_misc":{"Escrito por":"PILT","Tiempo de lectura":"2 minutos"},"schema":{"@context":"https:\/\/schema.org","@graph":[{"@type":"Article","@id":"https:\/\/pilt.com.ar\/parque-industrial\/el-pilt-certifico-reducciones-en-la-emision-de-gases-de-efecto-invernadero\/#article","isPartOf":{"@id":"https:\/\/pilt.com.ar\/parque-industrial\/el-pilt-certifico-reducciones-en-la-emision-de-gases-de-efecto-invernadero\/"},"author":{"name":"PILT","@id":"https:\/\/pilt.com.ar\/parque-industrial\/#\/schema\/person\/2dfb9e2464de1c3deef20c25c30a8306"},"headline":"El PILT CERTIFIC\u00d3 REDUCCIONES EN LA EMISI\u00d3N DE GASES DE EFECTO INVERNADERO","datePublished":"2023-03-30T11:59:54+00:00","dateModified":"2023-03-30T11:59:55+00:00","mainEntityOfPage":{"@id":"https:\/\/pilt.com.ar\/parque-industrial\/el-pilt-certifico-reducciones-en-la-emision-de-gases-de-efecto-invernadero\/"},"wordCount":377,"commentCount":0,"image":{"@id":"https:\/\/pilt.com.ar\/parque-industrial\/el-pilt-certifico-reducciones-en-la-emision-de-gases-de-efecto-invernadero\/#primaryimage"},"thumbnailUrl":"https:\/\/i0.wp.com\/pilt.com.ar\/parque-industrial\/wp-content\/uploads\/2023\/03\/WhatsApp-Image-2023-03-29-at-13.04.38.jpeg?fit=563%2C463&ssl=1","articleSection":["Noticias"],"inLanguage":"es","potentialAction":[{"@type":"CommentAction","name":"Comment","target":["https:\/\/pilt.com.ar\/parque-industrial\/el-pilt-certifico-reducciones-en-la-emision-de-gases-de-efecto-invernadero\/#respond"]}]},{"@type":"WebPage","@id":"https:\/\/pilt.com.ar\/parque-industrial\/el-pilt-certifico-reducciones-en-la-emision-de-gases-de-efecto-invernadero\/","url":"https:\/\/pilt.com.ar\/parque-industrial\/el-pilt-certifico-reducciones-en-la-emision-de-gases-de-efecto-invernadero\/","name":"El PILT CERTIFIC\u00d3 REDUCCIONES EN LA EMISI\u00d3N DE GASES DE EFECTO INVERNADERO - PILT.com.ar","isPartOf":{"@id":"https:\/\/pilt.com.ar\/parque-industrial\/#website"},"primaryImageOfPage":{"@id":"https:\/\/pilt.com.ar\/parque-industrial\/el-pilt-certifico-reducciones-en-la-emision-de-gases-de-efecto-invernadero\/#primaryimage"},"image":{"@id":"https:\/\/pilt.com.ar\/parque-industrial\/el-pilt-certifico-reducciones-en-la-emision-de-gases-de-efecto-invernadero\/#primaryimage"},"thumbnailUrl":"https:\/\/i0.wp.com\/pilt.com.ar\/parque-industrial\/wp-content\/uploads\/2023\/03\/WhatsApp-Image-2023-03-29-at-13.04.38.jpeg?fit=563%2C463&ssl=1","datePublished":"2023-03-30T11:59:54+00:00","dateModified":"2023-03-30T11:59:55+00:00","author":{"@id":"https:\/\/pilt.com.ar\/parque-industrial\/#\/schema\/person\/2dfb9e2464de1c3deef20c25c30a8306"},"inLanguage":"es","potentialAction":[{"@type":"ReadAction","target":["https:\/\/pilt.com.ar\/parque-industrial\/el-pilt-certifico-reducciones-en-la-emision-de-gases-de-efecto-invernadero\/"]}]},{"@type":"ImageObject","inLanguage":"es","@id":"https:\/\/pilt.com.ar\/parque-industrial\/el-pilt-certifico-reducciones-en-la-emision-de-gases-de-efecto-invernadero\/#primaryimage","url":"https:\/\/i0.wp.com\/pilt.com.ar\/parque-industrial\/wp-content\/uploads\/2023\/03\/WhatsApp-Image-2023-03-29-at-13.04.38.jpeg?fit=563%2C463&ssl=1","contentUrl":"https:\/\/i0.wp.com\/pilt.com.ar\/parque-industrial\/wp-content\/uploads\/2023\/03\/WhatsApp-Image-2023-03-29-at-13.04.38.jpeg?fit=563%2C463&ssl=1","width":563,"height":463},{"@type":"WebSite","@id":"https:\/\/pilt.com.ar\/parque-industrial\/#website","url":"https:\/\/pilt.com.ar\/parque-industrial\/","name":"PILT.com.ar","description":"Parque Industrial, Log\u00edstico y Tecnol\u00f3gico Villa Mar\u00eda","potentialAction":[{"@type":"SearchAction","target":{"@type":"EntryPoint","urlTemplate":"https:\/\/pilt.com.ar\/parque-industrial\/?s={search_term_string}"},"query-input":{"@type":"PropertyValueSpecification","valueRequired":true,"valueName":"search_term_string"}}],"inLanguage":"es"},{"@type":"Person","@id":"https:\/\/pilt.com.ar\/parque-industrial\/#\/schema\/person\/2dfb9e2464de1c3deef20c25c30a8306","name":"PILT","image":{"@type":"ImageObject","inLanguage":"es","@id":"https:\/\/secure.gravatar.com\/avatar\/5e3734c8d8c8e0b0d45f923c14a14d7b90521d573d02f0d91360a777095ee42b?s=96&d=mm&r=g","url":"https:\/\/secure.gravatar.com\/avatar\/5e3734c8d8c8e0b0d45f923c14a14d7b90521d573d02f0d91360a777095ee42b?s=96&d=mm&r=g","contentUrl":"https:\/\/secure.gravatar.com\/avatar\/5e3734c8d8c8e0b0d45f923c14a14d7b90521d573d02f0d91360a777095ee42b?s=96&d=mm&r=g","caption":"PILT"},"url":"https:\/\/pilt.com.ar\/parque-industrial\/author\/pilt\/"}]}},"jetpack_featured_media_url":"https:\/\/i0.wp.com\/pilt.com.ar\/parque-industrial\/wp-content\/uploads\/2023\/03\/WhatsApp-Image-2023-03-29-at-13.04.38.jpeg?fit=563%2C463&ssl=1","jetpack_sharing_enabled":true,"_links":{"self":[{"href":"https:\/\/pilt.com.ar\/parque-industrial\/wp-json\/wp\/v2\/posts\/2760","targetHints":{"allow":["GET"]}}],"collection":[{"href":"https:\/\/pilt.com.ar\/parque-industrial\/wp-json\/wp\/v2\/posts"}],"about":[{"href":"https:\/\/pilt.com.ar\/parque-industrial\/wp-json\/wp\/v2\/types\/post"}],"author":[{"embeddable":true,"href":"https:\/\/pilt.com.ar\/parque-industrial\/wp-json\/wp\/v2\/users\/3"}],"replies":[{"embeddable":true,"href":"https:\/\/pilt.com.ar\/parque-industrial\/wp-json\/wp\/v2\/comments?post=2760"}],"version-history":[{"count":1,"href":"https:\/\/pilt.com.ar\/parque-industrial\/wp-json\/wp\/v2\/posts\/2760\/revisions"}],"predecessor-version":[{"id":2762,"href":"https:\/\/pilt.com.ar\/parque-industrial\/wp-json\/wp\/v2\/posts\/2760\/revisions\/2762"}],"wp:featuredmedia":[{"embeddable":true,"href":"https:\/\/pilt.com.ar\/parque-industrial\/wp-json\/wp\/v2\/media\/2761"}],"wp:attachment":[{"href":"https:\/\/pilt.com.ar\/parque-industrial\/wp-json\/wp\/v2\/media?parent=2760"}],"wp:term":[{"taxonomy":"category","embeddable":true,"href":"https:\/\/pilt.com.ar\/parque-industrial\/wp-json\/wp\/v2\/categories?post=2760"},{"taxonomy":"post_tag","embeddable":true,"href":"https:\/\/pilt.com.ar\/parque-industrial\/wp-json\/wp\/v2\/tags?post=2760"}],"curies":[{"name":"wp","href":"https:\/\/api.w.org\/{rel}","templated":true}]}}