{"id":2757,"date":"2023-03-09T11:15:33","date_gmt":"2023-03-09T14:15:33","guid":{"rendered":"https:\/\/pilt.com.ar\/parque-industrial\/?p=2757"},"modified":"2023-03-09T11:15:34","modified_gmt":"2023-03-09T14:15:34","slug":"visitaron-el-pilt-jovenes-que-participan-en-programas-de-la-oficina-de-empleo","status":"publish","type":"post","link":"https:\/\/pilt.com.ar\/parque-industrial\/visitaron-el-pilt-jovenes-que-participan-en-programas-de-la-oficina-de-empleo\/","title":{"rendered":"<strong>VISITARON EL PILT J\u00d3VENES QUE PARTICIPAN EN PROGRAMAS DE LA OFICINA DE EMPLEO<\/strong>"},"content":{"rendered":"\n<p class=\"has-text-align-center\"><em>Fueron recibidos por el gerente de la entidad, Carlos Montoto Galiano, y luego recorrieron empresas emplazadas en el predio.<\/em><\/p>\n\n\n\n<p class=\"has-text-align-justify\">Un grupo de j\u00f3venes que est\u00e1n culminando el cursado del Taller de Orientaci\u00f3n Laboral dictado por la Oficina de Empleo de la Municipalidad de Villa Mar\u00eda estuvieron en el Parque Industrial, Log\u00edstico y Tecnol\u00f3gico Villa Mar\u00eda (PILT). La finalidad fue abordar temas que tratan en ese espacio de capacitaci\u00f3n relacionados con los diferentes tipos de empleo, su organizaci\u00f3n y los procesos productivos necesarios para llevar adelante las actividades.<\/p>\n\n\n\n<p class=\"has-text-align-justify\">Bajo ese objetivo, fueron recibidos por el gerente del PILT, Carlos Montoto Galiano, quien explic\u00f3 las caracter\u00edsticas y alcances del Programa Nave para Emprendedores que implementa la entidad, y que ofrece un espacio f\u00edsico para radicar emprendimientos de alto potencial.<\/p>\n\n\n\n<p class=\"has-text-align-justify\">All\u00ed visitaron las instalaciones de la empresa DyFma, dedicada a la fabricaci\u00f3n de maquinaria para cosecha y poscosecha de frutos secos. La empresa desarrolla equipos vinculados a la producci\u00f3n de nueces (tradicional o de castilla y pec\u00e1n), almendras y casta\u00f1as; fabrican m\u00e1quinas en serie, que son las m\u00e1s demandadas, y otras de mayor porte que realizan a pedido de los clientes.<\/p>\n\n\n\n<p class=\"has-text-align-justify\">Luego se trasladaron Alimentos y Servicios, industria l\u00e1ctea que abri\u00f3 sus puertas el a\u00f1o pasado en el parque. La firma elabora crema pasteurizada, flanes y yogures, productos que comercializa fundamentalmente en la capital provincial.<\/p>\n\n\n\n<p class=\"has-text-align-justify\">De tal forma, los participantes del Taller de Orientaci\u00f3n Laboral pudieron tomar un contacto directo con la realidad laboral de esas organizaciones, conocimiento que seguramente redundar\u00e1 en mejores oportunidades para insertarse en el mundo laboral.<\/p>\n","protected":false},"excerpt":{"rendered":"<p>Fueron recibidos por el gerente de la entidad, Carlos Montoto Galiano, y luego recorrieron empresas emplazadas en el predio. Un grupo de j\u00f3venes que est\u00e1n culminando el cursado del Taller de Orientaci\u00f3n Laboral dictado por la Oficina de Empleo de la Municipalidad de Villa Mar\u00eda estuvieron en el Parque Industrial, Log\u00edstico y Tecnol\u00f3gico Villa Mar\u00eda [&hellip;]<\/p>\n","protected":false},"author":3,"featured_media":2758,"comment_status":"open","ping_status":"open","sticky":false,"template":"","format":"standard","meta":{"_jetpack_memberships_contains_paid_content":false,"footnotes":""},"categories":[2],"tags":[],"class_list":["post-2757","post","type-post","status-publish","format-standard","has-post-thumbnail","hentry","category-noticias"],"yoast_head":"<!-- This site is optimized with the Yoast SEO plugin v27.5 - https:\/\/yoast.com\/product\/yoast-seo-wordpress\/ -->\n<title>VISITARON EL PILT J\u00d3VENES QUE PARTICIPAN EN PROGRAMAS DE LA OFICINA DE EMPLEO - PILT.com.ar<\/title>\n<meta name=\"robots\" content=\"index, follow, max-snippet:-1, max-image-preview:large, max-video-preview:-1\" \/>\n<link rel=\"canonical\" href=\"https:\/\/pilt.com.ar\/parque-industrial\/visitaron-el-pilt-jovenes-que-participan-en-programas-de-la-oficina-de-empleo\/\" \/>\n<meta property=\"og:locale\" content=\"es_ES\" \/>\n<meta property=\"og:type\" content=\"article\" \/>\n<meta property=\"og:title\" content=\"VISITARON EL PILT J\u00d3VENES QUE PARTICIPAN EN PROGRAMAS DE LA OFICINA DE EMPLEO - PILT.com.ar\" \/>\n<meta property=\"og:description\" content=\"Fueron recibidos por el gerente de la entidad, Carlos Montoto Galiano, y luego recorrieron empresas emplazadas en el predio. Un grupo de j\u00f3venes que est\u00e1n culminando el cursado del Taller de Orientaci\u00f3n Laboral dictado por la Oficina de Empleo de la Municipalidad de Villa Mar\u00eda estuvieron en el Parque Industrial, Log\u00edstico y Tecnol\u00f3gico Villa Mar\u00eda [&hellip;]\" \/>\n<meta property=\"og:url\" content=\"https:\/\/pilt.com.ar\/parque-industrial\/visitaron-el-pilt-jovenes-que-participan-en-programas-de-la-oficina-de-empleo\/\" \/>\n<meta property=\"og:site_name\" content=\"PILT.com.ar\" \/>\n<meta property=\"article:published_time\" content=\"2023-03-09T14:15:33+00:00\" \/>\n<meta property=\"article:modified_time\" content=\"2023-03-09T14:15:34+00:00\" \/>\n<meta property=\"og:image\" content=\"https:\/\/i0.wp.com\/pilt.com.ar\/parque-industrial\/wp-content\/uploads\/2023\/03\/WhatsApp-Image-2023-03-07-at-12.18.59.jpeg?fit=1600%2C1200&ssl=1\" \/>\n\t<meta property=\"og:image:width\" content=\"1600\" \/>\n\t<meta property=\"og:image:height\" content=\"1200\" \/>\n\t<meta property=\"og:image:type\" content=\"image\/jpeg\" \/>\n<meta name=\"author\" content=\"PILT\" \/>\n<meta name=\"twitter:card\" content=\"summary_large_image\" \/>\n<meta name=\"twitter:label1\" content=\"Escrito por\" \/>\n\t<meta name=\"twitter:data1\" content=\"PILT\" \/>\n\t<meta name=\"twitter:label2\" content=\"Tiempo de lectura\" \/>\n\t<meta name=\"twitter:data2\" content=\"2 minutos\" \/>\n<script type=\"application\/ld+json\" class=\"yoast-schema-graph\">{\"@context\":\"https:\\\/\\\/schema.org\",\"@graph\":[{\"@type\":\"Article\",\"@id\":\"https:\\\/\\\/pilt.com.ar\\\/parque-industrial\\\/visitaron-el-pilt-jovenes-que-participan-en-programas-de-la-oficina-de-empleo\\\/#article\",\"isPartOf\":{\"@id\":\"https:\\\/\\\/pilt.com.ar\\\/parque-industrial\\\/visitaron-el-pilt-jovenes-que-participan-en-programas-de-la-oficina-de-empleo\\\/\"},\"author\":{\"name\":\"PILT\",\"@id\":\"https:\\\/\\\/pilt.com.ar\\\/parque-industrial\\\/#\\\/schema\\\/person\\\/2dfb9e2464de1c3deef20c25c30a8306\"},\"headline\":\"VISITARON EL PILT J\u00d3VENES QUE PARTICIPAN EN PROGRAMAS DE LA OFICINA DE EMPLEO\",\"datePublished\":\"2023-03-09T14:15:33+00:00\",\"dateModified\":\"2023-03-09T14:15:34+00:00\",\"mainEntityOfPage\":{\"@id\":\"https:\\\/\\\/pilt.com.ar\\\/parque-industrial\\\/visitaron-el-pilt-jovenes-que-participan-en-programas-de-la-oficina-de-empleo\\\/\"},\"wordCount\":291,\"commentCount\":0,\"image\":{\"@id\":\"https:\\\/\\\/pilt.com.ar\\\/parque-industrial\\\/visitaron-el-pilt-jovenes-que-participan-en-programas-de-la-oficina-de-empleo\\\/#primaryimage\"},\"thumbnailUrl\":\"https:\\\/\\\/i0.wp.com\\\/pilt.com.ar\\\/parque-industrial\\\/wp-content\\\/uploads\\\/2023\\\/03\\\/WhatsApp-Image-2023-03-07-at-12.18.59.jpeg?fit=1600%2C1200&ssl=1\",\"articleSection\":[\"Noticias\"],\"inLanguage\":\"es\",\"potentialAction\":[{\"@type\":\"CommentAction\",\"name\":\"Comment\",\"target\":[\"https:\\\/\\\/pilt.com.ar\\\/parque-industrial\\\/visitaron-el-pilt-jovenes-que-participan-en-programas-de-la-oficina-de-empleo\\\/#respond\"]}]},{\"@type\":\"WebPage\",\"@id\":\"https:\\\/\\\/pilt.com.ar\\\/parque-industrial\\\/visitaron-el-pilt-jovenes-que-participan-en-programas-de-la-oficina-de-empleo\\\/\",\"url\":\"https:\\\/\\\/pilt.com.ar\\\/parque-industrial\\\/visitaron-el-pilt-jovenes-que-participan-en-programas-de-la-oficina-de-empleo\\\/\",\"name\":\"VISITARON EL PILT J\u00d3VENES QUE PARTICIPAN EN PROGRAMAS DE LA OFICINA DE EMPLEO - PILT.com.ar\",\"isPartOf\":{\"@id\":\"https:\\\/\\\/pilt.com.ar\\\/parque-industrial\\\/#website\"},\"primaryImageOfPage\":{\"@id\":\"https:\\\/\\\/pilt.com.ar\\\/parque-industrial\\\/visitaron-el-pilt-jovenes-que-participan-en-programas-de-la-oficina-de-empleo\\\/#primaryimage\"},\"image\":{\"@id\":\"https:\\\/\\\/pilt.com.ar\\\/parque-industrial\\\/visitaron-el-pilt-jovenes-que-participan-en-programas-de-la-oficina-de-empleo\\\/#primaryimage\"},\"thumbnailUrl\":\"https:\\\/\\\/i0.wp.com\\\/pilt.com.ar\\\/parque-industrial\\\/wp-content\\\/uploads\\\/2023\\\/03\\\/WhatsApp-Image-2023-03-07-at-12.18.59.jpeg?fit=1600%2C1200&ssl=1\",\"datePublished\":\"2023-03-09T14:15:33+00:00\",\"dateModified\":\"2023-03-09T14:15:34+00:00\",\"author\":{\"@id\":\"https:\\\/\\\/pilt.com.ar\\\/parque-industrial\\\/#\\\/schema\\\/person\\\/2dfb9e2464de1c3deef20c25c30a8306\"},\"inLanguage\":\"es\",\"potentialAction\":[{\"@type\":\"ReadAction\",\"target\":[\"https:\\\/\\\/pilt.com.ar\\\/parque-industrial\\\/visitaron-el-pilt-jovenes-que-participan-en-programas-de-la-oficina-de-empleo\\\/\"]}]},{\"@type\":\"ImageObject\",\"inLanguage\":\"es\",\"@id\":\"https:\\\/\\\/pilt.com.ar\\\/parque-industrial\\\/visitaron-el-pilt-jovenes-que-participan-en-programas-de-la-oficina-de-empleo\\\/#primaryimage\",\"url\":\"https:\\\/\\\/i0.wp.com\\\/pilt.com.ar\\\/parque-industrial\\\/wp-content\\\/uploads\\\/2023\\\/03\\\/WhatsApp-Image-2023-03-07-at-12.18.59.jpeg?fit=1600%2C1200&ssl=1\",\"contentUrl\":\"https:\\\/\\\/i0.wp.com\\\/pilt.com.ar\\\/parque-industrial\\\/wp-content\\\/uploads\\\/2023\\\/03\\\/WhatsApp-Image-2023-03-07-at-12.18.59.jpeg?fit=1600%2C1200&ssl=1\",\"width\":1600,\"height\":1200},{\"@type\":\"WebSite\",\"@id\":\"https:\\\/\\\/pilt.com.ar\\\/parque-industrial\\\/#website\",\"url\":\"https:\\\/\\\/pilt.com.ar\\\/parque-industrial\\\/\",\"name\":\"PILT.com.ar\",\"description\":\"Parque Industrial, Log\u00edstico y Tecnol\u00f3gico Villa Mar\u00eda\",\"potentialAction\":[{\"@type\":\"SearchAction\",\"target\":{\"@type\":\"EntryPoint\",\"urlTemplate\":\"https:\\\/\\\/pilt.com.ar\\\/parque-industrial\\\/?s={search_term_string}\"},\"query-input\":{\"@type\":\"PropertyValueSpecification\",\"valueRequired\":true,\"valueName\":\"search_term_string\"}}],\"inLanguage\":\"es\"},{\"@type\":\"Person\",\"@id\":\"https:\\\/\\\/pilt.com.ar\\\/parque-industrial\\\/#\\\/schema\\\/person\\\/2dfb9e2464de1c3deef20c25c30a8306\",\"name\":\"PILT\",\"image\":{\"@type\":\"ImageObject\",\"inLanguage\":\"es\",\"@id\":\"https:\\\/\\\/secure.gravatar.com\\\/avatar\\\/5e3734c8d8c8e0b0d45f923c14a14d7b90521d573d02f0d91360a777095ee42b?s=96&d=mm&r=g\",\"url\":\"https:\\\/\\\/secure.gravatar.com\\\/avatar\\\/5e3734c8d8c8e0b0d45f923c14a14d7b90521d573d02f0d91360a777095ee42b?s=96&d=mm&r=g\",\"contentUrl\":\"https:\\\/\\\/secure.gravatar.com\\\/avatar\\\/5e3734c8d8c8e0b0d45f923c14a14d7b90521d573d02f0d91360a777095ee42b?s=96&d=mm&r=g\",\"caption\":\"PILT\"},\"url\":\"https:\\\/\\\/pilt.com.ar\\\/parque-industrial\\\/author\\\/pilt\\\/\"}]}<\/script>\n<!-- \/ Yoast SEO plugin. -->","yoast_head_json":{"title":"VISITARON EL PILT J\u00d3VENES QUE PARTICIPAN EN PROGRAMAS DE LA OFICINA DE EMPLEO - PILT.com.ar","robots":{"index":"index","follow":"follow","max-snippet":"max-snippet:-1","max-image-preview":"max-image-preview:large","max-video-preview":"max-video-preview:-1"},"canonical":"https:\/\/pilt.com.ar\/parque-industrial\/visitaron-el-pilt-jovenes-que-participan-en-programas-de-la-oficina-de-empleo\/","og_locale":"es_ES","og_type":"article","og_title":"VISITARON EL PILT J\u00d3VENES QUE PARTICIPAN EN PROGRAMAS DE LA OFICINA DE EMPLEO - PILT.com.ar","og_description":"Fueron recibidos por el gerente de la entidad, Carlos Montoto Galiano, y luego recorrieron empresas emplazadas en el predio. Un grupo de j\u00f3venes que est\u00e1n culminando el cursado del Taller de Orientaci\u00f3n Laboral dictado por la Oficina de Empleo de la Municipalidad de Villa Mar\u00eda estuvieron en el Parque Industrial, Log\u00edstico y Tecnol\u00f3gico Villa Mar\u00eda [&hellip;]","og_url":"https:\/\/pilt.com.ar\/parque-industrial\/visitaron-el-pilt-jovenes-que-participan-en-programas-de-la-oficina-de-empleo\/","og_site_name":"PILT.com.ar","article_published_time":"2023-03-09T14:15:33+00:00","article_modified_time":"2023-03-09T14:15:34+00:00","og_image":[{"width":1600,"height":1200,"url":"https:\/\/i0.wp.com\/pilt.com.ar\/parque-industrial\/wp-content\/uploads\/2023\/03\/WhatsApp-Image-2023-03-07-at-12.18.59.jpeg?fit=1600%2C1200&ssl=1","type":"image\/jpeg"}],"author":"PILT","twitter_card":"summary_large_image","twitter_misc":{"Escrito por":"PILT","Tiempo de lectura":"2 minutos"},"schema":{"@context":"https:\/\/schema.org","@graph":[{"@type":"Article","@id":"https:\/\/pilt.com.ar\/parque-industrial\/visitaron-el-pilt-jovenes-que-participan-en-programas-de-la-oficina-de-empleo\/#article","isPartOf":{"@id":"https:\/\/pilt.com.ar\/parque-industrial\/visitaron-el-pilt-jovenes-que-participan-en-programas-de-la-oficina-de-empleo\/"},"author":{"name":"PILT","@id":"https:\/\/pilt.com.ar\/parque-industrial\/#\/schema\/person\/2dfb9e2464de1c3deef20c25c30a8306"},"headline":"VISITARON EL PILT J\u00d3VENES QUE PARTICIPAN EN PROGRAMAS DE LA OFICINA DE EMPLEO","datePublished":"2023-03-09T14:15:33+00:00","dateModified":"2023-03-09T14:15:34+00:00","mainEntityOfPage":{"@id":"https:\/\/pilt.com.ar\/parque-industrial\/visitaron-el-pilt-jovenes-que-participan-en-programas-de-la-oficina-de-empleo\/"},"wordCount":291,"commentCount":0,"image":{"@id":"https:\/\/pilt.com.ar\/parque-industrial\/visitaron-el-pilt-jovenes-que-participan-en-programas-de-la-oficina-de-empleo\/#primaryimage"},"thumbnailUrl":"https:\/\/i0.wp.com\/pilt.com.ar\/parque-industrial\/wp-content\/uploads\/2023\/03\/WhatsApp-Image-2023-03-07-at-12.18.59.jpeg?fit=1600%2C1200&ssl=1","articleSection":["Noticias"],"inLanguage":"es","potentialAction":[{"@type":"CommentAction","name":"Comment","target":["https:\/\/pilt.com.ar\/parque-industrial\/visitaron-el-pilt-jovenes-que-participan-en-programas-de-la-oficina-de-empleo\/#respond"]}]},{"@type":"WebPage","@id":"https:\/\/pilt.com.ar\/parque-industrial\/visitaron-el-pilt-jovenes-que-participan-en-programas-de-la-oficina-de-empleo\/","url":"https:\/\/pilt.com.ar\/parque-industrial\/visitaron-el-pilt-jovenes-que-participan-en-programas-de-la-oficina-de-empleo\/","name":"VISITARON EL PILT J\u00d3VENES QUE PARTICIPAN EN PROGRAMAS DE LA OFICINA DE EMPLEO - PILT.com.ar","isPartOf":{"@id":"https:\/\/pilt.com.ar\/parque-industrial\/#website"},"primaryImageOfPage":{"@id":"https:\/\/pilt.com.ar\/parque-industrial\/visitaron-el-pilt-jovenes-que-participan-en-programas-de-la-oficina-de-empleo\/#primaryimage"},"image":{"@id":"https:\/\/pilt.com.ar\/parque-industrial\/visitaron-el-pilt-jovenes-que-participan-en-programas-de-la-oficina-de-empleo\/#primaryimage"},"thumbnailUrl":"https:\/\/i0.wp.com\/pilt.com.ar\/parque-industrial\/wp-content\/uploads\/2023\/03\/WhatsApp-Image-2023-03-07-at-12.18.59.jpeg?fit=1600%2C1200&ssl=1","datePublished":"2023-03-09T14:15:33+00:00","dateModified":"2023-03-09T14:15:34+00:00","author":{"@id":"https:\/\/pilt.com.ar\/parque-industrial\/#\/schema\/person\/2dfb9e2464de1c3deef20c25c30a8306"},"inLanguage":"es","potentialAction":[{"@type":"ReadAction","target":["https:\/\/pilt.com.ar\/parque-industrial\/visitaron-el-pilt-jovenes-que-participan-en-programas-de-la-oficina-de-empleo\/"]}]},{"@type":"ImageObject","inLanguage":"es","@id":"https:\/\/pilt.com.ar\/parque-industrial\/visitaron-el-pilt-jovenes-que-participan-en-programas-de-la-oficina-de-empleo\/#primaryimage","url":"https:\/\/i0.wp.com\/pilt.com.ar\/parque-industrial\/wp-content\/uploads\/2023\/03\/WhatsApp-Image-2023-03-07-at-12.18.59.jpeg?fit=1600%2C1200&ssl=1","contentUrl":"https:\/\/i0.wp.com\/pilt.com.ar\/parque-industrial\/wp-content\/uploads\/2023\/03\/WhatsApp-Image-2023-03-07-at-12.18.59.jpeg?fit=1600%2C1200&ssl=1","width":1600,"height":1200},{"@type":"WebSite","@id":"https:\/\/pilt.com.ar\/parque-industrial\/#website","url":"https:\/\/pilt.com.ar\/parque-industrial\/","name":"PILT.com.ar","description":"Parque Industrial, Log\u00edstico y Tecnol\u00f3gico Villa Mar\u00eda","potentialAction":[{"@type":"SearchAction","target":{"@type":"EntryPoint","urlTemplate":"https:\/\/pilt.com.ar\/parque-industrial\/?s={search_term_string}"},"query-input":{"@type":"PropertyValueSpecification","valueRequired":true,"valueName":"search_term_string"}}],"inLanguage":"es"},{"@type":"Person","@id":"https:\/\/pilt.com.ar\/parque-industrial\/#\/schema\/person\/2dfb9e2464de1c3deef20c25c30a8306","name":"PILT","image":{"@type":"ImageObject","inLanguage":"es","@id":"https:\/\/secure.gravatar.com\/avatar\/5e3734c8d8c8e0b0d45f923c14a14d7b90521d573d02f0d91360a777095ee42b?s=96&d=mm&r=g","url":"https:\/\/secure.gravatar.com\/avatar\/5e3734c8d8c8e0b0d45f923c14a14d7b90521d573d02f0d91360a777095ee42b?s=96&d=mm&r=g","contentUrl":"https:\/\/secure.gravatar.com\/avatar\/5e3734c8d8c8e0b0d45f923c14a14d7b90521d573d02f0d91360a777095ee42b?s=96&d=mm&r=g","caption":"PILT"},"url":"https:\/\/pilt.com.ar\/parque-industrial\/author\/pilt\/"}]}},"jetpack_featured_media_url":"https:\/\/i0.wp.com\/pilt.com.ar\/parque-industrial\/wp-content\/uploads\/2023\/03\/WhatsApp-Image-2023-03-07-at-12.18.59.jpeg?fit=1600%2C1200&ssl=1","jetpack_sharing_enabled":true,"_links":{"self":[{"href":"https:\/\/pilt.com.ar\/parque-industrial\/wp-json\/wp\/v2\/posts\/2757","targetHints":{"allow":["GET"]}}],"collection":[{"href":"https:\/\/pilt.com.ar\/parque-industrial\/wp-json\/wp\/v2\/posts"}],"about":[{"href":"https:\/\/pilt.com.ar\/parque-industrial\/wp-json\/wp\/v2\/types\/post"}],"author":[{"embeddable":true,"href":"https:\/\/pilt.com.ar\/parque-industrial\/wp-json\/wp\/v2\/users\/3"}],"replies":[{"embeddable":true,"href":"https:\/\/pilt.com.ar\/parque-industrial\/wp-json\/wp\/v2\/comments?post=2757"}],"version-history":[{"count":1,"href":"https:\/\/pilt.com.ar\/parque-industrial\/wp-json\/wp\/v2\/posts\/2757\/revisions"}],"predecessor-version":[{"id":2759,"href":"https:\/\/pilt.com.ar\/parque-industrial\/wp-json\/wp\/v2\/posts\/2757\/revisions\/2759"}],"wp:featuredmedia":[{"embeddable":true,"href":"https:\/\/pilt.com.ar\/parque-industrial\/wp-json\/wp\/v2\/media\/2758"}],"wp:attachment":[{"href":"https:\/\/pilt.com.ar\/parque-industrial\/wp-json\/wp\/v2\/media?parent=2757"}],"wp:term":[{"taxonomy":"category","embeddable":true,"href":"https:\/\/pilt.com.ar\/parque-industrial\/wp-json\/wp\/v2\/categories?post=2757"},{"taxonomy":"post_tag","embeddable":true,"href":"https:\/\/pilt.com.ar\/parque-industrial\/wp-json\/wp\/v2\/tags?post=2757"}],"curies":[{"name":"wp","href":"https:\/\/api.w.org\/{rel}","templated":true}]}}