{"id":2749,"date":"2023-03-03T08:37:19","date_gmt":"2023-03-03T11:37:19","guid":{"rendered":"https:\/\/pilt.com.ar\/parque-industrial\/?p=2749"},"modified":"2023-03-03T10:22:39","modified_gmt":"2023-03-03T13:22:39","slug":"funcionarios-del-gobierno-nacional-visitaron-el-pilt","status":"publish","type":"post","link":"https:\/\/pilt.com.ar\/parque-industrial\/funcionarios-del-gobierno-nacional-visitaron-el-pilt\/","title":{"rendered":"<strong>FUNCIONARIOS DEL GOBIERNO NACIONAL VISITARON EL PILT<\/strong>"},"content":{"rendered":"\n<p class=\"has-text-align-center\"><em>La comitiva estuvo encabezada por el subsecretario de la Peque\u00f1a y Mediana Empresa, Tom\u00e1s Canosa. Concurri\u00f3 adem\u00e1s el intendente municipal Mart\u00edn Gill.<\/em><\/p>\n\n\n\n<p class=\"has-text-align-justify\">Representantes del Gobierno Nacional, junto al intendente municipal Mart\u00edn Gill, visitaron el Parque Industrial, Log\u00edstico y Tecnol\u00f3gico Villa Mar\u00eda (PILT). Estuvieron presentes el subsecretario de la Peque\u00f1a y Mediana Empresa, Tom\u00e1s Canosa; el director Nacional de Pol\u00edtica PyME, Pablo Bercovich; y directora Nacional de Desarrollo Regional de PyME, Fiorella Robilotta. Tambi\u00e9n form\u00f3 parte de la comitiva el titular del Ente de Desarrollo Productivo, Cr. Franco Monetti y el Se\u00f1or Director de Relaciones P\u00fablicas, Miguel Sponer.<\/p>\n\n\n\n<p class=\"has-text-align-justify\">En el PILT, las autoridades fueron recibidas por el presidente de la entidad, Ing. Carlos Pizzorno, y el gerente Lic. Carlos Montoto Galiano. En la Administraci\u00f3n del Ente, los directivos explicaron el funcionamiento del Parque y sus proyectos m\u00e1s importantes. Seguidamente se interiorizaron sobre Programa Nave para Emprendedores I y II, y se trasladaron hacia la empresa Araya Ingenier\u00eda SRL, en donde los titulares de la firma mostraron las instalaciones y comentaron sobre las inversiones realizadas para eficientizar los procesos productivos.<\/p>\n\n\n\n<p class=\"has-text-align-justify\">Por otra parte, en el Sal\u00f3n de Usos M\u00faltiples del PILT se concret\u00f3 un importante encuentro sobre transformaci\u00f3n digital en las empresas. En ese sentido, funcionarios del Ministerio de Ciencia y Tecnolog\u00eda de C\u00f3rdoba explicaron los alcances del programa C\u00f3rdoba 4.0, que pone a disposici\u00f3n herramientas y financiamiento para avanzar en el proceso de digitalizaci\u00f3n de las industrias.<\/p>\n\n\n\n<p class=\"has-text-align-justify\">En la reuni\u00f3n, que cont\u00f3 con la participaci\u00f3n de una importante cantidad de empresarios y representantes institucionales, estuvo el secretario de Nuevas Tecnolog\u00edas y Econom\u00eda del Conocimiento del citado ministerio, Fernando Sedevich, y parte de su equipo. Acompa\u00f1aron al funcionario el presidente del Cl\u00faster de Impulso Tecnol\u00f3gico, Marcos Vega, y el gerente de la entidad anfitriona.&nbsp;<\/p>\n","protected":false},"excerpt":{"rendered":"<p>La comitiva estuvo encabezada por el subsecretario de la Peque\u00f1a y Mediana Empresa, Tom\u00e1s Canosa. Concurri\u00f3 adem\u00e1s el intendente municipal Mart\u00edn Gill. Representantes del Gobierno Nacional, junto al intendente municipal Mart\u00edn Gill, visitaron el Parque Industrial, Log\u00edstico y Tecnol\u00f3gico Villa Mar\u00eda (PILT). Estuvieron presentes el subsecretario de la Peque\u00f1a y Mediana Empresa, Tom\u00e1s Canosa; el [&hellip;]<\/p>\n","protected":false},"author":3,"featured_media":2750,"comment_status":"open","ping_status":"open","sticky":false,"template":"","format":"standard","meta":{"_jetpack_memberships_contains_paid_content":false,"footnotes":""},"categories":[2],"tags":[],"class_list":["post-2749","post","type-post","status-publish","format-standard","has-post-thumbnail","hentry","category-noticias"],"yoast_head":"<!-- This site is optimized with the Yoast SEO plugin v27.5 - https:\/\/yoast.com\/product\/yoast-seo-wordpress\/ -->\n<title>FUNCIONARIOS DEL GOBIERNO NACIONAL VISITARON EL PILT - PILT.com.ar<\/title>\n<meta name=\"robots\" content=\"index, follow, max-snippet:-1, max-image-preview:large, max-video-preview:-1\" \/>\n<link rel=\"canonical\" href=\"https:\/\/pilt.com.ar\/parque-industrial\/funcionarios-del-gobierno-nacional-visitaron-el-pilt\/\" \/>\n<meta property=\"og:locale\" content=\"es_ES\" \/>\n<meta property=\"og:type\" content=\"article\" \/>\n<meta property=\"og:title\" content=\"FUNCIONARIOS DEL GOBIERNO NACIONAL VISITARON EL PILT - PILT.com.ar\" \/>\n<meta property=\"og:description\" content=\"La comitiva estuvo encabezada por el subsecretario de la Peque\u00f1a y Mediana Empresa, Tom\u00e1s Canosa. Concurri\u00f3 adem\u00e1s el intendente municipal Mart\u00edn Gill. Representantes del Gobierno Nacional, junto al intendente municipal Mart\u00edn Gill, visitaron el Parque Industrial, Log\u00edstico y Tecnol\u00f3gico Villa Mar\u00eda (PILT). Estuvieron presentes el subsecretario de la Peque\u00f1a y Mediana Empresa, Tom\u00e1s Canosa; el [&hellip;]\" \/>\n<meta property=\"og:url\" content=\"https:\/\/pilt.com.ar\/parque-industrial\/funcionarios-del-gobierno-nacional-visitaron-el-pilt\/\" \/>\n<meta property=\"og:site_name\" content=\"PILT.com.ar\" \/>\n<meta property=\"article:published_time\" content=\"2023-03-03T11:37:19+00:00\" \/>\n<meta property=\"article:modified_time\" content=\"2023-03-03T13:22:39+00:00\" \/>\n<meta property=\"og:image\" content=\"https:\/\/i0.wp.com\/pilt.com.ar\/parque-industrial\/wp-content\/uploads\/2023\/03\/WhatsApp-Image-2023-03-03-at-08.29.59.jpeg?fit=1600%2C1200&ssl=1\" \/>\n\t<meta property=\"og:image:width\" content=\"1600\" \/>\n\t<meta property=\"og:image:height\" content=\"1200\" \/>\n\t<meta property=\"og:image:type\" content=\"image\/jpeg\" \/>\n<meta name=\"author\" content=\"PILT\" \/>\n<meta name=\"twitter:card\" content=\"summary_large_image\" \/>\n<meta name=\"twitter:label1\" content=\"Escrito por\" \/>\n\t<meta name=\"twitter:data1\" content=\"PILT\" \/>\n\t<meta name=\"twitter:label2\" content=\"Tiempo de lectura\" \/>\n\t<meta name=\"twitter:data2\" content=\"2 minutos\" \/>\n<script type=\"application\/ld+json\" class=\"yoast-schema-graph\">{\"@context\":\"https:\\\/\\\/schema.org\",\"@graph\":[{\"@type\":\"Article\",\"@id\":\"https:\\\/\\\/pilt.com.ar\\\/parque-industrial\\\/funcionarios-del-gobierno-nacional-visitaron-el-pilt\\\/#article\",\"isPartOf\":{\"@id\":\"https:\\\/\\\/pilt.com.ar\\\/parque-industrial\\\/funcionarios-del-gobierno-nacional-visitaron-el-pilt\\\/\"},\"author\":{\"name\":\"PILT\",\"@id\":\"https:\\\/\\\/pilt.com.ar\\\/parque-industrial\\\/#\\\/schema\\\/person\\\/2dfb9e2464de1c3deef20c25c30a8306\"},\"headline\":\"FUNCIONARIOS DEL GOBIERNO NACIONAL VISITARON EL PILT\",\"datePublished\":\"2023-03-03T11:37:19+00:00\",\"dateModified\":\"2023-03-03T13:22:39+00:00\",\"mainEntityOfPage\":{\"@id\":\"https:\\\/\\\/pilt.com.ar\\\/parque-industrial\\\/funcionarios-del-gobierno-nacional-visitaron-el-pilt\\\/\"},\"wordCount\":331,\"commentCount\":0,\"image\":{\"@id\":\"https:\\\/\\\/pilt.com.ar\\\/parque-industrial\\\/funcionarios-del-gobierno-nacional-visitaron-el-pilt\\\/#primaryimage\"},\"thumbnailUrl\":\"https:\\\/\\\/i0.wp.com\\\/pilt.com.ar\\\/parque-industrial\\\/wp-content\\\/uploads\\\/2023\\\/03\\\/WhatsApp-Image-2023-03-03-at-08.29.59.jpeg?fit=1600%2C1200&ssl=1\",\"articleSection\":[\"Noticias\"],\"inLanguage\":\"es\",\"potentialAction\":[{\"@type\":\"CommentAction\",\"name\":\"Comment\",\"target\":[\"https:\\\/\\\/pilt.com.ar\\\/parque-industrial\\\/funcionarios-del-gobierno-nacional-visitaron-el-pilt\\\/#respond\"]}]},{\"@type\":\"WebPage\",\"@id\":\"https:\\\/\\\/pilt.com.ar\\\/parque-industrial\\\/funcionarios-del-gobierno-nacional-visitaron-el-pilt\\\/\",\"url\":\"https:\\\/\\\/pilt.com.ar\\\/parque-industrial\\\/funcionarios-del-gobierno-nacional-visitaron-el-pilt\\\/\",\"name\":\"FUNCIONARIOS DEL GOBIERNO NACIONAL VISITARON EL PILT - PILT.com.ar\",\"isPartOf\":{\"@id\":\"https:\\\/\\\/pilt.com.ar\\\/parque-industrial\\\/#website\"},\"primaryImageOfPage\":{\"@id\":\"https:\\\/\\\/pilt.com.ar\\\/parque-industrial\\\/funcionarios-del-gobierno-nacional-visitaron-el-pilt\\\/#primaryimage\"},\"image\":{\"@id\":\"https:\\\/\\\/pilt.com.ar\\\/parque-industrial\\\/funcionarios-del-gobierno-nacional-visitaron-el-pilt\\\/#primaryimage\"},\"thumbnailUrl\":\"https:\\\/\\\/i0.wp.com\\\/pilt.com.ar\\\/parque-industrial\\\/wp-content\\\/uploads\\\/2023\\\/03\\\/WhatsApp-Image-2023-03-03-at-08.29.59.jpeg?fit=1600%2C1200&ssl=1\",\"datePublished\":\"2023-03-03T11:37:19+00:00\",\"dateModified\":\"2023-03-03T13:22:39+00:00\",\"author\":{\"@id\":\"https:\\\/\\\/pilt.com.ar\\\/parque-industrial\\\/#\\\/schema\\\/person\\\/2dfb9e2464de1c3deef20c25c30a8306\"},\"inLanguage\":\"es\",\"potentialAction\":[{\"@type\":\"ReadAction\",\"target\":[\"https:\\\/\\\/pilt.com.ar\\\/parque-industrial\\\/funcionarios-del-gobierno-nacional-visitaron-el-pilt\\\/\"]}]},{\"@type\":\"ImageObject\",\"inLanguage\":\"es\",\"@id\":\"https:\\\/\\\/pilt.com.ar\\\/parque-industrial\\\/funcionarios-del-gobierno-nacional-visitaron-el-pilt\\\/#primaryimage\",\"url\":\"https:\\\/\\\/i0.wp.com\\\/pilt.com.ar\\\/parque-industrial\\\/wp-content\\\/uploads\\\/2023\\\/03\\\/WhatsApp-Image-2023-03-03-at-08.29.59.jpeg?fit=1600%2C1200&ssl=1\",\"contentUrl\":\"https:\\\/\\\/i0.wp.com\\\/pilt.com.ar\\\/parque-industrial\\\/wp-content\\\/uploads\\\/2023\\\/03\\\/WhatsApp-Image-2023-03-03-at-08.29.59.jpeg?fit=1600%2C1200&ssl=1\",\"width\":1600,\"height\":1200},{\"@type\":\"WebSite\",\"@id\":\"https:\\\/\\\/pilt.com.ar\\\/parque-industrial\\\/#website\",\"url\":\"https:\\\/\\\/pilt.com.ar\\\/parque-industrial\\\/\",\"name\":\"PILT.com.ar\",\"description\":\"Parque Industrial, Log\u00edstico y Tecnol\u00f3gico Villa Mar\u00eda\",\"potentialAction\":[{\"@type\":\"SearchAction\",\"target\":{\"@type\":\"EntryPoint\",\"urlTemplate\":\"https:\\\/\\\/pilt.com.ar\\\/parque-industrial\\\/?s={search_term_string}\"},\"query-input\":{\"@type\":\"PropertyValueSpecification\",\"valueRequired\":true,\"valueName\":\"search_term_string\"}}],\"inLanguage\":\"es\"},{\"@type\":\"Person\",\"@id\":\"https:\\\/\\\/pilt.com.ar\\\/parque-industrial\\\/#\\\/schema\\\/person\\\/2dfb9e2464de1c3deef20c25c30a8306\",\"name\":\"PILT\",\"image\":{\"@type\":\"ImageObject\",\"inLanguage\":\"es\",\"@id\":\"https:\\\/\\\/secure.gravatar.com\\\/avatar\\\/5e3734c8d8c8e0b0d45f923c14a14d7b90521d573d02f0d91360a777095ee42b?s=96&d=mm&r=g\",\"url\":\"https:\\\/\\\/secure.gravatar.com\\\/avatar\\\/5e3734c8d8c8e0b0d45f923c14a14d7b90521d573d02f0d91360a777095ee42b?s=96&d=mm&r=g\",\"contentUrl\":\"https:\\\/\\\/secure.gravatar.com\\\/avatar\\\/5e3734c8d8c8e0b0d45f923c14a14d7b90521d573d02f0d91360a777095ee42b?s=96&d=mm&r=g\",\"caption\":\"PILT\"},\"url\":\"https:\\\/\\\/pilt.com.ar\\\/parque-industrial\\\/author\\\/pilt\\\/\"}]}<\/script>\n<!-- \/ Yoast SEO plugin. -->","yoast_head_json":{"title":"FUNCIONARIOS DEL GOBIERNO NACIONAL VISITARON EL PILT - PILT.com.ar","robots":{"index":"index","follow":"follow","max-snippet":"max-snippet:-1","max-image-preview":"max-image-preview:large","max-video-preview":"max-video-preview:-1"},"canonical":"https:\/\/pilt.com.ar\/parque-industrial\/funcionarios-del-gobierno-nacional-visitaron-el-pilt\/","og_locale":"es_ES","og_type":"article","og_title":"FUNCIONARIOS DEL GOBIERNO NACIONAL VISITARON EL PILT - PILT.com.ar","og_description":"La comitiva estuvo encabezada por el subsecretario de la Peque\u00f1a y Mediana Empresa, Tom\u00e1s Canosa. Concurri\u00f3 adem\u00e1s el intendente municipal Mart\u00edn Gill. Representantes del Gobierno Nacional, junto al intendente municipal Mart\u00edn Gill, visitaron el Parque Industrial, Log\u00edstico y Tecnol\u00f3gico Villa Mar\u00eda (PILT). Estuvieron presentes el subsecretario de la Peque\u00f1a y Mediana Empresa, Tom\u00e1s Canosa; el [&hellip;]","og_url":"https:\/\/pilt.com.ar\/parque-industrial\/funcionarios-del-gobierno-nacional-visitaron-el-pilt\/","og_site_name":"PILT.com.ar","article_published_time":"2023-03-03T11:37:19+00:00","article_modified_time":"2023-03-03T13:22:39+00:00","og_image":[{"width":1600,"height":1200,"url":"https:\/\/i0.wp.com\/pilt.com.ar\/parque-industrial\/wp-content\/uploads\/2023\/03\/WhatsApp-Image-2023-03-03-at-08.29.59.jpeg?fit=1600%2C1200&ssl=1","type":"image\/jpeg"}],"author":"PILT","twitter_card":"summary_large_image","twitter_misc":{"Escrito por":"PILT","Tiempo de lectura":"2 minutos"},"schema":{"@context":"https:\/\/schema.org","@graph":[{"@type":"Article","@id":"https:\/\/pilt.com.ar\/parque-industrial\/funcionarios-del-gobierno-nacional-visitaron-el-pilt\/#article","isPartOf":{"@id":"https:\/\/pilt.com.ar\/parque-industrial\/funcionarios-del-gobierno-nacional-visitaron-el-pilt\/"},"author":{"name":"PILT","@id":"https:\/\/pilt.com.ar\/parque-industrial\/#\/schema\/person\/2dfb9e2464de1c3deef20c25c30a8306"},"headline":"FUNCIONARIOS DEL GOBIERNO NACIONAL VISITARON EL PILT","datePublished":"2023-03-03T11:37:19+00:00","dateModified":"2023-03-03T13:22:39+00:00","mainEntityOfPage":{"@id":"https:\/\/pilt.com.ar\/parque-industrial\/funcionarios-del-gobierno-nacional-visitaron-el-pilt\/"},"wordCount":331,"commentCount":0,"image":{"@id":"https:\/\/pilt.com.ar\/parque-industrial\/funcionarios-del-gobierno-nacional-visitaron-el-pilt\/#primaryimage"},"thumbnailUrl":"https:\/\/i0.wp.com\/pilt.com.ar\/parque-industrial\/wp-content\/uploads\/2023\/03\/WhatsApp-Image-2023-03-03-at-08.29.59.jpeg?fit=1600%2C1200&ssl=1","articleSection":["Noticias"],"inLanguage":"es","potentialAction":[{"@type":"CommentAction","name":"Comment","target":["https:\/\/pilt.com.ar\/parque-industrial\/funcionarios-del-gobierno-nacional-visitaron-el-pilt\/#respond"]}]},{"@type":"WebPage","@id":"https:\/\/pilt.com.ar\/parque-industrial\/funcionarios-del-gobierno-nacional-visitaron-el-pilt\/","url":"https:\/\/pilt.com.ar\/parque-industrial\/funcionarios-del-gobierno-nacional-visitaron-el-pilt\/","name":"FUNCIONARIOS DEL GOBIERNO NACIONAL VISITARON EL PILT - PILT.com.ar","isPartOf":{"@id":"https:\/\/pilt.com.ar\/parque-industrial\/#website"},"primaryImageOfPage":{"@id":"https:\/\/pilt.com.ar\/parque-industrial\/funcionarios-del-gobierno-nacional-visitaron-el-pilt\/#primaryimage"},"image":{"@id":"https:\/\/pilt.com.ar\/parque-industrial\/funcionarios-del-gobierno-nacional-visitaron-el-pilt\/#primaryimage"},"thumbnailUrl":"https:\/\/i0.wp.com\/pilt.com.ar\/parque-industrial\/wp-content\/uploads\/2023\/03\/WhatsApp-Image-2023-03-03-at-08.29.59.jpeg?fit=1600%2C1200&ssl=1","datePublished":"2023-03-03T11:37:19+00:00","dateModified":"2023-03-03T13:22:39+00:00","author":{"@id":"https:\/\/pilt.com.ar\/parque-industrial\/#\/schema\/person\/2dfb9e2464de1c3deef20c25c30a8306"},"inLanguage":"es","potentialAction":[{"@type":"ReadAction","target":["https:\/\/pilt.com.ar\/parque-industrial\/funcionarios-del-gobierno-nacional-visitaron-el-pilt\/"]}]},{"@type":"ImageObject","inLanguage":"es","@id":"https:\/\/pilt.com.ar\/parque-industrial\/funcionarios-del-gobierno-nacional-visitaron-el-pilt\/#primaryimage","url":"https:\/\/i0.wp.com\/pilt.com.ar\/parque-industrial\/wp-content\/uploads\/2023\/03\/WhatsApp-Image-2023-03-03-at-08.29.59.jpeg?fit=1600%2C1200&ssl=1","contentUrl":"https:\/\/i0.wp.com\/pilt.com.ar\/parque-industrial\/wp-content\/uploads\/2023\/03\/WhatsApp-Image-2023-03-03-at-08.29.59.jpeg?fit=1600%2C1200&ssl=1","width":1600,"height":1200},{"@type":"WebSite","@id":"https:\/\/pilt.com.ar\/parque-industrial\/#website","url":"https:\/\/pilt.com.ar\/parque-industrial\/","name":"PILT.com.ar","description":"Parque Industrial, Log\u00edstico y Tecnol\u00f3gico Villa Mar\u00eda","potentialAction":[{"@type":"SearchAction","target":{"@type":"EntryPoint","urlTemplate":"https:\/\/pilt.com.ar\/parque-industrial\/?s={search_term_string}"},"query-input":{"@type":"PropertyValueSpecification","valueRequired":true,"valueName":"search_term_string"}}],"inLanguage":"es"},{"@type":"Person","@id":"https:\/\/pilt.com.ar\/parque-industrial\/#\/schema\/person\/2dfb9e2464de1c3deef20c25c30a8306","name":"PILT","image":{"@type":"ImageObject","inLanguage":"es","@id":"https:\/\/secure.gravatar.com\/avatar\/5e3734c8d8c8e0b0d45f923c14a14d7b90521d573d02f0d91360a777095ee42b?s=96&d=mm&r=g","url":"https:\/\/secure.gravatar.com\/avatar\/5e3734c8d8c8e0b0d45f923c14a14d7b90521d573d02f0d91360a777095ee42b?s=96&d=mm&r=g","contentUrl":"https:\/\/secure.gravatar.com\/avatar\/5e3734c8d8c8e0b0d45f923c14a14d7b90521d573d02f0d91360a777095ee42b?s=96&d=mm&r=g","caption":"PILT"},"url":"https:\/\/pilt.com.ar\/parque-industrial\/author\/pilt\/"}]}},"jetpack_featured_media_url":"https:\/\/i0.wp.com\/pilt.com.ar\/parque-industrial\/wp-content\/uploads\/2023\/03\/WhatsApp-Image-2023-03-03-at-08.29.59.jpeg?fit=1600%2C1200&ssl=1","jetpack_sharing_enabled":true,"_links":{"self":[{"href":"https:\/\/pilt.com.ar\/parque-industrial\/wp-json\/wp\/v2\/posts\/2749","targetHints":{"allow":["GET"]}}],"collection":[{"href":"https:\/\/pilt.com.ar\/parque-industrial\/wp-json\/wp\/v2\/posts"}],"about":[{"href":"https:\/\/pilt.com.ar\/parque-industrial\/wp-json\/wp\/v2\/types\/post"}],"author":[{"embeddable":true,"href":"https:\/\/pilt.com.ar\/parque-industrial\/wp-json\/wp\/v2\/users\/3"}],"replies":[{"embeddable":true,"href":"https:\/\/pilt.com.ar\/parque-industrial\/wp-json\/wp\/v2\/comments?post=2749"}],"version-history":[{"count":4,"href":"https:\/\/pilt.com.ar\/parque-industrial\/wp-json\/wp\/v2\/posts\/2749\/revisions"}],"predecessor-version":[{"id":2755,"href":"https:\/\/pilt.com.ar\/parque-industrial\/wp-json\/wp\/v2\/posts\/2749\/revisions\/2755"}],"wp:featuredmedia":[{"embeddable":true,"href":"https:\/\/pilt.com.ar\/parque-industrial\/wp-json\/wp\/v2\/media\/2750"}],"wp:attachment":[{"href":"https:\/\/pilt.com.ar\/parque-industrial\/wp-json\/wp\/v2\/media?parent=2749"}],"wp:term":[{"taxonomy":"category","embeddable":true,"href":"https:\/\/pilt.com.ar\/parque-industrial\/wp-json\/wp\/v2\/categories?post=2749"},{"taxonomy":"post_tag","embeddable":true,"href":"https:\/\/pilt.com.ar\/parque-industrial\/wp-json\/wp\/v2\/tags?post=2749"}],"curies":[{"name":"wp","href":"https:\/\/api.w.org\/{rel}","templated":true}]}}