{"id":2735,"date":"2023-02-24T08:42:16","date_gmt":"2023-02-24T11:42:16","guid":{"rendered":"https:\/\/pilt.com.ar\/parque-industrial\/?p=2735"},"modified":"2023-02-24T08:43:20","modified_gmt":"2023-02-24T11:43:20","slug":"charla-informativa-sobre-cordoba-4-0-en-el-parque-industrial","status":"publish","type":"post","link":"https:\/\/pilt.com.ar\/parque-industrial\/charla-informativa-sobre-cordoba-4-0-en-el-parque-industrial\/","title":{"rendered":"<strong>CHARLA INFORMATIVA SOBRE C\u00d3RDOBA 4.0 EN EL PARQUE INDUSTRIAL<\/strong>"},"content":{"rendered":"\n<p class=\"has-text-align-center\"><em>Miembros del Ministerio de Ciencia y Tecnolog\u00eda de la Provincia realizar\u00e1n un encuentro para explicitar el programa que promueve la adaptaci\u00f3n tecnol\u00f3gica de las empresas.<\/em><\/p>\n\n\n\n<p class=\"has-text-align-justify\">El pr\u00f3ximo jueves 2 de marzo a partir de las 10:00 hs., en la Sala de Capacitaci\u00f3n del Parque Industrial, Log\u00edstico y Tecnol\u00f3gico Villa Mar\u00eda (PILT), se llevar\u00e1 a cabo una charla informativa sobre el programa denominado C\u00f3rdoba 4.0, que impulsa el Ministerio de Ciencia y Tecnolog\u00eda de la Provincia.<\/p>\n\n\n\n<p>Cabe destacar que el citado programa tiene como objetivo que las empresas accedan al dise\u00f1o de un Proyecto de Adopci\u00f3n Tecnol\u00f3gica (PAT), estudio que permite generar conocimiento sobre los procesos productivos de la organizaci\u00f3n a partir de un relevamiento en campo.<\/p>\n\n\n\n<p class=\"has-text-align-justify\">La intenci\u00f3n es que a partir de ese trabajo la empresa pueda identificar y focalizar un problema u oportunidad para abordar desde un proyecto cuya soluci\u00f3n implique incorporaci\u00f3n y explotaci\u00f3n tecnol\u00f3gica, adem\u00e1s de recomendaciones para continuar en el camino de la mejora continua.<\/p>\n\n\n\n<p class=\"has-text-align-justify\">La asistencia se brindar\u00e1 a trav\u00e9s de un Experto 4.0 universitario, quien tendr\u00e1 a cargo la elaboraci\u00f3n del proyecto de adopci\u00f3n tecnol\u00f3gica.<\/p>\n\n\n\n<p class=\"has-text-align-justify\">La postulaci\u00f3n para participar del programa, como as\u00ed tambi\u00e9n los pasos a seguir para la convocatoria 2023, ser\u00e1n explicitados por representantes del citado ministerio a todos los interesados que concurran al PILT.<\/p>\n\n\n\n<p class=\"has-text-align-justify\">Por otra parte, la Administraci\u00f3n del Ente informa que renov\u00f3 el convenio con el Centro de Entrenamiento Ontol\u00f3gico Profesional (CEOP), que contempla beneficios para personas y organizaciones que forman parte del PILT. En ese sentido, vale mencionar que la instituci\u00f3n educativa ofrece diferentes programas de capacitaci\u00f3n en la tem\u00e1tica, las que pueden consultarse en la p\u00e1gina web ceopra.com.ar.<\/p>\n","protected":false},"excerpt":{"rendered":"<p>Miembros del Ministerio de Ciencia y Tecnolog\u00eda de la Provincia realizar\u00e1n un encuentro para explicitar el programa que promueve la adaptaci\u00f3n tecnol\u00f3gica de las empresas. El pr\u00f3ximo jueves 2 de marzo a partir de las 10:00 hs., en la Sala de Capacitaci\u00f3n del Parque Industrial, Log\u00edstico y Tecnol\u00f3gico Villa Mar\u00eda (PILT), se llevar\u00e1 a cabo [&hellip;]<\/p>\n","protected":false},"author":3,"featured_media":2736,"comment_status":"open","ping_status":"open","sticky":false,"template":"","format":"standard","meta":{"_jetpack_memberships_contains_paid_content":false,"footnotes":""},"categories":[2],"tags":[],"class_list":["post-2735","post","type-post","status-publish","format-standard","has-post-thumbnail","hentry","category-noticias"],"yoast_head":"<!-- This site is optimized with the Yoast SEO plugin v27.5 - https:\/\/yoast.com\/product\/yoast-seo-wordpress\/ -->\n<title>CHARLA INFORMATIVA SOBRE C\u00d3RDOBA 4.0 EN EL PARQUE INDUSTRIAL - PILT.com.ar<\/title>\n<meta name=\"robots\" content=\"index, follow, max-snippet:-1, max-image-preview:large, max-video-preview:-1\" \/>\n<link rel=\"canonical\" href=\"https:\/\/pilt.com.ar\/parque-industrial\/charla-informativa-sobre-cordoba-4-0-en-el-parque-industrial\/\" \/>\n<meta property=\"og:locale\" content=\"es_ES\" \/>\n<meta property=\"og:type\" content=\"article\" \/>\n<meta property=\"og:title\" content=\"CHARLA INFORMATIVA SOBRE C\u00d3RDOBA 4.0 EN EL PARQUE INDUSTRIAL - PILT.com.ar\" \/>\n<meta property=\"og:description\" content=\"Miembros del Ministerio de Ciencia y Tecnolog\u00eda de la Provincia realizar\u00e1n un encuentro para explicitar el programa que promueve la adaptaci\u00f3n tecnol\u00f3gica de las empresas. El pr\u00f3ximo jueves 2 de marzo a partir de las 10:00 hs., en la Sala de Capacitaci\u00f3n del Parque Industrial, Log\u00edstico y Tecnol\u00f3gico Villa Mar\u00eda (PILT), se llevar\u00e1 a cabo [&hellip;]\" \/>\n<meta property=\"og:url\" content=\"https:\/\/pilt.com.ar\/parque-industrial\/charla-informativa-sobre-cordoba-4-0-en-el-parque-industrial\/\" \/>\n<meta property=\"og:site_name\" content=\"PILT.com.ar\" \/>\n<meta property=\"article:published_time\" content=\"2023-02-24T11:42:16+00:00\" \/>\n<meta property=\"article:modified_time\" content=\"2023-02-24T11:43:20+00:00\" \/>\n<meta property=\"og:image\" content=\"https:\/\/i0.wp.com\/pilt.com.ar\/parque-industrial\/wp-content\/uploads\/2023\/02\/WhatsApp-Image-2023-02-23-at-11.28.28.jpeg?fit=479%2C381&ssl=1\" \/>\n\t<meta property=\"og:image:width\" content=\"479\" \/>\n\t<meta property=\"og:image:height\" content=\"381\" \/>\n\t<meta property=\"og:image:type\" content=\"image\/jpeg\" \/>\n<meta name=\"author\" content=\"PILT\" \/>\n<meta name=\"twitter:card\" content=\"summary_large_image\" \/>\n<meta name=\"twitter:label1\" content=\"Escrito por\" \/>\n\t<meta name=\"twitter:data1\" content=\"PILT\" \/>\n\t<meta name=\"twitter:label2\" content=\"Tiempo de lectura\" \/>\n\t<meta name=\"twitter:data2\" content=\"2 minutos\" \/>\n<script type=\"application\/ld+json\" class=\"yoast-schema-graph\">{\"@context\":\"https:\\\/\\\/schema.org\",\"@graph\":[{\"@type\":\"Article\",\"@id\":\"https:\\\/\\\/pilt.com.ar\\\/parque-industrial\\\/charla-informativa-sobre-cordoba-4-0-en-el-parque-industrial\\\/#article\",\"isPartOf\":{\"@id\":\"https:\\\/\\\/pilt.com.ar\\\/parque-industrial\\\/charla-informativa-sobre-cordoba-4-0-en-el-parque-industrial\\\/\"},\"author\":{\"name\":\"PILT\",\"@id\":\"https:\\\/\\\/pilt.com.ar\\\/parque-industrial\\\/#\\\/schema\\\/person\\\/2dfb9e2464de1c3deef20c25c30a8306\"},\"headline\":\"CHARLA INFORMATIVA SOBRE C\u00d3RDOBA 4.0 EN EL PARQUE INDUSTRIAL\",\"datePublished\":\"2023-02-24T11:42:16+00:00\",\"dateModified\":\"2023-02-24T11:43:20+00:00\",\"mainEntityOfPage\":{\"@id\":\"https:\\\/\\\/pilt.com.ar\\\/parque-industrial\\\/charla-informativa-sobre-cordoba-4-0-en-el-parque-industrial\\\/\"},\"wordCount\":311,\"commentCount\":0,\"image\":{\"@id\":\"https:\\\/\\\/pilt.com.ar\\\/parque-industrial\\\/charla-informativa-sobre-cordoba-4-0-en-el-parque-industrial\\\/#primaryimage\"},\"thumbnailUrl\":\"https:\\\/\\\/i0.wp.com\\\/pilt.com.ar\\\/parque-industrial\\\/wp-content\\\/uploads\\\/2023\\\/02\\\/WhatsApp-Image-2023-02-23-at-11.28.28.jpeg?fit=479%2C381&ssl=1\",\"articleSection\":[\"Noticias\"],\"inLanguage\":\"es\",\"potentialAction\":[{\"@type\":\"CommentAction\",\"name\":\"Comment\",\"target\":[\"https:\\\/\\\/pilt.com.ar\\\/parque-industrial\\\/charla-informativa-sobre-cordoba-4-0-en-el-parque-industrial\\\/#respond\"]}]},{\"@type\":\"WebPage\",\"@id\":\"https:\\\/\\\/pilt.com.ar\\\/parque-industrial\\\/charla-informativa-sobre-cordoba-4-0-en-el-parque-industrial\\\/\",\"url\":\"https:\\\/\\\/pilt.com.ar\\\/parque-industrial\\\/charla-informativa-sobre-cordoba-4-0-en-el-parque-industrial\\\/\",\"name\":\"CHARLA INFORMATIVA SOBRE C\u00d3RDOBA 4.0 EN EL PARQUE INDUSTRIAL - PILT.com.ar\",\"isPartOf\":{\"@id\":\"https:\\\/\\\/pilt.com.ar\\\/parque-industrial\\\/#website\"},\"primaryImageOfPage\":{\"@id\":\"https:\\\/\\\/pilt.com.ar\\\/parque-industrial\\\/charla-informativa-sobre-cordoba-4-0-en-el-parque-industrial\\\/#primaryimage\"},\"image\":{\"@id\":\"https:\\\/\\\/pilt.com.ar\\\/parque-industrial\\\/charla-informativa-sobre-cordoba-4-0-en-el-parque-industrial\\\/#primaryimage\"},\"thumbnailUrl\":\"https:\\\/\\\/i0.wp.com\\\/pilt.com.ar\\\/parque-industrial\\\/wp-content\\\/uploads\\\/2023\\\/02\\\/WhatsApp-Image-2023-02-23-at-11.28.28.jpeg?fit=479%2C381&ssl=1\",\"datePublished\":\"2023-02-24T11:42:16+00:00\",\"dateModified\":\"2023-02-24T11:43:20+00:00\",\"author\":{\"@id\":\"https:\\\/\\\/pilt.com.ar\\\/parque-industrial\\\/#\\\/schema\\\/person\\\/2dfb9e2464de1c3deef20c25c30a8306\"},\"inLanguage\":\"es\",\"potentialAction\":[{\"@type\":\"ReadAction\",\"target\":[\"https:\\\/\\\/pilt.com.ar\\\/parque-industrial\\\/charla-informativa-sobre-cordoba-4-0-en-el-parque-industrial\\\/\"]}]},{\"@type\":\"ImageObject\",\"inLanguage\":\"es\",\"@id\":\"https:\\\/\\\/pilt.com.ar\\\/parque-industrial\\\/charla-informativa-sobre-cordoba-4-0-en-el-parque-industrial\\\/#primaryimage\",\"url\":\"https:\\\/\\\/i0.wp.com\\\/pilt.com.ar\\\/parque-industrial\\\/wp-content\\\/uploads\\\/2023\\\/02\\\/WhatsApp-Image-2023-02-23-at-11.28.28.jpeg?fit=479%2C381&ssl=1\",\"contentUrl\":\"https:\\\/\\\/i0.wp.com\\\/pilt.com.ar\\\/parque-industrial\\\/wp-content\\\/uploads\\\/2023\\\/02\\\/WhatsApp-Image-2023-02-23-at-11.28.28.jpeg?fit=479%2C381&ssl=1\",\"width\":479,\"height\":381},{\"@type\":\"WebSite\",\"@id\":\"https:\\\/\\\/pilt.com.ar\\\/parque-industrial\\\/#website\",\"url\":\"https:\\\/\\\/pilt.com.ar\\\/parque-industrial\\\/\",\"name\":\"PILT.com.ar\",\"description\":\"Parque Industrial, Log\u00edstico y Tecnol\u00f3gico Villa Mar\u00eda\",\"potentialAction\":[{\"@type\":\"SearchAction\",\"target\":{\"@type\":\"EntryPoint\",\"urlTemplate\":\"https:\\\/\\\/pilt.com.ar\\\/parque-industrial\\\/?s={search_term_string}\"},\"query-input\":{\"@type\":\"PropertyValueSpecification\",\"valueRequired\":true,\"valueName\":\"search_term_string\"}}],\"inLanguage\":\"es\"},{\"@type\":\"Person\",\"@id\":\"https:\\\/\\\/pilt.com.ar\\\/parque-industrial\\\/#\\\/schema\\\/person\\\/2dfb9e2464de1c3deef20c25c30a8306\",\"name\":\"PILT\",\"image\":{\"@type\":\"ImageObject\",\"inLanguage\":\"es\",\"@id\":\"https:\\\/\\\/secure.gravatar.com\\\/avatar\\\/5e3734c8d8c8e0b0d45f923c14a14d7b90521d573d02f0d91360a777095ee42b?s=96&d=mm&r=g\",\"url\":\"https:\\\/\\\/secure.gravatar.com\\\/avatar\\\/5e3734c8d8c8e0b0d45f923c14a14d7b90521d573d02f0d91360a777095ee42b?s=96&d=mm&r=g\",\"contentUrl\":\"https:\\\/\\\/secure.gravatar.com\\\/avatar\\\/5e3734c8d8c8e0b0d45f923c14a14d7b90521d573d02f0d91360a777095ee42b?s=96&d=mm&r=g\",\"caption\":\"PILT\"},\"url\":\"https:\\\/\\\/pilt.com.ar\\\/parque-industrial\\\/author\\\/pilt\\\/\"}]}<\/script>\n<!-- \/ Yoast SEO plugin. -->","yoast_head_json":{"title":"CHARLA INFORMATIVA SOBRE C\u00d3RDOBA 4.0 EN EL PARQUE INDUSTRIAL - PILT.com.ar","robots":{"index":"index","follow":"follow","max-snippet":"max-snippet:-1","max-image-preview":"max-image-preview:large","max-video-preview":"max-video-preview:-1"},"canonical":"https:\/\/pilt.com.ar\/parque-industrial\/charla-informativa-sobre-cordoba-4-0-en-el-parque-industrial\/","og_locale":"es_ES","og_type":"article","og_title":"CHARLA INFORMATIVA SOBRE C\u00d3RDOBA 4.0 EN EL PARQUE INDUSTRIAL - PILT.com.ar","og_description":"Miembros del Ministerio de Ciencia y Tecnolog\u00eda de la Provincia realizar\u00e1n un encuentro para explicitar el programa que promueve la adaptaci\u00f3n tecnol\u00f3gica de las empresas. El pr\u00f3ximo jueves 2 de marzo a partir de las 10:00 hs., en la Sala de Capacitaci\u00f3n del Parque Industrial, Log\u00edstico y Tecnol\u00f3gico Villa Mar\u00eda (PILT), se llevar\u00e1 a cabo [&hellip;]","og_url":"https:\/\/pilt.com.ar\/parque-industrial\/charla-informativa-sobre-cordoba-4-0-en-el-parque-industrial\/","og_site_name":"PILT.com.ar","article_published_time":"2023-02-24T11:42:16+00:00","article_modified_time":"2023-02-24T11:43:20+00:00","og_image":[{"width":479,"height":381,"url":"https:\/\/i0.wp.com\/pilt.com.ar\/parque-industrial\/wp-content\/uploads\/2023\/02\/WhatsApp-Image-2023-02-23-at-11.28.28.jpeg?fit=479%2C381&ssl=1","type":"image\/jpeg"}],"author":"PILT","twitter_card":"summary_large_image","twitter_misc":{"Escrito por":"PILT","Tiempo de lectura":"2 minutos"},"schema":{"@context":"https:\/\/schema.org","@graph":[{"@type":"Article","@id":"https:\/\/pilt.com.ar\/parque-industrial\/charla-informativa-sobre-cordoba-4-0-en-el-parque-industrial\/#article","isPartOf":{"@id":"https:\/\/pilt.com.ar\/parque-industrial\/charla-informativa-sobre-cordoba-4-0-en-el-parque-industrial\/"},"author":{"name":"PILT","@id":"https:\/\/pilt.com.ar\/parque-industrial\/#\/schema\/person\/2dfb9e2464de1c3deef20c25c30a8306"},"headline":"CHARLA INFORMATIVA SOBRE C\u00d3RDOBA 4.0 EN EL PARQUE INDUSTRIAL","datePublished":"2023-02-24T11:42:16+00:00","dateModified":"2023-02-24T11:43:20+00:00","mainEntityOfPage":{"@id":"https:\/\/pilt.com.ar\/parque-industrial\/charla-informativa-sobre-cordoba-4-0-en-el-parque-industrial\/"},"wordCount":311,"commentCount":0,"image":{"@id":"https:\/\/pilt.com.ar\/parque-industrial\/charla-informativa-sobre-cordoba-4-0-en-el-parque-industrial\/#primaryimage"},"thumbnailUrl":"https:\/\/i0.wp.com\/pilt.com.ar\/parque-industrial\/wp-content\/uploads\/2023\/02\/WhatsApp-Image-2023-02-23-at-11.28.28.jpeg?fit=479%2C381&ssl=1","articleSection":["Noticias"],"inLanguage":"es","potentialAction":[{"@type":"CommentAction","name":"Comment","target":["https:\/\/pilt.com.ar\/parque-industrial\/charla-informativa-sobre-cordoba-4-0-en-el-parque-industrial\/#respond"]}]},{"@type":"WebPage","@id":"https:\/\/pilt.com.ar\/parque-industrial\/charla-informativa-sobre-cordoba-4-0-en-el-parque-industrial\/","url":"https:\/\/pilt.com.ar\/parque-industrial\/charla-informativa-sobre-cordoba-4-0-en-el-parque-industrial\/","name":"CHARLA INFORMATIVA SOBRE C\u00d3RDOBA 4.0 EN EL PARQUE INDUSTRIAL - PILT.com.ar","isPartOf":{"@id":"https:\/\/pilt.com.ar\/parque-industrial\/#website"},"primaryImageOfPage":{"@id":"https:\/\/pilt.com.ar\/parque-industrial\/charla-informativa-sobre-cordoba-4-0-en-el-parque-industrial\/#primaryimage"},"image":{"@id":"https:\/\/pilt.com.ar\/parque-industrial\/charla-informativa-sobre-cordoba-4-0-en-el-parque-industrial\/#primaryimage"},"thumbnailUrl":"https:\/\/i0.wp.com\/pilt.com.ar\/parque-industrial\/wp-content\/uploads\/2023\/02\/WhatsApp-Image-2023-02-23-at-11.28.28.jpeg?fit=479%2C381&ssl=1","datePublished":"2023-02-24T11:42:16+00:00","dateModified":"2023-02-24T11:43:20+00:00","author":{"@id":"https:\/\/pilt.com.ar\/parque-industrial\/#\/schema\/person\/2dfb9e2464de1c3deef20c25c30a8306"},"inLanguage":"es","potentialAction":[{"@type":"ReadAction","target":["https:\/\/pilt.com.ar\/parque-industrial\/charla-informativa-sobre-cordoba-4-0-en-el-parque-industrial\/"]}]},{"@type":"ImageObject","inLanguage":"es","@id":"https:\/\/pilt.com.ar\/parque-industrial\/charla-informativa-sobre-cordoba-4-0-en-el-parque-industrial\/#primaryimage","url":"https:\/\/i0.wp.com\/pilt.com.ar\/parque-industrial\/wp-content\/uploads\/2023\/02\/WhatsApp-Image-2023-02-23-at-11.28.28.jpeg?fit=479%2C381&ssl=1","contentUrl":"https:\/\/i0.wp.com\/pilt.com.ar\/parque-industrial\/wp-content\/uploads\/2023\/02\/WhatsApp-Image-2023-02-23-at-11.28.28.jpeg?fit=479%2C381&ssl=1","width":479,"height":381},{"@type":"WebSite","@id":"https:\/\/pilt.com.ar\/parque-industrial\/#website","url":"https:\/\/pilt.com.ar\/parque-industrial\/","name":"PILT.com.ar","description":"Parque Industrial, Log\u00edstico y Tecnol\u00f3gico Villa Mar\u00eda","potentialAction":[{"@type":"SearchAction","target":{"@type":"EntryPoint","urlTemplate":"https:\/\/pilt.com.ar\/parque-industrial\/?s={search_term_string}"},"query-input":{"@type":"PropertyValueSpecification","valueRequired":true,"valueName":"search_term_string"}}],"inLanguage":"es"},{"@type":"Person","@id":"https:\/\/pilt.com.ar\/parque-industrial\/#\/schema\/person\/2dfb9e2464de1c3deef20c25c30a8306","name":"PILT","image":{"@type":"ImageObject","inLanguage":"es","@id":"https:\/\/secure.gravatar.com\/avatar\/5e3734c8d8c8e0b0d45f923c14a14d7b90521d573d02f0d91360a777095ee42b?s=96&d=mm&r=g","url":"https:\/\/secure.gravatar.com\/avatar\/5e3734c8d8c8e0b0d45f923c14a14d7b90521d573d02f0d91360a777095ee42b?s=96&d=mm&r=g","contentUrl":"https:\/\/secure.gravatar.com\/avatar\/5e3734c8d8c8e0b0d45f923c14a14d7b90521d573d02f0d91360a777095ee42b?s=96&d=mm&r=g","caption":"PILT"},"url":"https:\/\/pilt.com.ar\/parque-industrial\/author\/pilt\/"}]}},"jetpack_featured_media_url":"https:\/\/i0.wp.com\/pilt.com.ar\/parque-industrial\/wp-content\/uploads\/2023\/02\/WhatsApp-Image-2023-02-23-at-11.28.28.jpeg?fit=479%2C381&ssl=1","jetpack_sharing_enabled":true,"_links":{"self":[{"href":"https:\/\/pilt.com.ar\/parque-industrial\/wp-json\/wp\/v2\/posts\/2735","targetHints":{"allow":["GET"]}}],"collection":[{"href":"https:\/\/pilt.com.ar\/parque-industrial\/wp-json\/wp\/v2\/posts"}],"about":[{"href":"https:\/\/pilt.com.ar\/parque-industrial\/wp-json\/wp\/v2\/types\/post"}],"author":[{"embeddable":true,"href":"https:\/\/pilt.com.ar\/parque-industrial\/wp-json\/wp\/v2\/users\/3"}],"replies":[{"embeddable":true,"href":"https:\/\/pilt.com.ar\/parque-industrial\/wp-json\/wp\/v2\/comments?post=2735"}],"version-history":[{"count":2,"href":"https:\/\/pilt.com.ar\/parque-industrial\/wp-json\/wp\/v2\/posts\/2735\/revisions"}],"predecessor-version":[{"id":2739,"href":"https:\/\/pilt.com.ar\/parque-industrial\/wp-json\/wp\/v2\/posts\/2735\/revisions\/2739"}],"wp:featuredmedia":[{"embeddable":true,"href":"https:\/\/pilt.com.ar\/parque-industrial\/wp-json\/wp\/v2\/media\/2736"}],"wp:attachment":[{"href":"https:\/\/pilt.com.ar\/parque-industrial\/wp-json\/wp\/v2\/media?parent=2735"}],"wp:term":[{"taxonomy":"category","embeddable":true,"href":"https:\/\/pilt.com.ar\/parque-industrial\/wp-json\/wp\/v2\/categories?post=2735"},{"taxonomy":"post_tag","embeddable":true,"href":"https:\/\/pilt.com.ar\/parque-industrial\/wp-json\/wp\/v2\/tags?post=2735"}],"curies":[{"name":"wp","href":"https:\/\/api.w.org\/{rel}","templated":true}]}}