{"id":2699,"date":"2023-01-27T09:21:32","date_gmt":"2023-01-27T12:21:32","guid":{"rendered":"https:\/\/pilt.com.ar\/parque-industrial\/?p=2699"},"modified":"2023-01-27T09:21:33","modified_gmt":"2023-01-27T12:21:33","slug":"avanza-la-obra-de-ampliacion-en-el-parque-industrial","status":"publish","type":"post","link":"https:\/\/pilt.com.ar\/parque-industrial\/avanza-la-obra-de-ampliacion-en-el-parque-industrial\/","title":{"rendered":"AVANZA LA OBRA DE AMPLIACI\u00d3N EN EL PARQUE INDUSTRIAL"},"content":{"rendered":"\n<p class=\"has-text-align-center\"><\/p>\n\n\n\n<p><em><strong>Se est\u00e1n ejecutando trabajos para ampliar la Aduana y refuncionalizar la Administraci\u00f3n del Ente.<\/strong><\/em><\/p>\n\n\n\n<p class=\"has-text-align-justify\">En la Administraci\u00f3n del Parque Industrial, Log\u00edstico y Tecnol\u00f3gico Villa Mar\u00eda (PILT) se est\u00e1 concretando una importante obra de ampliaci\u00f3n, que posibilitar\u00e1 la refuncionalizaci\u00f3n de diferentes \u00e1reas.<\/p>\n\n\n\n<p class=\"has-text-align-justify\">El sector que ocupa la Aduana sumar\u00e1 metros cuadrados, respondiendo a un requerimiento planteado por la dependencia. En ese sentido, desde el organismo nacional manifestaron la necesidad de contar con un espacio f\u00edsico de mayor superficie ante la posibilidad de asignar m\u00e1s recursos humanos como consecuencia del crecimiento del comercio exterior en la regi\u00f3n, entre otros motivos impulsado por la habilitaci\u00f3n del Dep\u00f3sito Fiscal General operado por la firma Terramar Log\u00edstica.<\/p>\n\n\n\n<p class=\"has-text-align-justify\">Seg\u00fan expres\u00f3 la repartici\u00f3n, la administraci\u00f3n de la Aduana de General Deheza (cabecera de la zona) se encuentra evaluando la designaci\u00f3n de m\u00e1s personal en la Oficina Inspecci\u00f3n T\u00e9cnico Operativa con asiento en Villa Mar\u00eda, alternativa que resultar\u00eda imposible con el espacio disponible.<\/p>\n\n\n\n<p class=\"has-text-align-justify\">Por ese motivo, desde el PILT se resolvi\u00f3 dar una soluci\u00f3n al pedido y adem\u00e1s encarar cambios necesarios para la Administraci\u00f3n del Ente. De tal forma, se ejecutan aproximadamente 100 metros cuadrados, a\u00f1adiendo una oficina para Gerencia y nuevos espacios para Administraci\u00f3n, Recepci\u00f3n y Archivo. Asimismo, la obra contempla la modificaci\u00f3n parcial del frente del edificio.<\/p>\n","protected":false},"excerpt":{"rendered":"<p>Se est\u00e1n ejecutando trabajos para ampliar la Aduana y refuncionalizar la Administraci\u00f3n del Ente. En la Administraci\u00f3n del Parque Industrial, Log\u00edstico y Tecnol\u00f3gico Villa Mar\u00eda (PILT) se est\u00e1 concretando una importante obra de ampliaci\u00f3n, que posibilitar\u00e1 la refuncionalizaci\u00f3n de diferentes \u00e1reas. El sector que ocupa la Aduana sumar\u00e1 metros cuadrados, respondiendo a un requerimiento planteado [&hellip;]<\/p>\n","protected":false},"author":3,"featured_media":2700,"comment_status":"open","ping_status":"open","sticky":false,"template":"","format":"standard","meta":{"_jetpack_memberships_contains_paid_content":false,"footnotes":""},"categories":[2],"tags":[],"class_list":["post-2699","post","type-post","status-publish","format-standard","has-post-thumbnail","hentry","category-noticias"],"yoast_head":"<!-- This site is optimized with the Yoast SEO plugin v27.5 - https:\/\/yoast.com\/product\/yoast-seo-wordpress\/ -->\n<title>AVANZA LA OBRA DE AMPLIACI\u00d3N EN EL PARQUE INDUSTRIAL - PILT.com.ar<\/title>\n<meta name=\"robots\" content=\"index, follow, max-snippet:-1, max-image-preview:large, max-video-preview:-1\" \/>\n<link rel=\"canonical\" href=\"https:\/\/pilt.com.ar\/parque-industrial\/avanza-la-obra-de-ampliacion-en-el-parque-industrial\/\" \/>\n<meta property=\"og:locale\" content=\"es_ES\" \/>\n<meta property=\"og:type\" content=\"article\" \/>\n<meta property=\"og:title\" content=\"AVANZA LA OBRA DE AMPLIACI\u00d3N EN EL PARQUE INDUSTRIAL - PILT.com.ar\" \/>\n<meta property=\"og:description\" content=\"Se est\u00e1n ejecutando trabajos para ampliar la Aduana y refuncionalizar la Administraci\u00f3n del Ente. En la Administraci\u00f3n del Parque Industrial, Log\u00edstico y Tecnol\u00f3gico Villa Mar\u00eda (PILT) se est\u00e1 concretando una importante obra de ampliaci\u00f3n, que posibilitar\u00e1 la refuncionalizaci\u00f3n de diferentes \u00e1reas. El sector que ocupa la Aduana sumar\u00e1 metros cuadrados, respondiendo a un requerimiento planteado [&hellip;]\" \/>\n<meta property=\"og:url\" content=\"https:\/\/pilt.com.ar\/parque-industrial\/avanza-la-obra-de-ampliacion-en-el-parque-industrial\/\" \/>\n<meta property=\"og:site_name\" content=\"PILT.com.ar\" \/>\n<meta property=\"article:published_time\" content=\"2023-01-27T12:21:32+00:00\" \/>\n<meta property=\"article:modified_time\" content=\"2023-01-27T12:21:33+00:00\" \/>\n<meta property=\"og:image\" content=\"https:\/\/i0.wp.com\/pilt.com.ar\/parque-industrial\/wp-content\/uploads\/2023\/01\/WhatsApp-Image-2023-01-26-at-12.17.38.jpeg?fit=1280%2C720&ssl=1\" \/>\n\t<meta property=\"og:image:width\" content=\"1280\" \/>\n\t<meta property=\"og:image:height\" content=\"720\" \/>\n\t<meta property=\"og:image:type\" content=\"image\/jpeg\" \/>\n<meta name=\"author\" content=\"PILT\" \/>\n<meta name=\"twitter:card\" content=\"summary_large_image\" \/>\n<meta name=\"twitter:label1\" content=\"Escrito por\" \/>\n\t<meta name=\"twitter:data1\" content=\"PILT\" \/>\n\t<meta name=\"twitter:label2\" content=\"Tiempo de lectura\" \/>\n\t<meta name=\"twitter:data2\" content=\"1 minuto\" \/>\n<script type=\"application\/ld+json\" class=\"yoast-schema-graph\">{\"@context\":\"https:\\\/\\\/schema.org\",\"@graph\":[{\"@type\":\"Article\",\"@id\":\"https:\\\/\\\/pilt.com.ar\\\/parque-industrial\\\/avanza-la-obra-de-ampliacion-en-el-parque-industrial\\\/#article\",\"isPartOf\":{\"@id\":\"https:\\\/\\\/pilt.com.ar\\\/parque-industrial\\\/avanza-la-obra-de-ampliacion-en-el-parque-industrial\\\/\"},\"author\":{\"name\":\"PILT\",\"@id\":\"https:\\\/\\\/pilt.com.ar\\\/parque-industrial\\\/#\\\/schema\\\/person\\\/2dfb9e2464de1c3deef20c25c30a8306\"},\"headline\":\"AVANZA LA OBRA DE AMPLIACI\u00d3N EN EL PARQUE INDUSTRIAL\",\"datePublished\":\"2023-01-27T12:21:32+00:00\",\"dateModified\":\"2023-01-27T12:21:33+00:00\",\"mainEntityOfPage\":{\"@id\":\"https:\\\/\\\/pilt.com.ar\\\/parque-industrial\\\/avanza-la-obra-de-ampliacion-en-el-parque-industrial\\\/\"},\"wordCount\":250,\"commentCount\":0,\"image\":{\"@id\":\"https:\\\/\\\/pilt.com.ar\\\/parque-industrial\\\/avanza-la-obra-de-ampliacion-en-el-parque-industrial\\\/#primaryimage\"},\"thumbnailUrl\":\"https:\\\/\\\/i0.wp.com\\\/pilt.com.ar\\\/parque-industrial\\\/wp-content\\\/uploads\\\/2023\\\/01\\\/WhatsApp-Image-2023-01-26-at-12.17.38.jpeg?fit=1280%2C720&ssl=1\",\"articleSection\":[\"Noticias\"],\"inLanguage\":\"es\",\"potentialAction\":[{\"@type\":\"CommentAction\",\"name\":\"Comment\",\"target\":[\"https:\\\/\\\/pilt.com.ar\\\/parque-industrial\\\/avanza-la-obra-de-ampliacion-en-el-parque-industrial\\\/#respond\"]}]},{\"@type\":\"WebPage\",\"@id\":\"https:\\\/\\\/pilt.com.ar\\\/parque-industrial\\\/avanza-la-obra-de-ampliacion-en-el-parque-industrial\\\/\",\"url\":\"https:\\\/\\\/pilt.com.ar\\\/parque-industrial\\\/avanza-la-obra-de-ampliacion-en-el-parque-industrial\\\/\",\"name\":\"AVANZA LA OBRA DE AMPLIACI\u00d3N EN EL PARQUE INDUSTRIAL - PILT.com.ar\",\"isPartOf\":{\"@id\":\"https:\\\/\\\/pilt.com.ar\\\/parque-industrial\\\/#website\"},\"primaryImageOfPage\":{\"@id\":\"https:\\\/\\\/pilt.com.ar\\\/parque-industrial\\\/avanza-la-obra-de-ampliacion-en-el-parque-industrial\\\/#primaryimage\"},\"image\":{\"@id\":\"https:\\\/\\\/pilt.com.ar\\\/parque-industrial\\\/avanza-la-obra-de-ampliacion-en-el-parque-industrial\\\/#primaryimage\"},\"thumbnailUrl\":\"https:\\\/\\\/i0.wp.com\\\/pilt.com.ar\\\/parque-industrial\\\/wp-content\\\/uploads\\\/2023\\\/01\\\/WhatsApp-Image-2023-01-26-at-12.17.38.jpeg?fit=1280%2C720&ssl=1\",\"datePublished\":\"2023-01-27T12:21:32+00:00\",\"dateModified\":\"2023-01-27T12:21:33+00:00\",\"author\":{\"@id\":\"https:\\\/\\\/pilt.com.ar\\\/parque-industrial\\\/#\\\/schema\\\/person\\\/2dfb9e2464de1c3deef20c25c30a8306\"},\"inLanguage\":\"es\",\"potentialAction\":[{\"@type\":\"ReadAction\",\"target\":[\"https:\\\/\\\/pilt.com.ar\\\/parque-industrial\\\/avanza-la-obra-de-ampliacion-en-el-parque-industrial\\\/\"]}]},{\"@type\":\"ImageObject\",\"inLanguage\":\"es\",\"@id\":\"https:\\\/\\\/pilt.com.ar\\\/parque-industrial\\\/avanza-la-obra-de-ampliacion-en-el-parque-industrial\\\/#primaryimage\",\"url\":\"https:\\\/\\\/i0.wp.com\\\/pilt.com.ar\\\/parque-industrial\\\/wp-content\\\/uploads\\\/2023\\\/01\\\/WhatsApp-Image-2023-01-26-at-12.17.38.jpeg?fit=1280%2C720&ssl=1\",\"contentUrl\":\"https:\\\/\\\/i0.wp.com\\\/pilt.com.ar\\\/parque-industrial\\\/wp-content\\\/uploads\\\/2023\\\/01\\\/WhatsApp-Image-2023-01-26-at-12.17.38.jpeg?fit=1280%2C720&ssl=1\",\"width\":1280,\"height\":720},{\"@type\":\"WebSite\",\"@id\":\"https:\\\/\\\/pilt.com.ar\\\/parque-industrial\\\/#website\",\"url\":\"https:\\\/\\\/pilt.com.ar\\\/parque-industrial\\\/\",\"name\":\"PILT.com.ar\",\"description\":\"Parque Industrial, Log\u00edstico y Tecnol\u00f3gico Villa Mar\u00eda\",\"potentialAction\":[{\"@type\":\"SearchAction\",\"target\":{\"@type\":\"EntryPoint\",\"urlTemplate\":\"https:\\\/\\\/pilt.com.ar\\\/parque-industrial\\\/?s={search_term_string}\"},\"query-input\":{\"@type\":\"PropertyValueSpecification\",\"valueRequired\":true,\"valueName\":\"search_term_string\"}}],\"inLanguage\":\"es\"},{\"@type\":\"Person\",\"@id\":\"https:\\\/\\\/pilt.com.ar\\\/parque-industrial\\\/#\\\/schema\\\/person\\\/2dfb9e2464de1c3deef20c25c30a8306\",\"name\":\"PILT\",\"image\":{\"@type\":\"ImageObject\",\"inLanguage\":\"es\",\"@id\":\"https:\\\/\\\/secure.gravatar.com\\\/avatar\\\/5e3734c8d8c8e0b0d45f923c14a14d7b90521d573d02f0d91360a777095ee42b?s=96&d=mm&r=g\",\"url\":\"https:\\\/\\\/secure.gravatar.com\\\/avatar\\\/5e3734c8d8c8e0b0d45f923c14a14d7b90521d573d02f0d91360a777095ee42b?s=96&d=mm&r=g\",\"contentUrl\":\"https:\\\/\\\/secure.gravatar.com\\\/avatar\\\/5e3734c8d8c8e0b0d45f923c14a14d7b90521d573d02f0d91360a777095ee42b?s=96&d=mm&r=g\",\"caption\":\"PILT\"},\"url\":\"https:\\\/\\\/pilt.com.ar\\\/parque-industrial\\\/author\\\/pilt\\\/\"}]}<\/script>\n<!-- \/ Yoast SEO plugin. -->","yoast_head_json":{"title":"AVANZA LA OBRA DE AMPLIACI\u00d3N EN EL PARQUE INDUSTRIAL - PILT.com.ar","robots":{"index":"index","follow":"follow","max-snippet":"max-snippet:-1","max-image-preview":"max-image-preview:large","max-video-preview":"max-video-preview:-1"},"canonical":"https:\/\/pilt.com.ar\/parque-industrial\/avanza-la-obra-de-ampliacion-en-el-parque-industrial\/","og_locale":"es_ES","og_type":"article","og_title":"AVANZA LA OBRA DE AMPLIACI\u00d3N EN EL PARQUE INDUSTRIAL - PILT.com.ar","og_description":"Se est\u00e1n ejecutando trabajos para ampliar la Aduana y refuncionalizar la Administraci\u00f3n del Ente. En la Administraci\u00f3n del Parque Industrial, Log\u00edstico y Tecnol\u00f3gico Villa Mar\u00eda (PILT) se est\u00e1 concretando una importante obra de ampliaci\u00f3n, que posibilitar\u00e1 la refuncionalizaci\u00f3n de diferentes \u00e1reas. El sector que ocupa la Aduana sumar\u00e1 metros cuadrados, respondiendo a un requerimiento planteado [&hellip;]","og_url":"https:\/\/pilt.com.ar\/parque-industrial\/avanza-la-obra-de-ampliacion-en-el-parque-industrial\/","og_site_name":"PILT.com.ar","article_published_time":"2023-01-27T12:21:32+00:00","article_modified_time":"2023-01-27T12:21:33+00:00","og_image":[{"width":1280,"height":720,"url":"https:\/\/i0.wp.com\/pilt.com.ar\/parque-industrial\/wp-content\/uploads\/2023\/01\/WhatsApp-Image-2023-01-26-at-12.17.38.jpeg?fit=1280%2C720&ssl=1","type":"image\/jpeg"}],"author":"PILT","twitter_card":"summary_large_image","twitter_misc":{"Escrito por":"PILT","Tiempo de lectura":"1 minuto"},"schema":{"@context":"https:\/\/schema.org","@graph":[{"@type":"Article","@id":"https:\/\/pilt.com.ar\/parque-industrial\/avanza-la-obra-de-ampliacion-en-el-parque-industrial\/#article","isPartOf":{"@id":"https:\/\/pilt.com.ar\/parque-industrial\/avanza-la-obra-de-ampliacion-en-el-parque-industrial\/"},"author":{"name":"PILT","@id":"https:\/\/pilt.com.ar\/parque-industrial\/#\/schema\/person\/2dfb9e2464de1c3deef20c25c30a8306"},"headline":"AVANZA LA OBRA DE AMPLIACI\u00d3N EN EL PARQUE INDUSTRIAL","datePublished":"2023-01-27T12:21:32+00:00","dateModified":"2023-01-27T12:21:33+00:00","mainEntityOfPage":{"@id":"https:\/\/pilt.com.ar\/parque-industrial\/avanza-la-obra-de-ampliacion-en-el-parque-industrial\/"},"wordCount":250,"commentCount":0,"image":{"@id":"https:\/\/pilt.com.ar\/parque-industrial\/avanza-la-obra-de-ampliacion-en-el-parque-industrial\/#primaryimage"},"thumbnailUrl":"https:\/\/i0.wp.com\/pilt.com.ar\/parque-industrial\/wp-content\/uploads\/2023\/01\/WhatsApp-Image-2023-01-26-at-12.17.38.jpeg?fit=1280%2C720&ssl=1","articleSection":["Noticias"],"inLanguage":"es","potentialAction":[{"@type":"CommentAction","name":"Comment","target":["https:\/\/pilt.com.ar\/parque-industrial\/avanza-la-obra-de-ampliacion-en-el-parque-industrial\/#respond"]}]},{"@type":"WebPage","@id":"https:\/\/pilt.com.ar\/parque-industrial\/avanza-la-obra-de-ampliacion-en-el-parque-industrial\/","url":"https:\/\/pilt.com.ar\/parque-industrial\/avanza-la-obra-de-ampliacion-en-el-parque-industrial\/","name":"AVANZA LA OBRA DE AMPLIACI\u00d3N EN EL PARQUE INDUSTRIAL - PILT.com.ar","isPartOf":{"@id":"https:\/\/pilt.com.ar\/parque-industrial\/#website"},"primaryImageOfPage":{"@id":"https:\/\/pilt.com.ar\/parque-industrial\/avanza-la-obra-de-ampliacion-en-el-parque-industrial\/#primaryimage"},"image":{"@id":"https:\/\/pilt.com.ar\/parque-industrial\/avanza-la-obra-de-ampliacion-en-el-parque-industrial\/#primaryimage"},"thumbnailUrl":"https:\/\/i0.wp.com\/pilt.com.ar\/parque-industrial\/wp-content\/uploads\/2023\/01\/WhatsApp-Image-2023-01-26-at-12.17.38.jpeg?fit=1280%2C720&ssl=1","datePublished":"2023-01-27T12:21:32+00:00","dateModified":"2023-01-27T12:21:33+00:00","author":{"@id":"https:\/\/pilt.com.ar\/parque-industrial\/#\/schema\/person\/2dfb9e2464de1c3deef20c25c30a8306"},"inLanguage":"es","potentialAction":[{"@type":"ReadAction","target":["https:\/\/pilt.com.ar\/parque-industrial\/avanza-la-obra-de-ampliacion-en-el-parque-industrial\/"]}]},{"@type":"ImageObject","inLanguage":"es","@id":"https:\/\/pilt.com.ar\/parque-industrial\/avanza-la-obra-de-ampliacion-en-el-parque-industrial\/#primaryimage","url":"https:\/\/i0.wp.com\/pilt.com.ar\/parque-industrial\/wp-content\/uploads\/2023\/01\/WhatsApp-Image-2023-01-26-at-12.17.38.jpeg?fit=1280%2C720&ssl=1","contentUrl":"https:\/\/i0.wp.com\/pilt.com.ar\/parque-industrial\/wp-content\/uploads\/2023\/01\/WhatsApp-Image-2023-01-26-at-12.17.38.jpeg?fit=1280%2C720&ssl=1","width":1280,"height":720},{"@type":"WebSite","@id":"https:\/\/pilt.com.ar\/parque-industrial\/#website","url":"https:\/\/pilt.com.ar\/parque-industrial\/","name":"PILT.com.ar","description":"Parque Industrial, Log\u00edstico y Tecnol\u00f3gico Villa Mar\u00eda","potentialAction":[{"@type":"SearchAction","target":{"@type":"EntryPoint","urlTemplate":"https:\/\/pilt.com.ar\/parque-industrial\/?s={search_term_string}"},"query-input":{"@type":"PropertyValueSpecification","valueRequired":true,"valueName":"search_term_string"}}],"inLanguage":"es"},{"@type":"Person","@id":"https:\/\/pilt.com.ar\/parque-industrial\/#\/schema\/person\/2dfb9e2464de1c3deef20c25c30a8306","name":"PILT","image":{"@type":"ImageObject","inLanguage":"es","@id":"https:\/\/secure.gravatar.com\/avatar\/5e3734c8d8c8e0b0d45f923c14a14d7b90521d573d02f0d91360a777095ee42b?s=96&d=mm&r=g","url":"https:\/\/secure.gravatar.com\/avatar\/5e3734c8d8c8e0b0d45f923c14a14d7b90521d573d02f0d91360a777095ee42b?s=96&d=mm&r=g","contentUrl":"https:\/\/secure.gravatar.com\/avatar\/5e3734c8d8c8e0b0d45f923c14a14d7b90521d573d02f0d91360a777095ee42b?s=96&d=mm&r=g","caption":"PILT"},"url":"https:\/\/pilt.com.ar\/parque-industrial\/author\/pilt\/"}]}},"jetpack_featured_media_url":"https:\/\/i0.wp.com\/pilt.com.ar\/parque-industrial\/wp-content\/uploads\/2023\/01\/WhatsApp-Image-2023-01-26-at-12.17.38.jpeg?fit=1280%2C720&ssl=1","jetpack_sharing_enabled":true,"_links":{"self":[{"href":"https:\/\/pilt.com.ar\/parque-industrial\/wp-json\/wp\/v2\/posts\/2699","targetHints":{"allow":["GET"]}}],"collection":[{"href":"https:\/\/pilt.com.ar\/parque-industrial\/wp-json\/wp\/v2\/posts"}],"about":[{"href":"https:\/\/pilt.com.ar\/parque-industrial\/wp-json\/wp\/v2\/types\/post"}],"author":[{"embeddable":true,"href":"https:\/\/pilt.com.ar\/parque-industrial\/wp-json\/wp\/v2\/users\/3"}],"replies":[{"embeddable":true,"href":"https:\/\/pilt.com.ar\/parque-industrial\/wp-json\/wp\/v2\/comments?post=2699"}],"version-history":[{"count":1,"href":"https:\/\/pilt.com.ar\/parque-industrial\/wp-json\/wp\/v2\/posts\/2699\/revisions"}],"predecessor-version":[{"id":2701,"href":"https:\/\/pilt.com.ar\/parque-industrial\/wp-json\/wp\/v2\/posts\/2699\/revisions\/2701"}],"wp:featuredmedia":[{"embeddable":true,"href":"https:\/\/pilt.com.ar\/parque-industrial\/wp-json\/wp\/v2\/media\/2700"}],"wp:attachment":[{"href":"https:\/\/pilt.com.ar\/parque-industrial\/wp-json\/wp\/v2\/media?parent=2699"}],"wp:term":[{"taxonomy":"category","embeddable":true,"href":"https:\/\/pilt.com.ar\/parque-industrial\/wp-json\/wp\/v2\/categories?post=2699"},{"taxonomy":"post_tag","embeddable":true,"href":"https:\/\/pilt.com.ar\/parque-industrial\/wp-json\/wp\/v2\/tags?post=2699"}],"curies":[{"name":"wp","href":"https:\/\/api.w.org\/{rel}","templated":true}]}}