{"id":2696,"date":"2023-01-12T11:56:54","date_gmt":"2023-01-12T14:56:54","guid":{"rendered":"https:\/\/pilt.com.ar\/parque-industrial\/?p=2696"},"modified":"2023-01-12T11:56:54","modified_gmt":"2023-01-12T14:56:54","slug":"2022-culmino-con-apertura-de-plantas-industriales-e-importantes-ampliaciones","status":"publish","type":"post","link":"https:\/\/pilt.com.ar\/parque-industrial\/2022-culmino-con-apertura-de-plantas-industriales-e-importantes-ampliaciones\/","title":{"rendered":"<strong>2022 CULMIN\u00d3 CON APERTURA DE PLANTAS INDUSTRIALES E IMPORTANTES AMPLIACIONES<\/strong>"},"content":{"rendered":"\n<p class=\"has-text-align-center\"><em>Distintas empresas abrieron sus puertas, apostando al desarrollo y la producci\u00f3n en el PILT.<\/em><\/p>\n\n\n\n<p class=\"has-text-align-justify\">El Parque Industrial, Log\u00edstico y Tecnol\u00f3gico Villa Mar\u00eda (PILT), termina un a\u00f1o con nuevas empresas operando, manteniendo el crecimiento ininterrumpido del Ente.<\/p>\n\n\n\n<p class=\"has-text-align-justify\">A comienzos del a\u00f1o pasado abri\u00f3 sus puertas Alimentos y Servicios, firma dedicada a la producci\u00f3n y comercializaci\u00f3n de crema de leche. Posteriormente incursion\u00f3 en nuevos productos, como flanes y postres. En breve incorporar\u00e1 una unidad de negocios dedicada a yogures firmes y bebibles.<\/p>\n\n\n\n<p class=\"has-text-align-justify\">En la primera parte de 2022 tambi\u00e9n inaugur\u00f3 un centro de servicios para sembradoras la empresa Moray. All\u00ed chequean equipos, reparan cuerpos de siembra y elementos para la actividad, a la vez que incorporan dispositivos de agricultura de precisi\u00f3n. La firma adem\u00e1s comercializa semillas de ma\u00edz.<\/p>\n\n\n\n<p class=\"has-text-align-justify\">Caf\u00e9 Ruiz, tradicional empresa con m\u00e1s de 70 a\u00f1os de vigencia en la ciudad, construy\u00f3 una planta de importantes dimensiones: casi 1600 metros cuadrados de nave, 270 m2 de entrepiso y 480 de oficinas.<\/p>\n\n\n\n<p class=\"has-text-align-justify\">La actividad principal de la firma es el tostado, torrado y molienda de caf\u00e9, aunque tambi\u00e9n lleva adelante otras tareas, como venta al por mayor de az\u00facar, edulcorante y vajilla. En la nueva planta se conjugan diferentes \u00e1reas, como producci\u00f3n, administraci\u00f3n, mantenimiento y servicio t\u00e9cnico.<\/p>\n\n\n\n<p class=\"has-text-align-justify\">Loma Revestimientos fabrica pisos y revestimientos tipo cementicio en piedra ecol\u00f3gica, tanto para interiores como exteriores. Cuenta con una l\u00ednea de pisos flotantes, s\u00edmil madera, y placas de yeso. La planta posee 400 metros cuadrados, emplazada en un lote que supera los 1200 metros.<\/p>\n\n\n\n<p class=\"has-text-align-justify\">Otra firma que comenz\u00f3 a operar el a\u00f1o pasado es General de Abastecimientos. La misma presta servicios de gastronom\u00eda en diferentes puntos de la provincia, como Villa Mar\u00eda, C\u00f3rdoba y Embalse. La nave tiene unos 1000 metros cuadrados.<\/p>\n\n\n\n<p class=\"has-text-align-justify\">Pocos d\u00edas antes de iniciar el nuevo a\u00f1o, la empresa P&amp;L inaugur\u00f3 una planta de reconstrucci\u00f3n de neum\u00e1ticos agr\u00edcolas. La nave, de similares caracter\u00edsticas a otra que posee la firma, cuenta con 1000 metros cuadrados y el equipamiento para realizar el proceso de \u201cretacado\u201d de esos neum\u00e1ticos.<\/p>\n\n\n\n<p class=\"has-text-align-justify\">Cabe mencionar que P&amp;L tambi\u00e9n realiz\u00f3 una importante ampliaci\u00f3n en la nave anterior, dedicada a la reconstrucci\u00f3n de neum\u00e1ticos de camiones, la que pas\u00f3 a duplicar su capacidad productiva. Adem\u00e1s, habilitaron un \u201ctruck center\u201d para brindar diversos servicios a los transportistas.<\/p>\n\n\n\n<p class=\"has-text-align-justify\">La empresa Abastecimientos L\u00e1cteos, con casa central en Uruguay, increment\u00f3 su estructura, a\u00f1adiendo una unidad de negocios y aumentando su capacidad de almacenaje. La firma produce diversos insumos para la industria l\u00e1ctea, como conservantes, pinturas para quesos y sistemas de estabilizaci\u00f3n para quesos, yogurt o dulce de leche.<\/p>\n\n\n\n<p class=\"has-text-align-justify\">Finalmente, Stainless Steel Manufacturers est\u00e1 encarando una importante reforma, en donde sumar\u00e1 600 metros cuadrados a la actual nave de 450 metros.<\/p>\n","protected":false},"excerpt":{"rendered":"<p>Distintas empresas abrieron sus puertas, apostando al desarrollo y la producci\u00f3n en el PILT. El Parque Industrial, Log\u00edstico y Tecnol\u00f3gico Villa Mar\u00eda (PILT), termina un a\u00f1o con nuevas empresas operando, manteniendo el crecimiento ininterrumpido del Ente. A comienzos del a\u00f1o pasado abri\u00f3 sus puertas Alimentos y Servicios, firma dedicada a la producci\u00f3n y comercializaci\u00f3n de [&hellip;]<\/p>\n","protected":false},"author":3,"featured_media":2697,"comment_status":"open","ping_status":"open","sticky":false,"template":"","format":"standard","meta":{"_jetpack_memberships_contains_paid_content":false,"footnotes":""},"categories":[2],"tags":[],"class_list":["post-2696","post","type-post","status-publish","format-standard","has-post-thumbnail","hentry","category-noticias"],"yoast_head":"<!-- This site is optimized with the Yoast SEO plugin v27.5 - https:\/\/yoast.com\/product\/yoast-seo-wordpress\/ -->\n<title>2022 CULMIN\u00d3 CON APERTURA DE PLANTAS INDUSTRIALES E IMPORTANTES AMPLIACIONES - PILT.com.ar<\/title>\n<meta name=\"robots\" content=\"index, follow, max-snippet:-1, max-image-preview:large, max-video-preview:-1\" \/>\n<link rel=\"canonical\" href=\"https:\/\/pilt.com.ar\/parque-industrial\/2022-culmino-con-apertura-de-plantas-industriales-e-importantes-ampliaciones\/\" \/>\n<meta property=\"og:locale\" content=\"es_ES\" \/>\n<meta property=\"og:type\" content=\"article\" \/>\n<meta property=\"og:title\" content=\"2022 CULMIN\u00d3 CON APERTURA DE PLANTAS INDUSTRIALES E IMPORTANTES AMPLIACIONES - PILT.com.ar\" \/>\n<meta property=\"og:description\" content=\"Distintas empresas abrieron sus puertas, apostando al desarrollo y la producci\u00f3n en el PILT. El Parque Industrial, Log\u00edstico y Tecnol\u00f3gico Villa Mar\u00eda (PILT), termina un a\u00f1o con nuevas empresas operando, manteniendo el crecimiento ininterrumpido del Ente. A comienzos del a\u00f1o pasado abri\u00f3 sus puertas Alimentos y Servicios, firma dedicada a la producci\u00f3n y comercializaci\u00f3n de [&hellip;]\" \/>\n<meta property=\"og:url\" content=\"https:\/\/pilt.com.ar\/parque-industrial\/2022-culmino-con-apertura-de-plantas-industriales-e-importantes-ampliaciones\/\" \/>\n<meta property=\"og:site_name\" content=\"PILT.com.ar\" \/>\n<meta property=\"article:published_time\" content=\"2023-01-12T14:56:54+00:00\" \/>\n<meta property=\"og:image\" content=\"https:\/\/i0.wp.com\/pilt.com.ar\/parque-industrial\/wp-content\/uploads\/2023\/01\/WhatsApp-Image-2023-01-11-at-17.53.15.jpeg?fit=1540%2C806&ssl=1\" \/>\n\t<meta property=\"og:image:width\" content=\"1540\" \/>\n\t<meta property=\"og:image:height\" content=\"806\" \/>\n\t<meta property=\"og:image:type\" content=\"image\/jpeg\" \/>\n<meta name=\"author\" content=\"PILT\" \/>\n<meta name=\"twitter:card\" content=\"summary_large_image\" \/>\n<meta name=\"twitter:label1\" content=\"Escrito por\" \/>\n\t<meta name=\"twitter:data1\" content=\"PILT\" \/>\n\t<meta name=\"twitter:label2\" content=\"Tiempo de lectura\" \/>\n\t<meta name=\"twitter:data2\" content=\"3 minutos\" \/>\n<script type=\"application\/ld+json\" class=\"yoast-schema-graph\">{\"@context\":\"https:\\\/\\\/schema.org\",\"@graph\":[{\"@type\":\"Article\",\"@id\":\"https:\\\/\\\/pilt.com.ar\\\/parque-industrial\\\/2022-culmino-con-apertura-de-plantas-industriales-e-importantes-ampliaciones\\\/#article\",\"isPartOf\":{\"@id\":\"https:\\\/\\\/pilt.com.ar\\\/parque-industrial\\\/2022-culmino-con-apertura-de-plantas-industriales-e-importantes-ampliaciones\\\/\"},\"author\":{\"name\":\"PILT\",\"@id\":\"https:\\\/\\\/pilt.com.ar\\\/parque-industrial\\\/#\\\/schema\\\/person\\\/2dfb9e2464de1c3deef20c25c30a8306\"},\"headline\":\"2022 CULMIN\u00d3 CON APERTURA DE PLANTAS INDUSTRIALES E IMPORTANTES AMPLIACIONES\",\"datePublished\":\"2023-01-12T14:56:54+00:00\",\"mainEntityOfPage\":{\"@id\":\"https:\\\/\\\/pilt.com.ar\\\/parque-industrial\\\/2022-culmino-con-apertura-de-plantas-industriales-e-importantes-ampliaciones\\\/\"},\"wordCount\":489,\"commentCount\":0,\"image\":{\"@id\":\"https:\\\/\\\/pilt.com.ar\\\/parque-industrial\\\/2022-culmino-con-apertura-de-plantas-industriales-e-importantes-ampliaciones\\\/#primaryimage\"},\"thumbnailUrl\":\"https:\\\/\\\/i0.wp.com\\\/pilt.com.ar\\\/parque-industrial\\\/wp-content\\\/uploads\\\/2023\\\/01\\\/WhatsApp-Image-2023-01-11-at-17.53.15.jpeg?fit=1540%2C806&ssl=1\",\"articleSection\":[\"Noticias\"],\"inLanguage\":\"es\",\"potentialAction\":[{\"@type\":\"CommentAction\",\"name\":\"Comment\",\"target\":[\"https:\\\/\\\/pilt.com.ar\\\/parque-industrial\\\/2022-culmino-con-apertura-de-plantas-industriales-e-importantes-ampliaciones\\\/#respond\"]}]},{\"@type\":\"WebPage\",\"@id\":\"https:\\\/\\\/pilt.com.ar\\\/parque-industrial\\\/2022-culmino-con-apertura-de-plantas-industriales-e-importantes-ampliaciones\\\/\",\"url\":\"https:\\\/\\\/pilt.com.ar\\\/parque-industrial\\\/2022-culmino-con-apertura-de-plantas-industriales-e-importantes-ampliaciones\\\/\",\"name\":\"2022 CULMIN\u00d3 CON APERTURA DE PLANTAS INDUSTRIALES E IMPORTANTES AMPLIACIONES - PILT.com.ar\",\"isPartOf\":{\"@id\":\"https:\\\/\\\/pilt.com.ar\\\/parque-industrial\\\/#website\"},\"primaryImageOfPage\":{\"@id\":\"https:\\\/\\\/pilt.com.ar\\\/parque-industrial\\\/2022-culmino-con-apertura-de-plantas-industriales-e-importantes-ampliaciones\\\/#primaryimage\"},\"image\":{\"@id\":\"https:\\\/\\\/pilt.com.ar\\\/parque-industrial\\\/2022-culmino-con-apertura-de-plantas-industriales-e-importantes-ampliaciones\\\/#primaryimage\"},\"thumbnailUrl\":\"https:\\\/\\\/i0.wp.com\\\/pilt.com.ar\\\/parque-industrial\\\/wp-content\\\/uploads\\\/2023\\\/01\\\/WhatsApp-Image-2023-01-11-at-17.53.15.jpeg?fit=1540%2C806&ssl=1\",\"datePublished\":\"2023-01-12T14:56:54+00:00\",\"author\":{\"@id\":\"https:\\\/\\\/pilt.com.ar\\\/parque-industrial\\\/#\\\/schema\\\/person\\\/2dfb9e2464de1c3deef20c25c30a8306\"},\"inLanguage\":\"es\",\"potentialAction\":[{\"@type\":\"ReadAction\",\"target\":[\"https:\\\/\\\/pilt.com.ar\\\/parque-industrial\\\/2022-culmino-con-apertura-de-plantas-industriales-e-importantes-ampliaciones\\\/\"]}]},{\"@type\":\"ImageObject\",\"inLanguage\":\"es\",\"@id\":\"https:\\\/\\\/pilt.com.ar\\\/parque-industrial\\\/2022-culmino-con-apertura-de-plantas-industriales-e-importantes-ampliaciones\\\/#primaryimage\",\"url\":\"https:\\\/\\\/i0.wp.com\\\/pilt.com.ar\\\/parque-industrial\\\/wp-content\\\/uploads\\\/2023\\\/01\\\/WhatsApp-Image-2023-01-11-at-17.53.15.jpeg?fit=1540%2C806&ssl=1\",\"contentUrl\":\"https:\\\/\\\/i0.wp.com\\\/pilt.com.ar\\\/parque-industrial\\\/wp-content\\\/uploads\\\/2023\\\/01\\\/WhatsApp-Image-2023-01-11-at-17.53.15.jpeg?fit=1540%2C806&ssl=1\",\"width\":1540,\"height\":806},{\"@type\":\"WebSite\",\"@id\":\"https:\\\/\\\/pilt.com.ar\\\/parque-industrial\\\/#website\",\"url\":\"https:\\\/\\\/pilt.com.ar\\\/parque-industrial\\\/\",\"name\":\"PILT.com.ar\",\"description\":\"Parque Industrial, Log\u00edstico y Tecnol\u00f3gico Villa Mar\u00eda\",\"potentialAction\":[{\"@type\":\"SearchAction\",\"target\":{\"@type\":\"EntryPoint\",\"urlTemplate\":\"https:\\\/\\\/pilt.com.ar\\\/parque-industrial\\\/?s={search_term_string}\"},\"query-input\":{\"@type\":\"PropertyValueSpecification\",\"valueRequired\":true,\"valueName\":\"search_term_string\"}}],\"inLanguage\":\"es\"},{\"@type\":\"Person\",\"@id\":\"https:\\\/\\\/pilt.com.ar\\\/parque-industrial\\\/#\\\/schema\\\/person\\\/2dfb9e2464de1c3deef20c25c30a8306\",\"name\":\"PILT\",\"image\":{\"@type\":\"ImageObject\",\"inLanguage\":\"es\",\"@id\":\"https:\\\/\\\/secure.gravatar.com\\\/avatar\\\/5e3734c8d8c8e0b0d45f923c14a14d7b90521d573d02f0d91360a777095ee42b?s=96&d=mm&r=g\",\"url\":\"https:\\\/\\\/secure.gravatar.com\\\/avatar\\\/5e3734c8d8c8e0b0d45f923c14a14d7b90521d573d02f0d91360a777095ee42b?s=96&d=mm&r=g\",\"contentUrl\":\"https:\\\/\\\/secure.gravatar.com\\\/avatar\\\/5e3734c8d8c8e0b0d45f923c14a14d7b90521d573d02f0d91360a777095ee42b?s=96&d=mm&r=g\",\"caption\":\"PILT\"},\"url\":\"https:\\\/\\\/pilt.com.ar\\\/parque-industrial\\\/author\\\/pilt\\\/\"}]}<\/script>\n<!-- \/ Yoast SEO plugin. -->","yoast_head_json":{"title":"2022 CULMIN\u00d3 CON APERTURA DE PLANTAS INDUSTRIALES E IMPORTANTES AMPLIACIONES - PILT.com.ar","robots":{"index":"index","follow":"follow","max-snippet":"max-snippet:-1","max-image-preview":"max-image-preview:large","max-video-preview":"max-video-preview:-1"},"canonical":"https:\/\/pilt.com.ar\/parque-industrial\/2022-culmino-con-apertura-de-plantas-industriales-e-importantes-ampliaciones\/","og_locale":"es_ES","og_type":"article","og_title":"2022 CULMIN\u00d3 CON APERTURA DE PLANTAS INDUSTRIALES E IMPORTANTES AMPLIACIONES - PILT.com.ar","og_description":"Distintas empresas abrieron sus puertas, apostando al desarrollo y la producci\u00f3n en el PILT. El Parque Industrial, Log\u00edstico y Tecnol\u00f3gico Villa Mar\u00eda (PILT), termina un a\u00f1o con nuevas empresas operando, manteniendo el crecimiento ininterrumpido del Ente. A comienzos del a\u00f1o pasado abri\u00f3 sus puertas Alimentos y Servicios, firma dedicada a la producci\u00f3n y comercializaci\u00f3n de [&hellip;]","og_url":"https:\/\/pilt.com.ar\/parque-industrial\/2022-culmino-con-apertura-de-plantas-industriales-e-importantes-ampliaciones\/","og_site_name":"PILT.com.ar","article_published_time":"2023-01-12T14:56:54+00:00","og_image":[{"width":1540,"height":806,"url":"https:\/\/i0.wp.com\/pilt.com.ar\/parque-industrial\/wp-content\/uploads\/2023\/01\/WhatsApp-Image-2023-01-11-at-17.53.15.jpeg?fit=1540%2C806&ssl=1","type":"image\/jpeg"}],"author":"PILT","twitter_card":"summary_large_image","twitter_misc":{"Escrito por":"PILT","Tiempo de lectura":"3 minutos"},"schema":{"@context":"https:\/\/schema.org","@graph":[{"@type":"Article","@id":"https:\/\/pilt.com.ar\/parque-industrial\/2022-culmino-con-apertura-de-plantas-industriales-e-importantes-ampliaciones\/#article","isPartOf":{"@id":"https:\/\/pilt.com.ar\/parque-industrial\/2022-culmino-con-apertura-de-plantas-industriales-e-importantes-ampliaciones\/"},"author":{"name":"PILT","@id":"https:\/\/pilt.com.ar\/parque-industrial\/#\/schema\/person\/2dfb9e2464de1c3deef20c25c30a8306"},"headline":"2022 CULMIN\u00d3 CON APERTURA DE PLANTAS INDUSTRIALES E IMPORTANTES AMPLIACIONES","datePublished":"2023-01-12T14:56:54+00:00","mainEntityOfPage":{"@id":"https:\/\/pilt.com.ar\/parque-industrial\/2022-culmino-con-apertura-de-plantas-industriales-e-importantes-ampliaciones\/"},"wordCount":489,"commentCount":0,"image":{"@id":"https:\/\/pilt.com.ar\/parque-industrial\/2022-culmino-con-apertura-de-plantas-industriales-e-importantes-ampliaciones\/#primaryimage"},"thumbnailUrl":"https:\/\/i0.wp.com\/pilt.com.ar\/parque-industrial\/wp-content\/uploads\/2023\/01\/WhatsApp-Image-2023-01-11-at-17.53.15.jpeg?fit=1540%2C806&ssl=1","articleSection":["Noticias"],"inLanguage":"es","potentialAction":[{"@type":"CommentAction","name":"Comment","target":["https:\/\/pilt.com.ar\/parque-industrial\/2022-culmino-con-apertura-de-plantas-industriales-e-importantes-ampliaciones\/#respond"]}]},{"@type":"WebPage","@id":"https:\/\/pilt.com.ar\/parque-industrial\/2022-culmino-con-apertura-de-plantas-industriales-e-importantes-ampliaciones\/","url":"https:\/\/pilt.com.ar\/parque-industrial\/2022-culmino-con-apertura-de-plantas-industriales-e-importantes-ampliaciones\/","name":"2022 CULMIN\u00d3 CON APERTURA DE PLANTAS INDUSTRIALES E IMPORTANTES AMPLIACIONES - PILT.com.ar","isPartOf":{"@id":"https:\/\/pilt.com.ar\/parque-industrial\/#website"},"primaryImageOfPage":{"@id":"https:\/\/pilt.com.ar\/parque-industrial\/2022-culmino-con-apertura-de-plantas-industriales-e-importantes-ampliaciones\/#primaryimage"},"image":{"@id":"https:\/\/pilt.com.ar\/parque-industrial\/2022-culmino-con-apertura-de-plantas-industriales-e-importantes-ampliaciones\/#primaryimage"},"thumbnailUrl":"https:\/\/i0.wp.com\/pilt.com.ar\/parque-industrial\/wp-content\/uploads\/2023\/01\/WhatsApp-Image-2023-01-11-at-17.53.15.jpeg?fit=1540%2C806&ssl=1","datePublished":"2023-01-12T14:56:54+00:00","author":{"@id":"https:\/\/pilt.com.ar\/parque-industrial\/#\/schema\/person\/2dfb9e2464de1c3deef20c25c30a8306"},"inLanguage":"es","potentialAction":[{"@type":"ReadAction","target":["https:\/\/pilt.com.ar\/parque-industrial\/2022-culmino-con-apertura-de-plantas-industriales-e-importantes-ampliaciones\/"]}]},{"@type":"ImageObject","inLanguage":"es","@id":"https:\/\/pilt.com.ar\/parque-industrial\/2022-culmino-con-apertura-de-plantas-industriales-e-importantes-ampliaciones\/#primaryimage","url":"https:\/\/i0.wp.com\/pilt.com.ar\/parque-industrial\/wp-content\/uploads\/2023\/01\/WhatsApp-Image-2023-01-11-at-17.53.15.jpeg?fit=1540%2C806&ssl=1","contentUrl":"https:\/\/i0.wp.com\/pilt.com.ar\/parque-industrial\/wp-content\/uploads\/2023\/01\/WhatsApp-Image-2023-01-11-at-17.53.15.jpeg?fit=1540%2C806&ssl=1","width":1540,"height":806},{"@type":"WebSite","@id":"https:\/\/pilt.com.ar\/parque-industrial\/#website","url":"https:\/\/pilt.com.ar\/parque-industrial\/","name":"PILT.com.ar","description":"Parque Industrial, Log\u00edstico y Tecnol\u00f3gico Villa Mar\u00eda","potentialAction":[{"@type":"SearchAction","target":{"@type":"EntryPoint","urlTemplate":"https:\/\/pilt.com.ar\/parque-industrial\/?s={search_term_string}"},"query-input":{"@type":"PropertyValueSpecification","valueRequired":true,"valueName":"search_term_string"}}],"inLanguage":"es"},{"@type":"Person","@id":"https:\/\/pilt.com.ar\/parque-industrial\/#\/schema\/person\/2dfb9e2464de1c3deef20c25c30a8306","name":"PILT","image":{"@type":"ImageObject","inLanguage":"es","@id":"https:\/\/secure.gravatar.com\/avatar\/5e3734c8d8c8e0b0d45f923c14a14d7b90521d573d02f0d91360a777095ee42b?s=96&d=mm&r=g","url":"https:\/\/secure.gravatar.com\/avatar\/5e3734c8d8c8e0b0d45f923c14a14d7b90521d573d02f0d91360a777095ee42b?s=96&d=mm&r=g","contentUrl":"https:\/\/secure.gravatar.com\/avatar\/5e3734c8d8c8e0b0d45f923c14a14d7b90521d573d02f0d91360a777095ee42b?s=96&d=mm&r=g","caption":"PILT"},"url":"https:\/\/pilt.com.ar\/parque-industrial\/author\/pilt\/"}]}},"jetpack_featured_media_url":"https:\/\/i0.wp.com\/pilt.com.ar\/parque-industrial\/wp-content\/uploads\/2023\/01\/WhatsApp-Image-2023-01-11-at-17.53.15.jpeg?fit=1540%2C806&ssl=1","jetpack_sharing_enabled":true,"_links":{"self":[{"href":"https:\/\/pilt.com.ar\/parque-industrial\/wp-json\/wp\/v2\/posts\/2696","targetHints":{"allow":["GET"]}}],"collection":[{"href":"https:\/\/pilt.com.ar\/parque-industrial\/wp-json\/wp\/v2\/posts"}],"about":[{"href":"https:\/\/pilt.com.ar\/parque-industrial\/wp-json\/wp\/v2\/types\/post"}],"author":[{"embeddable":true,"href":"https:\/\/pilt.com.ar\/parque-industrial\/wp-json\/wp\/v2\/users\/3"}],"replies":[{"embeddable":true,"href":"https:\/\/pilt.com.ar\/parque-industrial\/wp-json\/wp\/v2\/comments?post=2696"}],"version-history":[{"count":1,"href":"https:\/\/pilt.com.ar\/parque-industrial\/wp-json\/wp\/v2\/posts\/2696\/revisions"}],"predecessor-version":[{"id":2698,"href":"https:\/\/pilt.com.ar\/parque-industrial\/wp-json\/wp\/v2\/posts\/2696\/revisions\/2698"}],"wp:featuredmedia":[{"embeddable":true,"href":"https:\/\/pilt.com.ar\/parque-industrial\/wp-json\/wp\/v2\/media\/2697"}],"wp:attachment":[{"href":"https:\/\/pilt.com.ar\/parque-industrial\/wp-json\/wp\/v2\/media?parent=2696"}],"wp:term":[{"taxonomy":"category","embeddable":true,"href":"https:\/\/pilt.com.ar\/parque-industrial\/wp-json\/wp\/v2\/categories?post=2696"},{"taxonomy":"post_tag","embeddable":true,"href":"https:\/\/pilt.com.ar\/parque-industrial\/wp-json\/wp\/v2\/tags?post=2696"}],"curies":[{"name":"wp","href":"https:\/\/api.w.org\/{rel}","templated":true}]}}