{"id":2689,"date":"2022-12-27T12:46:11","date_gmt":"2022-12-27T15:46:11","guid":{"rendered":"https:\/\/pilt.com.ar\/parque-industrial\/?p=2689"},"modified":"2022-12-27T12:46:12","modified_gmt":"2022-12-27T15:46:12","slug":"directivos-del-pilt-realizaron-un-brindis-de-fin-de-ano-con-periodistas","status":"publish","type":"post","link":"https:\/\/pilt.com.ar\/parque-industrial\/directivos-del-pilt-realizaron-un-brindis-de-fin-de-ano-con-periodistas\/","title":{"rendered":"<strong>DIRECTIVOS DEL PILT REALIZARON UN BRINDIS DE FIN DE A\u00d1O CON PERIODISTAS<\/strong>"},"content":{"rendered":"\n<p class=\"has-text-align-center\"><em>Comunicadores de distintos medios participaron del encuentro concretado en el coworking de la entidad. Fueron recibidos por el presidente, ing. Carlos Pizzorno.<\/em><\/p>\n\n\n\n<p class=\"has-text-align-justify\">El coworking recientemente habilitado fue el escenario de una amena reuni\u00f3n que congreg\u00f3 a diversos periodistas del medio con autoridades del Parque Industrial, Log\u00edstico y Tecnol\u00f3gico Villa Mar\u00eda (PILT) y de AERCA, en donde conversaron sobre el cierre del a\u00f1o en las distintas organizaciones.<\/p>\n\n\n\n<p class=\"has-text-align-justify\">Participaron del encuentro el titular del PILT, ing. Carlos Pizzorno; el gerente, Lic. Carlos Montoto Galiano; el presidente de AERCA, Juan Carlos Jacobo; como as\u00ed tambi\u00e9n el gerente y el tesorero de la entidad, Ignacio Tovo y Rino Mosca, respectivamente.<\/p>\n\n\n\n<p class=\"has-text-align-justify\">En la oportunidad hizo uso de la palabra el ingeniero Pizzorno, quien destac\u00f3 que en la entidad \u201ctenemos la suerte de poder dise\u00f1ar un futuro dentro del peque\u00f1o \u00e1mbito en que nos desenvolvemos. Y este es el desaf\u00edo\u201d.<\/p>\n\n\n\n<p class=\"has-text-align-justify\">A la vez, record\u00f3 una frase escuchada en un encuentro acad\u00e9mico, afirmando que \u201cquien no rompe los l\u00edmites de lo posible, da su conformidad con lo que existe. Si nos conform\u00e1ramos con lo existente, en cualquier nivel, caer\u00edamos en una situaci\u00f3n que no nos conducir\u00eda a nada. La aspiraci\u00f3n, el deseo de hacer, construir, crecer, es distintivo en el g\u00e9nero humano\u201d.<\/p>\n\n\n\n<p class=\"has-text-align-justify\">\u201cNosotros nos distinguimos del resto de las especies por el af\u00e1n de hacer, y as\u00ed hemos podido construir un mundo. Es lo que sentimos en el Parque, y seguramente lo sienten ustedes en sus profesiones\u201d, subray\u00f3.<\/p>\n\n\n\n<p class=\"has-text-align-justify\">Por otra parte, indic\u00f3 que la entidad de econom\u00eda mixta est\u00e1 muy apoyada por la intendencia, y por los socios propietarios de AERCA.<\/p>\n\n\n\n<p class=\"has-text-align-justify\">\u201cNos encontramos con libertad de acci\u00f3n, pero tambi\u00e9n observados, porque tienen s\u00edndicos en el Parque que vienen a todas las reuniones; y eso es muy bueno. Tambi\u00e9n sentimos que hay una gran confianza depositada, lo que genera mayor responsabilidad\u201d, sostuvo Pizzorno.<\/p>\n\n\n\n<p class=\"has-text-align-justify\">Finalmente, al momento del brindis con los trabajadores de prensa, el titular del PILT resalt\u00f3: \u201cQueremos que la ciudad se adue\u00f1e de este espacio; que la gente en la calle diga mi Parque Industrial, como uno dice mi ciudad o mi naci\u00f3n\u201d.<\/p>\n","protected":false},"excerpt":{"rendered":"<p>Comunicadores de distintos medios participaron del encuentro concretado en el coworking de la entidad. Fueron recibidos por el presidente, ing. Carlos Pizzorno. El coworking recientemente habilitado fue el escenario de una amena reuni\u00f3n que congreg\u00f3 a diversos periodistas del medio con autoridades del Parque Industrial, Log\u00edstico y Tecnol\u00f3gico Villa Mar\u00eda (PILT) y de AERCA, en [&hellip;]<\/p>\n","protected":false},"author":3,"featured_media":2690,"comment_status":"open","ping_status":"open","sticky":false,"template":"","format":"standard","meta":{"_jetpack_memberships_contains_paid_content":false,"footnotes":""},"categories":[2],"tags":[],"class_list":["post-2689","post","type-post","status-publish","format-standard","has-post-thumbnail","hentry","category-noticias"],"yoast_head":"<!-- This site is optimized with the Yoast SEO plugin v27.5 - https:\/\/yoast.com\/product\/yoast-seo-wordpress\/ -->\n<title>DIRECTIVOS DEL PILT REALIZARON UN BRINDIS DE FIN DE A\u00d1O CON PERIODISTAS - PILT.com.ar<\/title>\n<meta name=\"robots\" content=\"index, follow, max-snippet:-1, max-image-preview:large, max-video-preview:-1\" \/>\n<link rel=\"canonical\" href=\"https:\/\/pilt.com.ar\/parque-industrial\/directivos-del-pilt-realizaron-un-brindis-de-fin-de-ano-con-periodistas\/\" \/>\n<meta property=\"og:locale\" content=\"es_ES\" \/>\n<meta property=\"og:type\" content=\"article\" \/>\n<meta property=\"og:title\" content=\"DIRECTIVOS DEL PILT REALIZARON UN BRINDIS DE FIN DE A\u00d1O CON PERIODISTAS - PILT.com.ar\" \/>\n<meta property=\"og:description\" content=\"Comunicadores de distintos medios participaron del encuentro concretado en el coworking de la entidad. Fueron recibidos por el presidente, ing. Carlos Pizzorno. El coworking recientemente habilitado fue el escenario de una amena reuni\u00f3n que congreg\u00f3 a diversos periodistas del medio con autoridades del Parque Industrial, Log\u00edstico y Tecnol\u00f3gico Villa Mar\u00eda (PILT) y de AERCA, en [&hellip;]\" \/>\n<meta property=\"og:url\" content=\"https:\/\/pilt.com.ar\/parque-industrial\/directivos-del-pilt-realizaron-un-brindis-de-fin-de-ano-con-periodistas\/\" \/>\n<meta property=\"og:site_name\" content=\"PILT.com.ar\" \/>\n<meta property=\"article:published_time\" content=\"2022-12-27T15:46:11+00:00\" \/>\n<meta property=\"article:modified_time\" content=\"2022-12-27T15:46:12+00:00\" \/>\n<meta property=\"og:image\" content=\"https:\/\/i0.wp.com\/pilt.com.ar\/parque-industrial\/wp-content\/uploads\/2022\/12\/WhatsApp-Image-2022-12-27-at-12.37.15.jpeg?fit=1024%2C768&ssl=1\" \/>\n\t<meta property=\"og:image:width\" content=\"1024\" \/>\n\t<meta property=\"og:image:height\" content=\"768\" \/>\n\t<meta property=\"og:image:type\" content=\"image\/jpeg\" \/>\n<meta name=\"author\" content=\"PILT\" \/>\n<meta name=\"twitter:card\" content=\"summary_large_image\" \/>\n<meta name=\"twitter:label1\" content=\"Escrito por\" \/>\n\t<meta name=\"twitter:data1\" content=\"PILT\" \/>\n\t<meta name=\"twitter:label2\" content=\"Tiempo de lectura\" \/>\n\t<meta name=\"twitter:data2\" content=\"2 minutos\" \/>\n<script type=\"application\/ld+json\" class=\"yoast-schema-graph\">{\"@context\":\"https:\\\/\\\/schema.org\",\"@graph\":[{\"@type\":\"Article\",\"@id\":\"https:\\\/\\\/pilt.com.ar\\\/parque-industrial\\\/directivos-del-pilt-realizaron-un-brindis-de-fin-de-ano-con-periodistas\\\/#article\",\"isPartOf\":{\"@id\":\"https:\\\/\\\/pilt.com.ar\\\/parque-industrial\\\/directivos-del-pilt-realizaron-un-brindis-de-fin-de-ano-con-periodistas\\\/\"},\"author\":{\"name\":\"PILT\",\"@id\":\"https:\\\/\\\/pilt.com.ar\\\/parque-industrial\\\/#\\\/schema\\\/person\\\/2dfb9e2464de1c3deef20c25c30a8306\"},\"headline\":\"DIRECTIVOS DEL PILT REALIZARON UN BRINDIS DE FIN DE A\u00d1O CON PERIODISTAS\",\"datePublished\":\"2022-12-27T15:46:11+00:00\",\"dateModified\":\"2022-12-27T15:46:12+00:00\",\"mainEntityOfPage\":{\"@id\":\"https:\\\/\\\/pilt.com.ar\\\/parque-industrial\\\/directivos-del-pilt-realizaron-un-brindis-de-fin-de-ano-con-periodistas\\\/\"},\"wordCount\":385,\"commentCount\":0,\"image\":{\"@id\":\"https:\\\/\\\/pilt.com.ar\\\/parque-industrial\\\/directivos-del-pilt-realizaron-un-brindis-de-fin-de-ano-con-periodistas\\\/#primaryimage\"},\"thumbnailUrl\":\"https:\\\/\\\/i0.wp.com\\\/pilt.com.ar\\\/parque-industrial\\\/wp-content\\\/uploads\\\/2022\\\/12\\\/WhatsApp-Image-2022-12-27-at-12.37.15.jpeg?fit=1024%2C768&ssl=1\",\"articleSection\":[\"Noticias\"],\"inLanguage\":\"es\",\"potentialAction\":[{\"@type\":\"CommentAction\",\"name\":\"Comment\",\"target\":[\"https:\\\/\\\/pilt.com.ar\\\/parque-industrial\\\/directivos-del-pilt-realizaron-un-brindis-de-fin-de-ano-con-periodistas\\\/#respond\"]}]},{\"@type\":\"WebPage\",\"@id\":\"https:\\\/\\\/pilt.com.ar\\\/parque-industrial\\\/directivos-del-pilt-realizaron-un-brindis-de-fin-de-ano-con-periodistas\\\/\",\"url\":\"https:\\\/\\\/pilt.com.ar\\\/parque-industrial\\\/directivos-del-pilt-realizaron-un-brindis-de-fin-de-ano-con-periodistas\\\/\",\"name\":\"DIRECTIVOS DEL PILT REALIZARON UN BRINDIS DE FIN DE A\u00d1O CON PERIODISTAS - PILT.com.ar\",\"isPartOf\":{\"@id\":\"https:\\\/\\\/pilt.com.ar\\\/parque-industrial\\\/#website\"},\"primaryImageOfPage\":{\"@id\":\"https:\\\/\\\/pilt.com.ar\\\/parque-industrial\\\/directivos-del-pilt-realizaron-un-brindis-de-fin-de-ano-con-periodistas\\\/#primaryimage\"},\"image\":{\"@id\":\"https:\\\/\\\/pilt.com.ar\\\/parque-industrial\\\/directivos-del-pilt-realizaron-un-brindis-de-fin-de-ano-con-periodistas\\\/#primaryimage\"},\"thumbnailUrl\":\"https:\\\/\\\/i0.wp.com\\\/pilt.com.ar\\\/parque-industrial\\\/wp-content\\\/uploads\\\/2022\\\/12\\\/WhatsApp-Image-2022-12-27-at-12.37.15.jpeg?fit=1024%2C768&ssl=1\",\"datePublished\":\"2022-12-27T15:46:11+00:00\",\"dateModified\":\"2022-12-27T15:46:12+00:00\",\"author\":{\"@id\":\"https:\\\/\\\/pilt.com.ar\\\/parque-industrial\\\/#\\\/schema\\\/person\\\/2dfb9e2464de1c3deef20c25c30a8306\"},\"inLanguage\":\"es\",\"potentialAction\":[{\"@type\":\"ReadAction\",\"target\":[\"https:\\\/\\\/pilt.com.ar\\\/parque-industrial\\\/directivos-del-pilt-realizaron-un-brindis-de-fin-de-ano-con-periodistas\\\/\"]}]},{\"@type\":\"ImageObject\",\"inLanguage\":\"es\",\"@id\":\"https:\\\/\\\/pilt.com.ar\\\/parque-industrial\\\/directivos-del-pilt-realizaron-un-brindis-de-fin-de-ano-con-periodistas\\\/#primaryimage\",\"url\":\"https:\\\/\\\/i0.wp.com\\\/pilt.com.ar\\\/parque-industrial\\\/wp-content\\\/uploads\\\/2022\\\/12\\\/WhatsApp-Image-2022-12-27-at-12.37.15.jpeg?fit=1024%2C768&ssl=1\",\"contentUrl\":\"https:\\\/\\\/i0.wp.com\\\/pilt.com.ar\\\/parque-industrial\\\/wp-content\\\/uploads\\\/2022\\\/12\\\/WhatsApp-Image-2022-12-27-at-12.37.15.jpeg?fit=1024%2C768&ssl=1\",\"width\":1024,\"height\":768},{\"@type\":\"WebSite\",\"@id\":\"https:\\\/\\\/pilt.com.ar\\\/parque-industrial\\\/#website\",\"url\":\"https:\\\/\\\/pilt.com.ar\\\/parque-industrial\\\/\",\"name\":\"PILT.com.ar\",\"description\":\"Parque Industrial, Log\u00edstico y Tecnol\u00f3gico Villa Mar\u00eda\",\"potentialAction\":[{\"@type\":\"SearchAction\",\"target\":{\"@type\":\"EntryPoint\",\"urlTemplate\":\"https:\\\/\\\/pilt.com.ar\\\/parque-industrial\\\/?s={search_term_string}\"},\"query-input\":{\"@type\":\"PropertyValueSpecification\",\"valueRequired\":true,\"valueName\":\"search_term_string\"}}],\"inLanguage\":\"es\"},{\"@type\":\"Person\",\"@id\":\"https:\\\/\\\/pilt.com.ar\\\/parque-industrial\\\/#\\\/schema\\\/person\\\/2dfb9e2464de1c3deef20c25c30a8306\",\"name\":\"PILT\",\"image\":{\"@type\":\"ImageObject\",\"inLanguage\":\"es\",\"@id\":\"https:\\\/\\\/secure.gravatar.com\\\/avatar\\\/5e3734c8d8c8e0b0d45f923c14a14d7b90521d573d02f0d91360a777095ee42b?s=96&d=mm&r=g\",\"url\":\"https:\\\/\\\/secure.gravatar.com\\\/avatar\\\/5e3734c8d8c8e0b0d45f923c14a14d7b90521d573d02f0d91360a777095ee42b?s=96&d=mm&r=g\",\"contentUrl\":\"https:\\\/\\\/secure.gravatar.com\\\/avatar\\\/5e3734c8d8c8e0b0d45f923c14a14d7b90521d573d02f0d91360a777095ee42b?s=96&d=mm&r=g\",\"caption\":\"PILT\"},\"url\":\"https:\\\/\\\/pilt.com.ar\\\/parque-industrial\\\/author\\\/pilt\\\/\"}]}<\/script>\n<!-- \/ Yoast SEO plugin. -->","yoast_head_json":{"title":"DIRECTIVOS DEL PILT REALIZARON UN BRINDIS DE FIN DE A\u00d1O CON PERIODISTAS - PILT.com.ar","robots":{"index":"index","follow":"follow","max-snippet":"max-snippet:-1","max-image-preview":"max-image-preview:large","max-video-preview":"max-video-preview:-1"},"canonical":"https:\/\/pilt.com.ar\/parque-industrial\/directivos-del-pilt-realizaron-un-brindis-de-fin-de-ano-con-periodistas\/","og_locale":"es_ES","og_type":"article","og_title":"DIRECTIVOS DEL PILT REALIZARON UN BRINDIS DE FIN DE A\u00d1O CON PERIODISTAS - PILT.com.ar","og_description":"Comunicadores de distintos medios participaron del encuentro concretado en el coworking de la entidad. Fueron recibidos por el presidente, ing. Carlos Pizzorno. El coworking recientemente habilitado fue el escenario de una amena reuni\u00f3n que congreg\u00f3 a diversos periodistas del medio con autoridades del Parque Industrial, Log\u00edstico y Tecnol\u00f3gico Villa Mar\u00eda (PILT) y de AERCA, en [&hellip;]","og_url":"https:\/\/pilt.com.ar\/parque-industrial\/directivos-del-pilt-realizaron-un-brindis-de-fin-de-ano-con-periodistas\/","og_site_name":"PILT.com.ar","article_published_time":"2022-12-27T15:46:11+00:00","article_modified_time":"2022-12-27T15:46:12+00:00","og_image":[{"width":1024,"height":768,"url":"https:\/\/i0.wp.com\/pilt.com.ar\/parque-industrial\/wp-content\/uploads\/2022\/12\/WhatsApp-Image-2022-12-27-at-12.37.15.jpeg?fit=1024%2C768&ssl=1","type":"image\/jpeg"}],"author":"PILT","twitter_card":"summary_large_image","twitter_misc":{"Escrito por":"PILT","Tiempo de lectura":"2 minutos"},"schema":{"@context":"https:\/\/schema.org","@graph":[{"@type":"Article","@id":"https:\/\/pilt.com.ar\/parque-industrial\/directivos-del-pilt-realizaron-un-brindis-de-fin-de-ano-con-periodistas\/#article","isPartOf":{"@id":"https:\/\/pilt.com.ar\/parque-industrial\/directivos-del-pilt-realizaron-un-brindis-de-fin-de-ano-con-periodistas\/"},"author":{"name":"PILT","@id":"https:\/\/pilt.com.ar\/parque-industrial\/#\/schema\/person\/2dfb9e2464de1c3deef20c25c30a8306"},"headline":"DIRECTIVOS DEL PILT REALIZARON UN BRINDIS DE FIN DE A\u00d1O CON PERIODISTAS","datePublished":"2022-12-27T15:46:11+00:00","dateModified":"2022-12-27T15:46:12+00:00","mainEntityOfPage":{"@id":"https:\/\/pilt.com.ar\/parque-industrial\/directivos-del-pilt-realizaron-un-brindis-de-fin-de-ano-con-periodistas\/"},"wordCount":385,"commentCount":0,"image":{"@id":"https:\/\/pilt.com.ar\/parque-industrial\/directivos-del-pilt-realizaron-un-brindis-de-fin-de-ano-con-periodistas\/#primaryimage"},"thumbnailUrl":"https:\/\/i0.wp.com\/pilt.com.ar\/parque-industrial\/wp-content\/uploads\/2022\/12\/WhatsApp-Image-2022-12-27-at-12.37.15.jpeg?fit=1024%2C768&ssl=1","articleSection":["Noticias"],"inLanguage":"es","potentialAction":[{"@type":"CommentAction","name":"Comment","target":["https:\/\/pilt.com.ar\/parque-industrial\/directivos-del-pilt-realizaron-un-brindis-de-fin-de-ano-con-periodistas\/#respond"]}]},{"@type":"WebPage","@id":"https:\/\/pilt.com.ar\/parque-industrial\/directivos-del-pilt-realizaron-un-brindis-de-fin-de-ano-con-periodistas\/","url":"https:\/\/pilt.com.ar\/parque-industrial\/directivos-del-pilt-realizaron-un-brindis-de-fin-de-ano-con-periodistas\/","name":"DIRECTIVOS DEL PILT REALIZARON UN BRINDIS DE FIN DE A\u00d1O CON PERIODISTAS - PILT.com.ar","isPartOf":{"@id":"https:\/\/pilt.com.ar\/parque-industrial\/#website"},"primaryImageOfPage":{"@id":"https:\/\/pilt.com.ar\/parque-industrial\/directivos-del-pilt-realizaron-un-brindis-de-fin-de-ano-con-periodistas\/#primaryimage"},"image":{"@id":"https:\/\/pilt.com.ar\/parque-industrial\/directivos-del-pilt-realizaron-un-brindis-de-fin-de-ano-con-periodistas\/#primaryimage"},"thumbnailUrl":"https:\/\/i0.wp.com\/pilt.com.ar\/parque-industrial\/wp-content\/uploads\/2022\/12\/WhatsApp-Image-2022-12-27-at-12.37.15.jpeg?fit=1024%2C768&ssl=1","datePublished":"2022-12-27T15:46:11+00:00","dateModified":"2022-12-27T15:46:12+00:00","author":{"@id":"https:\/\/pilt.com.ar\/parque-industrial\/#\/schema\/person\/2dfb9e2464de1c3deef20c25c30a8306"},"inLanguage":"es","potentialAction":[{"@type":"ReadAction","target":["https:\/\/pilt.com.ar\/parque-industrial\/directivos-del-pilt-realizaron-un-brindis-de-fin-de-ano-con-periodistas\/"]}]},{"@type":"ImageObject","inLanguage":"es","@id":"https:\/\/pilt.com.ar\/parque-industrial\/directivos-del-pilt-realizaron-un-brindis-de-fin-de-ano-con-periodistas\/#primaryimage","url":"https:\/\/i0.wp.com\/pilt.com.ar\/parque-industrial\/wp-content\/uploads\/2022\/12\/WhatsApp-Image-2022-12-27-at-12.37.15.jpeg?fit=1024%2C768&ssl=1","contentUrl":"https:\/\/i0.wp.com\/pilt.com.ar\/parque-industrial\/wp-content\/uploads\/2022\/12\/WhatsApp-Image-2022-12-27-at-12.37.15.jpeg?fit=1024%2C768&ssl=1","width":1024,"height":768},{"@type":"WebSite","@id":"https:\/\/pilt.com.ar\/parque-industrial\/#website","url":"https:\/\/pilt.com.ar\/parque-industrial\/","name":"PILT.com.ar","description":"Parque Industrial, Log\u00edstico y Tecnol\u00f3gico Villa Mar\u00eda","potentialAction":[{"@type":"SearchAction","target":{"@type":"EntryPoint","urlTemplate":"https:\/\/pilt.com.ar\/parque-industrial\/?s={search_term_string}"},"query-input":{"@type":"PropertyValueSpecification","valueRequired":true,"valueName":"search_term_string"}}],"inLanguage":"es"},{"@type":"Person","@id":"https:\/\/pilt.com.ar\/parque-industrial\/#\/schema\/person\/2dfb9e2464de1c3deef20c25c30a8306","name":"PILT","image":{"@type":"ImageObject","inLanguage":"es","@id":"https:\/\/secure.gravatar.com\/avatar\/5e3734c8d8c8e0b0d45f923c14a14d7b90521d573d02f0d91360a777095ee42b?s=96&d=mm&r=g","url":"https:\/\/secure.gravatar.com\/avatar\/5e3734c8d8c8e0b0d45f923c14a14d7b90521d573d02f0d91360a777095ee42b?s=96&d=mm&r=g","contentUrl":"https:\/\/secure.gravatar.com\/avatar\/5e3734c8d8c8e0b0d45f923c14a14d7b90521d573d02f0d91360a777095ee42b?s=96&d=mm&r=g","caption":"PILT"},"url":"https:\/\/pilt.com.ar\/parque-industrial\/author\/pilt\/"}]}},"jetpack_featured_media_url":"https:\/\/i0.wp.com\/pilt.com.ar\/parque-industrial\/wp-content\/uploads\/2022\/12\/WhatsApp-Image-2022-12-27-at-12.37.15.jpeg?fit=1024%2C768&ssl=1","jetpack_sharing_enabled":true,"_links":{"self":[{"href":"https:\/\/pilt.com.ar\/parque-industrial\/wp-json\/wp\/v2\/posts\/2689","targetHints":{"allow":["GET"]}}],"collection":[{"href":"https:\/\/pilt.com.ar\/parque-industrial\/wp-json\/wp\/v2\/posts"}],"about":[{"href":"https:\/\/pilt.com.ar\/parque-industrial\/wp-json\/wp\/v2\/types\/post"}],"author":[{"embeddable":true,"href":"https:\/\/pilt.com.ar\/parque-industrial\/wp-json\/wp\/v2\/users\/3"}],"replies":[{"embeddable":true,"href":"https:\/\/pilt.com.ar\/parque-industrial\/wp-json\/wp\/v2\/comments?post=2689"}],"version-history":[{"count":1,"href":"https:\/\/pilt.com.ar\/parque-industrial\/wp-json\/wp\/v2\/posts\/2689\/revisions"}],"predecessor-version":[{"id":2691,"href":"https:\/\/pilt.com.ar\/parque-industrial\/wp-json\/wp\/v2\/posts\/2689\/revisions\/2691"}],"wp:featuredmedia":[{"embeddable":true,"href":"https:\/\/pilt.com.ar\/parque-industrial\/wp-json\/wp\/v2\/media\/2690"}],"wp:attachment":[{"href":"https:\/\/pilt.com.ar\/parque-industrial\/wp-json\/wp\/v2\/media?parent=2689"}],"wp:term":[{"taxonomy":"category","embeddable":true,"href":"https:\/\/pilt.com.ar\/parque-industrial\/wp-json\/wp\/v2\/categories?post=2689"},{"taxonomy":"post_tag","embeddable":true,"href":"https:\/\/pilt.com.ar\/parque-industrial\/wp-json\/wp\/v2\/tags?post=2689"}],"curies":[{"name":"wp","href":"https:\/\/api.w.org\/{rel}","templated":true}]}}