{"id":2670,"date":"2022-12-07T15:20:09","date_gmt":"2022-12-07T18:20:09","guid":{"rendered":"https:\/\/pilt.com.ar\/parque-industrial\/?p=2670"},"modified":"2022-12-07T15:20:13","modified_gmt":"2022-12-07T18:20:13","slug":"abastecimientos-lacteos-amplio-su-planta-y-anadio-linea-de-produccion","status":"publish","type":"post","link":"https:\/\/pilt.com.ar\/parque-industrial\/abastecimientos-lacteos-amplio-su-planta-y-anadio-linea-de-produccion\/","title":{"rendered":"ABASTECIMIENTOS L\u00c1CTEOS AMPLI\u00d3 SU PLANTA Y A\u00d1ADI\u00d3 L\u00cdNEA DE PRODUCCI\u00d3N"},"content":{"rendered":"\n<p class=\"has-text-align-center\"><em>La firma que produce insumos para la industria l\u00e1ctea suma tambi\u00e9n productos para panificaci\u00f3n.<\/em><\/p>\n\n\n\n<p class=\"has-text-align-justify\">La empresa Abastecimientos L\u00e1cteos, con casa central en Uruguay, ampli\u00f3 su estructura en el Parque Industrial, Log\u00edstico y Tecnol\u00f3gico Villa Mar\u00eda (PILT), a los fines de sumar una unidad de negocios y aumentar su capacidad de almacenaje.<\/p>\n\n\n\n<p class=\"has-text-align-justify\">Seg\u00fan explic\u00f3 uno de los socios, Diego Whurt, las tareas responden a la planificaci\u00f3n de obra, que comprende separar las salas de producci\u00f3n del dep\u00f3sito, ensanchando ambos sectores.<\/p>\n\n\n\n<p class=\"has-text-align-justify\">\u201cEn esta segunda etapa construimos un nuevo espacio para colocar all\u00ed las dos salas de producci\u00f3n, una de mezclado de polvos para la elaboraci\u00f3n de nuestros formulados, y otra de l\u00edquidos, con c\u00e1mara y un laboratorio para fraccionar productos\u201d, indic\u00f3 el empresario.<\/p>\n\n\n\n<p class=\"has-text-align-justify\">La firma produce diversos insumos para la industria l\u00e1ctea, como conservantes, pinturas para quesos y sistemas de estabilizaci\u00f3n para quesos, yogurt o dulce de leche.<\/p>\n\n\n\n<p class=\"has-text-align-justify\">Whurt agreg\u00f3 que tambi\u00e9n se modific\u00f3 la nave construida inicialmente, quedando un espacio para sala de reuniones y una planta piloto de panificaci\u00f3n.<\/p>\n\n\n\n<p class=\"has-text-align-justify\">\u201cNosotros vendemos productos para los molinos, entre ellos mejoradores de harina; y tambi\u00e9n para panader\u00edas, como aquellos que tienen como funci\u00f3n optimizar la frescura del pan lactal\u201d, sostuvo el industrial.<\/p>\n\n\n\n<p class=\"has-text-align-justify\">Cabe mencionar que Abastecimientos L\u00e1cteos cuenta con 15 personas que trabajan de manera directa en la firma, 3 de las cuales se sumaron por la nueva unidad de negocios. Y no descartan ampliar su dotaci\u00f3n, si las condiciones de mercado lo requieren.<\/p>\n","protected":false},"excerpt":{"rendered":"<p>La firma que produce insumos para la industria l\u00e1ctea suma tambi\u00e9n productos para panificaci\u00f3n. La empresa Abastecimientos L\u00e1cteos, con casa central en Uruguay, ampli\u00f3 su estructura en el Parque Industrial, Log\u00edstico y Tecnol\u00f3gico Villa Mar\u00eda (PILT), a los fines de sumar una unidad de negocios y aumentar su capacidad de almacenaje. Seg\u00fan explic\u00f3 uno de [&hellip;]<\/p>\n","protected":false},"author":3,"featured_media":2671,"comment_status":"open","ping_status":"open","sticky":false,"template":"","format":"standard","meta":{"_jetpack_memberships_contains_paid_content":false,"footnotes":""},"categories":[2],"tags":[],"class_list":["post-2670","post","type-post","status-publish","format-standard","has-post-thumbnail","hentry","category-noticias"],"yoast_head":"<!-- This site is optimized with the Yoast SEO plugin v27.5 - https:\/\/yoast.com\/product\/yoast-seo-wordpress\/ -->\n<title>ABASTECIMIENTOS L\u00c1CTEOS AMPLI\u00d3 SU PLANTA Y A\u00d1ADI\u00d3 L\u00cdNEA DE PRODUCCI\u00d3N - PILT.com.ar<\/title>\n<meta name=\"robots\" content=\"index, follow, max-snippet:-1, max-image-preview:large, max-video-preview:-1\" \/>\n<link rel=\"canonical\" href=\"https:\/\/pilt.com.ar\/parque-industrial\/abastecimientos-lacteos-amplio-su-planta-y-anadio-linea-de-produccion\/\" \/>\n<meta property=\"og:locale\" content=\"es_ES\" \/>\n<meta property=\"og:type\" content=\"article\" \/>\n<meta property=\"og:title\" content=\"ABASTECIMIENTOS L\u00c1CTEOS AMPLI\u00d3 SU PLANTA Y A\u00d1ADI\u00d3 L\u00cdNEA DE PRODUCCI\u00d3N - PILT.com.ar\" \/>\n<meta property=\"og:description\" content=\"La firma que produce insumos para la industria l\u00e1ctea suma tambi\u00e9n productos para panificaci\u00f3n. La empresa Abastecimientos L\u00e1cteos, con casa central en Uruguay, ampli\u00f3 su estructura en el Parque Industrial, Log\u00edstico y Tecnol\u00f3gico Villa Mar\u00eda (PILT), a los fines de sumar una unidad de negocios y aumentar su capacidad de almacenaje. Seg\u00fan explic\u00f3 uno de [&hellip;]\" \/>\n<meta property=\"og:url\" content=\"https:\/\/pilt.com.ar\/parque-industrial\/abastecimientos-lacteos-amplio-su-planta-y-anadio-linea-de-produccion\/\" \/>\n<meta property=\"og:site_name\" content=\"PILT.com.ar\" \/>\n<meta property=\"article:published_time\" content=\"2022-12-07T18:20:09+00:00\" \/>\n<meta property=\"article:modified_time\" content=\"2022-12-07T18:20:13+00:00\" \/>\n<meta property=\"og:image\" content=\"https:\/\/i0.wp.com\/pilt.com.ar\/parque-industrial\/wp-content\/uploads\/2022\/12\/WhatsApp-Image-2022-12-07-at-14.10.45.jpeg?fit=1920%2C1080&ssl=1\" \/>\n\t<meta property=\"og:image:width\" content=\"1920\" \/>\n\t<meta property=\"og:image:height\" content=\"1080\" \/>\n\t<meta property=\"og:image:type\" content=\"image\/jpeg\" \/>\n<meta name=\"author\" content=\"PILT\" \/>\n<meta name=\"twitter:card\" content=\"summary_large_image\" \/>\n<meta name=\"twitter:label1\" content=\"Escrito por\" \/>\n\t<meta name=\"twitter:data1\" content=\"PILT\" \/>\n\t<meta name=\"twitter:label2\" content=\"Tiempo de lectura\" \/>\n\t<meta name=\"twitter:data2\" content=\"2 minutos\" \/>\n<script type=\"application\/ld+json\" class=\"yoast-schema-graph\">{\"@context\":\"https:\\\/\\\/schema.org\",\"@graph\":[{\"@type\":\"Article\",\"@id\":\"https:\\\/\\\/pilt.com.ar\\\/parque-industrial\\\/abastecimientos-lacteos-amplio-su-planta-y-anadio-linea-de-produccion\\\/#article\",\"isPartOf\":{\"@id\":\"https:\\\/\\\/pilt.com.ar\\\/parque-industrial\\\/abastecimientos-lacteos-amplio-su-planta-y-anadio-linea-de-produccion\\\/\"},\"author\":{\"name\":\"PILT\",\"@id\":\"https:\\\/\\\/pilt.com.ar\\\/parque-industrial\\\/#\\\/schema\\\/person\\\/2dfb9e2464de1c3deef20c25c30a8306\"},\"headline\":\"ABASTECIMIENTOS L\u00c1CTEOS AMPLI\u00d3 SU PLANTA Y A\u00d1ADI\u00d3 L\u00cdNEA DE PRODUCCI\u00d3N\",\"datePublished\":\"2022-12-07T18:20:09+00:00\",\"dateModified\":\"2022-12-07T18:20:13+00:00\",\"mainEntityOfPage\":{\"@id\":\"https:\\\/\\\/pilt.com.ar\\\/parque-industrial\\\/abastecimientos-lacteos-amplio-su-planta-y-anadio-linea-de-produccion\\\/\"},\"wordCount\":277,\"commentCount\":0,\"image\":{\"@id\":\"https:\\\/\\\/pilt.com.ar\\\/parque-industrial\\\/abastecimientos-lacteos-amplio-su-planta-y-anadio-linea-de-produccion\\\/#primaryimage\"},\"thumbnailUrl\":\"https:\\\/\\\/i0.wp.com\\\/pilt.com.ar\\\/parque-industrial\\\/wp-content\\\/uploads\\\/2022\\\/12\\\/WhatsApp-Image-2022-12-07-at-14.10.45.jpeg?fit=1920%2C1080&ssl=1\",\"articleSection\":[\"Noticias\"],\"inLanguage\":\"es\",\"potentialAction\":[{\"@type\":\"CommentAction\",\"name\":\"Comment\",\"target\":[\"https:\\\/\\\/pilt.com.ar\\\/parque-industrial\\\/abastecimientos-lacteos-amplio-su-planta-y-anadio-linea-de-produccion\\\/#respond\"]}]},{\"@type\":\"WebPage\",\"@id\":\"https:\\\/\\\/pilt.com.ar\\\/parque-industrial\\\/abastecimientos-lacteos-amplio-su-planta-y-anadio-linea-de-produccion\\\/\",\"url\":\"https:\\\/\\\/pilt.com.ar\\\/parque-industrial\\\/abastecimientos-lacteos-amplio-su-planta-y-anadio-linea-de-produccion\\\/\",\"name\":\"ABASTECIMIENTOS L\u00c1CTEOS AMPLI\u00d3 SU PLANTA Y A\u00d1ADI\u00d3 L\u00cdNEA DE PRODUCCI\u00d3N - PILT.com.ar\",\"isPartOf\":{\"@id\":\"https:\\\/\\\/pilt.com.ar\\\/parque-industrial\\\/#website\"},\"primaryImageOfPage\":{\"@id\":\"https:\\\/\\\/pilt.com.ar\\\/parque-industrial\\\/abastecimientos-lacteos-amplio-su-planta-y-anadio-linea-de-produccion\\\/#primaryimage\"},\"image\":{\"@id\":\"https:\\\/\\\/pilt.com.ar\\\/parque-industrial\\\/abastecimientos-lacteos-amplio-su-planta-y-anadio-linea-de-produccion\\\/#primaryimage\"},\"thumbnailUrl\":\"https:\\\/\\\/i0.wp.com\\\/pilt.com.ar\\\/parque-industrial\\\/wp-content\\\/uploads\\\/2022\\\/12\\\/WhatsApp-Image-2022-12-07-at-14.10.45.jpeg?fit=1920%2C1080&ssl=1\",\"datePublished\":\"2022-12-07T18:20:09+00:00\",\"dateModified\":\"2022-12-07T18:20:13+00:00\",\"author\":{\"@id\":\"https:\\\/\\\/pilt.com.ar\\\/parque-industrial\\\/#\\\/schema\\\/person\\\/2dfb9e2464de1c3deef20c25c30a8306\"},\"inLanguage\":\"es\",\"potentialAction\":[{\"@type\":\"ReadAction\",\"target\":[\"https:\\\/\\\/pilt.com.ar\\\/parque-industrial\\\/abastecimientos-lacteos-amplio-su-planta-y-anadio-linea-de-produccion\\\/\"]}]},{\"@type\":\"ImageObject\",\"inLanguage\":\"es\",\"@id\":\"https:\\\/\\\/pilt.com.ar\\\/parque-industrial\\\/abastecimientos-lacteos-amplio-su-planta-y-anadio-linea-de-produccion\\\/#primaryimage\",\"url\":\"https:\\\/\\\/i0.wp.com\\\/pilt.com.ar\\\/parque-industrial\\\/wp-content\\\/uploads\\\/2022\\\/12\\\/WhatsApp-Image-2022-12-07-at-14.10.45.jpeg?fit=1920%2C1080&ssl=1\",\"contentUrl\":\"https:\\\/\\\/i0.wp.com\\\/pilt.com.ar\\\/parque-industrial\\\/wp-content\\\/uploads\\\/2022\\\/12\\\/WhatsApp-Image-2022-12-07-at-14.10.45.jpeg?fit=1920%2C1080&ssl=1\",\"width\":1920,\"height\":1080},{\"@type\":\"WebSite\",\"@id\":\"https:\\\/\\\/pilt.com.ar\\\/parque-industrial\\\/#website\",\"url\":\"https:\\\/\\\/pilt.com.ar\\\/parque-industrial\\\/\",\"name\":\"PILT.com.ar\",\"description\":\"Parque Industrial, Log\u00edstico y Tecnol\u00f3gico Villa Mar\u00eda\",\"potentialAction\":[{\"@type\":\"SearchAction\",\"target\":{\"@type\":\"EntryPoint\",\"urlTemplate\":\"https:\\\/\\\/pilt.com.ar\\\/parque-industrial\\\/?s={search_term_string}\"},\"query-input\":{\"@type\":\"PropertyValueSpecification\",\"valueRequired\":true,\"valueName\":\"search_term_string\"}}],\"inLanguage\":\"es\"},{\"@type\":\"Person\",\"@id\":\"https:\\\/\\\/pilt.com.ar\\\/parque-industrial\\\/#\\\/schema\\\/person\\\/2dfb9e2464de1c3deef20c25c30a8306\",\"name\":\"PILT\",\"image\":{\"@type\":\"ImageObject\",\"inLanguage\":\"es\",\"@id\":\"https:\\\/\\\/secure.gravatar.com\\\/avatar\\\/5e3734c8d8c8e0b0d45f923c14a14d7b90521d573d02f0d91360a777095ee42b?s=96&d=mm&r=g\",\"url\":\"https:\\\/\\\/secure.gravatar.com\\\/avatar\\\/5e3734c8d8c8e0b0d45f923c14a14d7b90521d573d02f0d91360a777095ee42b?s=96&d=mm&r=g\",\"contentUrl\":\"https:\\\/\\\/secure.gravatar.com\\\/avatar\\\/5e3734c8d8c8e0b0d45f923c14a14d7b90521d573d02f0d91360a777095ee42b?s=96&d=mm&r=g\",\"caption\":\"PILT\"},\"url\":\"https:\\\/\\\/pilt.com.ar\\\/parque-industrial\\\/author\\\/pilt\\\/\"}]}<\/script>\n<!-- \/ Yoast SEO plugin. -->","yoast_head_json":{"title":"ABASTECIMIENTOS L\u00c1CTEOS AMPLI\u00d3 SU PLANTA Y A\u00d1ADI\u00d3 L\u00cdNEA DE PRODUCCI\u00d3N - PILT.com.ar","robots":{"index":"index","follow":"follow","max-snippet":"max-snippet:-1","max-image-preview":"max-image-preview:large","max-video-preview":"max-video-preview:-1"},"canonical":"https:\/\/pilt.com.ar\/parque-industrial\/abastecimientos-lacteos-amplio-su-planta-y-anadio-linea-de-produccion\/","og_locale":"es_ES","og_type":"article","og_title":"ABASTECIMIENTOS L\u00c1CTEOS AMPLI\u00d3 SU PLANTA Y A\u00d1ADI\u00d3 L\u00cdNEA DE PRODUCCI\u00d3N - PILT.com.ar","og_description":"La firma que produce insumos para la industria l\u00e1ctea suma tambi\u00e9n productos para panificaci\u00f3n. La empresa Abastecimientos L\u00e1cteos, con casa central en Uruguay, ampli\u00f3 su estructura en el Parque Industrial, Log\u00edstico y Tecnol\u00f3gico Villa Mar\u00eda (PILT), a los fines de sumar una unidad de negocios y aumentar su capacidad de almacenaje. Seg\u00fan explic\u00f3 uno de [&hellip;]","og_url":"https:\/\/pilt.com.ar\/parque-industrial\/abastecimientos-lacteos-amplio-su-planta-y-anadio-linea-de-produccion\/","og_site_name":"PILT.com.ar","article_published_time":"2022-12-07T18:20:09+00:00","article_modified_time":"2022-12-07T18:20:13+00:00","og_image":[{"width":1920,"height":1080,"url":"https:\/\/i0.wp.com\/pilt.com.ar\/parque-industrial\/wp-content\/uploads\/2022\/12\/WhatsApp-Image-2022-12-07-at-14.10.45.jpeg?fit=1920%2C1080&ssl=1","type":"image\/jpeg"}],"author":"PILT","twitter_card":"summary_large_image","twitter_misc":{"Escrito por":"PILT","Tiempo de lectura":"2 minutos"},"schema":{"@context":"https:\/\/schema.org","@graph":[{"@type":"Article","@id":"https:\/\/pilt.com.ar\/parque-industrial\/abastecimientos-lacteos-amplio-su-planta-y-anadio-linea-de-produccion\/#article","isPartOf":{"@id":"https:\/\/pilt.com.ar\/parque-industrial\/abastecimientos-lacteos-amplio-su-planta-y-anadio-linea-de-produccion\/"},"author":{"name":"PILT","@id":"https:\/\/pilt.com.ar\/parque-industrial\/#\/schema\/person\/2dfb9e2464de1c3deef20c25c30a8306"},"headline":"ABASTECIMIENTOS L\u00c1CTEOS AMPLI\u00d3 SU PLANTA Y A\u00d1ADI\u00d3 L\u00cdNEA DE PRODUCCI\u00d3N","datePublished":"2022-12-07T18:20:09+00:00","dateModified":"2022-12-07T18:20:13+00:00","mainEntityOfPage":{"@id":"https:\/\/pilt.com.ar\/parque-industrial\/abastecimientos-lacteos-amplio-su-planta-y-anadio-linea-de-produccion\/"},"wordCount":277,"commentCount":0,"image":{"@id":"https:\/\/pilt.com.ar\/parque-industrial\/abastecimientos-lacteos-amplio-su-planta-y-anadio-linea-de-produccion\/#primaryimage"},"thumbnailUrl":"https:\/\/i0.wp.com\/pilt.com.ar\/parque-industrial\/wp-content\/uploads\/2022\/12\/WhatsApp-Image-2022-12-07-at-14.10.45.jpeg?fit=1920%2C1080&ssl=1","articleSection":["Noticias"],"inLanguage":"es","potentialAction":[{"@type":"CommentAction","name":"Comment","target":["https:\/\/pilt.com.ar\/parque-industrial\/abastecimientos-lacteos-amplio-su-planta-y-anadio-linea-de-produccion\/#respond"]}]},{"@type":"WebPage","@id":"https:\/\/pilt.com.ar\/parque-industrial\/abastecimientos-lacteos-amplio-su-planta-y-anadio-linea-de-produccion\/","url":"https:\/\/pilt.com.ar\/parque-industrial\/abastecimientos-lacteos-amplio-su-planta-y-anadio-linea-de-produccion\/","name":"ABASTECIMIENTOS L\u00c1CTEOS AMPLI\u00d3 SU PLANTA Y A\u00d1ADI\u00d3 L\u00cdNEA DE PRODUCCI\u00d3N - PILT.com.ar","isPartOf":{"@id":"https:\/\/pilt.com.ar\/parque-industrial\/#website"},"primaryImageOfPage":{"@id":"https:\/\/pilt.com.ar\/parque-industrial\/abastecimientos-lacteos-amplio-su-planta-y-anadio-linea-de-produccion\/#primaryimage"},"image":{"@id":"https:\/\/pilt.com.ar\/parque-industrial\/abastecimientos-lacteos-amplio-su-planta-y-anadio-linea-de-produccion\/#primaryimage"},"thumbnailUrl":"https:\/\/i0.wp.com\/pilt.com.ar\/parque-industrial\/wp-content\/uploads\/2022\/12\/WhatsApp-Image-2022-12-07-at-14.10.45.jpeg?fit=1920%2C1080&ssl=1","datePublished":"2022-12-07T18:20:09+00:00","dateModified":"2022-12-07T18:20:13+00:00","author":{"@id":"https:\/\/pilt.com.ar\/parque-industrial\/#\/schema\/person\/2dfb9e2464de1c3deef20c25c30a8306"},"inLanguage":"es","potentialAction":[{"@type":"ReadAction","target":["https:\/\/pilt.com.ar\/parque-industrial\/abastecimientos-lacteos-amplio-su-planta-y-anadio-linea-de-produccion\/"]}]},{"@type":"ImageObject","inLanguage":"es","@id":"https:\/\/pilt.com.ar\/parque-industrial\/abastecimientos-lacteos-amplio-su-planta-y-anadio-linea-de-produccion\/#primaryimage","url":"https:\/\/i0.wp.com\/pilt.com.ar\/parque-industrial\/wp-content\/uploads\/2022\/12\/WhatsApp-Image-2022-12-07-at-14.10.45.jpeg?fit=1920%2C1080&ssl=1","contentUrl":"https:\/\/i0.wp.com\/pilt.com.ar\/parque-industrial\/wp-content\/uploads\/2022\/12\/WhatsApp-Image-2022-12-07-at-14.10.45.jpeg?fit=1920%2C1080&ssl=1","width":1920,"height":1080},{"@type":"WebSite","@id":"https:\/\/pilt.com.ar\/parque-industrial\/#website","url":"https:\/\/pilt.com.ar\/parque-industrial\/","name":"PILT.com.ar","description":"Parque Industrial, Log\u00edstico y Tecnol\u00f3gico Villa Mar\u00eda","potentialAction":[{"@type":"SearchAction","target":{"@type":"EntryPoint","urlTemplate":"https:\/\/pilt.com.ar\/parque-industrial\/?s={search_term_string}"},"query-input":{"@type":"PropertyValueSpecification","valueRequired":true,"valueName":"search_term_string"}}],"inLanguage":"es"},{"@type":"Person","@id":"https:\/\/pilt.com.ar\/parque-industrial\/#\/schema\/person\/2dfb9e2464de1c3deef20c25c30a8306","name":"PILT","image":{"@type":"ImageObject","inLanguage":"es","@id":"https:\/\/secure.gravatar.com\/avatar\/5e3734c8d8c8e0b0d45f923c14a14d7b90521d573d02f0d91360a777095ee42b?s=96&d=mm&r=g","url":"https:\/\/secure.gravatar.com\/avatar\/5e3734c8d8c8e0b0d45f923c14a14d7b90521d573d02f0d91360a777095ee42b?s=96&d=mm&r=g","contentUrl":"https:\/\/secure.gravatar.com\/avatar\/5e3734c8d8c8e0b0d45f923c14a14d7b90521d573d02f0d91360a777095ee42b?s=96&d=mm&r=g","caption":"PILT"},"url":"https:\/\/pilt.com.ar\/parque-industrial\/author\/pilt\/"}]}},"jetpack_featured_media_url":"https:\/\/i0.wp.com\/pilt.com.ar\/parque-industrial\/wp-content\/uploads\/2022\/12\/WhatsApp-Image-2022-12-07-at-14.10.45.jpeg?fit=1920%2C1080&ssl=1","jetpack_sharing_enabled":true,"_links":{"self":[{"href":"https:\/\/pilt.com.ar\/parque-industrial\/wp-json\/wp\/v2\/posts\/2670","targetHints":{"allow":["GET"]}}],"collection":[{"href":"https:\/\/pilt.com.ar\/parque-industrial\/wp-json\/wp\/v2\/posts"}],"about":[{"href":"https:\/\/pilt.com.ar\/parque-industrial\/wp-json\/wp\/v2\/types\/post"}],"author":[{"embeddable":true,"href":"https:\/\/pilt.com.ar\/parque-industrial\/wp-json\/wp\/v2\/users\/3"}],"replies":[{"embeddable":true,"href":"https:\/\/pilt.com.ar\/parque-industrial\/wp-json\/wp\/v2\/comments?post=2670"}],"version-history":[{"count":1,"href":"https:\/\/pilt.com.ar\/parque-industrial\/wp-json\/wp\/v2\/posts\/2670\/revisions"}],"predecessor-version":[{"id":2672,"href":"https:\/\/pilt.com.ar\/parque-industrial\/wp-json\/wp\/v2\/posts\/2670\/revisions\/2672"}],"wp:featuredmedia":[{"embeddable":true,"href":"https:\/\/pilt.com.ar\/parque-industrial\/wp-json\/wp\/v2\/media\/2671"}],"wp:attachment":[{"href":"https:\/\/pilt.com.ar\/parque-industrial\/wp-json\/wp\/v2\/media?parent=2670"}],"wp:term":[{"taxonomy":"category","embeddable":true,"href":"https:\/\/pilt.com.ar\/parque-industrial\/wp-json\/wp\/v2\/categories?post=2670"},{"taxonomy":"post_tag","embeddable":true,"href":"https:\/\/pilt.com.ar\/parque-industrial\/wp-json\/wp\/v2\/tags?post=2670"}],"curies":[{"name":"wp","href":"https:\/\/api.w.org\/{rel}","templated":true}]}}