{"id":2667,"date":"2022-12-02T11:22:39","date_gmt":"2022-12-02T14:22:39","guid":{"rendered":"https:\/\/pilt.com.ar\/parque-industrial\/?p=2667"},"modified":"2022-12-02T11:22:43","modified_gmt":"2022-12-02T14:22:43","slug":"el-concejo-deliberante-de-villa-maria-sesiono-en-el-pilt","status":"publish","type":"post","link":"https:\/\/pilt.com.ar\/parque-industrial\/el-concejo-deliberante-de-villa-maria-sesiono-en-el-pilt\/","title":{"rendered":"EL CONCEJO DELIBERANTE DE VILLA MAR\u00cdA SESION\u00d3 EN EL PILT"},"content":{"rendered":"\n<p class=\"has-text-align-center\"><em>En el sal\u00f3n de usos m\u00faltiples del Ente los concejales aprobaron por unanimidad un proyecto de ordenanza para promover la econom\u00eda del conocimiento.<\/em><\/p>\n\n\n\n<p class=\"has-text-align-justify\">En el Parque Industrial, Log\u00edstico y Tecnol\u00f3gico Villa Mar\u00eda (PILT) se vivi\u00f3 una jornada at\u00edpica. El sal\u00f3n de usos m\u00faltiples de la entidad se transform\u00f3 en el recinto que sirvi\u00f3 para la sesi\u00f3n del Concejo Deliberante de la ciudad.<\/p>\n\n\n\n<p class=\"has-text-align-justify\">De la apertura particip\u00f3 el titular del PILT, Ing. Carlos Pizzorno, quien agradeci\u00f3 la presencia de los concejales y se puso a disposici\u00f3n ante cualquier consulta e informaci\u00f3n que tenga que ver con el desarrollo de la entidad.<\/p>\n\n\n\n<p class=\"has-text-align-justify\">Seguidamente dio inicio formal la sesi\u00f3n, que estuvo presidida por el titular del Concejo, Pablo Rosso. Entre las distintas iniciativas que se detallaron, la m\u00e1s significativa fue la puesta a consideraci\u00f3n de un Proyecto de Ordenanza para promover a la econom\u00eda del conocimiento. Justamente por la tem\u00e1tica en cuesti\u00f3n, participaron del encuentro referentes de empresas del sector, encabezados por el presidente del Cl\u00faster de Impulso Tecnol\u00f3gico, Marcos Vega.<\/p>\n\n\n\n<p class=\"has-text-align-justify\">Vale mencionar que el proyecto, que fue aprobado por unanimidad, contempla ventajas impositivas para las empresas del rubro por 10 a\u00f1os. Entre ellas se desatacan:<\/p>\n\n\n\n<p class=\"has-text-align-justify\">&#8211; Exenci\u00f3n del 100 % de la Contribuci\u00f3n que incide sobre la actividad Comercial, Industrial y de Servicios, para los ingresos provenientes del desarrollo de las actividades econ\u00f3micas promovidas.<\/p>\n\n\n\n<p class=\"has-text-align-justify\">&#8211; Exenci\u00f3n del 100% de las Tasas, sellados y derechos de construcci\u00f3n previstos en la Ordenanza Tarifaria vigentes y Ordenanzas Especiales y Contribuci\u00f3n por servicios relativos a la construcci\u00f3n de obras privadas, para todos los actos de construcci\u00f3n o desarrollo de espacios de edificaci\u00f3n, contratos y\/o instrumentos que se celebren con motivo de la ejecuci\u00f3n, explotaci\u00f3n y\/o desarrollo de las actividades comprendidas en la citada ordenanza.&nbsp;<\/p>\n\n\n\n<p class=\"has-text-align-justify\">&#8211; Exenci\u00f3n del 100% de la Tasa de Servicios a la Propiedad, a los inmuebles que se encuentren destinados o afectados al desarrollo de las actividades econ\u00f3micas promovidas, sean de propiedad del beneficiario o se encuentren bajo sucesi\u00f3n, uso, locaci\u00f3n, comodato o tenencia con contratos o convenios a su nombre que as\u00ed lo acrediten, siempre que recaiga sobre el beneficiario la obligaci\u00f3n de pago de esa contribuci\u00f3n, y mientras dure la misma.<\/p>\n","protected":false},"excerpt":{"rendered":"<p>En el sal\u00f3n de usos m\u00faltiples del Ente los concejales aprobaron por unanimidad un proyecto de ordenanza para promover la econom\u00eda del conocimiento. En el Parque Industrial, Log\u00edstico y Tecnol\u00f3gico Villa Mar\u00eda (PILT) se vivi\u00f3 una jornada at\u00edpica. El sal\u00f3n de usos m\u00faltiples de la entidad se transform\u00f3 en el recinto que sirvi\u00f3 para la [&hellip;]<\/p>\n","protected":false},"author":3,"featured_media":2668,"comment_status":"open","ping_status":"open","sticky":false,"template":"","format":"standard","meta":{"_jetpack_memberships_contains_paid_content":false,"footnotes":""},"categories":[2],"tags":[],"class_list":["post-2667","post","type-post","status-publish","format-standard","has-post-thumbnail","hentry","category-noticias"],"yoast_head":"<!-- This site is optimized with the Yoast SEO plugin v27.5 - https:\/\/yoast.com\/product\/yoast-seo-wordpress\/ -->\n<title>EL CONCEJO DELIBERANTE DE VILLA MAR\u00cdA SESION\u00d3 EN EL PILT - PILT.com.ar<\/title>\n<meta name=\"robots\" content=\"index, follow, max-snippet:-1, max-image-preview:large, max-video-preview:-1\" \/>\n<link rel=\"canonical\" href=\"https:\/\/pilt.com.ar\/parque-industrial\/el-concejo-deliberante-de-villa-maria-sesiono-en-el-pilt\/\" \/>\n<meta property=\"og:locale\" content=\"es_ES\" \/>\n<meta property=\"og:type\" content=\"article\" \/>\n<meta property=\"og:title\" content=\"EL CONCEJO DELIBERANTE DE VILLA MAR\u00cdA SESION\u00d3 EN EL PILT - PILT.com.ar\" \/>\n<meta property=\"og:description\" content=\"En el sal\u00f3n de usos m\u00faltiples del Ente los concejales aprobaron por unanimidad un proyecto de ordenanza para promover la econom\u00eda del conocimiento. En el Parque Industrial, Log\u00edstico y Tecnol\u00f3gico Villa Mar\u00eda (PILT) se vivi\u00f3 una jornada at\u00edpica. El sal\u00f3n de usos m\u00faltiples de la entidad se transform\u00f3 en el recinto que sirvi\u00f3 para la [&hellip;]\" \/>\n<meta property=\"og:url\" content=\"https:\/\/pilt.com.ar\/parque-industrial\/el-concejo-deliberante-de-villa-maria-sesiono-en-el-pilt\/\" \/>\n<meta property=\"og:site_name\" content=\"PILT.com.ar\" \/>\n<meta property=\"article:published_time\" content=\"2022-12-02T14:22:39+00:00\" \/>\n<meta property=\"article:modified_time\" content=\"2022-12-02T14:22:43+00:00\" \/>\n<meta property=\"og:image\" content=\"https:\/\/i0.wp.com\/pilt.com.ar\/parque-industrial\/wp-content\/uploads\/2022\/12\/WhatsApp-Image-2022-12-01-at-19.16.50.jpeg?fit=1600%2C826&ssl=1\" \/>\n\t<meta property=\"og:image:width\" content=\"1600\" \/>\n\t<meta property=\"og:image:height\" content=\"826\" \/>\n\t<meta property=\"og:image:type\" content=\"image\/jpeg\" \/>\n<meta name=\"author\" content=\"PILT\" \/>\n<meta name=\"twitter:card\" content=\"summary_large_image\" \/>\n<meta name=\"twitter:label1\" content=\"Escrito por\" \/>\n\t<meta name=\"twitter:data1\" content=\"PILT\" \/>\n\t<meta name=\"twitter:label2\" content=\"Tiempo de lectura\" \/>\n\t<meta name=\"twitter:data2\" content=\"2 minutos\" \/>\n<script type=\"application\/ld+json\" class=\"yoast-schema-graph\">{\"@context\":\"https:\\\/\\\/schema.org\",\"@graph\":[{\"@type\":\"Article\",\"@id\":\"https:\\\/\\\/pilt.com.ar\\\/parque-industrial\\\/el-concejo-deliberante-de-villa-maria-sesiono-en-el-pilt\\\/#article\",\"isPartOf\":{\"@id\":\"https:\\\/\\\/pilt.com.ar\\\/parque-industrial\\\/el-concejo-deliberante-de-villa-maria-sesiono-en-el-pilt\\\/\"},\"author\":{\"name\":\"PILT\",\"@id\":\"https:\\\/\\\/pilt.com.ar\\\/parque-industrial\\\/#\\\/schema\\\/person\\\/2dfb9e2464de1c3deef20c25c30a8306\"},\"headline\":\"EL CONCEJO DELIBERANTE DE VILLA MAR\u00cdA SESION\u00d3 EN EL PILT\",\"datePublished\":\"2022-12-02T14:22:39+00:00\",\"dateModified\":\"2022-12-02T14:22:43+00:00\",\"mainEntityOfPage\":{\"@id\":\"https:\\\/\\\/pilt.com.ar\\\/parque-industrial\\\/el-concejo-deliberante-de-villa-maria-sesiono-en-el-pilt\\\/\"},\"wordCount\":407,\"commentCount\":0,\"image\":{\"@id\":\"https:\\\/\\\/pilt.com.ar\\\/parque-industrial\\\/el-concejo-deliberante-de-villa-maria-sesiono-en-el-pilt\\\/#primaryimage\"},\"thumbnailUrl\":\"https:\\\/\\\/i0.wp.com\\\/pilt.com.ar\\\/parque-industrial\\\/wp-content\\\/uploads\\\/2022\\\/12\\\/WhatsApp-Image-2022-12-01-at-19.16.50.jpeg?fit=1600%2C826&ssl=1\",\"articleSection\":[\"Noticias\"],\"inLanguage\":\"es\",\"potentialAction\":[{\"@type\":\"CommentAction\",\"name\":\"Comment\",\"target\":[\"https:\\\/\\\/pilt.com.ar\\\/parque-industrial\\\/el-concejo-deliberante-de-villa-maria-sesiono-en-el-pilt\\\/#respond\"]}]},{\"@type\":\"WebPage\",\"@id\":\"https:\\\/\\\/pilt.com.ar\\\/parque-industrial\\\/el-concejo-deliberante-de-villa-maria-sesiono-en-el-pilt\\\/\",\"url\":\"https:\\\/\\\/pilt.com.ar\\\/parque-industrial\\\/el-concejo-deliberante-de-villa-maria-sesiono-en-el-pilt\\\/\",\"name\":\"EL CONCEJO DELIBERANTE DE VILLA MAR\u00cdA SESION\u00d3 EN EL PILT - PILT.com.ar\",\"isPartOf\":{\"@id\":\"https:\\\/\\\/pilt.com.ar\\\/parque-industrial\\\/#website\"},\"primaryImageOfPage\":{\"@id\":\"https:\\\/\\\/pilt.com.ar\\\/parque-industrial\\\/el-concejo-deliberante-de-villa-maria-sesiono-en-el-pilt\\\/#primaryimage\"},\"image\":{\"@id\":\"https:\\\/\\\/pilt.com.ar\\\/parque-industrial\\\/el-concejo-deliberante-de-villa-maria-sesiono-en-el-pilt\\\/#primaryimage\"},\"thumbnailUrl\":\"https:\\\/\\\/i0.wp.com\\\/pilt.com.ar\\\/parque-industrial\\\/wp-content\\\/uploads\\\/2022\\\/12\\\/WhatsApp-Image-2022-12-01-at-19.16.50.jpeg?fit=1600%2C826&ssl=1\",\"datePublished\":\"2022-12-02T14:22:39+00:00\",\"dateModified\":\"2022-12-02T14:22:43+00:00\",\"author\":{\"@id\":\"https:\\\/\\\/pilt.com.ar\\\/parque-industrial\\\/#\\\/schema\\\/person\\\/2dfb9e2464de1c3deef20c25c30a8306\"},\"inLanguage\":\"es\",\"potentialAction\":[{\"@type\":\"ReadAction\",\"target\":[\"https:\\\/\\\/pilt.com.ar\\\/parque-industrial\\\/el-concejo-deliberante-de-villa-maria-sesiono-en-el-pilt\\\/\"]}]},{\"@type\":\"ImageObject\",\"inLanguage\":\"es\",\"@id\":\"https:\\\/\\\/pilt.com.ar\\\/parque-industrial\\\/el-concejo-deliberante-de-villa-maria-sesiono-en-el-pilt\\\/#primaryimage\",\"url\":\"https:\\\/\\\/i0.wp.com\\\/pilt.com.ar\\\/parque-industrial\\\/wp-content\\\/uploads\\\/2022\\\/12\\\/WhatsApp-Image-2022-12-01-at-19.16.50.jpeg?fit=1600%2C826&ssl=1\",\"contentUrl\":\"https:\\\/\\\/i0.wp.com\\\/pilt.com.ar\\\/parque-industrial\\\/wp-content\\\/uploads\\\/2022\\\/12\\\/WhatsApp-Image-2022-12-01-at-19.16.50.jpeg?fit=1600%2C826&ssl=1\",\"width\":1600,\"height\":826},{\"@type\":\"WebSite\",\"@id\":\"https:\\\/\\\/pilt.com.ar\\\/parque-industrial\\\/#website\",\"url\":\"https:\\\/\\\/pilt.com.ar\\\/parque-industrial\\\/\",\"name\":\"PILT.com.ar\",\"description\":\"Parque Industrial, Log\u00edstico y Tecnol\u00f3gico Villa Mar\u00eda\",\"potentialAction\":[{\"@type\":\"SearchAction\",\"target\":{\"@type\":\"EntryPoint\",\"urlTemplate\":\"https:\\\/\\\/pilt.com.ar\\\/parque-industrial\\\/?s={search_term_string}\"},\"query-input\":{\"@type\":\"PropertyValueSpecification\",\"valueRequired\":true,\"valueName\":\"search_term_string\"}}],\"inLanguage\":\"es\"},{\"@type\":\"Person\",\"@id\":\"https:\\\/\\\/pilt.com.ar\\\/parque-industrial\\\/#\\\/schema\\\/person\\\/2dfb9e2464de1c3deef20c25c30a8306\",\"name\":\"PILT\",\"image\":{\"@type\":\"ImageObject\",\"inLanguage\":\"es\",\"@id\":\"https:\\\/\\\/secure.gravatar.com\\\/avatar\\\/5e3734c8d8c8e0b0d45f923c14a14d7b90521d573d02f0d91360a777095ee42b?s=96&d=mm&r=g\",\"url\":\"https:\\\/\\\/secure.gravatar.com\\\/avatar\\\/5e3734c8d8c8e0b0d45f923c14a14d7b90521d573d02f0d91360a777095ee42b?s=96&d=mm&r=g\",\"contentUrl\":\"https:\\\/\\\/secure.gravatar.com\\\/avatar\\\/5e3734c8d8c8e0b0d45f923c14a14d7b90521d573d02f0d91360a777095ee42b?s=96&d=mm&r=g\",\"caption\":\"PILT\"},\"url\":\"https:\\\/\\\/pilt.com.ar\\\/parque-industrial\\\/author\\\/pilt\\\/\"}]}<\/script>\n<!-- \/ Yoast SEO plugin. -->","yoast_head_json":{"title":"EL CONCEJO DELIBERANTE DE VILLA MAR\u00cdA SESION\u00d3 EN EL PILT - PILT.com.ar","robots":{"index":"index","follow":"follow","max-snippet":"max-snippet:-1","max-image-preview":"max-image-preview:large","max-video-preview":"max-video-preview:-1"},"canonical":"https:\/\/pilt.com.ar\/parque-industrial\/el-concejo-deliberante-de-villa-maria-sesiono-en-el-pilt\/","og_locale":"es_ES","og_type":"article","og_title":"EL CONCEJO DELIBERANTE DE VILLA MAR\u00cdA SESION\u00d3 EN EL PILT - PILT.com.ar","og_description":"En el sal\u00f3n de usos m\u00faltiples del Ente los concejales aprobaron por unanimidad un proyecto de ordenanza para promover la econom\u00eda del conocimiento. En el Parque Industrial, Log\u00edstico y Tecnol\u00f3gico Villa Mar\u00eda (PILT) se vivi\u00f3 una jornada at\u00edpica. El sal\u00f3n de usos m\u00faltiples de la entidad se transform\u00f3 en el recinto que sirvi\u00f3 para la [&hellip;]","og_url":"https:\/\/pilt.com.ar\/parque-industrial\/el-concejo-deliberante-de-villa-maria-sesiono-en-el-pilt\/","og_site_name":"PILT.com.ar","article_published_time":"2022-12-02T14:22:39+00:00","article_modified_time":"2022-12-02T14:22:43+00:00","og_image":[{"width":1600,"height":826,"url":"https:\/\/i0.wp.com\/pilt.com.ar\/parque-industrial\/wp-content\/uploads\/2022\/12\/WhatsApp-Image-2022-12-01-at-19.16.50.jpeg?fit=1600%2C826&ssl=1","type":"image\/jpeg"}],"author":"PILT","twitter_card":"summary_large_image","twitter_misc":{"Escrito por":"PILT","Tiempo de lectura":"2 minutos"},"schema":{"@context":"https:\/\/schema.org","@graph":[{"@type":"Article","@id":"https:\/\/pilt.com.ar\/parque-industrial\/el-concejo-deliberante-de-villa-maria-sesiono-en-el-pilt\/#article","isPartOf":{"@id":"https:\/\/pilt.com.ar\/parque-industrial\/el-concejo-deliberante-de-villa-maria-sesiono-en-el-pilt\/"},"author":{"name":"PILT","@id":"https:\/\/pilt.com.ar\/parque-industrial\/#\/schema\/person\/2dfb9e2464de1c3deef20c25c30a8306"},"headline":"EL CONCEJO DELIBERANTE DE VILLA MAR\u00cdA SESION\u00d3 EN EL PILT","datePublished":"2022-12-02T14:22:39+00:00","dateModified":"2022-12-02T14:22:43+00:00","mainEntityOfPage":{"@id":"https:\/\/pilt.com.ar\/parque-industrial\/el-concejo-deliberante-de-villa-maria-sesiono-en-el-pilt\/"},"wordCount":407,"commentCount":0,"image":{"@id":"https:\/\/pilt.com.ar\/parque-industrial\/el-concejo-deliberante-de-villa-maria-sesiono-en-el-pilt\/#primaryimage"},"thumbnailUrl":"https:\/\/i0.wp.com\/pilt.com.ar\/parque-industrial\/wp-content\/uploads\/2022\/12\/WhatsApp-Image-2022-12-01-at-19.16.50.jpeg?fit=1600%2C826&ssl=1","articleSection":["Noticias"],"inLanguage":"es","potentialAction":[{"@type":"CommentAction","name":"Comment","target":["https:\/\/pilt.com.ar\/parque-industrial\/el-concejo-deliberante-de-villa-maria-sesiono-en-el-pilt\/#respond"]}]},{"@type":"WebPage","@id":"https:\/\/pilt.com.ar\/parque-industrial\/el-concejo-deliberante-de-villa-maria-sesiono-en-el-pilt\/","url":"https:\/\/pilt.com.ar\/parque-industrial\/el-concejo-deliberante-de-villa-maria-sesiono-en-el-pilt\/","name":"EL CONCEJO DELIBERANTE DE VILLA MAR\u00cdA SESION\u00d3 EN EL PILT - PILT.com.ar","isPartOf":{"@id":"https:\/\/pilt.com.ar\/parque-industrial\/#website"},"primaryImageOfPage":{"@id":"https:\/\/pilt.com.ar\/parque-industrial\/el-concejo-deliberante-de-villa-maria-sesiono-en-el-pilt\/#primaryimage"},"image":{"@id":"https:\/\/pilt.com.ar\/parque-industrial\/el-concejo-deliberante-de-villa-maria-sesiono-en-el-pilt\/#primaryimage"},"thumbnailUrl":"https:\/\/i0.wp.com\/pilt.com.ar\/parque-industrial\/wp-content\/uploads\/2022\/12\/WhatsApp-Image-2022-12-01-at-19.16.50.jpeg?fit=1600%2C826&ssl=1","datePublished":"2022-12-02T14:22:39+00:00","dateModified":"2022-12-02T14:22:43+00:00","author":{"@id":"https:\/\/pilt.com.ar\/parque-industrial\/#\/schema\/person\/2dfb9e2464de1c3deef20c25c30a8306"},"inLanguage":"es","potentialAction":[{"@type":"ReadAction","target":["https:\/\/pilt.com.ar\/parque-industrial\/el-concejo-deliberante-de-villa-maria-sesiono-en-el-pilt\/"]}]},{"@type":"ImageObject","inLanguage":"es","@id":"https:\/\/pilt.com.ar\/parque-industrial\/el-concejo-deliberante-de-villa-maria-sesiono-en-el-pilt\/#primaryimage","url":"https:\/\/i0.wp.com\/pilt.com.ar\/parque-industrial\/wp-content\/uploads\/2022\/12\/WhatsApp-Image-2022-12-01-at-19.16.50.jpeg?fit=1600%2C826&ssl=1","contentUrl":"https:\/\/i0.wp.com\/pilt.com.ar\/parque-industrial\/wp-content\/uploads\/2022\/12\/WhatsApp-Image-2022-12-01-at-19.16.50.jpeg?fit=1600%2C826&ssl=1","width":1600,"height":826},{"@type":"WebSite","@id":"https:\/\/pilt.com.ar\/parque-industrial\/#website","url":"https:\/\/pilt.com.ar\/parque-industrial\/","name":"PILT.com.ar","description":"Parque Industrial, Log\u00edstico y Tecnol\u00f3gico Villa Mar\u00eda","potentialAction":[{"@type":"SearchAction","target":{"@type":"EntryPoint","urlTemplate":"https:\/\/pilt.com.ar\/parque-industrial\/?s={search_term_string}"},"query-input":{"@type":"PropertyValueSpecification","valueRequired":true,"valueName":"search_term_string"}}],"inLanguage":"es"},{"@type":"Person","@id":"https:\/\/pilt.com.ar\/parque-industrial\/#\/schema\/person\/2dfb9e2464de1c3deef20c25c30a8306","name":"PILT","image":{"@type":"ImageObject","inLanguage":"es","@id":"https:\/\/secure.gravatar.com\/avatar\/5e3734c8d8c8e0b0d45f923c14a14d7b90521d573d02f0d91360a777095ee42b?s=96&d=mm&r=g","url":"https:\/\/secure.gravatar.com\/avatar\/5e3734c8d8c8e0b0d45f923c14a14d7b90521d573d02f0d91360a777095ee42b?s=96&d=mm&r=g","contentUrl":"https:\/\/secure.gravatar.com\/avatar\/5e3734c8d8c8e0b0d45f923c14a14d7b90521d573d02f0d91360a777095ee42b?s=96&d=mm&r=g","caption":"PILT"},"url":"https:\/\/pilt.com.ar\/parque-industrial\/author\/pilt\/"}]}},"jetpack_featured_media_url":"https:\/\/i0.wp.com\/pilt.com.ar\/parque-industrial\/wp-content\/uploads\/2022\/12\/WhatsApp-Image-2022-12-01-at-19.16.50.jpeg?fit=1600%2C826&ssl=1","jetpack_sharing_enabled":true,"_links":{"self":[{"href":"https:\/\/pilt.com.ar\/parque-industrial\/wp-json\/wp\/v2\/posts\/2667","targetHints":{"allow":["GET"]}}],"collection":[{"href":"https:\/\/pilt.com.ar\/parque-industrial\/wp-json\/wp\/v2\/posts"}],"about":[{"href":"https:\/\/pilt.com.ar\/parque-industrial\/wp-json\/wp\/v2\/types\/post"}],"author":[{"embeddable":true,"href":"https:\/\/pilt.com.ar\/parque-industrial\/wp-json\/wp\/v2\/users\/3"}],"replies":[{"embeddable":true,"href":"https:\/\/pilt.com.ar\/parque-industrial\/wp-json\/wp\/v2\/comments?post=2667"}],"version-history":[{"count":1,"href":"https:\/\/pilt.com.ar\/parque-industrial\/wp-json\/wp\/v2\/posts\/2667\/revisions"}],"predecessor-version":[{"id":2669,"href":"https:\/\/pilt.com.ar\/parque-industrial\/wp-json\/wp\/v2\/posts\/2667\/revisions\/2669"}],"wp:featuredmedia":[{"embeddable":true,"href":"https:\/\/pilt.com.ar\/parque-industrial\/wp-json\/wp\/v2\/media\/2668"}],"wp:attachment":[{"href":"https:\/\/pilt.com.ar\/parque-industrial\/wp-json\/wp\/v2\/media?parent=2667"}],"wp:term":[{"taxonomy":"category","embeddable":true,"href":"https:\/\/pilt.com.ar\/parque-industrial\/wp-json\/wp\/v2\/categories?post=2667"},{"taxonomy":"post_tag","embeddable":true,"href":"https:\/\/pilt.com.ar\/parque-industrial\/wp-json\/wp\/v2\/tags?post=2667"}],"curies":[{"name":"wp","href":"https:\/\/api.w.org\/{rel}","templated":true}]}}