{"id":2657,"date":"2022-11-11T11:42:28","date_gmt":"2022-11-11T14:42:28","guid":{"rendered":"https:\/\/pilt.com.ar\/parque-industrial\/?p=2657"},"modified":"2022-11-11T11:42:29","modified_gmt":"2022-11-11T14:42:29","slug":"presentaron-investigacion-sobre-logistica-en-el-pilt","status":"publish","type":"post","link":"https:\/\/pilt.com.ar\/parque-industrial\/presentaron-investigacion-sobre-logistica-en-el-pilt\/","title":{"rendered":"PRESENTARON INVESTIGACI\u00d3N SOBRE LOG\u00cdSTICA EN EL PILT"},"content":{"rendered":"\n<p class=\"has-text-align-center\"><em>Docentes de la UNVM compartieron avances del proyecto, junto a desarrolladores de Antequera, Espa\u00f1a.<\/em><\/p>\n\n\n\n<p class=\"has-text-align-justify\">En el sal\u00f3n de usos m\u00faltiples del Parque Industrial, Log\u00edstico y Tecnol\u00f3gico Villa Mar\u00eda se realiz\u00f3 una presentaci\u00f3n vinculada al proyecto de investigaci\u00f3n denominado \u00abCondiciones para el desarrollo del&nbsp;Parque Log\u00edstico Regional de Villa Mar\u00eda\u201d, que llevan adelante docentes de la Universidad Nacional de Villa Mar\u00eda.<\/p>\n\n\n\n<p class=\"has-text-align-justify\">Participaron del encuentro, en forma presencial, el profesor de la casa de altos estudios Pedro Soldera y el gerente del PILT, Carlos Montoto Galiano. Mientras que a trav\u00e9s de la virtualidad se sumaron Rafael de Troya Franco y Francisco Morente L\u00f3pez, Promotores de Desarrollo Local de Antequera, Espa\u00f1a. Tambi\u00e9n se estuvieron otros docentes de la universidad y empresarios.<\/p>\n\n\n\n<p class=\"has-text-align-justify\">En la oportunidad, Soldera indic\u00f3 que la intenci\u00f3n del mencionado proyecto es visibilizar la importancia de la log\u00edstica para el desarrollo regional y exponer \u201cel potencial que tiene el PILT para poder solucionar este tipo de problem\u00e1ticas e incluir tambi\u00e9n otras dimensiones de an\u00e1lisis, porque al ser una problem\u00e1tica tan compleja demanda especialistas en varias disciplinas\u201d.<\/p>\n\n\n\n<p class=\"has-text-align-justify\">En ese sentido, sostuvo que la log\u00edstica representa una gran oportunidad de desarrollo del parque, teniendo en cuenta que son \u201cfiguras territoriales a largo plazo; entonces hay que considerar la articulaci\u00f3n p\u00fablico &#8211; privado, los diferentes actores, m\u00e1s el rol de la universidad, para acelerar esos procesos\u201d.<\/p>\n\n\n\n<p class=\"has-text-align-justify\">En lo que respecta a avances del proyecto, se\u00f1al\u00f3 que en los \u00faltimos dos a\u00f1os entrevistaron a actores claves de la log\u00edstica y a desarrolladores de otras partes del mundo. \u201cPuntualmente nos detuvimos en la zona de Antequera, Espa\u00f1a, porque tiene un perfil muy similar a nuestra regi\u00f3n. Por eso decidimos sumarlos al evento, para que nos expliquen de qu\u00e9 manera trabajaron\u201d, destac\u00f3<\/p>\n","protected":false},"excerpt":{"rendered":"<p>Docentes de la UNVM compartieron avances del proyecto, junto a desarrolladores de Antequera, Espa\u00f1a. En el sal\u00f3n de usos m\u00faltiples del Parque Industrial, Log\u00edstico y Tecnol\u00f3gico Villa Mar\u00eda se realiz\u00f3 una presentaci\u00f3n vinculada al proyecto de investigaci\u00f3n denominado \u00abCondiciones para el desarrollo del&nbsp;Parque Log\u00edstico Regional de Villa Mar\u00eda\u201d, que llevan adelante docentes de la Universidad [&hellip;]<\/p>\n","protected":false},"author":3,"featured_media":2658,"comment_status":"open","ping_status":"open","sticky":false,"template":"","format":"standard","meta":{"_jetpack_memberships_contains_paid_content":false,"footnotes":""},"categories":[2],"tags":[],"class_list":["post-2657","post","type-post","status-publish","format-standard","has-post-thumbnail","hentry","category-noticias"],"yoast_head":"<!-- This site is optimized with the Yoast SEO plugin v27.5 - https:\/\/yoast.com\/product\/yoast-seo-wordpress\/ -->\n<title>PRESENTARON INVESTIGACI\u00d3N SOBRE LOG\u00cdSTICA EN EL PILT - PILT.com.ar<\/title>\n<meta name=\"robots\" content=\"index, follow, max-snippet:-1, max-image-preview:large, max-video-preview:-1\" \/>\n<link rel=\"canonical\" href=\"https:\/\/pilt.com.ar\/parque-industrial\/presentaron-investigacion-sobre-logistica-en-el-pilt\/\" \/>\n<meta property=\"og:locale\" content=\"es_ES\" \/>\n<meta property=\"og:type\" content=\"article\" \/>\n<meta property=\"og:title\" content=\"PRESENTARON INVESTIGACI\u00d3N SOBRE LOG\u00cdSTICA EN EL PILT - PILT.com.ar\" \/>\n<meta property=\"og:description\" content=\"Docentes de la UNVM compartieron avances del proyecto, junto a desarrolladores de Antequera, Espa\u00f1a. En el sal\u00f3n de usos m\u00faltiples del Parque Industrial, Log\u00edstico y Tecnol\u00f3gico Villa Mar\u00eda se realiz\u00f3 una presentaci\u00f3n vinculada al proyecto de investigaci\u00f3n denominado \u00abCondiciones para el desarrollo del&nbsp;Parque Log\u00edstico Regional de Villa Mar\u00eda\u201d, que llevan adelante docentes de la Universidad [&hellip;]\" \/>\n<meta property=\"og:url\" content=\"https:\/\/pilt.com.ar\/parque-industrial\/presentaron-investigacion-sobre-logistica-en-el-pilt\/\" \/>\n<meta property=\"og:site_name\" content=\"PILT.com.ar\" \/>\n<meta property=\"article:published_time\" content=\"2022-11-11T14:42:28+00:00\" \/>\n<meta property=\"article:modified_time\" content=\"2022-11-11T14:42:29+00:00\" \/>\n<meta property=\"og:image\" content=\"https:\/\/i0.wp.com\/pilt.com.ar\/parque-industrial\/wp-content\/uploads\/2022\/11\/WhatsApp-Image-2022-11-10-at-15.49.45-1.jpeg?fit=1600%2C1200&ssl=1\" \/>\n\t<meta property=\"og:image:width\" content=\"1600\" \/>\n\t<meta property=\"og:image:height\" content=\"1200\" \/>\n\t<meta property=\"og:image:type\" content=\"image\/jpeg\" \/>\n<meta name=\"author\" content=\"PILT\" \/>\n<meta name=\"twitter:card\" content=\"summary_large_image\" \/>\n<meta name=\"twitter:label1\" content=\"Escrito por\" \/>\n\t<meta name=\"twitter:data1\" content=\"PILT\" \/>\n\t<meta name=\"twitter:label2\" content=\"Tiempo de lectura\" \/>\n\t<meta name=\"twitter:data2\" content=\"2 minutos\" \/>\n<script type=\"application\/ld+json\" class=\"yoast-schema-graph\">{\"@context\":\"https:\\\/\\\/schema.org\",\"@graph\":[{\"@type\":\"Article\",\"@id\":\"https:\\\/\\\/pilt.com.ar\\\/parque-industrial\\\/presentaron-investigacion-sobre-logistica-en-el-pilt\\\/#article\",\"isPartOf\":{\"@id\":\"https:\\\/\\\/pilt.com.ar\\\/parque-industrial\\\/presentaron-investigacion-sobre-logistica-en-el-pilt\\\/\"},\"author\":{\"name\":\"PILT\",\"@id\":\"https:\\\/\\\/pilt.com.ar\\\/parque-industrial\\\/#\\\/schema\\\/person\\\/2dfb9e2464de1c3deef20c25c30a8306\"},\"headline\":\"PRESENTARON INVESTIGACI\u00d3N SOBRE LOG\u00cdSTICA EN EL PILT\",\"datePublished\":\"2022-11-11T14:42:28+00:00\",\"dateModified\":\"2022-11-11T14:42:29+00:00\",\"mainEntityOfPage\":{\"@id\":\"https:\\\/\\\/pilt.com.ar\\\/parque-industrial\\\/presentaron-investigacion-sobre-logistica-en-el-pilt\\\/\"},\"wordCount\":324,\"commentCount\":0,\"image\":{\"@id\":\"https:\\\/\\\/pilt.com.ar\\\/parque-industrial\\\/presentaron-investigacion-sobre-logistica-en-el-pilt\\\/#primaryimage\"},\"thumbnailUrl\":\"https:\\\/\\\/i0.wp.com\\\/pilt.com.ar\\\/parque-industrial\\\/wp-content\\\/uploads\\\/2022\\\/11\\\/WhatsApp-Image-2022-11-10-at-15.49.45-1.jpeg?fit=1600%2C1200&ssl=1\",\"articleSection\":[\"Noticias\"],\"inLanguage\":\"es\",\"potentialAction\":[{\"@type\":\"CommentAction\",\"name\":\"Comment\",\"target\":[\"https:\\\/\\\/pilt.com.ar\\\/parque-industrial\\\/presentaron-investigacion-sobre-logistica-en-el-pilt\\\/#respond\"]}]},{\"@type\":\"WebPage\",\"@id\":\"https:\\\/\\\/pilt.com.ar\\\/parque-industrial\\\/presentaron-investigacion-sobre-logistica-en-el-pilt\\\/\",\"url\":\"https:\\\/\\\/pilt.com.ar\\\/parque-industrial\\\/presentaron-investigacion-sobre-logistica-en-el-pilt\\\/\",\"name\":\"PRESENTARON INVESTIGACI\u00d3N SOBRE LOG\u00cdSTICA EN EL PILT - PILT.com.ar\",\"isPartOf\":{\"@id\":\"https:\\\/\\\/pilt.com.ar\\\/parque-industrial\\\/#website\"},\"primaryImageOfPage\":{\"@id\":\"https:\\\/\\\/pilt.com.ar\\\/parque-industrial\\\/presentaron-investigacion-sobre-logistica-en-el-pilt\\\/#primaryimage\"},\"image\":{\"@id\":\"https:\\\/\\\/pilt.com.ar\\\/parque-industrial\\\/presentaron-investigacion-sobre-logistica-en-el-pilt\\\/#primaryimage\"},\"thumbnailUrl\":\"https:\\\/\\\/i0.wp.com\\\/pilt.com.ar\\\/parque-industrial\\\/wp-content\\\/uploads\\\/2022\\\/11\\\/WhatsApp-Image-2022-11-10-at-15.49.45-1.jpeg?fit=1600%2C1200&ssl=1\",\"datePublished\":\"2022-11-11T14:42:28+00:00\",\"dateModified\":\"2022-11-11T14:42:29+00:00\",\"author\":{\"@id\":\"https:\\\/\\\/pilt.com.ar\\\/parque-industrial\\\/#\\\/schema\\\/person\\\/2dfb9e2464de1c3deef20c25c30a8306\"},\"inLanguage\":\"es\",\"potentialAction\":[{\"@type\":\"ReadAction\",\"target\":[\"https:\\\/\\\/pilt.com.ar\\\/parque-industrial\\\/presentaron-investigacion-sobre-logistica-en-el-pilt\\\/\"]}]},{\"@type\":\"ImageObject\",\"inLanguage\":\"es\",\"@id\":\"https:\\\/\\\/pilt.com.ar\\\/parque-industrial\\\/presentaron-investigacion-sobre-logistica-en-el-pilt\\\/#primaryimage\",\"url\":\"https:\\\/\\\/i0.wp.com\\\/pilt.com.ar\\\/parque-industrial\\\/wp-content\\\/uploads\\\/2022\\\/11\\\/WhatsApp-Image-2022-11-10-at-15.49.45-1.jpeg?fit=1600%2C1200&ssl=1\",\"contentUrl\":\"https:\\\/\\\/i0.wp.com\\\/pilt.com.ar\\\/parque-industrial\\\/wp-content\\\/uploads\\\/2022\\\/11\\\/WhatsApp-Image-2022-11-10-at-15.49.45-1.jpeg?fit=1600%2C1200&ssl=1\",\"width\":1600,\"height\":1200},{\"@type\":\"WebSite\",\"@id\":\"https:\\\/\\\/pilt.com.ar\\\/parque-industrial\\\/#website\",\"url\":\"https:\\\/\\\/pilt.com.ar\\\/parque-industrial\\\/\",\"name\":\"PILT.com.ar\",\"description\":\"Parque Industrial, Log\u00edstico y Tecnol\u00f3gico Villa Mar\u00eda\",\"potentialAction\":[{\"@type\":\"SearchAction\",\"target\":{\"@type\":\"EntryPoint\",\"urlTemplate\":\"https:\\\/\\\/pilt.com.ar\\\/parque-industrial\\\/?s={search_term_string}\"},\"query-input\":{\"@type\":\"PropertyValueSpecification\",\"valueRequired\":true,\"valueName\":\"search_term_string\"}}],\"inLanguage\":\"es\"},{\"@type\":\"Person\",\"@id\":\"https:\\\/\\\/pilt.com.ar\\\/parque-industrial\\\/#\\\/schema\\\/person\\\/2dfb9e2464de1c3deef20c25c30a8306\",\"name\":\"PILT\",\"image\":{\"@type\":\"ImageObject\",\"inLanguage\":\"es\",\"@id\":\"https:\\\/\\\/secure.gravatar.com\\\/avatar\\\/5e3734c8d8c8e0b0d45f923c14a14d7b90521d573d02f0d91360a777095ee42b?s=96&d=mm&r=g\",\"url\":\"https:\\\/\\\/secure.gravatar.com\\\/avatar\\\/5e3734c8d8c8e0b0d45f923c14a14d7b90521d573d02f0d91360a777095ee42b?s=96&d=mm&r=g\",\"contentUrl\":\"https:\\\/\\\/secure.gravatar.com\\\/avatar\\\/5e3734c8d8c8e0b0d45f923c14a14d7b90521d573d02f0d91360a777095ee42b?s=96&d=mm&r=g\",\"caption\":\"PILT\"},\"url\":\"https:\\\/\\\/pilt.com.ar\\\/parque-industrial\\\/author\\\/pilt\\\/\"}]}<\/script>\n<!-- \/ Yoast SEO plugin. -->","yoast_head_json":{"title":"PRESENTARON INVESTIGACI\u00d3N SOBRE LOG\u00cdSTICA EN EL PILT - PILT.com.ar","robots":{"index":"index","follow":"follow","max-snippet":"max-snippet:-1","max-image-preview":"max-image-preview:large","max-video-preview":"max-video-preview:-1"},"canonical":"https:\/\/pilt.com.ar\/parque-industrial\/presentaron-investigacion-sobre-logistica-en-el-pilt\/","og_locale":"es_ES","og_type":"article","og_title":"PRESENTARON INVESTIGACI\u00d3N SOBRE LOG\u00cdSTICA EN EL PILT - PILT.com.ar","og_description":"Docentes de la UNVM compartieron avances del proyecto, junto a desarrolladores de Antequera, Espa\u00f1a. En el sal\u00f3n de usos m\u00faltiples del Parque Industrial, Log\u00edstico y Tecnol\u00f3gico Villa Mar\u00eda se realiz\u00f3 una presentaci\u00f3n vinculada al proyecto de investigaci\u00f3n denominado \u00abCondiciones para el desarrollo del&nbsp;Parque Log\u00edstico Regional de Villa Mar\u00eda\u201d, que llevan adelante docentes de la Universidad [&hellip;]","og_url":"https:\/\/pilt.com.ar\/parque-industrial\/presentaron-investigacion-sobre-logistica-en-el-pilt\/","og_site_name":"PILT.com.ar","article_published_time":"2022-11-11T14:42:28+00:00","article_modified_time":"2022-11-11T14:42:29+00:00","og_image":[{"width":1600,"height":1200,"url":"https:\/\/i0.wp.com\/pilt.com.ar\/parque-industrial\/wp-content\/uploads\/2022\/11\/WhatsApp-Image-2022-11-10-at-15.49.45-1.jpeg?fit=1600%2C1200&ssl=1","type":"image\/jpeg"}],"author":"PILT","twitter_card":"summary_large_image","twitter_misc":{"Escrito por":"PILT","Tiempo de lectura":"2 minutos"},"schema":{"@context":"https:\/\/schema.org","@graph":[{"@type":"Article","@id":"https:\/\/pilt.com.ar\/parque-industrial\/presentaron-investigacion-sobre-logistica-en-el-pilt\/#article","isPartOf":{"@id":"https:\/\/pilt.com.ar\/parque-industrial\/presentaron-investigacion-sobre-logistica-en-el-pilt\/"},"author":{"name":"PILT","@id":"https:\/\/pilt.com.ar\/parque-industrial\/#\/schema\/person\/2dfb9e2464de1c3deef20c25c30a8306"},"headline":"PRESENTARON INVESTIGACI\u00d3N SOBRE LOG\u00cdSTICA EN EL PILT","datePublished":"2022-11-11T14:42:28+00:00","dateModified":"2022-11-11T14:42:29+00:00","mainEntityOfPage":{"@id":"https:\/\/pilt.com.ar\/parque-industrial\/presentaron-investigacion-sobre-logistica-en-el-pilt\/"},"wordCount":324,"commentCount":0,"image":{"@id":"https:\/\/pilt.com.ar\/parque-industrial\/presentaron-investigacion-sobre-logistica-en-el-pilt\/#primaryimage"},"thumbnailUrl":"https:\/\/i0.wp.com\/pilt.com.ar\/parque-industrial\/wp-content\/uploads\/2022\/11\/WhatsApp-Image-2022-11-10-at-15.49.45-1.jpeg?fit=1600%2C1200&ssl=1","articleSection":["Noticias"],"inLanguage":"es","potentialAction":[{"@type":"CommentAction","name":"Comment","target":["https:\/\/pilt.com.ar\/parque-industrial\/presentaron-investigacion-sobre-logistica-en-el-pilt\/#respond"]}]},{"@type":"WebPage","@id":"https:\/\/pilt.com.ar\/parque-industrial\/presentaron-investigacion-sobre-logistica-en-el-pilt\/","url":"https:\/\/pilt.com.ar\/parque-industrial\/presentaron-investigacion-sobre-logistica-en-el-pilt\/","name":"PRESENTARON INVESTIGACI\u00d3N SOBRE LOG\u00cdSTICA EN EL PILT - PILT.com.ar","isPartOf":{"@id":"https:\/\/pilt.com.ar\/parque-industrial\/#website"},"primaryImageOfPage":{"@id":"https:\/\/pilt.com.ar\/parque-industrial\/presentaron-investigacion-sobre-logistica-en-el-pilt\/#primaryimage"},"image":{"@id":"https:\/\/pilt.com.ar\/parque-industrial\/presentaron-investigacion-sobre-logistica-en-el-pilt\/#primaryimage"},"thumbnailUrl":"https:\/\/i0.wp.com\/pilt.com.ar\/parque-industrial\/wp-content\/uploads\/2022\/11\/WhatsApp-Image-2022-11-10-at-15.49.45-1.jpeg?fit=1600%2C1200&ssl=1","datePublished":"2022-11-11T14:42:28+00:00","dateModified":"2022-11-11T14:42:29+00:00","author":{"@id":"https:\/\/pilt.com.ar\/parque-industrial\/#\/schema\/person\/2dfb9e2464de1c3deef20c25c30a8306"},"inLanguage":"es","potentialAction":[{"@type":"ReadAction","target":["https:\/\/pilt.com.ar\/parque-industrial\/presentaron-investigacion-sobre-logistica-en-el-pilt\/"]}]},{"@type":"ImageObject","inLanguage":"es","@id":"https:\/\/pilt.com.ar\/parque-industrial\/presentaron-investigacion-sobre-logistica-en-el-pilt\/#primaryimage","url":"https:\/\/i0.wp.com\/pilt.com.ar\/parque-industrial\/wp-content\/uploads\/2022\/11\/WhatsApp-Image-2022-11-10-at-15.49.45-1.jpeg?fit=1600%2C1200&ssl=1","contentUrl":"https:\/\/i0.wp.com\/pilt.com.ar\/parque-industrial\/wp-content\/uploads\/2022\/11\/WhatsApp-Image-2022-11-10-at-15.49.45-1.jpeg?fit=1600%2C1200&ssl=1","width":1600,"height":1200},{"@type":"WebSite","@id":"https:\/\/pilt.com.ar\/parque-industrial\/#website","url":"https:\/\/pilt.com.ar\/parque-industrial\/","name":"PILT.com.ar","description":"Parque Industrial, Log\u00edstico y Tecnol\u00f3gico Villa Mar\u00eda","potentialAction":[{"@type":"SearchAction","target":{"@type":"EntryPoint","urlTemplate":"https:\/\/pilt.com.ar\/parque-industrial\/?s={search_term_string}"},"query-input":{"@type":"PropertyValueSpecification","valueRequired":true,"valueName":"search_term_string"}}],"inLanguage":"es"},{"@type":"Person","@id":"https:\/\/pilt.com.ar\/parque-industrial\/#\/schema\/person\/2dfb9e2464de1c3deef20c25c30a8306","name":"PILT","image":{"@type":"ImageObject","inLanguage":"es","@id":"https:\/\/secure.gravatar.com\/avatar\/5e3734c8d8c8e0b0d45f923c14a14d7b90521d573d02f0d91360a777095ee42b?s=96&d=mm&r=g","url":"https:\/\/secure.gravatar.com\/avatar\/5e3734c8d8c8e0b0d45f923c14a14d7b90521d573d02f0d91360a777095ee42b?s=96&d=mm&r=g","contentUrl":"https:\/\/secure.gravatar.com\/avatar\/5e3734c8d8c8e0b0d45f923c14a14d7b90521d573d02f0d91360a777095ee42b?s=96&d=mm&r=g","caption":"PILT"},"url":"https:\/\/pilt.com.ar\/parque-industrial\/author\/pilt\/"}]}},"jetpack_featured_media_url":"https:\/\/i0.wp.com\/pilt.com.ar\/parque-industrial\/wp-content\/uploads\/2022\/11\/WhatsApp-Image-2022-11-10-at-15.49.45-1.jpeg?fit=1600%2C1200&ssl=1","jetpack_sharing_enabled":true,"_links":{"self":[{"href":"https:\/\/pilt.com.ar\/parque-industrial\/wp-json\/wp\/v2\/posts\/2657","targetHints":{"allow":["GET"]}}],"collection":[{"href":"https:\/\/pilt.com.ar\/parque-industrial\/wp-json\/wp\/v2\/posts"}],"about":[{"href":"https:\/\/pilt.com.ar\/parque-industrial\/wp-json\/wp\/v2\/types\/post"}],"author":[{"embeddable":true,"href":"https:\/\/pilt.com.ar\/parque-industrial\/wp-json\/wp\/v2\/users\/3"}],"replies":[{"embeddable":true,"href":"https:\/\/pilt.com.ar\/parque-industrial\/wp-json\/wp\/v2\/comments?post=2657"}],"version-history":[{"count":1,"href":"https:\/\/pilt.com.ar\/parque-industrial\/wp-json\/wp\/v2\/posts\/2657\/revisions"}],"predecessor-version":[{"id":2659,"href":"https:\/\/pilt.com.ar\/parque-industrial\/wp-json\/wp\/v2\/posts\/2657\/revisions\/2659"}],"wp:featuredmedia":[{"embeddable":true,"href":"https:\/\/pilt.com.ar\/parque-industrial\/wp-json\/wp\/v2\/media\/2658"}],"wp:attachment":[{"href":"https:\/\/pilt.com.ar\/parque-industrial\/wp-json\/wp\/v2\/media?parent=2657"}],"wp:term":[{"taxonomy":"category","embeddable":true,"href":"https:\/\/pilt.com.ar\/parque-industrial\/wp-json\/wp\/v2\/categories?post=2657"},{"taxonomy":"post_tag","embeddable":true,"href":"https:\/\/pilt.com.ar\/parque-industrial\/wp-json\/wp\/v2\/tags?post=2657"}],"curies":[{"name":"wp","href":"https:\/\/api.w.org\/{rel}","templated":true}]}}